{"id":78327,"date":"2014-01-17T15:40:37","date_gmt":"2014-01-17T14:40:37","guid":{"rendered":"http:\/\/www.visit-ulcinj.com\/blog\/?p=78327"},"modified":"2014-01-17T23:08:14","modified_gmt":"2014-01-17T22:08:14","slug":"otu-per-here-te-pare-ne-panairin-e-vjenes-ne-2014","status":"publish","type":"post","link":"https:\/\/www.visit-ulcinj.com\/blog\/2014\/01\/17\/otu-per-here-te-pare-ne-panairin-e-vjenes-ne-2014\/","title":{"rendered":"OTU p\u00ebr her\u00eb t\u00eb par\u00eb n\u00eb panairin e Vjen\u00ebs n\u00eb 2014"},"content":{"rendered":"<p><strong><a href=\"http:\/\/www.visit-ulcinj.com\/blog\/wp-content\/uploads\/2014\/01\/OTU-n\u00eb-panairin-e-Vjen\u00ebs-2014.jpg\"><img loading=\"lazy\" class=\"alignleft  wp-image-78328\" alt=\"OTU- n\u00eb panairin e Vjen\u00ebs 2014\" src=\"http:\/\/www.visit-ulcinj.com\/blog\/wp-content\/uploads\/2014\/01\/OTU-n\u00eb-panairin-e-Vjen\u00ebs-2014.jpg\" width=\"508\" height=\"360\" \/><\/a>Panairi n\u00eb Vjen\u00eb 2014<\/strong><\/p>\n<p>Organizata Turistike e Ulqinit p\u00ebr t\u00eb par\u00ebn her\u00eb sipas Plan Programit per vitin 2014 merr pjese ne panairin e turizmit Ferien Messe ne Vjene i cili mbahet prej 16 deri me 19 janar, me te cilin njeherit fillon edhe promovimi i ofertes turistike per kete vit. Panairi i Vjenes \u00ebsht\u00eb panairi m\u00eb i njohur internacional ne Austri i cili mbahet rreth 38 vite. Sipas t\u00eb dh\u00ebnave statistikore te organizator\u00ebve k\u00ebt\u00eb panair vitin e kaluar e kan\u00eb vizituar 150.000 vizitues si dhe me mijera eksperta nga l\u00ebmia e turizmit t\u00eb cil\u00ebt informohen p\u00ebr ofert\u00ebn turistike n\u00eb baz\u00eb t\u00eb cil\u00ebs zgjedhin edhe destinacionin e vet p\u00ebr pushim.<br \/>\n<a href=\"http:\/\/www.visit-ulcinj.com\/blog\/wp-content\/uploads\/2014\/01\/OTU-n\u00eb-panairin-e-Vjen\u00ebs-2014-minir-karamanaga.jpg\"><img loading=\"lazy\" class=\"alignleft  wp-image-78329\" alt=\"OTU- n\u00eb panairin e Vjen\u00ebs 2014-minir-karamanaga\" src=\"http:\/\/www.visit-ulcinj.com\/blog\/wp-content\/uploads\/2014\/01\/OTU-n\u00eb-panairin-e-Vjen\u00ebs-2014-minir-karamanaga.jpg\" width=\"508\" height=\"360\" \/><\/a><\/p>\n<p>Sipas deklarates s\u00eb organizator\u00ebve n\u00eb panairin e Vjen\u00ebs marrin pjes\u00eb rreth 750 ekspozues nga 70 vende t\u00eb ndryshme q\u00eb do t\u00eb prezentojn\u00eb destinacionet m\u00eb t\u00eb njohura turistike.<\/p>\n<p>P\u00ebrve\u00e7 Organizates Turistike te Ulqinit ne banakun e p\u00ebrbashk\u00ebt te Organizat\u00ebs Nacionale te Malit te Zi jane prezente edhe organizatat e Tivarit, Budves, Tivatit dhe Herceg Novit , firma nacionale Montengro Airlines, Riviera e Ulqinit, Riviera e Budves, agjensite GlobTour dhe Montenegro Travel Idea atj.<\/p>\n<p><a href=\"http:\/\/www.visit-ulcinj.com\/blog\/wp-content\/uploads\/2014\/01\/OTU-n\u00eb-panairin-e-Vjen\u00ebs-2014-ana-zhivanovic.jpg\"><img loading=\"lazy\" class=\"alignleft  wp-image-78330\" alt=\"OTU- n\u00eb panairin e Vjen\u00ebs 2014-ana-zhivanovic\" src=\"http:\/\/www.visit-ulcinj.com\/blog\/wp-content\/uploads\/2014\/01\/OTU-n\u00eb-panairin-e-Vjen\u00ebs-2014-ana-zhivanovic.jpg\" width=\"508\" height=\"360\" \/><\/a><\/p>\n<p>T\u00eb dh\u00ebnat tregojn\u00eb q\u00eb turistet austriake viteve t\u00eb kaluara kan\u00eb udh\u00ebtuar shum\u00eb shpesh dhe sidomos kan\u00eb preferuar pushime t\u00eb ndryshme qe kan\u00eb t\u00eb b\u00ebjn\u00eb me wellnes dhe me pushim aktiv. Viteve t\u00eb fundit nj\u00eb num\u00ebr i madh i turisteve vizitojne Malin e ZI e sipas t\u00eb dh\u00ebnave statistikore\u00a0 deri n\u00eb n\u00ebntor t\u00eb vitit 2013, Malin e Zi e kan\u00eb vizituar mbi 16.700 turist\u00eb nga Austria q\u00eb kan\u00eb realizuar 75.000 fjetje e kjo \u00ebsht\u00eb 6% m\u00eb tep\u00ebr se sa vitin e kaluar.<\/p>\n<p>&nbsp;<\/p>\n<p>Sh\u00ebrbimi i OT Ulqin<\/p>\n<!--YouTube Error: bad URL entered-->\n","protected":false},"excerpt":{"rendered":"<p>Panairi n\u00eb Vjen\u00eb 2014 Organizata Turistike e Ulqinit p\u00ebr t\u00eb par\u00ebn her\u00eb sipas Plan Programit per vitin 2014 merr pjese ne panairin e turizmit Ferien Messe ne Vjene i cili mbahet prej 16 deri me 19 janar, me te cilin njeherit fillon edhe promovimi i ofertes turistike per kete vit. Panairi i Vjenes \u00ebsht\u00eb panairi [&hellip;]<\/p>\n","protected":false},"author":1,"featured_media":0,"comment_status":"closed","ping_status":"closed","sticky":false,"template":"","format":"standard","meta":{"spay_email":"","jetpack_publicize_message":"","jetpack_is_tweetstorm":false,"jetpack_publicize_feature_enabled":true},"categories":[1,15],"tags":[],"jetpack_publicize_connections":[],"yoast_head":"<!-- This site is optimized with the Yoast SEO plugin v19.1 - https:\/\/yoast.com\/wordpress\/plugins\/seo\/ -->\n<title>OTU p\u00ebr her\u00eb t\u00eb par\u00eb n\u00eb panairin e Vjen\u00ebs n\u00eb 2014 - Lajme nga Ulqini<\/title>\n<meta name=\"description\" content=\"Panairi n\u00eb Vjen\u00eb 2014 Organizata Turistike e Ulqinit p\u00ebr t\u00eb par\u00ebn her\u00eb sipas Plan Programit per vitin 2014 merr pjese ne panairin e turizmit Ferien Messe\" \/>\n<meta name=\"robots\" content=\"index, follow, max-snippet:-1, max-image-preview:large, max-video-preview:-1\" \/>\n<link rel=\"canonical\" href=\"https:\/\/www.visit-ulcinj.com\/blog\/2014\/01\/17\/otu-per-here-te-pare-ne-panairin-e-vjenes-ne-2014\/\" \/>\n<meta property=\"og:locale\" content=\"en_US\" \/>\n<meta property=\"og:type\" content=\"article\" \/>\n<meta property=\"og:title\" content=\"OTU p\u00ebr her\u00eb t\u00eb par\u00eb n\u00eb panairin e Vjen\u00ebs n\u00eb 2014 - Lajme nga Ulqini\" \/>\n<meta property=\"og:description\" content=\"Panairi n\u00eb Vjen\u00eb 2014 Organizata Turistike e Ulqinit p\u00ebr t\u00eb par\u00ebn her\u00eb sipas Plan Programit per vitin 2014 merr pjese ne panairin e turizmit Ferien Messe\" \/>\n<meta property=\"og:url\" content=\"https:\/\/www.visit-ulcinj.com\/blog\/2014\/01\/17\/otu-per-here-te-pare-ne-panairin-e-vjenes-ne-2014\/\" \/>\n<meta property=\"og:site_name\" content=\"Lajme nga Ulqini\" \/>\n<meta property=\"article:published_time\" content=\"2014-01-17T14:40:37+00:00\" \/>\n<meta property=\"article:modified_time\" content=\"2014-01-17T22:08:14+00:00\" \/>\n<meta name=\"twitter:label1\" content=\"Written by\" \/>\n\t<meta name=\"twitter:data1\" content=\"ulqini\" \/>\n\t<meta name=\"twitter:label2\" content=\"Est. reading time\" \/>\n\t<meta name=\"twitter:data2\" content=\"1 minute\" \/>\n<script type=\"application\/ld+json\" class=\"yoast-schema-graph\">{\"@context\":\"https:\/\/schema.org\",\"@graph\":[{\"@type\":\"WebSite\",\"@id\":\"https:\/\/www.visit-ulcinj.com\/blog\/#website\",\"url\":\"https:\/\/www.visit-ulcinj.com\/blog\/\",\"name\":\"Lajme nga Ulqini\",\"description\":\"Lajme,Vijesti,Ulqini,Ulqin,Crna Gora,Mali i Zi\",\"potentialAction\":[{\"@type\":\"SearchAction\",\"target\":{\"@type\":\"EntryPoint\",\"urlTemplate\":\"https:\/\/www.visit-ulcinj.com\/blog\/?s={search_term_string}\"},\"query-input\":\"required name=search_term_string\"}],\"inLanguage\":\"en-US\"},{\"@type\":\"WebPage\",\"@id\":\"https:\/\/www.visit-ulcinj.com\/blog\/2014\/01\/17\/otu-per-here-te-pare-ne-panairin-e-vjenes-ne-2014\/#webpage\",\"url\":\"https:\/\/www.visit-ulcinj.com\/blog\/2014\/01\/17\/otu-per-here-te-pare-ne-panairin-e-vjenes-ne-2014\/\",\"name\":\"OTU p\u00ebr her\u00eb t\u00eb par\u00eb n\u00eb panairin e Vjen\u00ebs n\u00eb 2014 - Lajme nga Ulqini\",\"isPartOf\":{\"@id\":\"https:\/\/www.visit-ulcinj.com\/blog\/#website\"},\"datePublished\":\"2014-01-17T14:40:37+00:00\",\"dateModified\":\"2014-01-17T22:08:14+00:00\",\"author\":{\"@id\":\"https:\/\/www.visit-ulcinj.com\/blog\/#\/schema\/person\/dcab619c614d3038751c63bc2aadc06d\"},\"description\":\"Panairi n\u00eb Vjen\u00eb 2014 Organizata Turistike e Ulqinit p\u00ebr t\u00eb par\u00ebn her\u00eb sipas Plan Programit per vitin 2014 merr pjese ne panairin e turizmit Ferien Messe\",\"breadcrumb\":{\"@id\":\"https:\/\/www.visit-ulcinj.com\/blog\/2014\/01\/17\/otu-per-here-te-pare-ne-panairin-e-vjenes-ne-2014\/#breadcrumb\"},\"inLanguage\":\"en-US\",\"potentialAction\":[{\"@type\":\"ReadAction\",\"target\":[\"https:\/\/www.visit-ulcinj.com\/blog\/2014\/01\/17\/otu-per-here-te-pare-ne-panairin-e-vjenes-ne-2014\/\"]}]},{\"@type\":\"BreadcrumbList\",\"@id\":\"https:\/\/www.visit-ulcinj.com\/blog\/2014\/01\/17\/otu-per-here-te-pare-ne-panairin-e-vjenes-ne-2014\/#breadcrumb\",\"itemListElement\":[{\"@type\":\"ListItem\",\"position\":1,\"name\":\"OTU p\u00ebr her\u00eb t\u00eb par\u00eb n\u00eb panairin e Vjen\u00ebs n\u00eb 2014\"}]},{\"@type\":\"Person\",\"@id\":\"https:\/\/www.visit-ulcinj.com\/blog\/#\/schema\/person\/dcab619c614d3038751c63bc2aadc06d\",\"name\":\"ulqini\",\"sameAs\":[\"http:\/\/www.visit-ulcinj.com\"],\"url\":\"https:\/\/www.visit-ulcinj.com\/blog\/author\/admin\/\"}]}<\/script>\n<!-- \/ Yoast SEO plugin. -->","yoast_head_json":{"title":"OTU p\u00ebr her\u00eb t\u00eb par\u00eb n\u00eb panairin e Vjen\u00ebs n\u00eb 2014 - Lajme nga Ulqini","description":"Panairi n\u00eb Vjen\u00eb 2014 Organizata Turistike e Ulqinit p\u00ebr t\u00eb par\u00ebn her\u00eb sipas Plan Programit per vitin 2014 merr pjese ne panairin e turizmit Ferien Messe","robots":{"index":"index","follow":"follow","max-snippet":"max-snippet:-1","max-image-preview":"max-image-preview:large","max-video-preview":"max-video-preview:-1"},"canonical":"https:\/\/www.visit-ulcinj.com\/blog\/2014\/01\/17\/otu-per-here-te-pare-ne-panairin-e-vjenes-ne-2014\/","og_locale":"en_US","og_type":"article","og_title":"OTU p\u00ebr her\u00eb t\u00eb par\u00eb n\u00eb panairin e Vjen\u00ebs n\u00eb 2014 - Lajme nga Ulqini","og_description":"Panairi n\u00eb Vjen\u00eb 2014 Organizata Turistike e Ulqinit p\u00ebr t\u00eb par\u00ebn her\u00eb sipas Plan Programit per vitin 2014 merr pjese ne panairin e turizmit Ferien Messe","og_url":"https:\/\/www.visit-ulcinj.com\/blog\/2014\/01\/17\/otu-per-here-te-pare-ne-panairin-e-vjenes-ne-2014\/","og_site_name":"Lajme nga Ulqini","article_published_time":"2014-01-17T14:40:37+00:00","article_modified_time":"2014-01-17T22:08:14+00:00","twitter_misc":{"Written by":"ulqini","Est. reading time":"1 minute"},"schema":{"@context":"https:\/\/schema.org","@graph":[{"@type":"WebSite","@id":"https:\/\/www.visit-ulcinj.com\/blog\/#website","url":"https:\/\/www.visit-ulcinj.com\/blog\/","name":"Lajme nga Ulqini","description":"Lajme,Vijesti,Ulqini,Ulqin,Crna Gora,Mali i Zi","potentialAction":[{"@type":"SearchAction","target":{"@type":"EntryPoint","urlTemplate":"https:\/\/www.visit-ulcinj.com\/blog\/?s={search_term_string}"},"query-input":"required name=search_term_string"}],"inLanguage":"en-US"},{"@type":"WebPage","@id":"https:\/\/www.visit-ulcinj.com\/blog\/2014\/01\/17\/otu-per-here-te-pare-ne-panairin-e-vjenes-ne-2014\/#webpage","url":"https:\/\/www.visit-ulcinj.com\/blog\/2014\/01\/17\/otu-per-here-te-pare-ne-panairin-e-vjenes-ne-2014\/","name":"OTU p\u00ebr her\u00eb t\u00eb par\u00eb n\u00eb panairin e Vjen\u00ebs n\u00eb 2014 - Lajme nga Ulqini","isPartOf":{"@id":"https:\/\/www.visit-ulcinj.com\/blog\/#website"},"datePublished":"2014-01-17T14:40:37+00:00","dateModified":"2014-01-17T22:08:14+00:00","author":{"@id":"https:\/\/www.visit-ulcinj.com\/blog\/#\/schema\/person\/dcab619c614d3038751c63bc2aadc06d"},"description":"Panairi n\u00eb Vjen\u00eb 2014 Organizata Turistike e Ulqinit p\u00ebr t\u00eb par\u00ebn her\u00eb sipas Plan Programit per vitin 2014 merr pjese ne panairin e turizmit Ferien Messe","breadcrumb":{"@id":"https:\/\/www.visit-ulcinj.com\/blog\/2014\/01\/17\/otu-per-here-te-pare-ne-panairin-e-vjenes-ne-2014\/#breadcrumb"},"inLanguage":"en-US","potentialAction":[{"@type":"ReadAction","target":["https:\/\/www.visit-ulcinj.com\/blog\/2014\/01\/17\/otu-per-here-te-pare-ne-panairin-e-vjenes-ne-2014\/"]}]},{"@type":"BreadcrumbList","@id":"https:\/\/www.visit-ulcinj.com\/blog\/2014\/01\/17\/otu-per-here-te-pare-ne-panairin-e-vjenes-ne-2014\/#breadcrumb","itemListElement":[{"@type":"ListItem","position":1,"name":"OTU p\u00ebr her\u00eb t\u00eb par\u00eb n\u00eb panairin e Vjen\u00ebs n\u00eb 2014"}]},{"@type":"Person","@id":"https:\/\/www.visit-ulcinj.com\/blog\/#\/schema\/person\/dcab619c614d3038751c63bc2aadc06d","name":"ulqini","sameAs":["http:\/\/www.visit-ulcinj.com"],"url":"https:\/\/www.visit-ulcinj.com\/blog\/author\/admin\/"}]}},"jetpack_featured_media_url":"","jetpack_sharing_enabled":true,"jetpack_shortlink":"https:\/\/wp.me\/pe6lTn-knl","_links":{"self":[{"href":"https:\/\/www.visit-ulcinj.com\/blog\/wp-json\/wp\/v2\/posts\/78327"}],"collection":[{"href":"https:\/\/www.visit-ulcinj.com\/blog\/wp-json\/wp\/v2\/posts"}],"about":[{"href":"https:\/\/www.visit-ulcinj.com\/blog\/wp-json\/wp\/v2\/types\/post"}],"author":[{"embeddable":true,"href":"https:\/\/www.visit-ulcinj.com\/blog\/wp-json\/wp\/v2\/users\/1"}],"replies":[{"embeddable":true,"href":"https:\/\/www.visit-ulcinj.com\/blog\/wp-json\/wp\/v2\/comments?post=78327"}],"version-history":[{"count":2,"href":"https:\/\/www.visit-ulcinj.com\/blog\/wp-json\/wp\/v2\/posts\/78327\/revisions"}],"predecessor-version":[{"id":78333,"href":"https:\/\/www.visit-ulcinj.com\/blog\/wp-json\/wp\/v2\/posts\/78327\/revisions\/78333"}],"wp:attachment":[{"href":"https:\/\/www.visit-ulcinj.com\/blog\/wp-json\/wp\/v2\/media?parent=78327"}],"wp:term":[{"taxonomy":"category","embeddable":true,"href":"https:\/\/www.visit-ulcinj.com\/blog\/wp-json\/wp\/v2\/categories?post=78327"},{"taxonomy":"post_tag","embeddable":true,"href":"https:\/\/www.visit-ulcinj.com\/blog\/wp-json\/wp\/v2\/tags?post=78327"}],"curies":[{"name":"wp","href":"https:\/\/api.w.org\/{rel}","templated":true}]}}