{"id":78334,"date":"2014-01-17T15:47:21","date_gmt":"2014-01-17T14:47:21","guid":{"rendered":"http:\/\/www.visit-ulcinj.com\/blog\/?p=78334"},"modified":"2014-01-17T15:47:21","modified_gmt":"2014-01-17T14:47:21","slug":"ulcinj-na-sajam-turizma-u-becu","status":"publish","type":"post","link":"https:\/\/www.visit-ulcinj.com\/blog\/2014\/01\/17\/ulcinj-na-sajam-turizma-u-becu\/","title":{"rendered":"TO Ulcinj na sajam turizma u Be\u010du"},"content":{"rendered":"<p><strong><a href=\"http:\/\/www.visit-ulcinj.com\/blog\/wp-content\/uploads\/2014\/01\/OTU-n\u00eb-panairin-e-Vjen\u00ebs-2014-minir-karamanaga.jpg\"><img loading=\"lazy\" class=\"alignleft  wp-image-78329\" alt=\"OTU- n\u00eb panairin e Vjen\u00ebs 2014-minir-karamanaga\" src=\"http:\/\/www.visit-ulcinj.com\/blog\/wp-content\/uploads\/2014\/01\/OTU-n\u00eb-panairin-e-Vjen\u00ebs-2014-minir-karamanaga.jpg\" width=\"508\" height=\"360\" \/><\/a>Sajam u Be\u010du 2014<\/strong><\/p>\n<p>Turisti\u010dka Organizacija Ulcinj po prvi put prema Planu i programu za 2014.godinu nastupa na sajmu turizma u Be\u010du \u2013 Ferien Messe Wien, koji se odr\u017eava od 16 do 19. Januara, \u010dime i po\u010dinju i sajamske prezentacije ulcinjske turisti\u010dke ponude za ovu godinu. Sajam turizma u Be\u010du je najzna\u010dajniji Internacionalni sajam turizma u Austriji, koji se odr\u017eava ve\u0107 38 godina. Prema statisti\u010dkim podacima organizatora ovaj sajam u pro\u0161loj godini posjetilo je oko 150 000 posjetilaca i hiljade eksperata iz oblasti turizma koji dolaze da se informi\u0161u \u00a0o turisti\u010dkoj ponudi, kao i da odaberu svoju slede\u0107u destinaciju za odmor i razonodu.<\/p>\n<p><a href=\"http:\/\/www.visit-ulcinj.com\/blog\/wp-content\/uploads\/2014\/01\/OTU-n\u00eb-panairin-e-Vjen\u00ebs-2014.jpg\"><img loading=\"lazy\" class=\"alignleft  wp-image-78328\" alt=\"OTU- n\u00eb panairin e Vjen\u00ebs 2014\" src=\"http:\/\/www.visit-ulcinj.com\/blog\/wp-content\/uploads\/2014\/01\/OTU-n\u00eb-panairin-e-Vjen\u00ebs-2014.jpg\" width=\"508\" height=\"360\" \/><\/a><\/p>\n<p>Prema najavama organizatora na sajmu turizma u Be\u010du \u00a0u\u010destvuju oko 750 izlaga\u010da iz vi\u0161e od 70 zemalja koji prezentuju polularne turisti\u010dke destinacije, preporu\u010dena sredstva transporta i \u0161irok spektar ponude iz oblasti putovanja i razonode. Zavisno od interesovanja, posjetioci crnogorskog \u0161tanda mogu dobiti informacije o ponudi namijenjenoj porodicama sa djecom, mladim ljudima, ljubiteljima rekreacije, biciklizma, pje\u0161a\u010denja, vina i kulinarskih putovanja, spa i wellness centara, prazni\u010dnih de\u0161avanja i manifestacija, putovanja za seniore i sl<\/p>\n<p>Osim Turisti\u010dke Organizacije Ulcinj na zajedni\u010dkom \u0161tandu Nacionalne Turisti\u010dke Organizacije CG su prisutne i organizacije Bara, Budve, Tivta i Herceg Novog, kao i nacionalni avio prevoznik Montenegro Airlines a od privrednika Htp Ulcinjska Rivijera, Budvanska Rivijera, agencije GlobTour i Montenegro Travel Idea i dr.<\/p>\n<p><a href=\"http:\/\/www.visit-ulcinj.com\/blog\/wp-content\/uploads\/2014\/01\/OTU-n\u00eb-panairin-e-Vjen\u00ebs-2014-ana-zhivanovic.jpg\"><img loading=\"lazy\" class=\"alignleft  wp-image-78330\" alt=\"OTU- n\u00eb panairin e Vjen\u00ebs 2014-ana-zhivanovic\" src=\"http:\/\/www.visit-ulcinj.com\/blog\/wp-content\/uploads\/2014\/01\/OTU-n\u00eb-panairin-e-Vjen\u00ebs-2014-ana-zhivanovic.jpg\" width=\"508\" height=\"360\" \/><\/a><\/p>\n<p>Istra\u017eivanja pokazuju da su austrijski turisti u prethodnim godinama putovali \u010de\u0161\u0107e, sa kra\u0107im boravcima i uglavnom su preferirali raznovrsnije odmore ako \u0161to su Welness odmori, kratka putovanja, aktivan i raznovrsan odmor. Posljednjih godina, turisti sa austrijskog tr\u017ei\u0161ta u sve ve\u0107em broju posje\u0107uju Crnu Goru. Prema zvani\u010dnim statisti\u010dkim podacima, do novembra 2013. godine, Crnu Goru je posjetilo preko 16.700 turista iz Austrije koji su ostvarili skoro 75.000 no\u0107enja, \u0161to je za 6% vi\u0161e u odnosu na prethodnu godinu.<\/p>\n<p>Stru\u010dna slu\u017eba TO Ulcinj<\/p>\n","protected":false},"excerpt":{"rendered":"<p>Sajam u Be\u010du 2014 Turisti\u010dka Organizacija Ulcinj po prvi put prema Planu i programu za 2014.godinu nastupa na sajmu turizma u Be\u010du \u2013 Ferien Messe Wien, koji se odr\u017eava od 16 do 19. Januara, \u010dime i po\u010dinju i sajamske prezentacije ulcinjske turisti\u010dke ponude za ovu godinu. Sajam turizma u Be\u010du je najzna\u010dajniji Internacionalni sajam turizma [&hellip;]<\/p>\n","protected":false},"author":1,"featured_media":0,"comment_status":"closed","ping_status":"closed","sticky":false,"template":"","format":"standard","meta":{"spay_email":"","jetpack_publicize_message":"","jetpack_is_tweetstorm":false,"jetpack_publicize_feature_enabled":true},"categories":[8337],"tags":[],"jetpack_publicize_connections":[],"yoast_head":"<!-- This site is optimized with the Yoast SEO plugin v19.1 - https:\/\/yoast.com\/wordpress\/plugins\/seo\/ -->\n<title>TO Ulcinj na sajam turizma u Be\u010du - Lajme nga Ulqini<\/title>\n<meta name=\"description\" content=\"Sajam u Be\u010du 2014 Turisti\u010dka Organizacija Ulcinj po prvi put prema Planu i programu za 2014.godinu nastupa na sajmu turizma u Be\u010du \u2013 Ferien Messe Wien,\" \/>\n<meta name=\"robots\" content=\"index, follow, max-snippet:-1, max-image-preview:large, max-video-preview:-1\" \/>\n<link rel=\"canonical\" href=\"https:\/\/www.visit-ulcinj.com\/blog\/2014\/01\/17\/ulcinj-na-sajam-turizma-u-becu\/\" \/>\n<meta property=\"og:locale\" content=\"en_US\" \/>\n<meta property=\"og:type\" content=\"article\" \/>\n<meta property=\"og:title\" content=\"TO Ulcinj na sajam turizma u Be\u010du - Lajme nga Ulqini\" \/>\n<meta property=\"og:description\" content=\"Sajam u Be\u010du 2014 Turisti\u010dka Organizacija Ulcinj po prvi put prema Planu i programu za 2014.godinu nastupa na sajmu turizma u Be\u010du \u2013 Ferien Messe Wien,\" \/>\n<meta property=\"og:url\" content=\"https:\/\/www.visit-ulcinj.com\/blog\/2014\/01\/17\/ulcinj-na-sajam-turizma-u-becu\/\" \/>\n<meta property=\"og:site_name\" content=\"Lajme nga Ulqini\" \/>\n<meta property=\"article:published_time\" content=\"2014-01-17T14:47:21+00:00\" \/>\n<meta name=\"twitter:label1\" content=\"Written by\" \/>\n\t<meta name=\"twitter:data1\" content=\"ulqini\" \/>\n\t<meta name=\"twitter:label2\" content=\"Est. reading time\" \/>\n\t<meta name=\"twitter:data2\" content=\"2 minutes\" \/>\n<script type=\"application\/ld+json\" class=\"yoast-schema-graph\">{\"@context\":\"https:\/\/schema.org\",\"@graph\":[{\"@type\":\"WebSite\",\"@id\":\"https:\/\/www.visit-ulcinj.com\/blog\/#website\",\"url\":\"https:\/\/www.visit-ulcinj.com\/blog\/\",\"name\":\"Lajme nga Ulqini\",\"description\":\"Lajme,Vijesti,Ulqini,Ulqin,Crna Gora,Mali i Zi\",\"potentialAction\":[{\"@type\":\"SearchAction\",\"target\":{\"@type\":\"EntryPoint\",\"urlTemplate\":\"https:\/\/www.visit-ulcinj.com\/blog\/?s={search_term_string}\"},\"query-input\":\"required name=search_term_string\"}],\"inLanguage\":\"en-US\"},{\"@type\":\"WebPage\",\"@id\":\"https:\/\/www.visit-ulcinj.com\/blog\/2014\/01\/17\/ulcinj-na-sajam-turizma-u-becu\/#webpage\",\"url\":\"https:\/\/www.visit-ulcinj.com\/blog\/2014\/01\/17\/ulcinj-na-sajam-turizma-u-becu\/\",\"name\":\"TO Ulcinj na sajam turizma u Be\u010du - Lajme nga Ulqini\",\"isPartOf\":{\"@id\":\"https:\/\/www.visit-ulcinj.com\/blog\/#website\"},\"datePublished\":\"2014-01-17T14:47:21+00:00\",\"dateModified\":\"2014-01-17T14:47:21+00:00\",\"author\":{\"@id\":\"https:\/\/www.visit-ulcinj.com\/blog\/#\/schema\/person\/dcab619c614d3038751c63bc2aadc06d\"},\"description\":\"Sajam u Be\u010du 2014 Turisti\u010dka Organizacija Ulcinj po prvi put prema Planu i programu za 2014.godinu nastupa na sajmu turizma u Be\u010du \u2013 Ferien Messe Wien,\",\"breadcrumb\":{\"@id\":\"https:\/\/www.visit-ulcinj.com\/blog\/2014\/01\/17\/ulcinj-na-sajam-turizma-u-becu\/#breadcrumb\"},\"inLanguage\":\"en-US\",\"potentialAction\":[{\"@type\":\"ReadAction\",\"target\":[\"https:\/\/www.visit-ulcinj.com\/blog\/2014\/01\/17\/ulcinj-na-sajam-turizma-u-becu\/\"]}]},{\"@type\":\"BreadcrumbList\",\"@id\":\"https:\/\/www.visit-ulcinj.com\/blog\/2014\/01\/17\/ulcinj-na-sajam-turizma-u-becu\/#breadcrumb\",\"itemListElement\":[{\"@type\":\"ListItem\",\"position\":1,\"name\":\"TO Ulcinj na sajam turizma u Be\u010du\"}]},{\"@type\":\"Person\",\"@id\":\"https:\/\/www.visit-ulcinj.com\/blog\/#\/schema\/person\/dcab619c614d3038751c63bc2aadc06d\",\"name\":\"ulqini\",\"sameAs\":[\"http:\/\/www.visit-ulcinj.com\"],\"url\":\"https:\/\/www.visit-ulcinj.com\/blog\/author\/admin\/\"}]}<\/script>\n<!-- \/ Yoast SEO plugin. -->","yoast_head_json":{"title":"TO Ulcinj na sajam turizma u Be\u010du - Lajme nga Ulqini","description":"Sajam u Be\u010du 2014 Turisti\u010dka Organizacija Ulcinj po prvi put prema Planu i programu za 2014.godinu nastupa na sajmu turizma u Be\u010du \u2013 Ferien Messe Wien,","robots":{"index":"index","follow":"follow","max-snippet":"max-snippet:-1","max-image-preview":"max-image-preview:large","max-video-preview":"max-video-preview:-1"},"canonical":"https:\/\/www.visit-ulcinj.com\/blog\/2014\/01\/17\/ulcinj-na-sajam-turizma-u-becu\/","og_locale":"en_US","og_type":"article","og_title":"TO Ulcinj na sajam turizma u Be\u010du - Lajme nga Ulqini","og_description":"Sajam u Be\u010du 2014 Turisti\u010dka Organizacija Ulcinj po prvi put prema Planu i programu za 2014.godinu nastupa na sajmu turizma u Be\u010du \u2013 Ferien Messe Wien,","og_url":"https:\/\/www.visit-ulcinj.com\/blog\/2014\/01\/17\/ulcinj-na-sajam-turizma-u-becu\/","og_site_name":"Lajme nga Ulqini","article_published_time":"2014-01-17T14:47:21+00:00","twitter_misc":{"Written by":"ulqini","Est. reading time":"2 minutes"},"schema":{"@context":"https:\/\/schema.org","@graph":[{"@type":"WebSite","@id":"https:\/\/www.visit-ulcinj.com\/blog\/#website","url":"https:\/\/www.visit-ulcinj.com\/blog\/","name":"Lajme nga Ulqini","description":"Lajme,Vijesti,Ulqini,Ulqin,Crna Gora,Mali i Zi","potentialAction":[{"@type":"SearchAction","target":{"@type":"EntryPoint","urlTemplate":"https:\/\/www.visit-ulcinj.com\/blog\/?s={search_term_string}"},"query-input":"required name=search_term_string"}],"inLanguage":"en-US"},{"@type":"WebPage","@id":"https:\/\/www.visit-ulcinj.com\/blog\/2014\/01\/17\/ulcinj-na-sajam-turizma-u-becu\/#webpage","url":"https:\/\/www.visit-ulcinj.com\/blog\/2014\/01\/17\/ulcinj-na-sajam-turizma-u-becu\/","name":"TO Ulcinj na sajam turizma u Be\u010du - Lajme nga Ulqini","isPartOf":{"@id":"https:\/\/www.visit-ulcinj.com\/blog\/#website"},"datePublished":"2014-01-17T14:47:21+00:00","dateModified":"2014-01-17T14:47:21+00:00","author":{"@id":"https:\/\/www.visit-ulcinj.com\/blog\/#\/schema\/person\/dcab619c614d3038751c63bc2aadc06d"},"description":"Sajam u Be\u010du 2014 Turisti\u010dka Organizacija Ulcinj po prvi put prema Planu i programu za 2014.godinu nastupa na sajmu turizma u Be\u010du \u2013 Ferien Messe Wien,","breadcrumb":{"@id":"https:\/\/www.visit-ulcinj.com\/blog\/2014\/01\/17\/ulcinj-na-sajam-turizma-u-becu\/#breadcrumb"},"inLanguage":"en-US","potentialAction":[{"@type":"ReadAction","target":["https:\/\/www.visit-ulcinj.com\/blog\/2014\/01\/17\/ulcinj-na-sajam-turizma-u-becu\/"]}]},{"@type":"BreadcrumbList","@id":"https:\/\/www.visit-ulcinj.com\/blog\/2014\/01\/17\/ulcinj-na-sajam-turizma-u-becu\/#breadcrumb","itemListElement":[{"@type":"ListItem","position":1,"name":"TO Ulcinj na sajam turizma u Be\u010du"}]},{"@type":"Person","@id":"https:\/\/www.visit-ulcinj.com\/blog\/#\/schema\/person\/dcab619c614d3038751c63bc2aadc06d","name":"ulqini","sameAs":["http:\/\/www.visit-ulcinj.com"],"url":"https:\/\/www.visit-ulcinj.com\/blog\/author\/admin\/"}]}},"jetpack_featured_media_url":"","jetpack_sharing_enabled":true,"jetpack_shortlink":"https:\/\/wp.me\/pe6lTn-kns","_links":{"self":[{"href":"https:\/\/www.visit-ulcinj.com\/blog\/wp-json\/wp\/v2\/posts\/78334"}],"collection":[{"href":"https:\/\/www.visit-ulcinj.com\/blog\/wp-json\/wp\/v2\/posts"}],"about":[{"href":"https:\/\/www.visit-ulcinj.com\/blog\/wp-json\/wp\/v2\/types\/post"}],"author":[{"embeddable":true,"href":"https:\/\/www.visit-ulcinj.com\/blog\/wp-json\/wp\/v2\/users\/1"}],"replies":[{"embeddable":true,"href":"https:\/\/www.visit-ulcinj.com\/blog\/wp-json\/wp\/v2\/comments?post=78334"}],"version-history":[{"count":1,"href":"https:\/\/www.visit-ulcinj.com\/blog\/wp-json\/wp\/v2\/posts\/78334\/revisions"}],"predecessor-version":[{"id":78335,"href":"https:\/\/www.visit-ulcinj.com\/blog\/wp-json\/wp\/v2\/posts\/78334\/revisions\/78335"}],"wp:attachment":[{"href":"https:\/\/www.visit-ulcinj.com\/blog\/wp-json\/wp\/v2\/media?parent=78334"}],"wp:term":[{"taxonomy":"category","embeddable":true,"href":"https:\/\/www.visit-ulcinj.com\/blog\/wp-json\/wp\/v2\/categories?post=78334"},{"taxonomy":"post_tag","embeddable":true,"href":"https:\/\/www.visit-ulcinj.com\/blog\/wp-json\/wp\/v2\/tags?post=78334"}],"curies":[{"name":"wp","href":"https:\/\/api.w.org\/{rel}","templated":true}]}}