{"id":78337,"date":"2014-01-17T22:05:04","date_gmt":"2014-01-17T21:05:04","guid":{"rendered":"http:\/\/www.visit-ulcinj.com\/blog\/?p=78337"},"modified":"2014-01-17T22:05:04","modified_gmt":"2014-01-17T21:05:04","slug":"optuzbe-izmedu-celnika-opstine-ulcinj-sdp-video","status":"publish","type":"post","link":"https:\/\/www.visit-ulcinj.com\/blog\/2014\/01\/17\/optuzbe-izmedu-celnika-opstine-ulcinj-sdp-video\/","title":{"rendered":"Optu\u017ebe izme\u0111u \u010delnika Op\u0161tine Ulcinj i SDP-a &#8211; Video"},"content":{"rendered":"<p><a href=\"http:\/\/www.visit-ulcinj.com\/blog\/wp-content\/uploads\/2013\/12\/opstina-ulcinj.jpg\"><img loading=\"lazy\" class=\"alignleft  wp-image-77143\" alt=\"opstina-ulcinj\" src=\"http:\/\/www.visit-ulcinj.com\/blog\/wp-content\/uploads\/2013\/12\/opstina-ulcinj.jpg\" width=\"508\" height=\"360\" \/><\/a>Predsjednik Op\u0161tine Ulcinj Nazif Cungu i prvi \u010dovjek SDP-a u tom gradu Selim Resulbegovi\u0107 nastavljaju sa politi\u010dkim optu\u017eivanjima.<\/p>\n<p><strong>Suzana Ganic<\/strong><\/p>\n<p><strong>Izvor: Vijesti Online<\/strong><\/p>\n<!--YouTube Error: bad URL entered-->\n","protected":false},"excerpt":{"rendered":"<p>Predsjednik Op\u0161tine Ulcinj Nazif Cungu i prvi \u010dovjek SDP-a u tom gradu Selim Resulbegovi\u0107 nastavljaju sa politi\u010dkim optu\u017eivanjima. Suzana Ganic Izvor: Vijesti Online<\/p>\n","protected":false},"author":1,"featured_media":0,"comment_status":"closed","ping_status":"closed","sticky":false,"template":"","format":"standard","meta":{"spay_email":"","jetpack_publicize_message":"","jetpack_is_tweetstorm":false,"jetpack_publicize_feature_enabled":true},"categories":[8337],"tags":[],"jetpack_publicize_connections":[],"yoast_head":"<!-- This site is optimized with the Yoast SEO plugin v19.1 - https:\/\/yoast.com\/wordpress\/plugins\/seo\/ -->\n<title>Optu\u017ebe izme\u0111u \u010delnika Op\u0161tine Ulcinj i SDP-a - Video - Lajme nga Ulqini<\/title>\n<meta name=\"description\" content=\"Predsjednik Op\u0161tine Ulcinj Nazif Cungu i prvi \u010dovjek SDP-a u tom gradu Selim Resulbegovi\u0107 nastavljaju sa politi\u010dkim optu\u017eivanjima. Suzana Ganic Izvor:\" \/>\n<meta name=\"robots\" content=\"index, follow, max-snippet:-1, max-image-preview:large, max-video-preview:-1\" \/>\n<link rel=\"canonical\" href=\"https:\/\/www.visit-ulcinj.com\/blog\/2014\/01\/17\/optuzbe-izmedu-celnika-opstine-ulcinj-sdp-video\/\" \/>\n<meta property=\"og:locale\" content=\"en_US\" \/>\n<meta property=\"og:type\" content=\"article\" \/>\n<meta property=\"og:title\" content=\"Optu\u017ebe izme\u0111u \u010delnika Op\u0161tine Ulcinj i SDP-a - Video - Lajme nga Ulqini\" \/>\n<meta property=\"og:description\" content=\"Predsjednik Op\u0161tine Ulcinj Nazif Cungu i prvi \u010dovjek SDP-a u tom gradu Selim Resulbegovi\u0107 nastavljaju sa politi\u010dkim optu\u017eivanjima. Suzana Ganic Izvor:\" \/>\n<meta property=\"og:url\" content=\"https:\/\/www.visit-ulcinj.com\/blog\/2014\/01\/17\/optuzbe-izmedu-celnika-opstine-ulcinj-sdp-video\/\" \/>\n<meta property=\"og:site_name\" content=\"Lajme nga Ulqini\" \/>\n<meta property=\"article:published_time\" content=\"2014-01-17T21:05:04+00:00\" \/>\n<meta property=\"og:image\" content=\"http:\/\/www.visit-ulcinj.com\/blog\/wp-content\/uploads\/2013\/12\/opstina-ulcinj.jpg\" \/>\n<meta name=\"twitter:label1\" content=\"Written by\" \/>\n\t<meta name=\"twitter:data1\" content=\"ulqini\" \/>\n<script type=\"application\/ld+json\" class=\"yoast-schema-graph\">{\"@context\":\"https:\/\/schema.org\",\"@graph\":[{\"@type\":\"WebSite\",\"@id\":\"https:\/\/www.visit-ulcinj.com\/blog\/#website\",\"url\":\"https:\/\/www.visit-ulcinj.com\/blog\/\",\"name\":\"Lajme nga Ulqini\",\"description\":\"Lajme,Vijesti,Ulqini,Ulqin,Crna Gora,Mali i Zi\",\"potentialAction\":[{\"@type\":\"SearchAction\",\"target\":{\"@type\":\"EntryPoint\",\"urlTemplate\":\"https:\/\/www.visit-ulcinj.com\/blog\/?s={search_term_string}\"},\"query-input\":\"required name=search_term_string\"}],\"inLanguage\":\"en-US\"},{\"@type\":\"ImageObject\",\"inLanguage\":\"en-US\",\"@id\":\"https:\/\/www.visit-ulcinj.com\/blog\/2014\/01\/17\/optuzbe-izmedu-celnika-opstine-ulcinj-sdp-video\/#primaryimage\",\"url\":\"https:\/\/www.visit-ulcinj.com\/blog\/wp-content\/uploads\/2013\/12\/opstina-ulcinj.jpg\",\"contentUrl\":\"https:\/\/www.visit-ulcinj.com\/blog\/wp-content\/uploads\/2013\/12\/opstina-ulcinj.jpg\",\"width\":1000,\"height\":750},{\"@type\":\"WebPage\",\"@id\":\"https:\/\/www.visit-ulcinj.com\/blog\/2014\/01\/17\/optuzbe-izmedu-celnika-opstine-ulcinj-sdp-video\/#webpage\",\"url\":\"https:\/\/www.visit-ulcinj.com\/blog\/2014\/01\/17\/optuzbe-izmedu-celnika-opstine-ulcinj-sdp-video\/\",\"name\":\"Optu\u017ebe izme\u0111u \u010delnika Op\u0161tine Ulcinj i SDP-a - Video - Lajme nga Ulqini\",\"isPartOf\":{\"@id\":\"https:\/\/www.visit-ulcinj.com\/blog\/#website\"},\"primaryImageOfPage\":{\"@id\":\"https:\/\/www.visit-ulcinj.com\/blog\/2014\/01\/17\/optuzbe-izmedu-celnika-opstine-ulcinj-sdp-video\/#primaryimage\"},\"datePublished\":\"2014-01-17T21:05:04+00:00\",\"dateModified\":\"2014-01-17T21:05:04+00:00\",\"author\":{\"@id\":\"https:\/\/www.visit-ulcinj.com\/blog\/#\/schema\/person\/dcab619c614d3038751c63bc2aadc06d\"},\"description\":\"Predsjednik Op\u0161tine Ulcinj Nazif Cungu i prvi \u010dovjek SDP-a u tom gradu Selim Resulbegovi\u0107 nastavljaju sa politi\u010dkim optu\u017eivanjima. Suzana Ganic Izvor:\",\"breadcrumb\":{\"@id\":\"https:\/\/www.visit-ulcinj.com\/blog\/2014\/01\/17\/optuzbe-izmedu-celnika-opstine-ulcinj-sdp-video\/#breadcrumb\"},\"inLanguage\":\"en-US\",\"potentialAction\":[{\"@type\":\"ReadAction\",\"target\":[\"https:\/\/www.visit-ulcinj.com\/blog\/2014\/01\/17\/optuzbe-izmedu-celnika-opstine-ulcinj-sdp-video\/\"]}]},{\"@type\":\"BreadcrumbList\",\"@id\":\"https:\/\/www.visit-ulcinj.com\/blog\/2014\/01\/17\/optuzbe-izmedu-celnika-opstine-ulcinj-sdp-video\/#breadcrumb\",\"itemListElement\":[{\"@type\":\"ListItem\",\"position\":1,\"name\":\"Optu\u017ebe izme\u0111u \u010delnika Op\u0161tine Ulcinj i SDP-a &#8211; Video\"}]},{\"@type\":\"Person\",\"@id\":\"https:\/\/www.visit-ulcinj.com\/blog\/#\/schema\/person\/dcab619c614d3038751c63bc2aadc06d\",\"name\":\"ulqini\",\"sameAs\":[\"http:\/\/www.visit-ulcinj.com\"],\"url\":\"https:\/\/www.visit-ulcinj.com\/blog\/author\/admin\/\"}]}<\/script>\n<!-- \/ Yoast SEO plugin. -->","yoast_head_json":{"title":"Optu\u017ebe izme\u0111u \u010delnika Op\u0161tine Ulcinj i SDP-a - Video - Lajme nga Ulqini","description":"Predsjednik Op\u0161tine Ulcinj Nazif Cungu i prvi \u010dovjek SDP-a u tom gradu Selim Resulbegovi\u0107 nastavljaju sa politi\u010dkim optu\u017eivanjima. Suzana Ganic Izvor:","robots":{"index":"index","follow":"follow","max-snippet":"max-snippet:-1","max-image-preview":"max-image-preview:large","max-video-preview":"max-video-preview:-1"},"canonical":"https:\/\/www.visit-ulcinj.com\/blog\/2014\/01\/17\/optuzbe-izmedu-celnika-opstine-ulcinj-sdp-video\/","og_locale":"en_US","og_type":"article","og_title":"Optu\u017ebe izme\u0111u \u010delnika Op\u0161tine Ulcinj i SDP-a - Video - Lajme nga Ulqini","og_description":"Predsjednik Op\u0161tine Ulcinj Nazif Cungu i prvi \u010dovjek SDP-a u tom gradu Selim Resulbegovi\u0107 nastavljaju sa politi\u010dkim optu\u017eivanjima. Suzana Ganic Izvor:","og_url":"https:\/\/www.visit-ulcinj.com\/blog\/2014\/01\/17\/optuzbe-izmedu-celnika-opstine-ulcinj-sdp-video\/","og_site_name":"Lajme nga Ulqini","article_published_time":"2014-01-17T21:05:04+00:00","og_image":[{"url":"http:\/\/www.visit-ulcinj.com\/blog\/wp-content\/uploads\/2013\/12\/opstina-ulcinj.jpg"}],"twitter_misc":{"Written by":"ulqini"},"schema":{"@context":"https:\/\/schema.org","@graph":[{"@type":"WebSite","@id":"https:\/\/www.visit-ulcinj.com\/blog\/#website","url":"https:\/\/www.visit-ulcinj.com\/blog\/","name":"Lajme nga Ulqini","description":"Lajme,Vijesti,Ulqini,Ulqin,Crna Gora,Mali i Zi","potentialAction":[{"@type":"SearchAction","target":{"@type":"EntryPoint","urlTemplate":"https:\/\/www.visit-ulcinj.com\/blog\/?s={search_term_string}"},"query-input":"required name=search_term_string"}],"inLanguage":"en-US"},{"@type":"ImageObject","inLanguage":"en-US","@id":"https:\/\/www.visit-ulcinj.com\/blog\/2014\/01\/17\/optuzbe-izmedu-celnika-opstine-ulcinj-sdp-video\/#primaryimage","url":"https:\/\/www.visit-ulcinj.com\/blog\/wp-content\/uploads\/2013\/12\/opstina-ulcinj.jpg","contentUrl":"https:\/\/www.visit-ulcinj.com\/blog\/wp-content\/uploads\/2013\/12\/opstina-ulcinj.jpg","width":1000,"height":750},{"@type":"WebPage","@id":"https:\/\/www.visit-ulcinj.com\/blog\/2014\/01\/17\/optuzbe-izmedu-celnika-opstine-ulcinj-sdp-video\/#webpage","url":"https:\/\/www.visit-ulcinj.com\/blog\/2014\/01\/17\/optuzbe-izmedu-celnika-opstine-ulcinj-sdp-video\/","name":"Optu\u017ebe izme\u0111u \u010delnika Op\u0161tine Ulcinj i SDP-a - Video - Lajme nga Ulqini","isPartOf":{"@id":"https:\/\/www.visit-ulcinj.com\/blog\/#website"},"primaryImageOfPage":{"@id":"https:\/\/www.visit-ulcinj.com\/blog\/2014\/01\/17\/optuzbe-izmedu-celnika-opstine-ulcinj-sdp-video\/#primaryimage"},"datePublished":"2014-01-17T21:05:04+00:00","dateModified":"2014-01-17T21:05:04+00:00","author":{"@id":"https:\/\/www.visit-ulcinj.com\/blog\/#\/schema\/person\/dcab619c614d3038751c63bc2aadc06d"},"description":"Predsjednik Op\u0161tine Ulcinj Nazif Cungu i prvi \u010dovjek SDP-a u tom gradu Selim Resulbegovi\u0107 nastavljaju sa politi\u010dkim optu\u017eivanjima. Suzana Ganic Izvor:","breadcrumb":{"@id":"https:\/\/www.visit-ulcinj.com\/blog\/2014\/01\/17\/optuzbe-izmedu-celnika-opstine-ulcinj-sdp-video\/#breadcrumb"},"inLanguage":"en-US","potentialAction":[{"@type":"ReadAction","target":["https:\/\/www.visit-ulcinj.com\/blog\/2014\/01\/17\/optuzbe-izmedu-celnika-opstine-ulcinj-sdp-video\/"]}]},{"@type":"BreadcrumbList","@id":"https:\/\/www.visit-ulcinj.com\/blog\/2014\/01\/17\/optuzbe-izmedu-celnika-opstine-ulcinj-sdp-video\/#breadcrumb","itemListElement":[{"@type":"ListItem","position":1,"name":"Optu\u017ebe izme\u0111u \u010delnika Op\u0161tine Ulcinj i SDP-a &#8211; Video"}]},{"@type":"Person","@id":"https:\/\/www.visit-ulcinj.com\/blog\/#\/schema\/person\/dcab619c614d3038751c63bc2aadc06d","name":"ulqini","sameAs":["http:\/\/www.visit-ulcinj.com"],"url":"https:\/\/www.visit-ulcinj.com\/blog\/author\/admin\/"}]}},"jetpack_featured_media_url":"","jetpack_sharing_enabled":true,"jetpack_shortlink":"https:\/\/wp.me\/pe6lTn-knv","_links":{"self":[{"href":"https:\/\/www.visit-ulcinj.com\/blog\/wp-json\/wp\/v2\/posts\/78337"}],"collection":[{"href":"https:\/\/www.visit-ulcinj.com\/blog\/wp-json\/wp\/v2\/posts"}],"about":[{"href":"https:\/\/www.visit-ulcinj.com\/blog\/wp-json\/wp\/v2\/types\/post"}],"author":[{"embeddable":true,"href":"https:\/\/www.visit-ulcinj.com\/blog\/wp-json\/wp\/v2\/users\/1"}],"replies":[{"embeddable":true,"href":"https:\/\/www.visit-ulcinj.com\/blog\/wp-json\/wp\/v2\/comments?post=78337"}],"version-history":[{"count":2,"href":"https:\/\/www.visit-ulcinj.com\/blog\/wp-json\/wp\/v2\/posts\/78337\/revisions"}],"predecessor-version":[{"id":78339,"href":"https:\/\/www.visit-ulcinj.com\/blog\/wp-json\/wp\/v2\/posts\/78337\/revisions\/78339"}],"wp:attachment":[{"href":"https:\/\/www.visit-ulcinj.com\/blog\/wp-json\/wp\/v2\/media?parent=78337"}],"wp:term":[{"taxonomy":"category","embeddable":true,"href":"https:\/\/www.visit-ulcinj.com\/blog\/wp-json\/wp\/v2\/categories?post=78337"},{"taxonomy":"post_tag","embeddable":true,"href":"https:\/\/www.visit-ulcinj.com\/blog\/wp-json\/wp\/v2\/tags?post=78337"}],"curies":[{"name":"wp","href":"https:\/\/api.w.org\/{rel}","templated":true}]}}