{"id":78340,"date":"2014-01-17T22:12:59","date_gmt":"2014-01-17T21:12:59","guid":{"rendered":"http:\/\/www.visit-ulcinj.com\/blog\/?p=78340"},"modified":"2014-01-17T22:12:59","modified_gmt":"2014-01-17T21:12:59","slug":"snp-ulcinj-neprihvatljivo-pojavljivanje-popa-u-predizbornom-spotu-df","status":"publish","type":"post","link":"https:\/\/www.visit-ulcinj.com\/blog\/2014\/01\/17\/snp-ulcinj-neprihvatljivo-pojavljivanje-popa-u-predizbornom-spotu-df\/","title":{"rendered":"SNP Ulcinj: Neprihvatljivo pojavljivanje popa u predizbornom spotu DF-a"},"content":{"rendered":"<p><a href=\"http:\/\/www.visit-ulcinj.com\/blog\/wp-content\/uploads\/2014\/01\/SNP-Ulcinj.jpg\"><img loading=\"lazy\" class=\"alignleft  wp-image-78341\" alt=\"SNP Ulcinj\" src=\"http:\/\/www.visit-ulcinj.com\/blog\/wp-content\/uploads\/2014\/01\/SNP-Ulcinj.jpg\" width=\"508\" height=\"360\" \/><\/a>Povodom predizbornog spota\u00a0 Demokratskog fronta Ulcinj, u kome se kao jedan od aktera pojavljuje ulcinjski paroh, sve\u0161tenik Radojica Bo\u017eovi\u0107, Socijalisti\u010dka narodna partija Crne Gore ukazuje da nije prihvatljiva zloupotreba crkvenog velikodostojnika u svrhe izbornog marketinga.<\/p>\n<p>Socijalisti\u010dka narodna partija Crne Gore poziva DF i ostale politi\u010dke aktere da ne zloupotrebljavaju bilo kog vjerskog velikodostojnika u gradu koji je poznat po vi\u0161enacionalnoj i vi\u0161evjerskoj toleranciji, odnosno da vode fer i vite\u0161ku izbornu\u00a0 kampanju. Tako\u0111e je neprihvatljiva zloupotreba predizbornih skupova nezavisnog predsjedni\u010dkog\u00a0 kandidata Miodraga Leki\u0107a, na kojima se pojavljuju prepoznatljivi bira\u010di i funkcioneri Socijalisti\u010dke narodne partije Crne Gore. Ovakvi providni i jeftini trikovi su bezuspje\u0161an poku\u0161aj da se zbune gra\u0111ani Ulcinja pa \u0107e oni koji poku\u0161avaju da ovakvim podvalama ostvare koji glas vi\u0161e na predstoje\u0107im izborima, dobiti od gra\u0111ana adekvatan odgovor- isti\u010de se u saop\u0161tenju ulcinjskog odbora SNP-a.<\/p>\n<p>Kako se dodaje, Socijalisti\u010dka narodna partija Crne Gore \u0107e nastaviti da vodi fer kampanju kao i do sada \u201ci ne\u0107e se slu\u017eiti njihovim metodama, jer to SNP-u nikada nije bilo svojstveno, ve\u0107 \u0107emo ukazuju\u0107i na probleme gra\u0111ana Ulcinja i daju\u0107i\u00a0 predloge njihovo rje\u0161avanje, dobiti zna\u010dajnu podr\u0161ku na izborima 26. januara\u201d.<\/p>\n<p><strong>Izvor: Analitika &#8211; Informativni Portal<\/strong><\/p>\n<!--YouTube Error: bad URL entered-->\n","protected":false},"excerpt":{"rendered":"<p>Povodom predizbornog spota\u00a0 Demokratskog fronta Ulcinj, u kome se kao jedan od aktera pojavljuje ulcinjski paroh, sve\u0161tenik Radojica Bo\u017eovi\u0107, Socijalisti\u010dka narodna partija Crne Gore ukazuje da nije prihvatljiva zloupotreba crkvenog velikodostojnika u svrhe izbornog marketinga. Socijalisti\u010dka narodna partija Crne Gore poziva DF i ostale politi\u010dke aktere da ne zloupotrebljavaju bilo kog vjerskog velikodostojnika u gradu [&hellip;]<\/p>\n","protected":false},"author":1,"featured_media":0,"comment_status":"closed","ping_status":"closed","sticky":false,"template":"","format":"standard","meta":{"spay_email":"","jetpack_publicize_message":"","jetpack_is_tweetstorm":false,"jetpack_publicize_feature_enabled":true},"categories":[6950],"tags":[],"jetpack_publicize_connections":[],"yoast_head":"<!-- This site is optimized with the Yoast SEO plugin v19.1 - https:\/\/yoast.com\/wordpress\/plugins\/seo\/ -->\n<title>SNP Ulcinj: Neprihvatljivo pojavljivanje popa u predizbornom spotu DF-a - Lajme nga Ulqini<\/title>\n<meta name=\"description\" content=\"Povodom predizbornog spota\u00a0 Demokratskog fronta Ulcinj, u kome se kao jedan od aktera pojavljuje ulcinjski paroh, sve\u0161tenik Radojica Bo\u017eovi\u0107,\" \/>\n<meta name=\"robots\" content=\"index, follow, max-snippet:-1, max-image-preview:large, max-video-preview:-1\" \/>\n<link rel=\"canonical\" href=\"https:\/\/www.visit-ulcinj.com\/blog\/2014\/01\/17\/snp-ulcinj-neprihvatljivo-pojavljivanje-popa-u-predizbornom-spotu-df\/\" \/>\n<meta property=\"og:locale\" content=\"en_US\" \/>\n<meta property=\"og:type\" content=\"article\" \/>\n<meta property=\"og:title\" content=\"SNP Ulcinj: Neprihvatljivo pojavljivanje popa u predizbornom spotu DF-a - Lajme nga Ulqini\" \/>\n<meta property=\"og:description\" content=\"Povodom predizbornog spota\u00a0 Demokratskog fronta Ulcinj, u kome se kao jedan od aktera pojavljuje ulcinjski paroh, sve\u0161tenik Radojica Bo\u017eovi\u0107,\" \/>\n<meta property=\"og:url\" content=\"https:\/\/www.visit-ulcinj.com\/blog\/2014\/01\/17\/snp-ulcinj-neprihvatljivo-pojavljivanje-popa-u-predizbornom-spotu-df\/\" \/>\n<meta property=\"og:site_name\" content=\"Lajme nga Ulqini\" \/>\n<meta property=\"article:published_time\" content=\"2014-01-17T21:12:59+00:00\" \/>\n<meta property=\"og:image\" content=\"http:\/\/www.visit-ulcinj.com\/blog\/wp-content\/uploads\/2014\/01\/SNP-Ulcinj.jpg\" \/>\n<meta name=\"twitter:label1\" content=\"Written by\" \/>\n\t<meta name=\"twitter:data1\" content=\"ulqini\" \/>\n\t<meta name=\"twitter:label2\" content=\"Est. reading time\" \/>\n\t<meta name=\"twitter:data2\" content=\"1 minute\" \/>\n<script type=\"application\/ld+json\" class=\"yoast-schema-graph\">{\"@context\":\"https:\/\/schema.org\",\"@graph\":[{\"@type\":\"WebSite\",\"@id\":\"https:\/\/www.visit-ulcinj.com\/blog\/#website\",\"url\":\"https:\/\/www.visit-ulcinj.com\/blog\/\",\"name\":\"Lajme nga Ulqini\",\"description\":\"Lajme,Vijesti,Ulqini,Ulqin,Crna Gora,Mali i Zi\",\"potentialAction\":[{\"@type\":\"SearchAction\",\"target\":{\"@type\":\"EntryPoint\",\"urlTemplate\":\"https:\/\/www.visit-ulcinj.com\/blog\/?s={search_term_string}\"},\"query-input\":\"required name=search_term_string\"}],\"inLanguage\":\"en-US\"},{\"@type\":\"ImageObject\",\"inLanguage\":\"en-US\",\"@id\":\"https:\/\/www.visit-ulcinj.com\/blog\/2014\/01\/17\/snp-ulcinj-neprihvatljivo-pojavljivanje-popa-u-predizbornom-spotu-df\/#primaryimage\",\"url\":\"https:\/\/www.visit-ulcinj.com\/blog\/wp-content\/uploads\/2014\/01\/SNP-Ulcinj.jpg\",\"contentUrl\":\"https:\/\/www.visit-ulcinj.com\/blog\/wp-content\/uploads\/2014\/01\/SNP-Ulcinj.jpg\",\"width\":960,\"height\":521},{\"@type\":\"WebPage\",\"@id\":\"https:\/\/www.visit-ulcinj.com\/blog\/2014\/01\/17\/snp-ulcinj-neprihvatljivo-pojavljivanje-popa-u-predizbornom-spotu-df\/#webpage\",\"url\":\"https:\/\/www.visit-ulcinj.com\/blog\/2014\/01\/17\/snp-ulcinj-neprihvatljivo-pojavljivanje-popa-u-predizbornom-spotu-df\/\",\"name\":\"SNP Ulcinj: Neprihvatljivo pojavljivanje popa u predizbornom spotu DF-a - Lajme nga Ulqini\",\"isPartOf\":{\"@id\":\"https:\/\/www.visit-ulcinj.com\/blog\/#website\"},\"primaryImageOfPage\":{\"@id\":\"https:\/\/www.visit-ulcinj.com\/blog\/2014\/01\/17\/snp-ulcinj-neprihvatljivo-pojavljivanje-popa-u-predizbornom-spotu-df\/#primaryimage\"},\"datePublished\":\"2014-01-17T21:12:59+00:00\",\"dateModified\":\"2014-01-17T21:12:59+00:00\",\"author\":{\"@id\":\"https:\/\/www.visit-ulcinj.com\/blog\/#\/schema\/person\/dcab619c614d3038751c63bc2aadc06d\"},\"description\":\"Povodom predizbornog spota\u00a0 Demokratskog fronta Ulcinj, u kome se kao jedan od aktera pojavljuje ulcinjski paroh, sve\u0161tenik Radojica Bo\u017eovi\u0107,\",\"breadcrumb\":{\"@id\":\"https:\/\/www.visit-ulcinj.com\/blog\/2014\/01\/17\/snp-ulcinj-neprihvatljivo-pojavljivanje-popa-u-predizbornom-spotu-df\/#breadcrumb\"},\"inLanguage\":\"en-US\",\"potentialAction\":[{\"@type\":\"ReadAction\",\"target\":[\"https:\/\/www.visit-ulcinj.com\/blog\/2014\/01\/17\/snp-ulcinj-neprihvatljivo-pojavljivanje-popa-u-predizbornom-spotu-df\/\"]}]},{\"@type\":\"BreadcrumbList\",\"@id\":\"https:\/\/www.visit-ulcinj.com\/blog\/2014\/01\/17\/snp-ulcinj-neprihvatljivo-pojavljivanje-popa-u-predizbornom-spotu-df\/#breadcrumb\",\"itemListElement\":[{\"@type\":\"ListItem\",\"position\":1,\"name\":\"SNP Ulcinj: Neprihvatljivo pojavljivanje popa u predizbornom spotu DF-a\"}]},{\"@type\":\"Person\",\"@id\":\"https:\/\/www.visit-ulcinj.com\/blog\/#\/schema\/person\/dcab619c614d3038751c63bc2aadc06d\",\"name\":\"ulqini\",\"sameAs\":[\"http:\/\/www.visit-ulcinj.com\"],\"url\":\"https:\/\/www.visit-ulcinj.com\/blog\/author\/admin\/\"}]}<\/script>\n<!-- \/ Yoast SEO plugin. -->","yoast_head_json":{"title":"SNP Ulcinj: Neprihvatljivo pojavljivanje popa u predizbornom spotu DF-a - Lajme nga Ulqini","description":"Povodom predizbornog spota\u00a0 Demokratskog fronta Ulcinj, u kome se kao jedan od aktera pojavljuje ulcinjski paroh, sve\u0161tenik Radojica Bo\u017eovi\u0107,","robots":{"index":"index","follow":"follow","max-snippet":"max-snippet:-1","max-image-preview":"max-image-preview:large","max-video-preview":"max-video-preview:-1"},"canonical":"https:\/\/www.visit-ulcinj.com\/blog\/2014\/01\/17\/snp-ulcinj-neprihvatljivo-pojavljivanje-popa-u-predizbornom-spotu-df\/","og_locale":"en_US","og_type":"article","og_title":"SNP Ulcinj: Neprihvatljivo pojavljivanje popa u predizbornom spotu DF-a - Lajme nga Ulqini","og_description":"Povodom predizbornog spota\u00a0 Demokratskog fronta Ulcinj, u kome se kao jedan od aktera pojavljuje ulcinjski paroh, sve\u0161tenik Radojica Bo\u017eovi\u0107,","og_url":"https:\/\/www.visit-ulcinj.com\/blog\/2014\/01\/17\/snp-ulcinj-neprihvatljivo-pojavljivanje-popa-u-predizbornom-spotu-df\/","og_site_name":"Lajme nga Ulqini","article_published_time":"2014-01-17T21:12:59+00:00","og_image":[{"url":"http:\/\/www.visit-ulcinj.com\/blog\/wp-content\/uploads\/2014\/01\/SNP-Ulcinj.jpg"}],"twitter_misc":{"Written by":"ulqini","Est. reading time":"1 minute"},"schema":{"@context":"https:\/\/schema.org","@graph":[{"@type":"WebSite","@id":"https:\/\/www.visit-ulcinj.com\/blog\/#website","url":"https:\/\/www.visit-ulcinj.com\/blog\/","name":"Lajme nga Ulqini","description":"Lajme,Vijesti,Ulqini,Ulqin,Crna Gora,Mali i Zi","potentialAction":[{"@type":"SearchAction","target":{"@type":"EntryPoint","urlTemplate":"https:\/\/www.visit-ulcinj.com\/blog\/?s={search_term_string}"},"query-input":"required name=search_term_string"}],"inLanguage":"en-US"},{"@type":"ImageObject","inLanguage":"en-US","@id":"https:\/\/www.visit-ulcinj.com\/blog\/2014\/01\/17\/snp-ulcinj-neprihvatljivo-pojavljivanje-popa-u-predizbornom-spotu-df\/#primaryimage","url":"https:\/\/www.visit-ulcinj.com\/blog\/wp-content\/uploads\/2014\/01\/SNP-Ulcinj.jpg","contentUrl":"https:\/\/www.visit-ulcinj.com\/blog\/wp-content\/uploads\/2014\/01\/SNP-Ulcinj.jpg","width":960,"height":521},{"@type":"WebPage","@id":"https:\/\/www.visit-ulcinj.com\/blog\/2014\/01\/17\/snp-ulcinj-neprihvatljivo-pojavljivanje-popa-u-predizbornom-spotu-df\/#webpage","url":"https:\/\/www.visit-ulcinj.com\/blog\/2014\/01\/17\/snp-ulcinj-neprihvatljivo-pojavljivanje-popa-u-predizbornom-spotu-df\/","name":"SNP Ulcinj: Neprihvatljivo pojavljivanje popa u predizbornom spotu DF-a - Lajme nga Ulqini","isPartOf":{"@id":"https:\/\/www.visit-ulcinj.com\/blog\/#website"},"primaryImageOfPage":{"@id":"https:\/\/www.visit-ulcinj.com\/blog\/2014\/01\/17\/snp-ulcinj-neprihvatljivo-pojavljivanje-popa-u-predizbornom-spotu-df\/#primaryimage"},"datePublished":"2014-01-17T21:12:59+00:00","dateModified":"2014-01-17T21:12:59+00:00","author":{"@id":"https:\/\/www.visit-ulcinj.com\/blog\/#\/schema\/person\/dcab619c614d3038751c63bc2aadc06d"},"description":"Povodom predizbornog spota\u00a0 Demokratskog fronta Ulcinj, u kome se kao jedan od aktera pojavljuje ulcinjski paroh, sve\u0161tenik Radojica Bo\u017eovi\u0107,","breadcrumb":{"@id":"https:\/\/www.visit-ulcinj.com\/blog\/2014\/01\/17\/snp-ulcinj-neprihvatljivo-pojavljivanje-popa-u-predizbornom-spotu-df\/#breadcrumb"},"inLanguage":"en-US","potentialAction":[{"@type":"ReadAction","target":["https:\/\/www.visit-ulcinj.com\/blog\/2014\/01\/17\/snp-ulcinj-neprihvatljivo-pojavljivanje-popa-u-predizbornom-spotu-df\/"]}]},{"@type":"BreadcrumbList","@id":"https:\/\/www.visit-ulcinj.com\/blog\/2014\/01\/17\/snp-ulcinj-neprihvatljivo-pojavljivanje-popa-u-predizbornom-spotu-df\/#breadcrumb","itemListElement":[{"@type":"ListItem","position":1,"name":"SNP Ulcinj: Neprihvatljivo pojavljivanje popa u predizbornom spotu DF-a"}]},{"@type":"Person","@id":"https:\/\/www.visit-ulcinj.com\/blog\/#\/schema\/person\/dcab619c614d3038751c63bc2aadc06d","name":"ulqini","sameAs":["http:\/\/www.visit-ulcinj.com"],"url":"https:\/\/www.visit-ulcinj.com\/blog\/author\/admin\/"}]}},"jetpack_featured_media_url":"","jetpack_sharing_enabled":true,"jetpack_shortlink":"https:\/\/wp.me\/pe6lTn-kny","_links":{"self":[{"href":"https:\/\/www.visit-ulcinj.com\/blog\/wp-json\/wp\/v2\/posts\/78340"}],"collection":[{"href":"https:\/\/www.visit-ulcinj.com\/blog\/wp-json\/wp\/v2\/posts"}],"about":[{"href":"https:\/\/www.visit-ulcinj.com\/blog\/wp-json\/wp\/v2\/types\/post"}],"author":[{"embeddable":true,"href":"https:\/\/www.visit-ulcinj.com\/blog\/wp-json\/wp\/v2\/users\/1"}],"replies":[{"embeddable":true,"href":"https:\/\/www.visit-ulcinj.com\/blog\/wp-json\/wp\/v2\/comments?post=78340"}],"version-history":[{"count":1,"href":"https:\/\/www.visit-ulcinj.com\/blog\/wp-json\/wp\/v2\/posts\/78340\/revisions"}],"predecessor-version":[{"id":78342,"href":"https:\/\/www.visit-ulcinj.com\/blog\/wp-json\/wp\/v2\/posts\/78340\/revisions\/78342"}],"wp:attachment":[{"href":"https:\/\/www.visit-ulcinj.com\/blog\/wp-json\/wp\/v2\/media?parent=78340"}],"wp:term":[{"taxonomy":"category","embeddable":true,"href":"https:\/\/www.visit-ulcinj.com\/blog\/wp-json\/wp\/v2\/categories?post=78340"},{"taxonomy":"post_tag","embeddable":true,"href":"https:\/\/www.visit-ulcinj.com\/blog\/wp-json\/wp\/v2\/tags?post=78340"}],"curies":[{"name":"wp","href":"https:\/\/api.w.org\/{rel}","templated":true}]}}