{"id":78386,"date":"2014-01-18T09:04:24","date_gmt":"2014-01-18T08:04:24","guid":{"rendered":"http:\/\/www.visit-ulcinj.com\/blog\/?p=78386"},"modified":"2014-01-18T09:04:24","modified_gmt":"2014-01-18T08:04:24","slug":"teuta-selimi-ne-duet-korab-jetishin","status":"publish","type":"post","link":"https:\/\/www.visit-ulcinj.com\/blog\/2014\/01\/18\/teuta-selimi-ne-duet-korab-jetishin\/","title":{"rendered":"Teuta Selimi ne duet me Korab Jetishin"},"content":{"rendered":"<p><strong><a href=\"http:\/\/www.visit-ulcinj.com\/blog\/wp-content\/uploads\/2014\/01\/Teuta-Selimi.jpg\"><img loading=\"lazy\" class=\"alignleft  wp-image-78387\" alt=\"Teuta-Selimi\" src=\"http:\/\/www.visit-ulcinj.com\/blog\/wp-content\/uploads\/2014\/01\/Teuta-Selimi.jpg\" width=\"508\" height=\"360\" \/><\/a>Teuta Selimi ka realizuar nj\u00eb duet n\u00eb bashk\u00ebpunim me Korab Jetishin i cili titullohet \u201cNon Stop\u201d.<\/strong><\/p>\n<p>K\u00ebng\u00ebtarja duket e k\u00ebnaqur me produktin p\u00ebrfundimtar t\u00eb k\u00ebtij bashk\u00ebpunimi, dhe gjat\u00eb nj\u00eb prononcimi p\u00ebr Z\u00ebri ka th\u00ebn\u00eb se shpreson ajo t\u00eb p\u00eblqehet edhe nga publiku.<\/p>\n<p>\u201cK\u00ebnga p\u00ebrmban nj\u00eb tekst mjaft\u00eb t\u00eb q\u00eblluar, \u00ebsht\u00eb nj\u00eb balad\u00eb e p\u00ebrgatitur mjaft\u00eb mir\u00eb dhe shpresoj q\u00eb do t\u00eb p\u00eblqehet n\u00eb publik\u201d.<\/p>\n<p>\u201cK\u00ebnga ka p\u00ebr tematik\u00eb nj\u00eb dashuri t\u00eb d\u00ebshtuar q\u00eb fatkeq\u00ebsisht \u00ebsht\u00eb prezente tek shoq\u00ebria jon\u00eb. Kemi punuar me mjaft\u00eb p\u00ebrkushtim n\u00eb k\u00ebt\u00eb videoprojekt\u201d, ka th\u00ebn\u00eb Teuta p\u00ebr \u201cZ\u00ebri\u201d.<\/p>\n<p>K\u00ebnga tashm\u00eb \u00ebsht\u00eb lansuar edhe me videklip, i realizuar nga produksioni \u201cImagine\u201d.<\/p>\n<p><strong>Z\u00ebri<\/strong><\/p>\n<!--YouTube Error: bad URL entered-->\n","protected":false},"excerpt":{"rendered":"<p>Teuta Selimi ka realizuar nj\u00eb duet n\u00eb bashk\u00ebpunim me Korab Jetishin i cili titullohet \u201cNon Stop\u201d. K\u00ebng\u00ebtarja duket e k\u00ebnaqur me produktin p\u00ebrfundimtar t\u00eb k\u00ebtij bashk\u00ebpunimi, dhe gjat\u00eb nj\u00eb prononcimi p\u00ebr Z\u00ebri ka th\u00ebn\u00eb se shpreson ajo t\u00eb p\u00eblqehet edhe nga publiku. \u201cK\u00ebnga p\u00ebrmban nj\u00eb tekst mjaft\u00eb t\u00eb q\u00eblluar, \u00ebsht\u00eb nj\u00eb balad\u00eb e p\u00ebrgatitur mjaft\u00eb [&hellip;]<\/p>\n","protected":false},"author":1,"featured_media":0,"comment_status":"closed","ping_status":"closed","sticky":false,"template":"","format":"standard","meta":{"spay_email":"","jetpack_publicize_message":"","jetpack_is_tweetstorm":false,"jetpack_publicize_feature_enabled":true},"categories":[1],"tags":[],"jetpack_publicize_connections":[],"yoast_head":"<!-- This site is optimized with the Yoast SEO plugin v19.1 - https:\/\/yoast.com\/wordpress\/plugins\/seo\/ -->\n<title>Teuta Selimi ne duet me Korab Jetishin - Lajme nga Ulqini<\/title>\n<meta name=\"description\" content=\"Teuta Selimi ka realizuar nj\u00eb duet n\u00eb bashk\u00ebpunim me Korab Jetishin i cili titullohet \u201cNon Stop\u201d. K\u00ebng\u00ebtarja duket e k\u00ebnaqur me produktin p\u00ebrfundimtar t\u00eb\" \/>\n<meta name=\"robots\" content=\"index, follow, max-snippet:-1, max-image-preview:large, max-video-preview:-1\" \/>\n<link rel=\"canonical\" href=\"https:\/\/www.visit-ulcinj.com\/blog\/2014\/01\/18\/teuta-selimi-ne-duet-korab-jetishin\/\" \/>\n<meta property=\"og:locale\" content=\"en_US\" \/>\n<meta property=\"og:type\" content=\"article\" \/>\n<meta property=\"og:title\" content=\"Teuta Selimi ne duet me Korab Jetishin - Lajme nga Ulqini\" \/>\n<meta property=\"og:description\" content=\"Teuta Selimi ka realizuar nj\u00eb duet n\u00eb bashk\u00ebpunim me Korab Jetishin i cili titullohet \u201cNon Stop\u201d. K\u00ebng\u00ebtarja duket e k\u00ebnaqur me produktin p\u00ebrfundimtar t\u00eb\" \/>\n<meta property=\"og:url\" content=\"https:\/\/www.visit-ulcinj.com\/blog\/2014\/01\/18\/teuta-selimi-ne-duet-korab-jetishin\/\" \/>\n<meta property=\"og:site_name\" content=\"Lajme nga Ulqini\" \/>\n<meta property=\"article:published_time\" content=\"2014-01-18T08:04:24+00:00\" \/>\n<meta property=\"og:image\" content=\"http:\/\/www.visit-ulcinj.com\/blog\/wp-content\/uploads\/2014\/01\/Teuta-Selimi.jpg\" \/>\n<meta name=\"twitter:label1\" content=\"Written by\" \/>\n\t<meta name=\"twitter:data1\" content=\"ulqini\" \/>\n\t<meta name=\"twitter:label2\" content=\"Est. reading time\" \/>\n\t<meta name=\"twitter:data2\" content=\"1 minute\" \/>\n<script type=\"application\/ld+json\" class=\"yoast-schema-graph\">{\"@context\":\"https:\/\/schema.org\",\"@graph\":[{\"@type\":\"WebSite\",\"@id\":\"https:\/\/www.visit-ulcinj.com\/blog\/#website\",\"url\":\"https:\/\/www.visit-ulcinj.com\/blog\/\",\"name\":\"Lajme nga Ulqini\",\"description\":\"Lajme,Vijesti,Ulqini,Ulqin,Crna Gora,Mali i Zi\",\"potentialAction\":[{\"@type\":\"SearchAction\",\"target\":{\"@type\":\"EntryPoint\",\"urlTemplate\":\"https:\/\/www.visit-ulcinj.com\/blog\/?s={search_term_string}\"},\"query-input\":\"required name=search_term_string\"}],\"inLanguage\":\"en-US\"},{\"@type\":\"ImageObject\",\"inLanguage\":\"en-US\",\"@id\":\"https:\/\/www.visit-ulcinj.com\/blog\/2014\/01\/18\/teuta-selimi-ne-duet-korab-jetishin\/#primaryimage\",\"url\":\"http:\/\/www.visit-ulcinj.com\/blog\/wp-content\/uploads\/2014\/01\/Teuta-Selimi.jpg\",\"contentUrl\":\"http:\/\/www.visit-ulcinj.com\/blog\/wp-content\/uploads\/2014\/01\/Teuta-Selimi.jpg\"},{\"@type\":\"WebPage\",\"@id\":\"https:\/\/www.visit-ulcinj.com\/blog\/2014\/01\/18\/teuta-selimi-ne-duet-korab-jetishin\/#webpage\",\"url\":\"https:\/\/www.visit-ulcinj.com\/blog\/2014\/01\/18\/teuta-selimi-ne-duet-korab-jetishin\/\",\"name\":\"Teuta Selimi ne duet me Korab Jetishin - Lajme nga Ulqini\",\"isPartOf\":{\"@id\":\"https:\/\/www.visit-ulcinj.com\/blog\/#website\"},\"primaryImageOfPage\":{\"@id\":\"https:\/\/www.visit-ulcinj.com\/blog\/2014\/01\/18\/teuta-selimi-ne-duet-korab-jetishin\/#primaryimage\"},\"datePublished\":\"2014-01-18T08:04:24+00:00\",\"dateModified\":\"2014-01-18T08:04:24+00:00\",\"author\":{\"@id\":\"https:\/\/www.visit-ulcinj.com\/blog\/#\/schema\/person\/dcab619c614d3038751c63bc2aadc06d\"},\"description\":\"Teuta Selimi ka realizuar nj\u00eb duet n\u00eb bashk\u00ebpunim me Korab Jetishin i cili titullohet \u201cNon Stop\u201d. K\u00ebng\u00ebtarja duket e k\u00ebnaqur me produktin p\u00ebrfundimtar t\u00eb\",\"breadcrumb\":{\"@id\":\"https:\/\/www.visit-ulcinj.com\/blog\/2014\/01\/18\/teuta-selimi-ne-duet-korab-jetishin\/#breadcrumb\"},\"inLanguage\":\"en-US\",\"potentialAction\":[{\"@type\":\"ReadAction\",\"target\":[\"https:\/\/www.visit-ulcinj.com\/blog\/2014\/01\/18\/teuta-selimi-ne-duet-korab-jetishin\/\"]}]},{\"@type\":\"BreadcrumbList\",\"@id\":\"https:\/\/www.visit-ulcinj.com\/blog\/2014\/01\/18\/teuta-selimi-ne-duet-korab-jetishin\/#breadcrumb\",\"itemListElement\":[{\"@type\":\"ListItem\",\"position\":1,\"name\":\"Teuta Selimi ne duet me Korab Jetishin\"}]},{\"@type\":\"Person\",\"@id\":\"https:\/\/www.visit-ulcinj.com\/blog\/#\/schema\/person\/dcab619c614d3038751c63bc2aadc06d\",\"name\":\"ulqini\",\"sameAs\":[\"http:\/\/www.visit-ulcinj.com\"],\"url\":\"https:\/\/www.visit-ulcinj.com\/blog\/author\/admin\/\"}]}<\/script>\n<!-- \/ Yoast SEO plugin. -->","yoast_head_json":{"title":"Teuta Selimi ne duet me Korab Jetishin - Lajme nga Ulqini","description":"Teuta Selimi ka realizuar nj\u00eb duet n\u00eb bashk\u00ebpunim me Korab Jetishin i cili titullohet \u201cNon Stop\u201d. K\u00ebng\u00ebtarja duket e k\u00ebnaqur me produktin p\u00ebrfundimtar t\u00eb","robots":{"index":"index","follow":"follow","max-snippet":"max-snippet:-1","max-image-preview":"max-image-preview:large","max-video-preview":"max-video-preview:-1"},"canonical":"https:\/\/www.visit-ulcinj.com\/blog\/2014\/01\/18\/teuta-selimi-ne-duet-korab-jetishin\/","og_locale":"en_US","og_type":"article","og_title":"Teuta Selimi ne duet me Korab Jetishin - Lajme nga Ulqini","og_description":"Teuta Selimi ka realizuar nj\u00eb duet n\u00eb bashk\u00ebpunim me Korab Jetishin i cili titullohet \u201cNon Stop\u201d. K\u00ebng\u00ebtarja duket e k\u00ebnaqur me produktin p\u00ebrfundimtar t\u00eb","og_url":"https:\/\/www.visit-ulcinj.com\/blog\/2014\/01\/18\/teuta-selimi-ne-duet-korab-jetishin\/","og_site_name":"Lajme nga Ulqini","article_published_time":"2014-01-18T08:04:24+00:00","og_image":[{"url":"http:\/\/www.visit-ulcinj.com\/blog\/wp-content\/uploads\/2014\/01\/Teuta-Selimi.jpg"}],"twitter_misc":{"Written by":"ulqini","Est. reading time":"1 minute"},"schema":{"@context":"https:\/\/schema.org","@graph":[{"@type":"WebSite","@id":"https:\/\/www.visit-ulcinj.com\/blog\/#website","url":"https:\/\/www.visit-ulcinj.com\/blog\/","name":"Lajme nga Ulqini","description":"Lajme,Vijesti,Ulqini,Ulqin,Crna Gora,Mali i Zi","potentialAction":[{"@type":"SearchAction","target":{"@type":"EntryPoint","urlTemplate":"https:\/\/www.visit-ulcinj.com\/blog\/?s={search_term_string}"},"query-input":"required name=search_term_string"}],"inLanguage":"en-US"},{"@type":"ImageObject","inLanguage":"en-US","@id":"https:\/\/www.visit-ulcinj.com\/blog\/2014\/01\/18\/teuta-selimi-ne-duet-korab-jetishin\/#primaryimage","url":"http:\/\/www.visit-ulcinj.com\/blog\/wp-content\/uploads\/2014\/01\/Teuta-Selimi.jpg","contentUrl":"http:\/\/www.visit-ulcinj.com\/blog\/wp-content\/uploads\/2014\/01\/Teuta-Selimi.jpg"},{"@type":"WebPage","@id":"https:\/\/www.visit-ulcinj.com\/blog\/2014\/01\/18\/teuta-selimi-ne-duet-korab-jetishin\/#webpage","url":"https:\/\/www.visit-ulcinj.com\/blog\/2014\/01\/18\/teuta-selimi-ne-duet-korab-jetishin\/","name":"Teuta Selimi ne duet me Korab Jetishin - Lajme nga Ulqini","isPartOf":{"@id":"https:\/\/www.visit-ulcinj.com\/blog\/#website"},"primaryImageOfPage":{"@id":"https:\/\/www.visit-ulcinj.com\/blog\/2014\/01\/18\/teuta-selimi-ne-duet-korab-jetishin\/#primaryimage"},"datePublished":"2014-01-18T08:04:24+00:00","dateModified":"2014-01-18T08:04:24+00:00","author":{"@id":"https:\/\/www.visit-ulcinj.com\/blog\/#\/schema\/person\/dcab619c614d3038751c63bc2aadc06d"},"description":"Teuta Selimi ka realizuar nj\u00eb duet n\u00eb bashk\u00ebpunim me Korab Jetishin i cili titullohet \u201cNon Stop\u201d. K\u00ebng\u00ebtarja duket e k\u00ebnaqur me produktin p\u00ebrfundimtar t\u00eb","breadcrumb":{"@id":"https:\/\/www.visit-ulcinj.com\/blog\/2014\/01\/18\/teuta-selimi-ne-duet-korab-jetishin\/#breadcrumb"},"inLanguage":"en-US","potentialAction":[{"@type":"ReadAction","target":["https:\/\/www.visit-ulcinj.com\/blog\/2014\/01\/18\/teuta-selimi-ne-duet-korab-jetishin\/"]}]},{"@type":"BreadcrumbList","@id":"https:\/\/www.visit-ulcinj.com\/blog\/2014\/01\/18\/teuta-selimi-ne-duet-korab-jetishin\/#breadcrumb","itemListElement":[{"@type":"ListItem","position":1,"name":"Teuta Selimi ne duet me Korab Jetishin"}]},{"@type":"Person","@id":"https:\/\/www.visit-ulcinj.com\/blog\/#\/schema\/person\/dcab619c614d3038751c63bc2aadc06d","name":"ulqini","sameAs":["http:\/\/www.visit-ulcinj.com"],"url":"https:\/\/www.visit-ulcinj.com\/blog\/author\/admin\/"}]}},"jetpack_featured_media_url":"","jetpack_sharing_enabled":true,"jetpack_shortlink":"https:\/\/wp.me\/pe6lTn-koi","_links":{"self":[{"href":"https:\/\/www.visit-ulcinj.com\/blog\/wp-json\/wp\/v2\/posts\/78386"}],"collection":[{"href":"https:\/\/www.visit-ulcinj.com\/blog\/wp-json\/wp\/v2\/posts"}],"about":[{"href":"https:\/\/www.visit-ulcinj.com\/blog\/wp-json\/wp\/v2\/types\/post"}],"author":[{"embeddable":true,"href":"https:\/\/www.visit-ulcinj.com\/blog\/wp-json\/wp\/v2\/users\/1"}],"replies":[{"embeddable":true,"href":"https:\/\/www.visit-ulcinj.com\/blog\/wp-json\/wp\/v2\/comments?post=78386"}],"version-history":[{"count":1,"href":"https:\/\/www.visit-ulcinj.com\/blog\/wp-json\/wp\/v2\/posts\/78386\/revisions"}],"predecessor-version":[{"id":78388,"href":"https:\/\/www.visit-ulcinj.com\/blog\/wp-json\/wp\/v2\/posts\/78386\/revisions\/78388"}],"wp:attachment":[{"href":"https:\/\/www.visit-ulcinj.com\/blog\/wp-json\/wp\/v2\/media?parent=78386"}],"wp:term":[{"taxonomy":"category","embeddable":true,"href":"https:\/\/www.visit-ulcinj.com\/blog\/wp-json\/wp\/v2\/categories?post=78386"},{"taxonomy":"post_tag","embeddable":true,"href":"https:\/\/www.visit-ulcinj.com\/blog\/wp-json\/wp\/v2\/tags?post=78386"}],"curies":[{"name":"wp","href":"https:\/\/api.w.org\/{rel}","templated":true}]}}