{"id":78392,"date":"2014-01-18T12:46:11","date_gmt":"2014-01-18T11:46:11","guid":{"rendered":"http:\/\/www.visit-ulcinj.com\/blog\/?p=78392"},"modified":"2014-01-20T16:22:32","modified_gmt":"2014-01-20T15:22:32","slug":"vdes-ne-aksident-trafiku-ulqinaku","status":"publish","type":"post","link":"https:\/\/www.visit-ulcinj.com\/blog\/2014\/01\/18\/vdes-ne-aksident-trafiku-ulqinaku\/","title":{"rendered":"Vdes n\u00eb aksident trafiku ulqinaku"},"content":{"rendered":"<p><a href=\"http:\/\/www.visit-ulcinj.com\/blog\/wp-content\/uploads\/2014\/01\/Foto-udesa-golfa.jpg\"><img loading=\"lazy\" class=\"alignleft  wp-image-78393\" alt=\"Foto udesa golfa\" src=\"http:\/\/www.visit-ulcinj.com\/blog\/wp-content\/uploads\/2014\/01\/Foto-udesa-golfa.jpg\" width=\"508\" height=\"360\" \/><\/a><strong>(Foto: Radomir Petri\u0107 &#8211; Vijesti Online)<\/strong><\/p>\n<p>Drejtoria e Policis\u00eb s\u00eb Malit t\u00eb Zi ka njoftuar se n\u00eb rrug\u00ebn magjistrale Tivar &#8211; Ulqin, sakt\u00ebsisht n\u00eb fshatin Pe\u00e7urice, ka ndodhur nj\u00eb aksident trafiku ku n\u00eb or\u00ebn 07:10 t\u00eb m\u00ebngjesit t\u00eb sot\u00ebm vdes n\u00eb aksident ulqinaku Viktor Ljuljic, derisa bashkudh\u00ebtari tij Ljubo Ljuljiq \u00ebsht\u00eb l\u00ebnduar r\u00ebnd\u00eb.<\/p>\n<p>N\u00eb aksident kan\u00eb qen\u00eb t\u00eb p\u00ebrfshira nj\u00eb vetur\u00eb e tipit Golf me pllaka t\u00eb Ulqinit dhe autobusi me pllaka italiane e vozitur nga personi me nacionalitet shqip\u00ebtar.<\/p>\n<p>Aktualisht hetuesit e trafikut rajonal nga Tivari po punojn\u00eb me p\u00ebrkushtim p\u00ebr t\u00eb ndri\u00e7uar t\u00eb gjitha rrethanat q\u00eb kan\u00eb sjell\u00eb deri te ky aksident trafiku shum\u00eb tragjik raporton gazeta Vijesti Online.<\/p>\n<p><a href=\"http:\/\/www.visit-ulcinj.com\/blog\/wp-content\/uploads\/2014\/01\/Viktor-Ljuljiq.jpg\"><img loading=\"lazy\" class=\"alignleft  wp-image-78419\" alt=\"Viktor Ljuljiq\" src=\"http:\/\/www.visit-ulcinj.com\/blog\/wp-content\/uploads\/2014\/01\/Viktor-Ljuljiq.jpg\" width=\"508\" height=\"592\" \/><\/a><\/p>\n<p><a href=\"http:\/\/www.visit-ulcinj.com\/blog\/wp-content\/uploads\/2014\/01\/Viktor-Ljuljiq-1.jpg\"><img loading=\"lazy\" class=\"alignleft size-full wp-image-78421\" alt=\"Viktor Ljuljiq-1\" src=\"http:\/\/www.visit-ulcinj.com\/blog\/wp-content\/uploads\/2014\/01\/Viktor-Ljuljiq-1.jpg\" width=\"508\" height=\"360\" \/><\/a><\/p>\n<p><a href=\"http:\/\/www.visit-ulcinj.com\/blog\/wp-content\/uploads\/2014\/01\/Viktor-Ljuljiq-2.jpg\"><img loading=\"lazy\" class=\"alignleft size-full wp-image-78423\" alt=\"Viktor Ljuljiq-2\" src=\"http:\/\/www.visit-ulcinj.com\/blog\/wp-content\/uploads\/2014\/01\/Viktor-Ljuljiq-2.jpg\" width=\"508\" height=\"360&quot;\" \/><\/a><\/p>\n<p><a href=\"http:\/\/www.visit-ulcinj.com\/blog\/wp-content\/uploads\/2014\/01\/Viktor-Ljuljiq-3.jpg\"><img loading=\"lazy\" class=\"alignleft size-full wp-image-78424\" alt=\"Viktor Ljuljiq-3\" src=\"http:\/\/www.visit-ulcinj.com\/blog\/wp-content\/uploads\/2014\/01\/Viktor-Ljuljiq-3.jpg\" width=\"508\" height=\"360\" \/><\/a><\/p>\n<p><a href=\"http:\/\/www.visit-ulcinj.com\/blog\/wp-content\/uploads\/2014\/01\/Viktor-Ljuljiq1.jpg\"><img loading=\"lazy\" class=\"alignleft size-full wp-image-78437\" alt=\"Viktor-Ljuljiq\" src=\"http:\/\/www.visit-ulcinj.com\/blog\/wp-content\/uploads\/2014\/01\/Viktor-Ljuljiq1.jpg\" width=\"508\" height=\"400\" \/><\/a><\/p>\n","protected":false},"excerpt":{"rendered":"<p>(Foto: Radomir Petri\u0107 &#8211; Vijesti Online) Drejtoria e Policis\u00eb s\u00eb Malit t\u00eb Zi ka njoftuar se n\u00eb rrug\u00ebn magjistrale Tivar &#8211; Ulqin, sakt\u00ebsisht n\u00eb fshatin Pe\u00e7urice, ka ndodhur nj\u00eb aksident trafiku ku n\u00eb or\u00ebn 07:10 t\u00eb m\u00ebngjesit t\u00eb sot\u00ebm vdes n\u00eb aksident ulqinaku Viktor Ljuljic, derisa bashkudh\u00ebtari tij Ljubo Ljuljiq \u00ebsht\u00eb l\u00ebnduar r\u00ebnd\u00eb. N\u00eb aksident [&hellip;]<\/p>\n","protected":false},"author":1,"featured_media":0,"comment_status":"closed","ping_status":"closed","sticky":false,"template":"","format":"standard","meta":{"spay_email":"","jetpack_publicize_message":"","jetpack_is_tweetstorm":false,"jetpack_publicize_feature_enabled":true},"categories":[1,12],"tags":[],"jetpack_publicize_connections":[],"yoast_head":"<!-- This site is optimized with the Yoast SEO plugin v19.1 - https:\/\/yoast.com\/wordpress\/plugins\/seo\/ -->\n<title>Vdes n\u00eb aksident trafiku ulqinaku - Lajme nga Ulqini<\/title>\n<meta name=\"description\" content=\"(Foto: Radomir Petri\u0107 - Vijesti Online) Drejtoria e Policis\u00eb s\u00eb Malit t\u00eb Zi ka njoftuar se n\u00eb rrug\u00ebn magjistrale Tivar - Ulqin, sakt\u00ebsisht n\u00eb fshatin\" \/>\n<meta name=\"robots\" content=\"index, follow, max-snippet:-1, max-image-preview:large, max-video-preview:-1\" \/>\n<link rel=\"canonical\" href=\"https:\/\/www.visit-ulcinj.com\/blog\/2014\/01\/18\/vdes-ne-aksident-trafiku-ulqinaku\/\" \/>\n<meta property=\"og:locale\" content=\"en_US\" \/>\n<meta property=\"og:type\" content=\"article\" \/>\n<meta property=\"og:title\" content=\"Vdes n\u00eb aksident trafiku ulqinaku - Lajme nga Ulqini\" \/>\n<meta property=\"og:description\" content=\"(Foto: Radomir Petri\u0107 - Vijesti Online) Drejtoria e Policis\u00eb s\u00eb Malit t\u00eb Zi ka njoftuar se n\u00eb rrug\u00ebn magjistrale Tivar - Ulqin, sakt\u00ebsisht n\u00eb fshatin\" \/>\n<meta property=\"og:url\" content=\"https:\/\/www.visit-ulcinj.com\/blog\/2014\/01\/18\/vdes-ne-aksident-trafiku-ulqinaku\/\" \/>\n<meta property=\"og:site_name\" content=\"Lajme nga Ulqini\" \/>\n<meta property=\"article:published_time\" content=\"2014-01-18T11:46:11+00:00\" \/>\n<meta property=\"article:modified_time\" content=\"2014-01-20T15:22:32+00:00\" \/>\n<meta property=\"og:image\" content=\"http:\/\/www.visit-ulcinj.com\/blog\/wp-content\/uploads\/2014\/01\/Foto-udesa-golfa.jpg\" \/>\n<meta name=\"twitter:label1\" content=\"Written by\" \/>\n\t<meta name=\"twitter:data1\" content=\"ulqini\" \/>\n\t<meta name=\"twitter:label2\" content=\"Est. reading time\" \/>\n\t<meta name=\"twitter:data2\" content=\"1 minute\" \/>\n<script type=\"application\/ld+json\" class=\"yoast-schema-graph\">{\"@context\":\"https:\/\/schema.org\",\"@graph\":[{\"@type\":\"WebSite\",\"@id\":\"https:\/\/www.visit-ulcinj.com\/blog\/#website\",\"url\":\"https:\/\/www.visit-ulcinj.com\/blog\/\",\"name\":\"Lajme nga Ulqini\",\"description\":\"Lajme,Vijesti,Ulqini,Ulqin,Crna Gora,Mali i Zi\",\"potentialAction\":[{\"@type\":\"SearchAction\",\"target\":{\"@type\":\"EntryPoint\",\"urlTemplate\":\"https:\/\/www.visit-ulcinj.com\/blog\/?s={search_term_string}\"},\"query-input\":\"required name=search_term_string\"}],\"inLanguage\":\"en-US\"},{\"@type\":\"ImageObject\",\"inLanguage\":\"en-US\",\"@id\":\"https:\/\/www.visit-ulcinj.com\/blog\/2014\/01\/18\/vdes-ne-aksident-trafiku-ulqinaku\/#primaryimage\",\"url\":\"https:\/\/www.visit-ulcinj.com\/blog\/wp-content\/uploads\/2014\/01\/Foto-udesa-golfa.jpg\",\"contentUrl\":\"https:\/\/www.visit-ulcinj.com\/blog\/wp-content\/uploads\/2014\/01\/Foto-udesa-golfa.jpg\",\"width\":830,\"height\":750},{\"@type\":\"WebPage\",\"@id\":\"https:\/\/www.visit-ulcinj.com\/blog\/2014\/01\/18\/vdes-ne-aksident-trafiku-ulqinaku\/#webpage\",\"url\":\"https:\/\/www.visit-ulcinj.com\/blog\/2014\/01\/18\/vdes-ne-aksident-trafiku-ulqinaku\/\",\"name\":\"Vdes n\u00eb aksident trafiku ulqinaku - Lajme nga Ulqini\",\"isPartOf\":{\"@id\":\"https:\/\/www.visit-ulcinj.com\/blog\/#website\"},\"primaryImageOfPage\":{\"@id\":\"https:\/\/www.visit-ulcinj.com\/blog\/2014\/01\/18\/vdes-ne-aksident-trafiku-ulqinaku\/#primaryimage\"},\"datePublished\":\"2014-01-18T11:46:11+00:00\",\"dateModified\":\"2014-01-20T15:22:32+00:00\",\"author\":{\"@id\":\"https:\/\/www.visit-ulcinj.com\/blog\/#\/schema\/person\/dcab619c614d3038751c63bc2aadc06d\"},\"description\":\"(Foto: Radomir Petri\u0107 - Vijesti Online) Drejtoria e Policis\u00eb s\u00eb Malit t\u00eb Zi ka njoftuar se n\u00eb rrug\u00ebn magjistrale Tivar - Ulqin, sakt\u00ebsisht n\u00eb fshatin\",\"breadcrumb\":{\"@id\":\"https:\/\/www.visit-ulcinj.com\/blog\/2014\/01\/18\/vdes-ne-aksident-trafiku-ulqinaku\/#breadcrumb\"},\"inLanguage\":\"en-US\",\"potentialAction\":[{\"@type\":\"ReadAction\",\"target\":[\"https:\/\/www.visit-ulcinj.com\/blog\/2014\/01\/18\/vdes-ne-aksident-trafiku-ulqinaku\/\"]}]},{\"@type\":\"BreadcrumbList\",\"@id\":\"https:\/\/www.visit-ulcinj.com\/blog\/2014\/01\/18\/vdes-ne-aksident-trafiku-ulqinaku\/#breadcrumb\",\"itemListElement\":[{\"@type\":\"ListItem\",\"position\":1,\"name\":\"Vdes n\u00eb aksident trafiku ulqinaku\"}]},{\"@type\":\"Person\",\"@id\":\"https:\/\/www.visit-ulcinj.com\/blog\/#\/schema\/person\/dcab619c614d3038751c63bc2aadc06d\",\"name\":\"ulqini\",\"sameAs\":[\"http:\/\/www.visit-ulcinj.com\"],\"url\":\"https:\/\/www.visit-ulcinj.com\/blog\/author\/admin\/\"}]}<\/script>\n<!-- \/ Yoast SEO plugin. -->","yoast_head_json":{"title":"Vdes n\u00eb aksident trafiku ulqinaku - Lajme nga Ulqini","description":"(Foto: Radomir Petri\u0107 - Vijesti Online) Drejtoria e Policis\u00eb s\u00eb Malit t\u00eb Zi ka njoftuar se n\u00eb rrug\u00ebn magjistrale Tivar - Ulqin, sakt\u00ebsisht n\u00eb fshatin","robots":{"index":"index","follow":"follow","max-snippet":"max-snippet:-1","max-image-preview":"max-image-preview:large","max-video-preview":"max-video-preview:-1"},"canonical":"https:\/\/www.visit-ulcinj.com\/blog\/2014\/01\/18\/vdes-ne-aksident-trafiku-ulqinaku\/","og_locale":"en_US","og_type":"article","og_title":"Vdes n\u00eb aksident trafiku ulqinaku - Lajme nga Ulqini","og_description":"(Foto: Radomir Petri\u0107 - Vijesti Online) Drejtoria e Policis\u00eb s\u00eb Malit t\u00eb Zi ka njoftuar se n\u00eb rrug\u00ebn magjistrale Tivar - Ulqin, sakt\u00ebsisht n\u00eb fshatin","og_url":"https:\/\/www.visit-ulcinj.com\/blog\/2014\/01\/18\/vdes-ne-aksident-trafiku-ulqinaku\/","og_site_name":"Lajme nga Ulqini","article_published_time":"2014-01-18T11:46:11+00:00","article_modified_time":"2014-01-20T15:22:32+00:00","og_image":[{"url":"http:\/\/www.visit-ulcinj.com\/blog\/wp-content\/uploads\/2014\/01\/Foto-udesa-golfa.jpg"}],"twitter_misc":{"Written by":"ulqini","Est. reading time":"1 minute"},"schema":{"@context":"https:\/\/schema.org","@graph":[{"@type":"WebSite","@id":"https:\/\/www.visit-ulcinj.com\/blog\/#website","url":"https:\/\/www.visit-ulcinj.com\/blog\/","name":"Lajme nga Ulqini","description":"Lajme,Vijesti,Ulqini,Ulqin,Crna Gora,Mali i Zi","potentialAction":[{"@type":"SearchAction","target":{"@type":"EntryPoint","urlTemplate":"https:\/\/www.visit-ulcinj.com\/blog\/?s={search_term_string}"},"query-input":"required name=search_term_string"}],"inLanguage":"en-US"},{"@type":"ImageObject","inLanguage":"en-US","@id":"https:\/\/www.visit-ulcinj.com\/blog\/2014\/01\/18\/vdes-ne-aksident-trafiku-ulqinaku\/#primaryimage","url":"https:\/\/www.visit-ulcinj.com\/blog\/wp-content\/uploads\/2014\/01\/Foto-udesa-golfa.jpg","contentUrl":"https:\/\/www.visit-ulcinj.com\/blog\/wp-content\/uploads\/2014\/01\/Foto-udesa-golfa.jpg","width":830,"height":750},{"@type":"WebPage","@id":"https:\/\/www.visit-ulcinj.com\/blog\/2014\/01\/18\/vdes-ne-aksident-trafiku-ulqinaku\/#webpage","url":"https:\/\/www.visit-ulcinj.com\/blog\/2014\/01\/18\/vdes-ne-aksident-trafiku-ulqinaku\/","name":"Vdes n\u00eb aksident trafiku ulqinaku - Lajme nga Ulqini","isPartOf":{"@id":"https:\/\/www.visit-ulcinj.com\/blog\/#website"},"primaryImageOfPage":{"@id":"https:\/\/www.visit-ulcinj.com\/blog\/2014\/01\/18\/vdes-ne-aksident-trafiku-ulqinaku\/#primaryimage"},"datePublished":"2014-01-18T11:46:11+00:00","dateModified":"2014-01-20T15:22:32+00:00","author":{"@id":"https:\/\/www.visit-ulcinj.com\/blog\/#\/schema\/person\/dcab619c614d3038751c63bc2aadc06d"},"description":"(Foto: Radomir Petri\u0107 - Vijesti Online) Drejtoria e Policis\u00eb s\u00eb Malit t\u00eb Zi ka njoftuar se n\u00eb rrug\u00ebn magjistrale Tivar - Ulqin, sakt\u00ebsisht n\u00eb fshatin","breadcrumb":{"@id":"https:\/\/www.visit-ulcinj.com\/blog\/2014\/01\/18\/vdes-ne-aksident-trafiku-ulqinaku\/#breadcrumb"},"inLanguage":"en-US","potentialAction":[{"@type":"ReadAction","target":["https:\/\/www.visit-ulcinj.com\/blog\/2014\/01\/18\/vdes-ne-aksident-trafiku-ulqinaku\/"]}]},{"@type":"BreadcrumbList","@id":"https:\/\/www.visit-ulcinj.com\/blog\/2014\/01\/18\/vdes-ne-aksident-trafiku-ulqinaku\/#breadcrumb","itemListElement":[{"@type":"ListItem","position":1,"name":"Vdes n\u00eb aksident trafiku ulqinaku"}]},{"@type":"Person","@id":"https:\/\/www.visit-ulcinj.com\/blog\/#\/schema\/person\/dcab619c614d3038751c63bc2aadc06d","name":"ulqini","sameAs":["http:\/\/www.visit-ulcinj.com"],"url":"https:\/\/www.visit-ulcinj.com\/blog\/author\/admin\/"}]}},"jetpack_featured_media_url":"","jetpack_sharing_enabled":true,"jetpack_shortlink":"https:\/\/wp.me\/pe6lTn-koo","_links":{"self":[{"href":"https:\/\/www.visit-ulcinj.com\/blog\/wp-json\/wp\/v2\/posts\/78392"}],"collection":[{"href":"https:\/\/www.visit-ulcinj.com\/blog\/wp-json\/wp\/v2\/posts"}],"about":[{"href":"https:\/\/www.visit-ulcinj.com\/blog\/wp-json\/wp\/v2\/types\/post"}],"author":[{"embeddable":true,"href":"https:\/\/www.visit-ulcinj.com\/blog\/wp-json\/wp\/v2\/users\/1"}],"replies":[{"embeddable":true,"href":"https:\/\/www.visit-ulcinj.com\/blog\/wp-json\/wp\/v2\/comments?post=78392"}],"version-history":[{"count":7,"href":"https:\/\/www.visit-ulcinj.com\/blog\/wp-json\/wp\/v2\/posts\/78392\/revisions"}],"predecessor-version":[{"id":78439,"href":"https:\/\/www.visit-ulcinj.com\/blog\/wp-json\/wp\/v2\/posts\/78392\/revisions\/78439"}],"wp:attachment":[{"href":"https:\/\/www.visit-ulcinj.com\/blog\/wp-json\/wp\/v2\/media?parent=78392"}],"wp:term":[{"taxonomy":"category","embeddable":true,"href":"https:\/\/www.visit-ulcinj.com\/blog\/wp-json\/wp\/v2\/categories?post=78392"},{"taxonomy":"post_tag","embeddable":true,"href":"https:\/\/www.visit-ulcinj.com\/blog\/wp-json\/wp\/v2\/tags?post=78392"}],"curies":[{"name":"wp","href":"https:\/\/api.w.org\/{rel}","templated":true}]}}