{"id":78402,"date":"2014-01-18T15:32:40","date_gmt":"2014-01-18T14:32:40","guid":{"rendered":"http:\/\/www.visit-ulcinj.com\/blog\/?p=78402"},"modified":"2014-01-19T12:38:18","modified_gmt":"2014-01-19T11:38:18","slug":"safet-beci-albanske-partije-da-saopste-da-li-ce-sa-dps-om","status":"publish","type":"post","link":"https:\/\/www.visit-ulcinj.com\/blog\/2014\/01\/18\/safet-beci-albanske-partije-da-saopste-da-li-ce-sa-dps-om\/","title":{"rendered":"Safet Beci: Albanske partije da saop\u0161te da li \u0107e sa DPS-om"},"content":{"rendered":"<p><a href=\"http:\/\/www.visit-ulcinj.com\/blog\/wp-content\/uploads\/2014\/01\/Safet-Beci-pozitivna-crna-gora.jpg\"><img loading=\"lazy\" class=\"alignleft  wp-image-78403\" alt=\"Safet-Beci-pozitivna-crna-gora\" src=\"http:\/\/www.visit-ulcinj.com\/blog\/wp-content\/uploads\/2014\/01\/Safet-Beci-pozitivna-crna-gora.jpg\" width=\"508\" height=\"360\" \/><\/a>Pozitivna Crna Gora i lista &#8220;Srcem za Ulcinj\u201c pozvali su lidere nacionalnih stranaka da se \u0161to je prije mogu\u0107e izjasne ho\u0107e li nakon izbora stupiti u koaliciju sa Demokratskom partijom socijalista DPS. U Toj partiji pozivaju na saradnju, sve one politi\u010dke snage koje, kako su saop\u0161tili, nijesu spremne da prodaju inetrese gra\u0111ana Ulcinja zarad kratkotrajne li\u010dne koristi.<\/p>\n<div>\n<p>\u201cIako smo nekoliko puta javno tra\u017eili da se izjasne, lideri Force, PD-a, DUA-e nikako da ka\u017eu ho\u0107e li nakon izbora stupiti u koaliciju sa DPS-om?! S obzirom da se izborni dan bli\u017ei, bilo bi korektno da prestanu da unose konfuziju u javnost, koju ve\u0107 godinama zavode praznim obe\u0107anjima i preciziraju svoje postizborno koaliciono djelovanje\u201d, kazao je potpredsjednik Op\u0161tinskog odbora Pozitivne u Ulcinju Safet Beci.<\/p>\n<p>Prema njegovim rije\u010dima, to \u0161to se govori kako albanskim partijama treba dati jo\u0161 jednu \u0161asnu, jer razmi\u0161ljaju o velikoj &#8220;ulcinjskoj\u201c koaliciji u kojoj ne\u0107e biti mjesta za DPS, izgleda kao jo\u0161 jedna izborna prevara koju spremaju gra\u0111anima.<\/p>\n<p>\u201cKako se gra\u0111ani Ulcinja ne bi doveli u istu situaciju kao nakon parlamentarnih izbora, kada su se glasovi dobijali na jakoj opozicionoj pri\u010di i \u017eestokim kritikama na rad Vlade, a poslije se sve prosulo na konto DPS-a bez ikakvog valjanog izgovora, potrebno je pojasniti stvari. Uzimati glasove na pri\u010di kako ne\u0107e sa DPS-om, a poslije potr\u010dati u njihov zagrljaj, zaboraviti i re\u0107i, &#8220;pa zna\u0161 kako, nismo mogli druga\u010dije ili nemamo sa kim drugim\u201c, politi\u010dki je krajnje nemoralno\u201d, istakao je Beci.<\/p>\n<p>On je naglasio da je Pozitivna novi politi\u010dki subjekt oslobo\u0111en svih predrasuda koja poziva na saradnju sve one politi\u010dke snage koje nijesu spremne da prodaju inetrese gra\u0111ana Ulcinja zarad kratkotrajne li\u010dne koristi, \u201ckako bi zajedni\u010dki gradili jednu bolju i perspektivniju budu\u0107nost na\u0161eg grada\u201d.<\/p>\n<p>\u201cAko pak to ne \u017eele, onda je jasno da je glasati za njih ili za DPS potpuno istovjetno\u201d, zaklju\u010dio je Beci.<\/p>\n<p><strong>Izvor: CDM<\/strong><\/p>\n<!--YouTube Error: bad URL entered-->\n<\/div>\n","protected":false},"excerpt":{"rendered":"<p>Pozitivna Crna Gora i lista &#8220;Srcem za Ulcinj\u201c pozvali su lidere nacionalnih stranaka da se \u0161to je prije mogu\u0107e izjasne ho\u0107e li nakon izbora stupiti u koaliciju sa Demokratskom partijom socijalista DPS. U Toj partiji pozivaju na saradnju, sve one politi\u010dke snage koje, kako su saop\u0161tili, nijesu spremne da prodaju inetrese gra\u0111ana Ulcinja zarad kratkotrajne [&hellip;]<\/p>\n","protected":false},"author":1,"featured_media":0,"comment_status":"closed","ping_status":"closed","sticky":false,"template":"","format":"standard","meta":{"spay_email":"","jetpack_publicize_message":"","jetpack_is_tweetstorm":false,"jetpack_publicize_feature_enabled":true},"categories":[8337],"tags":[],"jetpack_publicize_connections":[],"yoast_head":"<!-- This site is optimized with the Yoast SEO plugin v19.1 - https:\/\/yoast.com\/wordpress\/plugins\/seo\/ -->\n<title>Safet Beci: Albanske partije da saop\u0161te da li \u0107e sa DPS-om - Lajme nga Ulqini<\/title>\n<meta name=\"description\" content=\"Pozitivna Crna Gora i lista &quot;Srcem za Ulcinj\u201c pozvali su lidere nacionalnih stranaka da se \u0161to je prije mogu\u0107e izjasne ho\u0107e li nakon izbora stupiti u\" \/>\n<meta name=\"robots\" content=\"index, follow, max-snippet:-1, max-image-preview:large, max-video-preview:-1\" \/>\n<link rel=\"canonical\" href=\"https:\/\/www.visit-ulcinj.com\/blog\/2014\/01\/18\/safet-beci-albanske-partije-da-saopste-da-li-ce-sa-dps-om\/\" \/>\n<meta property=\"og:locale\" content=\"en_US\" \/>\n<meta property=\"og:type\" content=\"article\" \/>\n<meta property=\"og:title\" content=\"Safet Beci: Albanske partije da saop\u0161te da li \u0107e sa DPS-om - Lajme nga Ulqini\" \/>\n<meta property=\"og:description\" content=\"Pozitivna Crna Gora i lista &quot;Srcem za Ulcinj\u201c pozvali su lidere nacionalnih stranaka da se \u0161to je prije mogu\u0107e izjasne ho\u0107e li nakon izbora stupiti u\" \/>\n<meta property=\"og:url\" content=\"https:\/\/www.visit-ulcinj.com\/blog\/2014\/01\/18\/safet-beci-albanske-partije-da-saopste-da-li-ce-sa-dps-om\/\" \/>\n<meta property=\"og:site_name\" content=\"Lajme nga Ulqini\" \/>\n<meta property=\"article:published_time\" content=\"2014-01-18T14:32:40+00:00\" \/>\n<meta property=\"article:modified_time\" content=\"2014-01-19T11:38:18+00:00\" \/>\n<meta property=\"og:image\" content=\"http:\/\/www.visit-ulcinj.com\/blog\/wp-content\/uploads\/2014\/01\/Safet-Beci-pozitivna-crna-gora.jpg\" \/>\n<meta name=\"twitter:label1\" content=\"Written by\" \/>\n\t<meta name=\"twitter:data1\" content=\"ulqini\" \/>\n\t<meta name=\"twitter:label2\" content=\"Est. reading time\" \/>\n\t<meta name=\"twitter:data2\" content=\"2 minutes\" \/>\n<script type=\"application\/ld+json\" class=\"yoast-schema-graph\">{\"@context\":\"https:\/\/schema.org\",\"@graph\":[{\"@type\":\"WebSite\",\"@id\":\"https:\/\/www.visit-ulcinj.com\/blog\/#website\",\"url\":\"https:\/\/www.visit-ulcinj.com\/blog\/\",\"name\":\"Lajme nga Ulqini\",\"description\":\"Lajme,Vijesti,Ulqini,Ulqin,Crna Gora,Mali i Zi\",\"potentialAction\":[{\"@type\":\"SearchAction\",\"target\":{\"@type\":\"EntryPoint\",\"urlTemplate\":\"https:\/\/www.visit-ulcinj.com\/blog\/?s={search_term_string}\"},\"query-input\":\"required name=search_term_string\"}],\"inLanguage\":\"en-US\"},{\"@type\":\"ImageObject\",\"inLanguage\":\"en-US\",\"@id\":\"https:\/\/www.visit-ulcinj.com\/blog\/2014\/01\/18\/safet-beci-albanske-partije-da-saopste-da-li-ce-sa-dps-om\/#primaryimage\",\"url\":\"https:\/\/www.visit-ulcinj.com\/blog\/wp-content\/uploads\/2014\/01\/Safet-Beci-pozitivna-crna-gora.jpg\",\"contentUrl\":\"https:\/\/www.visit-ulcinj.com\/blog\/wp-content\/uploads\/2014\/01\/Safet-Beci-pozitivna-crna-gora.jpg\",\"width\":960,\"height\":639},{\"@type\":\"WebPage\",\"@id\":\"https:\/\/www.visit-ulcinj.com\/blog\/2014\/01\/18\/safet-beci-albanske-partije-da-saopste-da-li-ce-sa-dps-om\/#webpage\",\"url\":\"https:\/\/www.visit-ulcinj.com\/blog\/2014\/01\/18\/safet-beci-albanske-partije-da-saopste-da-li-ce-sa-dps-om\/\",\"name\":\"Safet Beci: Albanske partije da saop\u0161te da li \u0107e sa DPS-om - Lajme nga Ulqini\",\"isPartOf\":{\"@id\":\"https:\/\/www.visit-ulcinj.com\/blog\/#website\"},\"primaryImageOfPage\":{\"@id\":\"https:\/\/www.visit-ulcinj.com\/blog\/2014\/01\/18\/safet-beci-albanske-partije-da-saopste-da-li-ce-sa-dps-om\/#primaryimage\"},\"datePublished\":\"2014-01-18T14:32:40+00:00\",\"dateModified\":\"2014-01-19T11:38:18+00:00\",\"author\":{\"@id\":\"https:\/\/www.visit-ulcinj.com\/blog\/#\/schema\/person\/dcab619c614d3038751c63bc2aadc06d\"},\"description\":\"Pozitivna Crna Gora i lista \\\"Srcem za Ulcinj\u201c pozvali su lidere nacionalnih stranaka da se \u0161to je prije mogu\u0107e izjasne ho\u0107e li nakon izbora stupiti u\",\"breadcrumb\":{\"@id\":\"https:\/\/www.visit-ulcinj.com\/blog\/2014\/01\/18\/safet-beci-albanske-partije-da-saopste-da-li-ce-sa-dps-om\/#breadcrumb\"},\"inLanguage\":\"en-US\",\"potentialAction\":[{\"@type\":\"ReadAction\",\"target\":[\"https:\/\/www.visit-ulcinj.com\/blog\/2014\/01\/18\/safet-beci-albanske-partije-da-saopste-da-li-ce-sa-dps-om\/\"]}]},{\"@type\":\"BreadcrumbList\",\"@id\":\"https:\/\/www.visit-ulcinj.com\/blog\/2014\/01\/18\/safet-beci-albanske-partije-da-saopste-da-li-ce-sa-dps-om\/#breadcrumb\",\"itemListElement\":[{\"@type\":\"ListItem\",\"position\":1,\"name\":\"Safet Beci: Albanske partije da saop\u0161te da li \u0107e sa DPS-om\"}]},{\"@type\":\"Person\",\"@id\":\"https:\/\/www.visit-ulcinj.com\/blog\/#\/schema\/person\/dcab619c614d3038751c63bc2aadc06d\",\"name\":\"ulqini\",\"sameAs\":[\"http:\/\/www.visit-ulcinj.com\"],\"url\":\"https:\/\/www.visit-ulcinj.com\/blog\/author\/admin\/\"}]}<\/script>\n<!-- \/ Yoast SEO plugin. -->","yoast_head_json":{"title":"Safet Beci: Albanske partije da saop\u0161te da li \u0107e sa DPS-om - Lajme nga Ulqini","description":"Pozitivna Crna Gora i lista \"Srcem za Ulcinj\u201c pozvali su lidere nacionalnih stranaka da se \u0161to je prije mogu\u0107e izjasne ho\u0107e li nakon izbora stupiti u","robots":{"index":"index","follow":"follow","max-snippet":"max-snippet:-1","max-image-preview":"max-image-preview:large","max-video-preview":"max-video-preview:-1"},"canonical":"https:\/\/www.visit-ulcinj.com\/blog\/2014\/01\/18\/safet-beci-albanske-partije-da-saopste-da-li-ce-sa-dps-om\/","og_locale":"en_US","og_type":"article","og_title":"Safet Beci: Albanske partije da saop\u0161te da li \u0107e sa DPS-om - Lajme nga Ulqini","og_description":"Pozitivna Crna Gora i lista \"Srcem za Ulcinj\u201c pozvali su lidere nacionalnih stranaka da se \u0161to je prije mogu\u0107e izjasne ho\u0107e li nakon izbora stupiti u","og_url":"https:\/\/www.visit-ulcinj.com\/blog\/2014\/01\/18\/safet-beci-albanske-partije-da-saopste-da-li-ce-sa-dps-om\/","og_site_name":"Lajme nga Ulqini","article_published_time":"2014-01-18T14:32:40+00:00","article_modified_time":"2014-01-19T11:38:18+00:00","og_image":[{"url":"http:\/\/www.visit-ulcinj.com\/blog\/wp-content\/uploads\/2014\/01\/Safet-Beci-pozitivna-crna-gora.jpg"}],"twitter_misc":{"Written by":"ulqini","Est. reading time":"2 minutes"},"schema":{"@context":"https:\/\/schema.org","@graph":[{"@type":"WebSite","@id":"https:\/\/www.visit-ulcinj.com\/blog\/#website","url":"https:\/\/www.visit-ulcinj.com\/blog\/","name":"Lajme nga Ulqini","description":"Lajme,Vijesti,Ulqini,Ulqin,Crna Gora,Mali i Zi","potentialAction":[{"@type":"SearchAction","target":{"@type":"EntryPoint","urlTemplate":"https:\/\/www.visit-ulcinj.com\/blog\/?s={search_term_string}"},"query-input":"required name=search_term_string"}],"inLanguage":"en-US"},{"@type":"ImageObject","inLanguage":"en-US","@id":"https:\/\/www.visit-ulcinj.com\/blog\/2014\/01\/18\/safet-beci-albanske-partije-da-saopste-da-li-ce-sa-dps-om\/#primaryimage","url":"https:\/\/www.visit-ulcinj.com\/blog\/wp-content\/uploads\/2014\/01\/Safet-Beci-pozitivna-crna-gora.jpg","contentUrl":"https:\/\/www.visit-ulcinj.com\/blog\/wp-content\/uploads\/2014\/01\/Safet-Beci-pozitivna-crna-gora.jpg","width":960,"height":639},{"@type":"WebPage","@id":"https:\/\/www.visit-ulcinj.com\/blog\/2014\/01\/18\/safet-beci-albanske-partije-da-saopste-da-li-ce-sa-dps-om\/#webpage","url":"https:\/\/www.visit-ulcinj.com\/blog\/2014\/01\/18\/safet-beci-albanske-partije-da-saopste-da-li-ce-sa-dps-om\/","name":"Safet Beci: Albanske partije da saop\u0161te da li \u0107e sa DPS-om - Lajme nga Ulqini","isPartOf":{"@id":"https:\/\/www.visit-ulcinj.com\/blog\/#website"},"primaryImageOfPage":{"@id":"https:\/\/www.visit-ulcinj.com\/blog\/2014\/01\/18\/safet-beci-albanske-partije-da-saopste-da-li-ce-sa-dps-om\/#primaryimage"},"datePublished":"2014-01-18T14:32:40+00:00","dateModified":"2014-01-19T11:38:18+00:00","author":{"@id":"https:\/\/www.visit-ulcinj.com\/blog\/#\/schema\/person\/dcab619c614d3038751c63bc2aadc06d"},"description":"Pozitivna Crna Gora i lista \"Srcem za Ulcinj\u201c pozvali su lidere nacionalnih stranaka da se \u0161to je prije mogu\u0107e izjasne ho\u0107e li nakon izbora stupiti u","breadcrumb":{"@id":"https:\/\/www.visit-ulcinj.com\/blog\/2014\/01\/18\/safet-beci-albanske-partije-da-saopste-da-li-ce-sa-dps-om\/#breadcrumb"},"inLanguage":"en-US","potentialAction":[{"@type":"ReadAction","target":["https:\/\/www.visit-ulcinj.com\/blog\/2014\/01\/18\/safet-beci-albanske-partije-da-saopste-da-li-ce-sa-dps-om\/"]}]},{"@type":"BreadcrumbList","@id":"https:\/\/www.visit-ulcinj.com\/blog\/2014\/01\/18\/safet-beci-albanske-partije-da-saopste-da-li-ce-sa-dps-om\/#breadcrumb","itemListElement":[{"@type":"ListItem","position":1,"name":"Safet Beci: Albanske partije da saop\u0161te da li \u0107e sa DPS-om"}]},{"@type":"Person","@id":"https:\/\/www.visit-ulcinj.com\/blog\/#\/schema\/person\/dcab619c614d3038751c63bc2aadc06d","name":"ulqini","sameAs":["http:\/\/www.visit-ulcinj.com"],"url":"https:\/\/www.visit-ulcinj.com\/blog\/author\/admin\/"}]}},"jetpack_featured_media_url":"","jetpack_sharing_enabled":true,"jetpack_shortlink":"https:\/\/wp.me\/pe6lTn-koy","_links":{"self":[{"href":"https:\/\/www.visit-ulcinj.com\/blog\/wp-json\/wp\/v2\/posts\/78402"}],"collection":[{"href":"https:\/\/www.visit-ulcinj.com\/blog\/wp-json\/wp\/v2\/posts"}],"about":[{"href":"https:\/\/www.visit-ulcinj.com\/blog\/wp-json\/wp\/v2\/types\/post"}],"author":[{"embeddable":true,"href":"https:\/\/www.visit-ulcinj.com\/blog\/wp-json\/wp\/v2\/users\/1"}],"replies":[{"embeddable":true,"href":"https:\/\/www.visit-ulcinj.com\/blog\/wp-json\/wp\/v2\/comments?post=78402"}],"version-history":[{"count":2,"href":"https:\/\/www.visit-ulcinj.com\/blog\/wp-json\/wp\/v2\/posts\/78402\/revisions"}],"predecessor-version":[{"id":78405,"href":"https:\/\/www.visit-ulcinj.com\/blog\/wp-json\/wp\/v2\/posts\/78402\/revisions\/78405"}],"wp:attachment":[{"href":"https:\/\/www.visit-ulcinj.com\/blog\/wp-json\/wp\/v2\/media?parent=78402"}],"wp:term":[{"taxonomy":"category","embeddable":true,"href":"https:\/\/www.visit-ulcinj.com\/blog\/wp-json\/wp\/v2\/categories?post=78402"},{"taxonomy":"post_tag","embeddable":true,"href":"https:\/\/www.visit-ulcinj.com\/blog\/wp-json\/wp\/v2\/tags?post=78402"}],"curies":[{"name":"wp","href":"https:\/\/api.w.org\/{rel}","templated":true}]}}