{"id":78409,"date":"2014-01-18T19:07:52","date_gmt":"2014-01-18T18:07:52","guid":{"rendered":"http:\/\/www.visit-ulcinj.com\/blog\/?p=78409"},"modified":"2014-01-18T19:07:52","modified_gmt":"2014-01-18T18:07:52","slug":"pasaniket-e-estrades-shqiptare","status":"publish","type":"post","link":"https:\/\/www.visit-ulcinj.com\/blog\/2014\/01\/18\/pasaniket-e-estrades-shqiptare\/","title":{"rendered":"Pasanik\u00ebt e estrad\u00ebs shqiptare"},"content":{"rendered":"<p><strong><a href=\"http:\/\/www.visit-ulcinj.com\/blog\/wp-content\/uploads\/2014\/01\/gjyste-vulaj_ulqin.jpg\"><img loading=\"lazy\" class=\"alignleft  wp-image-78410\" alt=\"gjyste-vulaj_ulqin\" src=\"http:\/\/www.visit-ulcinj.com\/blog\/wp-content\/uploads\/2014\/01\/gjyste-vulaj_ulqin.jpg\" width=\"508\" height=\"360\" \/><\/a>Nga Kastriote Bajrami <\/strong><\/p>\n<p>Sikurse politikan\u00ebt, ashtu edhe pjesa d\u00ebrmuese e personaliteteve t\u00eb artit jan\u00eb pasuruar brenda nj\u00eb periudhe t\u00eb shkurt\u00ebr. Por p\u00ebr dallim nga politikan\u00ebt, nj\u00eb pjes\u00eb e madhe e artist\u00ebve jan\u00eb pasuruar fal\u00eb z\u00ebrit dhe popullaritetit q\u00eb kan\u00eb n\u00eb sken\u00ebn muzikore. Fal\u00eb \u00e7mimeve t\u00eb larta n\u00ebp\u00ebr koncerte e mbr\u00ebmje t\u00eb ndryshme muzikore, k\u00ebng\u00ebtar\u00ebt po p\u00ebrfitojn\u00eb bukur shum\u00eb dhe vlera e pasuris\u00eb s\u00eb tyre kap me miliona euro.<\/p>\n<p>Por edhe pse posedojn\u00eb k\u00ebt\u00eb pasuri, pjesa d\u00ebrmuese e tyre nuk preferojn\u00eb t\u00eb flasin n\u00eb publik. T\u00eb pakt\u00eb jan\u00eb ata q\u00eb jan\u00eb t\u00eb hapur n\u00eb opinion. Nj\u00ebra prej tyre \u00ebsht\u00eb k\u00ebng\u00ebtarja Gjyste Vulaj e cila cil\u00ebsohet si nj\u00eb milionere e estrad\u00ebs muzikore. \u00a0\u201cUn\u00eb nuk e mbaj\u00eb t\u00eb fshehur pasurin\u00eb time t\u00eb cil\u00ebn ma ka dhuruar Zoti dhe natyrisht q\u00eb t\u00ebr\u00eb pasurin\u00eb q\u00eb e posedoj\u00eb e kam arritur me shum\u00eb mund. Sa i p\u00ebrket investimeve, kam shum\u00eb vende, patundshm\u00ebri t\u00eb madhe n\u00eb bregdetin e Ulqinit, kam vil\u00ebn 4 kate \u201cRozana\u201d me pishin\u00eb moderne n\u00eb Ulqin.<br \/>\n<a href=\"http:\/\/www.visit-ulcinj.com\/blog\/wp-content\/uploads\/2014\/01\/Gjyste-Vulaj-Ulqin.jpg\"><img loading=\"lazy\" class=\"alignleft  wp-image-78411\" alt=\"Gjyste-Vulaj-Ulqin\" src=\"http:\/\/www.visit-ulcinj.com\/blog\/wp-content\/uploads\/2014\/01\/Gjyste-Vulaj-Ulqin.jpg\" width=\"508\" height=\"600\" \/><\/a><\/p>\n<p>Kam tarrac\u00ebn e Belvederit po n\u00eb plazhin e vog\u00ebl q\u00eb zhvilloj biznes qe 8 vjet.<\/p>\n<p>Kam toka me sip\u00ebrfaqe t\u00eb madhe n\u00eb plazh t\u00eb vog\u00ebl dhe n\u00eb plazh t\u00eb madh. Po ashtu n\u00eb lumin Buna kam edhe sht\u00ebpiz\u00eb vikendi prej druri. N\u00eb Tuz kam sht\u00ebpin\u00eb 2 kate, tok\u00eb sa t\u00eb duash. Po ashtu kam edhe audio-studio p\u00ebr incizim \u2018Prosound Rozana\u2019 q\u00eb 20 vjet. Nd\u00ebrkaq nj\u00eb pasuri tjet\u00ebr e kam edhe n\u00eb Gjermani, nj\u00eb sht\u00ebpi trekat\u00ebshe me nj\u00eb oborr t\u00eb madh. Kam nj\u00eb hotel, dhe nj\u00eb restorant n\u00eb Gjermani\u201d, ka th\u00ebn\u00eb ajo p\u00ebr \u201cZ\u00ebri\u201d.<\/p>\n<p>Gjystja ka edhe 28 pun\u00ebtor\u00eb q\u00eb kryesisht punojn\u00eb gjat\u00eb sezonit veror\u00eb, nd\u00ebrsa n\u00eb sht\u00ebpi ka dy femra q\u00eb kujdesen p\u00ebr pastrimin e sht\u00ebpis\u00eb. Pasuri tjet\u00ebr e Gjystes jan\u00eb edhe disa vetura q\u00eb kushtojn\u00eb me mij\u00ebra euro. \u201cKam disa vetura, motorskafa, t\u00eb cilat i kam bler\u00eb mjaft\u00eb shtrenjt\u00eb\u201d, shton ajo. Edhe pse posedon t\u00ebr\u00eb k\u00ebt\u00eb pasuri, p\u00ebr Gjysten pasuria m\u00eb e madhe vazhdon t\u00eb mbetet familja dhe sh\u00ebndeti. \u201c\u00c7do gj\u00eb \u00ebsht\u00eb 0 kur s\u2019ke sh\u00ebndetin e mir\u00eb, n\u00eb fakt sh\u00ebndeti i mir\u00eb dhe jeta s\u2019blihen me para\u201d, thot\u00eb ajo.<\/p>\n<p><a href=\"http:\/\/www.visit-ulcinj.com\/blog\/wp-content\/uploads\/2014\/01\/meda.jpg\"><img loading=\"lazy\" class=\"alignleft  wp-image-78412\" alt=\"meda\" src=\"http:\/\/www.visit-ulcinj.com\/blog\/wp-content\/uploads\/2014\/01\/meda.jpg\" width=\"508\" height=\"600\" \/><\/a><\/p>\n<p><strong>Meda, i pasur por edhe bamir\u00ebs<\/strong><\/p>\n<p>Edhe k\u00ebng\u00ebtari Mehedin P\u00ebrgje\u00e7aj i njohur si Meda nuk ngurron t\u00eb b\u00ebj\u00eb publike pasurin\u00eb q\u00eb ka. N\u00eb fakt Meda edhe pse \u00ebsht\u00eb i pasur, nj\u00eb pjes\u00eb t\u00eb pasuris\u00eb e ndan\u00eb me skamnor\u00ebt. Meda p\u00ebrve\u00e7 sht\u00ebpis\u00eb n\u00eb Hajvali, ka edhe nj\u00eb sht\u00ebpi dhe nj\u00eb restorant n\u00eb Gjermani t\u00eb cilin thot\u00eb se e ka hapur para 3 muajve.<\/p>\n<p>Ai nuk e mohon vler\u00ebn e p\u00ebrfitimeve q\u00eb ka nga mbr\u00ebmjet dhe koncertet muzikore por vet\u00ebm me k\u00ebto t\u00eb ardhura ka arritur t\u00eb b\u00ebj\u00eb k\u00ebt\u00eb pasuri. Para disa viteve Meda ka nd\u00ebrtuar 4 sht\u00ebpi p\u00ebr familjet skamnore, p\u00ebrderisa ende vazhdon t\u00eb mbaj\u00eb disa familje. \u201cNuk mund ta fsheh\u00eb pasurin\u00eb kur t\u00eb gjith\u00eb e din\u00eb.<\/p>\n<p>Un\u00eb nuk e mohoj k\u00ebt\u00eb pasuri q\u00eb e kam p\u00ebr t\u00eb cil\u00ebn i fal\u00ebnderohem Zotit i cili m\u00eb ka dhuruar nj\u00eb z\u00eb p\u00ebr ta fituar me djers\u00eb paran\u00eb. Por edhe k\u00ebt\u00eb q\u00eb e fitoj preferoj ta ndaj\u00eb me t\u00eb tjer\u00ebt\u201d, shprehet ai. Nd\u00ebr k\u00ebng\u00ebtar\u00ebt e pasur \u00ebsht\u00eb edhe k\u00ebng\u00ebtari Shk\u00eblzen Jetishi i cili ka nj\u00eb restorant modern n\u00eb Gjakov\u00eb. \u201cXeni Imperial\u201d nj\u00eb restorant i nd\u00ebrtuar me nj\u00eb stil modern, por q\u00eb k\u00ebng\u00ebtari n\u00eb t\u00eb ardhmen planifikon ta b\u00ebj\u00eb hotel.<\/p>\n<p><a href=\"http:\/\/www.visit-ulcinj.com\/blog\/wp-content\/uploads\/2014\/01\/Xeni-Imperial.jpg\"><img loading=\"lazy\" class=\"alignleft  wp-image-78413\" alt=\"Xeni-Imperial\" src=\"http:\/\/www.visit-ulcinj.com\/blog\/wp-content\/uploads\/2014\/01\/Xeni-Imperial.jpg\" width=\"508\" height=\"360\" \/><\/a><\/p>\n<p>\u201cRestorantin e kam nd\u00ebrtuar koh\u00ebve t\u00eb fundit, kam investuar shum\u00eb n\u00eb t\u00eb dhe t\u00eb them t\u00eb drejt\u00ebn ende jam duke paguar kredin\u00eb. Restoranti \u00ebsht\u00eb mjaft\u00eb modern dhe mendoj ta b\u00ebj\u00eb edhe hotel\u201d, thot\u00eb Xeni. Pasuri tjet\u00ebr e Xenit \u00ebsht\u00eb edhe vila n\u00eb Brezovic\u00eb t\u00eb cil\u00ebn e posedon tani e 3 vjet.<\/p>\n<p><a href=\"http:\/\/www.visit-ulcinj.com\/blog\/wp-content\/uploads\/2014\/01\/Adrian-Gaxha.jpg\"><img loading=\"lazy\" class=\"alignleft  wp-image-78414\" alt=\"Adrian-Gaxha\" src=\"http:\/\/www.visit-ulcinj.com\/blog\/wp-content\/uploads\/2014\/01\/Adrian-Gaxha.jpg\" width=\"508\" height=\"508\" \/><\/a><\/p>\n<p><strong>Ngurrojn\u00eb t\u00eb tregojn\u00eb p\u00ebr pasurit\u00eb e tyre<\/strong><\/p>\n<p>K\u00ebng\u00ebtari Ardian Gaxha ka nj\u00eb vil\u00eb n\u00eb vler\u00eb prej 1 milion eurosh, bashk\u00eb edhe me nj\u00eb studio q\u00eb k\u00ebng\u00ebtarit i ka kushtuar rreth 50 mij\u00eb euro. Mir\u00ebpo k\u00ebng\u00ebtari nuk ka preferuar t\u00eb flas p\u00ebr pasurin\u00eb e tij. Dy motrat Mustafa rangohen n\u00eb k\u00ebng\u00ebtar\u00ebt e pasura, ato tani e disa vjet kan\u00eb hotelin \u201cEstrada\u201d. Jan\u00eb disa emra t\u00eb njohur t\u00eb sken\u00ebs muzikore q\u00eb kan\u00eb biznese t\u00eb vogla, por disa prej tyre nuk i b\u00ebjn\u00eb publike.<\/p>\n<p>K\u00ebng\u00ebtarja Rovena Stefa p\u00ebrve\u00e7 produksonit t\u00eb saj \u201cTe Rovi\u201d t\u00eb cilin e ka hapur n\u00eb Kosov\u00eb, ka edhe nj\u00eb restorant n\u00eb Durr\u00ebs. K\u00ebng\u00ebtari Labinot Tahiri cil\u00ebsohet si nj\u00eb k\u00ebng\u00ebtar\u00eb q\u00eb fiton bukur shum\u00eb nga profesioni i tij i k\u00ebng\u00ebs. Ai n\u00eb Ferizaj tani e disa vjet ka pub-in \u201cBuzzbar\u201d p\u00ebr t\u00eb cil\u00ebn thot\u00eb se ndjehet i k\u00ebnaqur p\u00ebr faktin se aty mund t\u00eb takohet edhe me adhuruesit e tij. K\u00ebng\u00ebtarja Gili tani e disa muaj ka hapur sallonin e ondulimit \u201cPrishtina\u201d.<\/p>\n<p>K\u00ebng\u00ebtarja Linda Halimi e cila punon dhe vepron n\u00eb Amerik\u00eb gjat\u00eb vitit t\u00eb kaluar nisi biznesin e saj t\u00eb ri duke hapur disa qendra dob\u00ebsimi n\u00eb disa qytete t\u00eb Kosov\u00ebs. Estrada jon\u00eb ka edhe shum\u00eb pasanik\u00eb t\u00eb tjer\u00eb, emrat e t\u00eb cil\u00ebve ata nuk desh\u00ebn t\u2019i b\u00ebjm\u00eb publike.<\/p>\n<p><strong>Z\u00ebri<\/strong><\/p>\n<!--YouTube Error: bad URL entered-->\n","protected":false},"excerpt":{"rendered":"<p>Nga Kastriote Bajrami Sikurse politikan\u00ebt, ashtu edhe pjesa d\u00ebrmuese e personaliteteve t\u00eb artit jan\u00eb pasuruar brenda nj\u00eb periudhe t\u00eb shkurt\u00ebr. Por p\u00ebr dallim nga politikan\u00ebt, nj\u00eb pjes\u00eb e madhe e artist\u00ebve jan\u00eb pasuruar fal\u00eb z\u00ebrit dhe popullaritetit q\u00eb kan\u00eb n\u00eb sken\u00ebn muzikore. Fal\u00eb \u00e7mimeve t\u00eb larta n\u00ebp\u00ebr koncerte e mbr\u00ebmje t\u00eb ndryshme muzikore, k\u00ebng\u00ebtar\u00ebt po [&hellip;]<\/p>\n","protected":false},"author":1,"featured_media":0,"comment_status":"closed","ping_status":"closed","sticky":false,"template":"","format":"standard","meta":{"spay_email":"","jetpack_publicize_message":"","jetpack_is_tweetstorm":false,"jetpack_publicize_feature_enabled":true},"categories":[1],"tags":[],"jetpack_publicize_connections":[],"yoast_head":"<!-- This site is optimized with the Yoast SEO plugin v19.1 - https:\/\/yoast.com\/wordpress\/plugins\/seo\/ -->\n<title>Pasanik\u00ebt e estrad\u00ebs shqiptare - Lajme nga Ulqini<\/title>\n<meta name=\"description\" content=\"Nga Kastriote Bajrami Sikurse politikan\u00ebt, ashtu edhe pjesa d\u00ebrmuese e personaliteteve t\u00eb artit jan\u00eb pasuruar brenda nj\u00eb periudhe t\u00eb shkurt\u00ebr. Por p\u00ebr\" \/>\n<meta name=\"robots\" content=\"index, follow, max-snippet:-1, max-image-preview:large, max-video-preview:-1\" \/>\n<link rel=\"canonical\" href=\"https:\/\/www.visit-ulcinj.com\/blog\/2014\/01\/18\/pasaniket-e-estrades-shqiptare\/\" \/>\n<meta property=\"og:locale\" content=\"en_US\" \/>\n<meta property=\"og:type\" content=\"article\" \/>\n<meta property=\"og:title\" content=\"Pasanik\u00ebt e estrad\u00ebs shqiptare - Lajme nga Ulqini\" \/>\n<meta property=\"og:description\" content=\"Nga Kastriote Bajrami Sikurse politikan\u00ebt, ashtu edhe pjesa d\u00ebrmuese e personaliteteve t\u00eb artit jan\u00eb pasuruar brenda nj\u00eb periudhe t\u00eb shkurt\u00ebr. Por p\u00ebr\" \/>\n<meta property=\"og:url\" content=\"https:\/\/www.visit-ulcinj.com\/blog\/2014\/01\/18\/pasaniket-e-estrades-shqiptare\/\" \/>\n<meta property=\"og:site_name\" content=\"Lajme nga Ulqini\" \/>\n<meta property=\"article:published_time\" content=\"2014-01-18T18:07:52+00:00\" \/>\n<meta property=\"og:image\" content=\"http:\/\/www.visit-ulcinj.com\/blog\/wp-content\/uploads\/2014\/01\/gjyste-vulaj_ulqin.jpg\" \/>\n<meta name=\"twitter:label1\" content=\"Written by\" \/>\n\t<meta name=\"twitter:data1\" content=\"ulqini\" \/>\n\t<meta name=\"twitter:label2\" content=\"Est. reading time\" \/>\n\t<meta name=\"twitter:data2\" content=\"5 minutes\" \/>\n<script type=\"application\/ld+json\" class=\"yoast-schema-graph\">{\"@context\":\"https:\/\/schema.org\",\"@graph\":[{\"@type\":\"WebSite\",\"@id\":\"https:\/\/www.visit-ulcinj.com\/blog\/#website\",\"url\":\"https:\/\/www.visit-ulcinj.com\/blog\/\",\"name\":\"Lajme nga Ulqini\",\"description\":\"Lajme,Vijesti,Ulqini,Ulqin,Crna Gora,Mali i Zi\",\"potentialAction\":[{\"@type\":\"SearchAction\",\"target\":{\"@type\":\"EntryPoint\",\"urlTemplate\":\"https:\/\/www.visit-ulcinj.com\/blog\/?s={search_term_string}\"},\"query-input\":\"required name=search_term_string\"}],\"inLanguage\":\"en-US\"},{\"@type\":\"ImageObject\",\"inLanguage\":\"en-US\",\"@id\":\"https:\/\/www.visit-ulcinj.com\/blog\/2014\/01\/18\/pasaniket-e-estrades-shqiptare\/#primaryimage\",\"url\":\"http:\/\/www.visit-ulcinj.com\/blog\/wp-content\/uploads\/2014\/01\/gjyste-vulaj_ulqin.jpg\",\"contentUrl\":\"http:\/\/www.visit-ulcinj.com\/blog\/wp-content\/uploads\/2014\/01\/gjyste-vulaj_ulqin.jpg\"},{\"@type\":\"WebPage\",\"@id\":\"https:\/\/www.visit-ulcinj.com\/blog\/2014\/01\/18\/pasaniket-e-estrades-shqiptare\/#webpage\",\"url\":\"https:\/\/www.visit-ulcinj.com\/blog\/2014\/01\/18\/pasaniket-e-estrades-shqiptare\/\",\"name\":\"Pasanik\u00ebt e estrad\u00ebs shqiptare - Lajme nga Ulqini\",\"isPartOf\":{\"@id\":\"https:\/\/www.visit-ulcinj.com\/blog\/#website\"},\"primaryImageOfPage\":{\"@id\":\"https:\/\/www.visit-ulcinj.com\/blog\/2014\/01\/18\/pasaniket-e-estrades-shqiptare\/#primaryimage\"},\"datePublished\":\"2014-01-18T18:07:52+00:00\",\"dateModified\":\"2014-01-18T18:07:52+00:00\",\"author\":{\"@id\":\"https:\/\/www.visit-ulcinj.com\/blog\/#\/schema\/person\/dcab619c614d3038751c63bc2aadc06d\"},\"description\":\"Nga Kastriote Bajrami Sikurse politikan\u00ebt, ashtu edhe pjesa d\u00ebrmuese e personaliteteve t\u00eb artit jan\u00eb pasuruar brenda nj\u00eb periudhe t\u00eb shkurt\u00ebr. Por p\u00ebr\",\"breadcrumb\":{\"@id\":\"https:\/\/www.visit-ulcinj.com\/blog\/2014\/01\/18\/pasaniket-e-estrades-shqiptare\/#breadcrumb\"},\"inLanguage\":\"en-US\",\"potentialAction\":[{\"@type\":\"ReadAction\",\"target\":[\"https:\/\/www.visit-ulcinj.com\/blog\/2014\/01\/18\/pasaniket-e-estrades-shqiptare\/\"]}]},{\"@type\":\"BreadcrumbList\",\"@id\":\"https:\/\/www.visit-ulcinj.com\/blog\/2014\/01\/18\/pasaniket-e-estrades-shqiptare\/#breadcrumb\",\"itemListElement\":[{\"@type\":\"ListItem\",\"position\":1,\"name\":\"Pasanik\u00ebt e estrad\u00ebs shqiptare\"}]},{\"@type\":\"Person\",\"@id\":\"https:\/\/www.visit-ulcinj.com\/blog\/#\/schema\/person\/dcab619c614d3038751c63bc2aadc06d\",\"name\":\"ulqini\",\"sameAs\":[\"http:\/\/www.visit-ulcinj.com\"],\"url\":\"https:\/\/www.visit-ulcinj.com\/blog\/author\/admin\/\"}]}<\/script>\n<!-- \/ Yoast SEO plugin. -->","yoast_head_json":{"title":"Pasanik\u00ebt e estrad\u00ebs shqiptare - Lajme nga Ulqini","description":"Nga Kastriote Bajrami Sikurse politikan\u00ebt, ashtu edhe pjesa d\u00ebrmuese e personaliteteve t\u00eb artit jan\u00eb pasuruar brenda nj\u00eb periudhe t\u00eb shkurt\u00ebr. Por p\u00ebr","robots":{"index":"index","follow":"follow","max-snippet":"max-snippet:-1","max-image-preview":"max-image-preview:large","max-video-preview":"max-video-preview:-1"},"canonical":"https:\/\/www.visit-ulcinj.com\/blog\/2014\/01\/18\/pasaniket-e-estrades-shqiptare\/","og_locale":"en_US","og_type":"article","og_title":"Pasanik\u00ebt e estrad\u00ebs shqiptare - Lajme nga Ulqini","og_description":"Nga Kastriote Bajrami Sikurse politikan\u00ebt, ashtu edhe pjesa d\u00ebrmuese e personaliteteve t\u00eb artit jan\u00eb pasuruar brenda nj\u00eb periudhe t\u00eb shkurt\u00ebr. Por p\u00ebr","og_url":"https:\/\/www.visit-ulcinj.com\/blog\/2014\/01\/18\/pasaniket-e-estrades-shqiptare\/","og_site_name":"Lajme nga Ulqini","article_published_time":"2014-01-18T18:07:52+00:00","og_image":[{"url":"http:\/\/www.visit-ulcinj.com\/blog\/wp-content\/uploads\/2014\/01\/gjyste-vulaj_ulqin.jpg"}],"twitter_misc":{"Written by":"ulqini","Est. reading time":"5 minutes"},"schema":{"@context":"https:\/\/schema.org","@graph":[{"@type":"WebSite","@id":"https:\/\/www.visit-ulcinj.com\/blog\/#website","url":"https:\/\/www.visit-ulcinj.com\/blog\/","name":"Lajme nga Ulqini","description":"Lajme,Vijesti,Ulqini,Ulqin,Crna Gora,Mali i Zi","potentialAction":[{"@type":"SearchAction","target":{"@type":"EntryPoint","urlTemplate":"https:\/\/www.visit-ulcinj.com\/blog\/?s={search_term_string}"},"query-input":"required name=search_term_string"}],"inLanguage":"en-US"},{"@type":"ImageObject","inLanguage":"en-US","@id":"https:\/\/www.visit-ulcinj.com\/blog\/2014\/01\/18\/pasaniket-e-estrades-shqiptare\/#primaryimage","url":"http:\/\/www.visit-ulcinj.com\/blog\/wp-content\/uploads\/2014\/01\/gjyste-vulaj_ulqin.jpg","contentUrl":"http:\/\/www.visit-ulcinj.com\/blog\/wp-content\/uploads\/2014\/01\/gjyste-vulaj_ulqin.jpg"},{"@type":"WebPage","@id":"https:\/\/www.visit-ulcinj.com\/blog\/2014\/01\/18\/pasaniket-e-estrades-shqiptare\/#webpage","url":"https:\/\/www.visit-ulcinj.com\/blog\/2014\/01\/18\/pasaniket-e-estrades-shqiptare\/","name":"Pasanik\u00ebt e estrad\u00ebs shqiptare - Lajme nga Ulqini","isPartOf":{"@id":"https:\/\/www.visit-ulcinj.com\/blog\/#website"},"primaryImageOfPage":{"@id":"https:\/\/www.visit-ulcinj.com\/blog\/2014\/01\/18\/pasaniket-e-estrades-shqiptare\/#primaryimage"},"datePublished":"2014-01-18T18:07:52+00:00","dateModified":"2014-01-18T18:07:52+00:00","author":{"@id":"https:\/\/www.visit-ulcinj.com\/blog\/#\/schema\/person\/dcab619c614d3038751c63bc2aadc06d"},"description":"Nga Kastriote Bajrami Sikurse politikan\u00ebt, ashtu edhe pjesa d\u00ebrmuese e personaliteteve t\u00eb artit jan\u00eb pasuruar brenda nj\u00eb periudhe t\u00eb shkurt\u00ebr. Por p\u00ebr","breadcrumb":{"@id":"https:\/\/www.visit-ulcinj.com\/blog\/2014\/01\/18\/pasaniket-e-estrades-shqiptare\/#breadcrumb"},"inLanguage":"en-US","potentialAction":[{"@type":"ReadAction","target":["https:\/\/www.visit-ulcinj.com\/blog\/2014\/01\/18\/pasaniket-e-estrades-shqiptare\/"]}]},{"@type":"BreadcrumbList","@id":"https:\/\/www.visit-ulcinj.com\/blog\/2014\/01\/18\/pasaniket-e-estrades-shqiptare\/#breadcrumb","itemListElement":[{"@type":"ListItem","position":1,"name":"Pasanik\u00ebt e estrad\u00ebs shqiptare"}]},{"@type":"Person","@id":"https:\/\/www.visit-ulcinj.com\/blog\/#\/schema\/person\/dcab619c614d3038751c63bc2aadc06d","name":"ulqini","sameAs":["http:\/\/www.visit-ulcinj.com"],"url":"https:\/\/www.visit-ulcinj.com\/blog\/author\/admin\/"}]}},"jetpack_featured_media_url":"","jetpack_sharing_enabled":true,"jetpack_shortlink":"https:\/\/wp.me\/pe6lTn-koF","_links":{"self":[{"href":"https:\/\/www.visit-ulcinj.com\/blog\/wp-json\/wp\/v2\/posts\/78409"}],"collection":[{"href":"https:\/\/www.visit-ulcinj.com\/blog\/wp-json\/wp\/v2\/posts"}],"about":[{"href":"https:\/\/www.visit-ulcinj.com\/blog\/wp-json\/wp\/v2\/types\/post"}],"author":[{"embeddable":true,"href":"https:\/\/www.visit-ulcinj.com\/blog\/wp-json\/wp\/v2\/users\/1"}],"replies":[{"embeddable":true,"href":"https:\/\/www.visit-ulcinj.com\/blog\/wp-json\/wp\/v2\/comments?post=78409"}],"version-history":[{"count":1,"href":"https:\/\/www.visit-ulcinj.com\/blog\/wp-json\/wp\/v2\/posts\/78409\/revisions"}],"predecessor-version":[{"id":78415,"href":"https:\/\/www.visit-ulcinj.com\/blog\/wp-json\/wp\/v2\/posts\/78409\/revisions\/78415"}],"wp:attachment":[{"href":"https:\/\/www.visit-ulcinj.com\/blog\/wp-json\/wp\/v2\/media?parent=78409"}],"wp:term":[{"taxonomy":"category","embeddable":true,"href":"https:\/\/www.visit-ulcinj.com\/blog\/wp-json\/wp\/v2\/categories?post=78409"},{"taxonomy":"post_tag","embeddable":true,"href":"https:\/\/www.visit-ulcinj.com\/blog\/wp-json\/wp\/v2\/tags?post=78409"}],"curies":[{"name":"wp","href":"https:\/\/api.w.org\/{rel}","templated":true}]}}