{"id":7844,"date":"2008-12-29T19:59:35","date_gmt":"2008-12-29T18:59:35","guid":{"rendered":"http:\/\/www.visit-ulcinj.com\/blog\/?p=7844"},"modified":"2008-12-29T20:00:42","modified_gmt":"2008-12-29T19:00:42","slug":"mali-i-zi-duhet-te-plotesoje-kriteret-per-antaresim-ne-be","status":"publish","type":"post","link":"https:\/\/www.visit-ulcinj.com\/blog\/2008\/12\/29\/mali-i-zi-duhet-te-plotesoje-kriteret-per-antaresim-ne-be\/","title":{"rendered":"Mali i Zi, duhet t\u00eb plot\u00ebsoj\u00eb kriteret p\u00ebr antar\u00ebsim n\u00eb BE"},"content":{"rendered":"<p><a href=\"http:\/\/www.visit-ulcinj.com\/blog\/wp-content\/uploads\/2008\/12\/europa.gif\" target=\"_self\"><img loading=\"lazy\" class=\"alignleft size-full wp-image-7845\" title=\"europa\" src=\"http:\/\/www.visit-ulcinj.com\/blog\/wp-content\/uploads\/2008\/12\/europa.gif\" alt=\"europa\" width=\"299\" height=\"353\" \/><\/a>Burime nga Republika \u00e7eke, e cila do t\u00eb marr\u00eb m\u00eb 1 janar kryesimin e rradh\u00ebs t\u00eb BE-s\u00eb, sqarojn\u00eb se kandidatura e Malit t\u00eb Zi p\u00ebr antar\u00ebsim n\u00eb bashkim, do t\u00eb merret n\u00eb analiz\u00eb, m\u00eb 26 janar. Hapi i par\u00eb duket se \u00ebsht\u00eb ngarkimi i Komisionit Europian me vler\u00ebsimin e p\u00ebrgatitjeve q\u00eb Podgorica duhet t\u00eb b\u00ebj\u00eb deri te an\u00ebtar\u00ebsimi i plot\u00eb, \u00e7ka duhet t\u00eb k\u00ebrkoj\u00eb disa vjet. Vet\u00ebm at\u00ebher\u00eb 27 vendet e BE-s\u00eb, duhet t\u00eb vendosin n\u00ebse mund t\u2019i japin Malit t\u00eb Zi statusin e vendit kandidat, k\u00ebrkesa p\u00ebr t\u00eb cilin u b\u00eb dit\u00ebn e h\u00ebn\u00eb. Por an\u00ebtar\u00ebsimi i Malit t\u00eb Zi, p\u00ebr momentin kund\u00ebrshtohet nga disa shtete, t\u00eb kryesuara nga Gjermania, t\u00eb cilave mund t\u2019u bashkohet edhe Franca. Nj\u00eb diplomat \u00e7ek n\u00eb Bruksel, ka b\u00ebr\u00eb t\u00eb ditur se n\u00eb analiz\u00eb mund t\u00eb merret edhe Shqip\u00ebria, e cila brenda pak jav\u00ebsh, pritet t\u00eb pasoj\u00eb hapin e b\u00ebr\u00eb nga Mali i Zi.<br \/>\n<strong>Top Albania Radio<\/strong><\/p>\n","protected":false},"excerpt":{"rendered":"<p>Burime nga Republika \u00e7eke, e cila do t\u00eb marr\u00eb m\u00eb 1 janar kryesimin e rradh\u00ebs t\u00eb BE-s\u00eb, sqarojn\u00eb se kandidatura e Malit t\u00eb Zi p\u00ebr antar\u00ebsim n\u00eb bashkim, do t\u00eb merret n\u00eb analiz\u00eb, m\u00eb 26 janar. Hapi i par\u00eb duket se \u00ebsht\u00eb ngarkimi i Komisionit Europian me vler\u00ebsimin e p\u00ebrgatitjeve q\u00eb Podgorica duhet t\u00eb b\u00ebj\u00eb [&hellip;]<\/p>\n","protected":false},"author":1,"featured_media":0,"comment_status":"open","ping_status":"closed","sticky":false,"template":"","format":"standard","meta":{"spay_email":"","jetpack_publicize_message":"","jetpack_is_tweetstorm":false,"jetpack_publicize_feature_enabled":true},"categories":[12],"tags":[4124,5491,5244,5489,5490,5488],"jetpack_publicize_connections":[],"yoast_head":"<!-- This site is optimized with the Yoast SEO plugin v19.1 - https:\/\/yoast.com\/wordpress\/plugins\/seo\/ -->\n<title>Mali i Zi, duhet t\u00eb plot\u00ebsoj\u00eb kriteret p\u00ebr antar\u00ebsim n\u00eb BE - Lajme nga Ulqini<\/title>\n<meta name=\"description\" content=\"Burime nga Republika \u00e7eke, e cila do t\u00eb marr\u00eb m\u00eb 1 janar kryesimin e rradh\u00ebs t\u00eb BE-s\u00eb, sqarojn\u00eb se kandidatura e Malit t\u00eb Zi p\u00ebr antar\u00ebsim n\u00eb bashkim, do\" \/>\n<meta name=\"robots\" content=\"index, follow, max-snippet:-1, max-image-preview:large, max-video-preview:-1\" \/>\n<link rel=\"canonical\" href=\"https:\/\/www.visit-ulcinj.com\/blog\/2008\/12\/29\/mali-i-zi-duhet-te-plotesoje-kriteret-per-antaresim-ne-be\/\" \/>\n<meta property=\"og:locale\" content=\"en_US\" \/>\n<meta property=\"og:type\" content=\"article\" \/>\n<meta property=\"og:title\" content=\"Mali i Zi, duhet t\u00eb plot\u00ebsoj\u00eb kriteret p\u00ebr antar\u00ebsim n\u00eb BE - Lajme nga Ulqini\" \/>\n<meta property=\"og:description\" content=\"Burime nga Republika \u00e7eke, e cila do t\u00eb marr\u00eb m\u00eb 1 janar kryesimin e rradh\u00ebs t\u00eb BE-s\u00eb, sqarojn\u00eb se kandidatura e Malit t\u00eb Zi p\u00ebr antar\u00ebsim n\u00eb bashkim, do\" \/>\n<meta property=\"og:url\" content=\"https:\/\/www.visit-ulcinj.com\/blog\/2008\/12\/29\/mali-i-zi-duhet-te-plotesoje-kriteret-per-antaresim-ne-be\/\" \/>\n<meta property=\"og:site_name\" content=\"Lajme nga Ulqini\" \/>\n<meta property=\"article:published_time\" content=\"2008-12-29T18:59:35+00:00\" \/>\n<meta property=\"article:modified_time\" content=\"2008-12-29T19:00:42+00:00\" \/>\n<meta property=\"og:image\" content=\"http:\/\/www.visit-ulcinj.com\/blog\/wp-content\/uploads\/2008\/12\/europa.gif\" \/>\n<meta name=\"twitter:label1\" content=\"Written by\" \/>\n\t<meta name=\"twitter:data1\" content=\"ulqini\" \/>\n\t<meta name=\"twitter:label2\" content=\"Est. reading time\" \/>\n\t<meta name=\"twitter:data2\" content=\"1 minute\" \/>\n<script type=\"application\/ld+json\" class=\"yoast-schema-graph\">{\"@context\":\"https:\/\/schema.org\",\"@graph\":[{\"@type\":\"WebSite\",\"@id\":\"https:\/\/www.visit-ulcinj.com\/blog\/#website\",\"url\":\"https:\/\/www.visit-ulcinj.com\/blog\/\",\"name\":\"Lajme nga Ulqini\",\"description\":\"Lajme,Vijesti,Ulqini,Ulqin,Crna Gora,Mali i Zi\",\"potentialAction\":[{\"@type\":\"SearchAction\",\"target\":{\"@type\":\"EntryPoint\",\"urlTemplate\":\"https:\/\/www.visit-ulcinj.com\/blog\/?s={search_term_string}\"},\"query-input\":\"required name=search_term_string\"}],\"inLanguage\":\"en-US\"},{\"@type\":\"ImageObject\",\"inLanguage\":\"en-US\",\"@id\":\"https:\/\/www.visit-ulcinj.com\/blog\/2008\/12\/29\/mali-i-zi-duhet-te-plotesoje-kriteret-per-antaresim-ne-be\/#primaryimage\",\"url\":\"http:\/\/www.visit-ulcinj.com\/blog\/wp-content\/uploads\/2008\/12\/europa.gif\",\"contentUrl\":\"http:\/\/www.visit-ulcinj.com\/blog\/wp-content\/uploads\/2008\/12\/europa.gif\"},{\"@type\":\"WebPage\",\"@id\":\"https:\/\/www.visit-ulcinj.com\/blog\/2008\/12\/29\/mali-i-zi-duhet-te-plotesoje-kriteret-per-antaresim-ne-be\/#webpage\",\"url\":\"https:\/\/www.visit-ulcinj.com\/blog\/2008\/12\/29\/mali-i-zi-duhet-te-plotesoje-kriteret-per-antaresim-ne-be\/\",\"name\":\"Mali i Zi, duhet t\u00eb plot\u00ebsoj\u00eb kriteret p\u00ebr antar\u00ebsim n\u00eb BE - Lajme nga Ulqini\",\"isPartOf\":{\"@id\":\"https:\/\/www.visit-ulcinj.com\/blog\/#website\"},\"primaryImageOfPage\":{\"@id\":\"https:\/\/www.visit-ulcinj.com\/blog\/2008\/12\/29\/mali-i-zi-duhet-te-plotesoje-kriteret-per-antaresim-ne-be\/#primaryimage\"},\"datePublished\":\"2008-12-29T18:59:35+00:00\",\"dateModified\":\"2008-12-29T19:00:42+00:00\",\"author\":{\"@id\":\"https:\/\/www.visit-ulcinj.com\/blog\/#\/schema\/person\/dcab619c614d3038751c63bc2aadc06d\"},\"description\":\"Burime nga Republika \u00e7eke, e cila do t\u00eb marr\u00eb m\u00eb 1 janar kryesimin e rradh\u00ebs t\u00eb BE-s\u00eb, sqarojn\u00eb se kandidatura e Malit t\u00eb Zi p\u00ebr antar\u00ebsim n\u00eb bashkim, do\",\"breadcrumb\":{\"@id\":\"https:\/\/www.visit-ulcinj.com\/blog\/2008\/12\/29\/mali-i-zi-duhet-te-plotesoje-kriteret-per-antaresim-ne-be\/#breadcrumb\"},\"inLanguage\":\"en-US\",\"potentialAction\":[{\"@type\":\"ReadAction\",\"target\":[\"https:\/\/www.visit-ulcinj.com\/blog\/2008\/12\/29\/mali-i-zi-duhet-te-plotesoje-kriteret-per-antaresim-ne-be\/\"]}]},{\"@type\":\"BreadcrumbList\",\"@id\":\"https:\/\/www.visit-ulcinj.com\/blog\/2008\/12\/29\/mali-i-zi-duhet-te-plotesoje-kriteret-per-antaresim-ne-be\/#breadcrumb\",\"itemListElement\":[{\"@type\":\"ListItem\",\"position\":1,\"name\":\"Mali i Zi, duhet t\u00eb plot\u00ebsoj\u00eb kriteret p\u00ebr antar\u00ebsim n\u00eb BE\"}]},{\"@type\":\"Person\",\"@id\":\"https:\/\/www.visit-ulcinj.com\/blog\/#\/schema\/person\/dcab619c614d3038751c63bc2aadc06d\",\"name\":\"ulqini\",\"sameAs\":[\"http:\/\/www.visit-ulcinj.com\"],\"url\":\"https:\/\/www.visit-ulcinj.com\/blog\/author\/admin\/\"}]}<\/script>\n<!-- \/ Yoast SEO plugin. -->","yoast_head_json":{"title":"Mali i Zi, duhet t\u00eb plot\u00ebsoj\u00eb kriteret p\u00ebr antar\u00ebsim n\u00eb BE - Lajme nga Ulqini","description":"Burime nga Republika \u00e7eke, e cila do t\u00eb marr\u00eb m\u00eb 1 janar kryesimin e rradh\u00ebs t\u00eb BE-s\u00eb, sqarojn\u00eb se kandidatura e Malit t\u00eb Zi p\u00ebr antar\u00ebsim n\u00eb bashkim, do","robots":{"index":"index","follow":"follow","max-snippet":"max-snippet:-1","max-image-preview":"max-image-preview:large","max-video-preview":"max-video-preview:-1"},"canonical":"https:\/\/www.visit-ulcinj.com\/blog\/2008\/12\/29\/mali-i-zi-duhet-te-plotesoje-kriteret-per-antaresim-ne-be\/","og_locale":"en_US","og_type":"article","og_title":"Mali i Zi, duhet t\u00eb plot\u00ebsoj\u00eb kriteret p\u00ebr antar\u00ebsim n\u00eb BE - Lajme nga Ulqini","og_description":"Burime nga Republika \u00e7eke, e cila do t\u00eb marr\u00eb m\u00eb 1 janar kryesimin e rradh\u00ebs t\u00eb BE-s\u00eb, sqarojn\u00eb se kandidatura e Malit t\u00eb Zi p\u00ebr antar\u00ebsim n\u00eb bashkim, do","og_url":"https:\/\/www.visit-ulcinj.com\/blog\/2008\/12\/29\/mali-i-zi-duhet-te-plotesoje-kriteret-per-antaresim-ne-be\/","og_site_name":"Lajme nga Ulqini","article_published_time":"2008-12-29T18:59:35+00:00","article_modified_time":"2008-12-29T19:00:42+00:00","og_image":[{"url":"http:\/\/www.visit-ulcinj.com\/blog\/wp-content\/uploads\/2008\/12\/europa.gif"}],"twitter_misc":{"Written by":"ulqini","Est. reading time":"1 minute"},"schema":{"@context":"https:\/\/schema.org","@graph":[{"@type":"WebSite","@id":"https:\/\/www.visit-ulcinj.com\/blog\/#website","url":"https:\/\/www.visit-ulcinj.com\/blog\/","name":"Lajme nga Ulqini","description":"Lajme,Vijesti,Ulqini,Ulqin,Crna Gora,Mali i Zi","potentialAction":[{"@type":"SearchAction","target":{"@type":"EntryPoint","urlTemplate":"https:\/\/www.visit-ulcinj.com\/blog\/?s={search_term_string}"},"query-input":"required name=search_term_string"}],"inLanguage":"en-US"},{"@type":"ImageObject","inLanguage":"en-US","@id":"https:\/\/www.visit-ulcinj.com\/blog\/2008\/12\/29\/mali-i-zi-duhet-te-plotesoje-kriteret-per-antaresim-ne-be\/#primaryimage","url":"http:\/\/www.visit-ulcinj.com\/blog\/wp-content\/uploads\/2008\/12\/europa.gif","contentUrl":"http:\/\/www.visit-ulcinj.com\/blog\/wp-content\/uploads\/2008\/12\/europa.gif"},{"@type":"WebPage","@id":"https:\/\/www.visit-ulcinj.com\/blog\/2008\/12\/29\/mali-i-zi-duhet-te-plotesoje-kriteret-per-antaresim-ne-be\/#webpage","url":"https:\/\/www.visit-ulcinj.com\/blog\/2008\/12\/29\/mali-i-zi-duhet-te-plotesoje-kriteret-per-antaresim-ne-be\/","name":"Mali i Zi, duhet t\u00eb plot\u00ebsoj\u00eb kriteret p\u00ebr antar\u00ebsim n\u00eb BE - Lajme nga Ulqini","isPartOf":{"@id":"https:\/\/www.visit-ulcinj.com\/blog\/#website"},"primaryImageOfPage":{"@id":"https:\/\/www.visit-ulcinj.com\/blog\/2008\/12\/29\/mali-i-zi-duhet-te-plotesoje-kriteret-per-antaresim-ne-be\/#primaryimage"},"datePublished":"2008-12-29T18:59:35+00:00","dateModified":"2008-12-29T19:00:42+00:00","author":{"@id":"https:\/\/www.visit-ulcinj.com\/blog\/#\/schema\/person\/dcab619c614d3038751c63bc2aadc06d"},"description":"Burime nga Republika \u00e7eke, e cila do t\u00eb marr\u00eb m\u00eb 1 janar kryesimin e rradh\u00ebs t\u00eb BE-s\u00eb, sqarojn\u00eb se kandidatura e Malit t\u00eb Zi p\u00ebr antar\u00ebsim n\u00eb bashkim, do","breadcrumb":{"@id":"https:\/\/www.visit-ulcinj.com\/blog\/2008\/12\/29\/mali-i-zi-duhet-te-plotesoje-kriteret-per-antaresim-ne-be\/#breadcrumb"},"inLanguage":"en-US","potentialAction":[{"@type":"ReadAction","target":["https:\/\/www.visit-ulcinj.com\/blog\/2008\/12\/29\/mali-i-zi-duhet-te-plotesoje-kriteret-per-antaresim-ne-be\/"]}]},{"@type":"BreadcrumbList","@id":"https:\/\/www.visit-ulcinj.com\/blog\/2008\/12\/29\/mali-i-zi-duhet-te-plotesoje-kriteret-per-antaresim-ne-be\/#breadcrumb","itemListElement":[{"@type":"ListItem","position":1,"name":"Mali i Zi, duhet t\u00eb plot\u00ebsoj\u00eb kriteret p\u00ebr antar\u00ebsim n\u00eb BE"}]},{"@type":"Person","@id":"https:\/\/www.visit-ulcinj.com\/blog\/#\/schema\/person\/dcab619c614d3038751c63bc2aadc06d","name":"ulqini","sameAs":["http:\/\/www.visit-ulcinj.com"],"url":"https:\/\/www.visit-ulcinj.com\/blog\/author\/admin\/"}]}},"jetpack_featured_media_url":"","jetpack_sharing_enabled":true,"jetpack_shortlink":"https:\/\/wp.me\/pe6lTn-22w","_links":{"self":[{"href":"https:\/\/www.visit-ulcinj.com\/blog\/wp-json\/wp\/v2\/posts\/7844"}],"collection":[{"href":"https:\/\/www.visit-ulcinj.com\/blog\/wp-json\/wp\/v2\/posts"}],"about":[{"href":"https:\/\/www.visit-ulcinj.com\/blog\/wp-json\/wp\/v2\/types\/post"}],"author":[{"embeddable":true,"href":"https:\/\/www.visit-ulcinj.com\/blog\/wp-json\/wp\/v2\/users\/1"}],"replies":[{"embeddable":true,"href":"https:\/\/www.visit-ulcinj.com\/blog\/wp-json\/wp\/v2\/comments?post=7844"}],"version-history":[{"count":0,"href":"https:\/\/www.visit-ulcinj.com\/blog\/wp-json\/wp\/v2\/posts\/7844\/revisions"}],"wp:attachment":[{"href":"https:\/\/www.visit-ulcinj.com\/blog\/wp-json\/wp\/v2\/media?parent=7844"}],"wp:term":[{"taxonomy":"category","embeddable":true,"href":"https:\/\/www.visit-ulcinj.com\/blog\/wp-json\/wp\/v2\/categories?post=7844"},{"taxonomy":"post_tag","embeddable":true,"href":"https:\/\/www.visit-ulcinj.com\/blog\/wp-json\/wp\/v2\/tags?post=7844"}],"curies":[{"name":"wp","href":"https:\/\/api.w.org\/{rel}","templated":true}]}}