{"id":78451,"date":"2014-01-19T12:48:15","date_gmt":"2014-01-19T11:48:15","guid":{"rendered":"http:\/\/www.visit-ulcinj.com\/blog\/?p=78451"},"modified":"2014-01-19T12:48:15","modified_gmt":"2014-01-19T11:48:15","slug":"pozitivno-raditi-bejte-silver-korda","status":"publish","type":"post","link":"https:\/\/www.visit-ulcinj.com\/blog\/2014\/01\/19\/pozitivno-raditi-bejte-silver-korda\/","title":{"rendered":"Pozitivno Raditi &#8211; Bejte Silver Korda"},"content":{"rendered":"<p><a href=\"http:\/\/www.visit-ulcinj.com\/blog\/wp-content\/uploads\/2014\/01\/Silver-Korda-Kordic.jpg\"><img loading=\"lazy\" class=\"alignleft  wp-image-78452\" alt=\"Silver-Korda-Kordic\" src=\"http:\/\/www.visit-ulcinj.com\/blog\/wp-content\/uploads\/2014\/01\/Silver-Korda-Kordic.jpg\" width=\"508\" height=\"400\" \/><\/a>Dosta je bilo vi\u0161e govora s`brda-zdola-<br \/>\nsada vrijedi samo istina gola<\/p>\n<p>Ovom narodu treba povratak samopouzdanja-<br \/>\ndosta je bilo vi\u0161e la\u017ei i obe\u0107anja<\/p>\n<p>Vrijeme je zrelo za istinite promjene-<br \/>\nulcinjskoj privredi su za\u010depljene vene<\/p>\n<p>Jednakost, pravda i toleranc`ja-<br \/>\nda narodu bude kao garanc`ja<\/p>\n<p>Rodna ravnopravnost i odgovornost-<br \/>\nsti\u010de se samo uz jaku upornost<\/p>\n<p>Sloboda je dar Svevi\u0161nje volje-<br \/>\nali je ukidaju diktatori dolje<\/p>\n<p>Solidarnost je u stvari plod dijaloga-<br \/>\nali je ru\u0161i me\u0111uljudska nesloga<\/p>\n<p>I \u201eZelena\u201c vrijednost je Bo\u017eji dar-<br \/>\npolitika joj uze svu njenu \u010dar<\/p>\n<p>Interkulturalizam se ne jede i pije-<br \/>\nali je vrijednost naroda koji to umije<\/p>\n<p>Poljoprivreda je izvor koji nas hrani-<br \/>\nu Ulcinju su joj davno odbrojani dani<\/p>\n<p>Disajni organ Ulcinjana je turizam-<br \/>\nza lokalne matadore jo\u0161 uvijek marksizam<\/p>\n<p>Dijaspora se spominje samo pred izbore-<br \/>\no toj temi vladari samo kao alibi govore<\/p>\n<p>Manjinski narod je samo kusur pazara-<br \/>\nve\u0107inska Vlada ih samo frazama vara<\/p>\n<p>Gdje nezaposlenost omladine dominira-<br \/>\nstrukture boluju od stotinu \u010dira<\/p>\n<p>Ovo je sada poslednja nada-<br \/>\ni Pozitivna nije sa neba pala<\/p>\n<p>Nek narod glasa za pozitivna dijela-<br \/>\na ne za fraze: filozofija cijela!!!<\/p>\n<p>Zapadni narod pozitivno misli i radi-<br \/>\nzato se kod nas ru\u0161i, a kod njih Gradi<\/p>\n<p>Sve dok Ulcinj diriguju sa Durmitora-<br \/>\nne\u0107e biti stranih investitora.<\/p>\n<p>Evrointegracije, ekonomija i Kultura-<br \/>\nvrijednosti koje ne poznaju Lov\u0107en ni Mo\u017eura&#8230;<\/p>\n<p>Nema sumnje vi\u0161e da \u0107e biti Smjene-<br \/>\npitanje je samo: ho\u0107e li biti Promjene???<\/p>\n<div>\n<div id=\":1hb\" tabindex=\"0\" role=\"button\" data-tooltip=\"Afficher le contenu abr\u00e9g\u00e9\"><img alt=\"\" src=\"https:\/\/mail.google.com\/mail\/u\/0\/images\/cleardot.gif\" \/><\/div>\n<div tabindex=\"0\" role=\"button\" data-tooltip=\"Afficher le contenu abr\u00e9g\u00e9\"><strong>Silver Korda &#8211; Kordic<\/strong><\/div>\n<\/div>\n","protected":false},"excerpt":{"rendered":"<p>Dosta je bilo vi\u0161e govora s`brda-zdola- sada vrijedi samo istina gola Ovom narodu treba povratak samopouzdanja- dosta je bilo vi\u0161e la\u017ei i obe\u0107anja Vrijeme je zrelo za istinite promjene- ulcinjskoj privredi su za\u010depljene vene Jednakost, pravda i toleranc`ja- da narodu bude kao garanc`ja Rodna ravnopravnost i odgovornost- sti\u010de se samo uz jaku upornost Sloboda je [&hellip;]<\/p>\n","protected":false},"author":1,"featured_media":0,"comment_status":"closed","ping_status":"closed","sticky":false,"template":"","format":"standard","meta":{"spay_email":"","jetpack_publicize_message":"","jetpack_is_tweetstorm":false,"jetpack_publicize_feature_enabled":true},"categories":[8337],"tags":[],"jetpack_publicize_connections":[],"yoast_head":"<!-- This site is optimized with the Yoast SEO plugin v19.1 - https:\/\/yoast.com\/wordpress\/plugins\/seo\/ -->\n<title>Pozitivno Raditi - Bejte Silver Korda - Lajme nga Ulqini<\/title>\n<meta name=\"description\" content=\"Dosta je bilo vi\u0161e govora s`brda-zdola- sada vrijedi samo istina gola Ovom narodu treba povratak samopouzdanja- dosta je bilo vi\u0161e la\u017ei i obe\u0107anja Vrijeme\" \/>\n<meta name=\"robots\" content=\"index, follow, max-snippet:-1, max-image-preview:large, max-video-preview:-1\" \/>\n<link rel=\"canonical\" href=\"https:\/\/www.visit-ulcinj.com\/blog\/2014\/01\/19\/pozitivno-raditi-bejte-silver-korda\/\" \/>\n<meta property=\"og:locale\" content=\"en_US\" \/>\n<meta property=\"og:type\" content=\"article\" \/>\n<meta property=\"og:title\" content=\"Pozitivno Raditi - Bejte Silver Korda - Lajme nga Ulqini\" \/>\n<meta property=\"og:description\" content=\"Dosta je bilo vi\u0161e govora s`brda-zdola- sada vrijedi samo istina gola Ovom narodu treba povratak samopouzdanja- dosta je bilo vi\u0161e la\u017ei i obe\u0107anja Vrijeme\" \/>\n<meta property=\"og:url\" content=\"https:\/\/www.visit-ulcinj.com\/blog\/2014\/01\/19\/pozitivno-raditi-bejte-silver-korda\/\" \/>\n<meta property=\"og:site_name\" content=\"Lajme nga Ulqini\" \/>\n<meta property=\"article:published_time\" content=\"2014-01-19T11:48:15+00:00\" \/>\n<meta property=\"og:image\" content=\"http:\/\/www.visit-ulcinj.com\/blog\/wp-content\/uploads\/2014\/01\/Silver-Korda-Kordic.jpg\" \/>\n<meta name=\"twitter:label1\" content=\"Written by\" \/>\n\t<meta name=\"twitter:data1\" content=\"ulqini\" \/>\n\t<meta name=\"twitter:label2\" content=\"Est. reading time\" \/>\n\t<meta name=\"twitter:data2\" content=\"1 minute\" \/>\n<script type=\"application\/ld+json\" class=\"yoast-schema-graph\">{\"@context\":\"https:\/\/schema.org\",\"@graph\":[{\"@type\":\"WebSite\",\"@id\":\"https:\/\/www.visit-ulcinj.com\/blog\/#website\",\"url\":\"https:\/\/www.visit-ulcinj.com\/blog\/\",\"name\":\"Lajme nga Ulqini\",\"description\":\"Lajme,Vijesti,Ulqini,Ulqin,Crna Gora,Mali i Zi\",\"potentialAction\":[{\"@type\":\"SearchAction\",\"target\":{\"@type\":\"EntryPoint\",\"urlTemplate\":\"https:\/\/www.visit-ulcinj.com\/blog\/?s={search_term_string}\"},\"query-input\":\"required name=search_term_string\"}],\"inLanguage\":\"en-US\"},{\"@type\":\"ImageObject\",\"inLanguage\":\"en-US\",\"@id\":\"https:\/\/www.visit-ulcinj.com\/blog\/2014\/01\/19\/pozitivno-raditi-bejte-silver-korda\/#primaryimage\",\"url\":\"https:\/\/www.visit-ulcinj.com\/blog\/wp-content\/uploads\/2014\/01\/Silver-Korda-Kordic.jpg\",\"contentUrl\":\"https:\/\/www.visit-ulcinj.com\/blog\/wp-content\/uploads\/2014\/01\/Silver-Korda-Kordic.jpg\",\"width\":566,\"height\":568},{\"@type\":\"WebPage\",\"@id\":\"https:\/\/www.visit-ulcinj.com\/blog\/2014\/01\/19\/pozitivno-raditi-bejte-silver-korda\/#webpage\",\"url\":\"https:\/\/www.visit-ulcinj.com\/blog\/2014\/01\/19\/pozitivno-raditi-bejte-silver-korda\/\",\"name\":\"Pozitivno Raditi - Bejte Silver Korda - Lajme nga Ulqini\",\"isPartOf\":{\"@id\":\"https:\/\/www.visit-ulcinj.com\/blog\/#website\"},\"primaryImageOfPage\":{\"@id\":\"https:\/\/www.visit-ulcinj.com\/blog\/2014\/01\/19\/pozitivno-raditi-bejte-silver-korda\/#primaryimage\"},\"datePublished\":\"2014-01-19T11:48:15+00:00\",\"dateModified\":\"2014-01-19T11:48:15+00:00\",\"author\":{\"@id\":\"https:\/\/www.visit-ulcinj.com\/blog\/#\/schema\/person\/dcab619c614d3038751c63bc2aadc06d\"},\"description\":\"Dosta je bilo vi\u0161e govora s`brda-zdola- sada vrijedi samo istina gola Ovom narodu treba povratak samopouzdanja- dosta je bilo vi\u0161e la\u017ei i obe\u0107anja Vrijeme\",\"breadcrumb\":{\"@id\":\"https:\/\/www.visit-ulcinj.com\/blog\/2014\/01\/19\/pozitivno-raditi-bejte-silver-korda\/#breadcrumb\"},\"inLanguage\":\"en-US\",\"potentialAction\":[{\"@type\":\"ReadAction\",\"target\":[\"https:\/\/www.visit-ulcinj.com\/blog\/2014\/01\/19\/pozitivno-raditi-bejte-silver-korda\/\"]}]},{\"@type\":\"BreadcrumbList\",\"@id\":\"https:\/\/www.visit-ulcinj.com\/blog\/2014\/01\/19\/pozitivno-raditi-bejte-silver-korda\/#breadcrumb\",\"itemListElement\":[{\"@type\":\"ListItem\",\"position\":1,\"name\":\"Pozitivno Raditi &#8211; Bejte Silver Korda\"}]},{\"@type\":\"Person\",\"@id\":\"https:\/\/www.visit-ulcinj.com\/blog\/#\/schema\/person\/dcab619c614d3038751c63bc2aadc06d\",\"name\":\"ulqini\",\"sameAs\":[\"http:\/\/www.visit-ulcinj.com\"],\"url\":\"https:\/\/www.visit-ulcinj.com\/blog\/author\/admin\/\"}]}<\/script>\n<!-- \/ Yoast SEO plugin. -->","yoast_head_json":{"title":"Pozitivno Raditi - Bejte Silver Korda - Lajme nga Ulqini","description":"Dosta je bilo vi\u0161e govora s`brda-zdola- sada vrijedi samo istina gola Ovom narodu treba povratak samopouzdanja- dosta je bilo vi\u0161e la\u017ei i obe\u0107anja Vrijeme","robots":{"index":"index","follow":"follow","max-snippet":"max-snippet:-1","max-image-preview":"max-image-preview:large","max-video-preview":"max-video-preview:-1"},"canonical":"https:\/\/www.visit-ulcinj.com\/blog\/2014\/01\/19\/pozitivno-raditi-bejte-silver-korda\/","og_locale":"en_US","og_type":"article","og_title":"Pozitivno Raditi - Bejte Silver Korda - Lajme nga Ulqini","og_description":"Dosta je bilo vi\u0161e govora s`brda-zdola- sada vrijedi samo istina gola Ovom narodu treba povratak samopouzdanja- dosta je bilo vi\u0161e la\u017ei i obe\u0107anja Vrijeme","og_url":"https:\/\/www.visit-ulcinj.com\/blog\/2014\/01\/19\/pozitivno-raditi-bejte-silver-korda\/","og_site_name":"Lajme nga Ulqini","article_published_time":"2014-01-19T11:48:15+00:00","og_image":[{"url":"http:\/\/www.visit-ulcinj.com\/blog\/wp-content\/uploads\/2014\/01\/Silver-Korda-Kordic.jpg"}],"twitter_misc":{"Written by":"ulqini","Est. reading time":"1 minute"},"schema":{"@context":"https:\/\/schema.org","@graph":[{"@type":"WebSite","@id":"https:\/\/www.visit-ulcinj.com\/blog\/#website","url":"https:\/\/www.visit-ulcinj.com\/blog\/","name":"Lajme nga Ulqini","description":"Lajme,Vijesti,Ulqini,Ulqin,Crna Gora,Mali i Zi","potentialAction":[{"@type":"SearchAction","target":{"@type":"EntryPoint","urlTemplate":"https:\/\/www.visit-ulcinj.com\/blog\/?s={search_term_string}"},"query-input":"required name=search_term_string"}],"inLanguage":"en-US"},{"@type":"ImageObject","inLanguage":"en-US","@id":"https:\/\/www.visit-ulcinj.com\/blog\/2014\/01\/19\/pozitivno-raditi-bejte-silver-korda\/#primaryimage","url":"https:\/\/www.visit-ulcinj.com\/blog\/wp-content\/uploads\/2014\/01\/Silver-Korda-Kordic.jpg","contentUrl":"https:\/\/www.visit-ulcinj.com\/blog\/wp-content\/uploads\/2014\/01\/Silver-Korda-Kordic.jpg","width":566,"height":568},{"@type":"WebPage","@id":"https:\/\/www.visit-ulcinj.com\/blog\/2014\/01\/19\/pozitivno-raditi-bejte-silver-korda\/#webpage","url":"https:\/\/www.visit-ulcinj.com\/blog\/2014\/01\/19\/pozitivno-raditi-bejte-silver-korda\/","name":"Pozitivno Raditi - Bejte Silver Korda - Lajme nga Ulqini","isPartOf":{"@id":"https:\/\/www.visit-ulcinj.com\/blog\/#website"},"primaryImageOfPage":{"@id":"https:\/\/www.visit-ulcinj.com\/blog\/2014\/01\/19\/pozitivno-raditi-bejte-silver-korda\/#primaryimage"},"datePublished":"2014-01-19T11:48:15+00:00","dateModified":"2014-01-19T11:48:15+00:00","author":{"@id":"https:\/\/www.visit-ulcinj.com\/blog\/#\/schema\/person\/dcab619c614d3038751c63bc2aadc06d"},"description":"Dosta je bilo vi\u0161e govora s`brda-zdola- sada vrijedi samo istina gola Ovom narodu treba povratak samopouzdanja- dosta je bilo vi\u0161e la\u017ei i obe\u0107anja Vrijeme","breadcrumb":{"@id":"https:\/\/www.visit-ulcinj.com\/blog\/2014\/01\/19\/pozitivno-raditi-bejte-silver-korda\/#breadcrumb"},"inLanguage":"en-US","potentialAction":[{"@type":"ReadAction","target":["https:\/\/www.visit-ulcinj.com\/blog\/2014\/01\/19\/pozitivno-raditi-bejte-silver-korda\/"]}]},{"@type":"BreadcrumbList","@id":"https:\/\/www.visit-ulcinj.com\/blog\/2014\/01\/19\/pozitivno-raditi-bejte-silver-korda\/#breadcrumb","itemListElement":[{"@type":"ListItem","position":1,"name":"Pozitivno Raditi &#8211; Bejte Silver Korda"}]},{"@type":"Person","@id":"https:\/\/www.visit-ulcinj.com\/blog\/#\/schema\/person\/dcab619c614d3038751c63bc2aadc06d","name":"ulqini","sameAs":["http:\/\/www.visit-ulcinj.com"],"url":"https:\/\/www.visit-ulcinj.com\/blog\/author\/admin\/"}]}},"jetpack_featured_media_url":"","jetpack_sharing_enabled":true,"jetpack_shortlink":"https:\/\/wp.me\/pe6lTn-kpl","_links":{"self":[{"href":"https:\/\/www.visit-ulcinj.com\/blog\/wp-json\/wp\/v2\/posts\/78451"}],"collection":[{"href":"https:\/\/www.visit-ulcinj.com\/blog\/wp-json\/wp\/v2\/posts"}],"about":[{"href":"https:\/\/www.visit-ulcinj.com\/blog\/wp-json\/wp\/v2\/types\/post"}],"author":[{"embeddable":true,"href":"https:\/\/www.visit-ulcinj.com\/blog\/wp-json\/wp\/v2\/users\/1"}],"replies":[{"embeddable":true,"href":"https:\/\/www.visit-ulcinj.com\/blog\/wp-json\/wp\/v2\/comments?post=78451"}],"version-history":[{"count":1,"href":"https:\/\/www.visit-ulcinj.com\/blog\/wp-json\/wp\/v2\/posts\/78451\/revisions"}],"predecessor-version":[{"id":78453,"href":"https:\/\/www.visit-ulcinj.com\/blog\/wp-json\/wp\/v2\/posts\/78451\/revisions\/78453"}],"wp:attachment":[{"href":"https:\/\/www.visit-ulcinj.com\/blog\/wp-json\/wp\/v2\/media?parent=78451"}],"wp:term":[{"taxonomy":"category","embeddable":true,"href":"https:\/\/www.visit-ulcinj.com\/blog\/wp-json\/wp\/v2\/categories?post=78451"},{"taxonomy":"post_tag","embeddable":true,"href":"https:\/\/www.visit-ulcinj.com\/blog\/wp-json\/wp\/v2\/tags?post=78451"}],"curies":[{"name":"wp","href":"https:\/\/api.w.org\/{rel}","templated":true}]}}