{"id":78468,"date":"2014-01-19T16:06:28","date_gmt":"2014-01-19T15:06:28","guid":{"rendered":"http:\/\/www.visit-ulcinj.com\/blog\/?p=78468"},"modified":"2014-01-19T16:06:28","modified_gmt":"2014-01-19T15:06:28","slug":"saopstenje-oo-dps-ulcinj-nasa-vizija-ulcinja","status":"publish","type":"post","link":"https:\/\/www.visit-ulcinj.com\/blog\/2014\/01\/19\/saopstenje-oo-dps-ulcinj-nasa-vizija-ulcinja\/","title":{"rendered":"Saop\u0161tenje OO DPS Ulcinj: Na\u0161a vizija Ulcinja"},"content":{"rendered":"<p><strong><a href=\"http:\/\/www.visit-ulcinj.com\/blog\/wp-content\/uploads\/2014\/01\/OO-DPS-Ulcinj-CG.png\"><img loading=\"lazy\" class=\"alignleft size-full wp-image-78469\" alt=\"OO DPS Ulcinj-CG\" src=\"http:\/\/www.visit-ulcinj.com\/blog\/wp-content\/uploads\/2014\/01\/OO-DPS-Ulcinj-CG.png\" width=\"299\" height=\"177\" \/><\/a>Saop\u0161tenje Op\u0161tinskog odbora Demokratske partije socijalista Ulcinj: Na\u0161a vizija Ulcinja<\/strong><\/p>\n<p>Nalazimo se pred veoma va\u017enim izborima. Imamo \u0161ansu da Ulcinj u\u010dinimo ljep\u0161im gradom i da svima omogu\u0107imo ve\u0107i kvalitet \u017eivota. Ovi izbori mogu definisati budu\u0107nost na\u0161eg grada. DPS nudi najbolji program, najbolja rje\u0161enja i najbolje stru\u010dnjake.<\/p>\n<p>Na\u0161a vizija je da Ulcinj bude grad u koji se dolazi i iz koga mladi ne odlaze, grad koji \u0107e i\u0107i naprijed u svim sferama dru\u0161tvenog zivota.<\/p>\n<p>Cilj na\u0161eg programa je za\u0161tita interesa gra\u0111ana, ja\u010danje dru\u0161tvenog i ekonomskog povjerenja, obezbje\u0111ivanje uslova za vi\u0161u stopu privrednog rasta.<\/p>\n<p>Ulcinj mora biti uzor svima. Na\u0161i prirodni resursi su nam na dohvat ruke, zato sada imamo \u0161ansu da ih iskoristimo kao \u0161to su to radile op\u0161tine Bar, Budva, Tivat, Kotor. Isti stepen razvoja mo\u017eemo posti\u0107i i mi u Ulcinju, uz planirane projekte i valorizaciju ljudskih i prirodnih resursa. Vrijeme je da i mi po\u010dnemo funksionisati kao prava lokalna samouprava u interesu gra\u0111ana i koriste\u0107i sve na\u0161e resurse radimo na razvoju Ulcinja.<\/p>\n<p>Na\u0161 prioritet je zapo\u0161ljavanje mladih na na\u010din \u0161to \u0107emo kreirati nova radna mjesta. Razvi\u0107emo turizam sa akcentom na elitni turizam i zdravstveni turizam. Iskoristi\u0107emo kompletno podru\u010dje Ulcinja za izgradnju hotela visokih kategorija, ali prije toga treba uspostaviti funkcionalnu infrastrukturu i tako stvoriti ambijent za strane investiture, a sve ovo kroz saradnju sa resornim ministarstvima.<\/p>\n<p>Razvi\u0107emo poljoprivredu i sto\u010darstvo Ulcinja kroz ulaganja u projekte kao \u0161to su sadnja maslina, loze i citrusa, koji su strate\u0161ke poljoprivredne kulture u procesu pristupanja EU, kroz izgradnju sabirnog centra za otkup, pripremu i sortiranje kvalitetnih plodova za \u0161iroko tr\u017ei\u0161te i preradu tr\u017ei\u0161nih vi\u0161kova\u00a0 u odgovaraju\u0107im pogonima u koje treba investirati, kroz organizovanje otkupa mlijeka i proizvod mlje\u010dnih prera\u0111evina, itd.<\/p>\n<p>Zavr\u0161i\u0107emo prostorno-urbanisti\u010dki planove i hitno donijeti detaljne urbanisti\u010dke planove. Radi\u0107emo na obezbje\u0111ivanju izvora finansiranja razvojnih projekata i njihovoj realizaciji.<\/p>\n<p>Radi\u0107emo na razvoju infrastrukture\u00a0 kroz projekte izgradnje puteva, odr\u017eavanja grada, izgradnju parking prostora, regulisanje signalizacije&#8230;<\/p>\n<p>Na\u0161 Ulcinj treba da bude grad jednakih \u0161ansi za sve, a to \u0107emo obezbijediti kroz razli\u010dite servise i ustanove, \u010diji cilj treba da bude smanjenje socijalne isklju\u010divosti, stvaranje boljih uslova za osobe sa invaliditetom i njihovo uklju\u010divanje u sve segmente gradskog \u017eivota.<\/p>\n<p>Osim zapo\u0161ljavanja mladih, radi\u0107emo i na obezbje\u0111ivanju boljih uslova za obrazovanje djece i mladih, kao i za kvalitenije iskori\u0161\u0107avanje njihovog slobodnog vremena, kroz razvoj i podr\u0161ku kulturnih i sportskih projekata.<\/p>\n<p>Ovo, kao i sve ostalo \u0161to je predvi\u0111eno\u00a0 izbornim programom DPS bi\u0107e uvr\u0161teno u Strate\u0161ki plan razvoja grada, koji u Ulcinju nikada nije ura\u0111en.<\/p>\n<p>DPS je partija sa najboljim izbornim programom i najstru\u010dnijim ljudima, koji ovaj grad mogu da dovedu do nivoa najrazvijenijih gradova u Crnoj Gori. Garantujemo da \u0107emo ciljeve koje smo postavili na\u0161im programom\u00a0 realizovati.<\/p>\n<p>Samo mi zajedno sa vama mo\u017eemo posti\u0107i ciljeve koje smo postavili. Zajedno mo\u017eemo izgraditi dru\u0161tvo vrijedno po\u0161tovanja.<\/p>\n<p>NAPRIJED DA POBJEDI ULCINJ &#8211; DPS\u00a0 MILO \u0110UKANOVI\u0106!<\/p>\n<p>&nbsp;<\/p>\n<p><strong>Op\u0161tinski odbor DPS Ulcinj<\/strong><\/p>\n","protected":false},"excerpt":{"rendered":"<p>Saop\u0161tenje Op\u0161tinskog odbora Demokratske partije socijalista Ulcinj: Na\u0161a vizija Ulcinja Nalazimo se pred veoma va\u017enim izborima. Imamo \u0161ansu da Ulcinj u\u010dinimo ljep\u0161im gradom i da svima omogu\u0107imo ve\u0107i kvalitet \u017eivota. Ovi izbori mogu definisati budu\u0107nost na\u0161eg grada. DPS nudi najbolji program, najbolja rje\u0161enja i najbolje stru\u010dnjake. Na\u0161a vizija je da Ulcinj bude grad u koji [&hellip;]<\/p>\n","protected":false},"author":1,"featured_media":0,"comment_status":"closed","ping_status":"closed","sticky":false,"template":"","format":"standard","meta":{"spay_email":"","jetpack_publicize_message":"","jetpack_is_tweetstorm":false,"jetpack_publicize_feature_enabled":true},"categories":[8337],"tags":[],"jetpack_publicize_connections":[],"yoast_head":"<!-- This site is optimized with the Yoast SEO plugin v19.1 - https:\/\/yoast.com\/wordpress\/plugins\/seo\/ -->\n<title>Saop\u0161tenje OO DPS Ulcinj: Na\u0161a vizija Ulcinja - Lajme nga Ulqini<\/title>\n<meta name=\"description\" content=\"Saop\u0161tenje Op\u0161tinskog odbora Demokratske partije socijalista Ulcinj: Na\u0161a vizija Ulcinja Nalazimo se pred veoma va\u017enim izborima. Imamo \u0161ansu da Ulcinj\" \/>\n<meta name=\"robots\" content=\"index, follow, max-snippet:-1, max-image-preview:large, max-video-preview:-1\" \/>\n<link rel=\"canonical\" href=\"https:\/\/www.visit-ulcinj.com\/blog\/2014\/01\/19\/saopstenje-oo-dps-ulcinj-nasa-vizija-ulcinja\/\" \/>\n<meta property=\"og:locale\" content=\"en_US\" \/>\n<meta property=\"og:type\" content=\"article\" \/>\n<meta property=\"og:title\" content=\"Saop\u0161tenje OO DPS Ulcinj: Na\u0161a vizija Ulcinja - Lajme nga Ulqini\" \/>\n<meta property=\"og:description\" content=\"Saop\u0161tenje Op\u0161tinskog odbora Demokratske partije socijalista Ulcinj: Na\u0161a vizija Ulcinja Nalazimo se pred veoma va\u017enim izborima. Imamo \u0161ansu da Ulcinj\" \/>\n<meta property=\"og:url\" content=\"https:\/\/www.visit-ulcinj.com\/blog\/2014\/01\/19\/saopstenje-oo-dps-ulcinj-nasa-vizija-ulcinja\/\" \/>\n<meta property=\"og:site_name\" content=\"Lajme nga Ulqini\" \/>\n<meta property=\"article:published_time\" content=\"2014-01-19T15:06:28+00:00\" \/>\n<meta property=\"og:image\" content=\"http:\/\/www.visit-ulcinj.com\/blog\/wp-content\/uploads\/2014\/01\/OO-DPS-Ulcinj-CG.png\" \/>\n<meta name=\"twitter:label1\" content=\"Written by\" \/>\n\t<meta name=\"twitter:data1\" content=\"ulqini\" \/>\n\t<meta name=\"twitter:label2\" content=\"Est. reading time\" \/>\n\t<meta name=\"twitter:data2\" content=\"3 minutes\" \/>\n<script type=\"application\/ld+json\" class=\"yoast-schema-graph\">{\"@context\":\"https:\/\/schema.org\",\"@graph\":[{\"@type\":\"WebSite\",\"@id\":\"https:\/\/www.visit-ulcinj.com\/blog\/#website\",\"url\":\"https:\/\/www.visit-ulcinj.com\/blog\/\",\"name\":\"Lajme nga Ulqini\",\"description\":\"Lajme,Vijesti,Ulqini,Ulqin,Crna Gora,Mali i Zi\",\"potentialAction\":[{\"@type\":\"SearchAction\",\"target\":{\"@type\":\"EntryPoint\",\"urlTemplate\":\"https:\/\/www.visit-ulcinj.com\/blog\/?s={search_term_string}\"},\"query-input\":\"required name=search_term_string\"}],\"inLanguage\":\"en-US\"},{\"@type\":\"ImageObject\",\"inLanguage\":\"en-US\",\"@id\":\"https:\/\/www.visit-ulcinj.com\/blog\/2014\/01\/19\/saopstenje-oo-dps-ulcinj-nasa-vizija-ulcinja\/#primaryimage\",\"url\":\"https:\/\/www.visit-ulcinj.com\/blog\/wp-content\/uploads\/2014\/01\/OO-DPS-Ulcinj-CG.png\",\"contentUrl\":\"https:\/\/www.visit-ulcinj.com\/blog\/wp-content\/uploads\/2014\/01\/OO-DPS-Ulcinj-CG.png\",\"width\":299,\"height\":177},{\"@type\":\"WebPage\",\"@id\":\"https:\/\/www.visit-ulcinj.com\/blog\/2014\/01\/19\/saopstenje-oo-dps-ulcinj-nasa-vizija-ulcinja\/#webpage\",\"url\":\"https:\/\/www.visit-ulcinj.com\/blog\/2014\/01\/19\/saopstenje-oo-dps-ulcinj-nasa-vizija-ulcinja\/\",\"name\":\"Saop\u0161tenje OO DPS Ulcinj: Na\u0161a vizija Ulcinja - Lajme nga Ulqini\",\"isPartOf\":{\"@id\":\"https:\/\/www.visit-ulcinj.com\/blog\/#website\"},\"primaryImageOfPage\":{\"@id\":\"https:\/\/www.visit-ulcinj.com\/blog\/2014\/01\/19\/saopstenje-oo-dps-ulcinj-nasa-vizija-ulcinja\/#primaryimage\"},\"datePublished\":\"2014-01-19T15:06:28+00:00\",\"dateModified\":\"2014-01-19T15:06:28+00:00\",\"author\":{\"@id\":\"https:\/\/www.visit-ulcinj.com\/blog\/#\/schema\/person\/dcab619c614d3038751c63bc2aadc06d\"},\"description\":\"Saop\u0161tenje Op\u0161tinskog odbora Demokratske partije socijalista Ulcinj: Na\u0161a vizija Ulcinja Nalazimo se pred veoma va\u017enim izborima. Imamo \u0161ansu da Ulcinj\",\"breadcrumb\":{\"@id\":\"https:\/\/www.visit-ulcinj.com\/blog\/2014\/01\/19\/saopstenje-oo-dps-ulcinj-nasa-vizija-ulcinja\/#breadcrumb\"},\"inLanguage\":\"en-US\",\"potentialAction\":[{\"@type\":\"ReadAction\",\"target\":[\"https:\/\/www.visit-ulcinj.com\/blog\/2014\/01\/19\/saopstenje-oo-dps-ulcinj-nasa-vizija-ulcinja\/\"]}]},{\"@type\":\"BreadcrumbList\",\"@id\":\"https:\/\/www.visit-ulcinj.com\/blog\/2014\/01\/19\/saopstenje-oo-dps-ulcinj-nasa-vizija-ulcinja\/#breadcrumb\",\"itemListElement\":[{\"@type\":\"ListItem\",\"position\":1,\"name\":\"Saop\u0161tenje OO DPS Ulcinj: Na\u0161a vizija Ulcinja\"}]},{\"@type\":\"Person\",\"@id\":\"https:\/\/www.visit-ulcinj.com\/blog\/#\/schema\/person\/dcab619c614d3038751c63bc2aadc06d\",\"name\":\"ulqini\",\"sameAs\":[\"http:\/\/www.visit-ulcinj.com\"],\"url\":\"https:\/\/www.visit-ulcinj.com\/blog\/author\/admin\/\"}]}<\/script>\n<!-- \/ Yoast SEO plugin. -->","yoast_head_json":{"title":"Saop\u0161tenje OO DPS Ulcinj: Na\u0161a vizija Ulcinja - Lajme nga Ulqini","description":"Saop\u0161tenje Op\u0161tinskog odbora Demokratske partije socijalista Ulcinj: Na\u0161a vizija Ulcinja Nalazimo se pred veoma va\u017enim izborima. Imamo \u0161ansu da Ulcinj","robots":{"index":"index","follow":"follow","max-snippet":"max-snippet:-1","max-image-preview":"max-image-preview:large","max-video-preview":"max-video-preview:-1"},"canonical":"https:\/\/www.visit-ulcinj.com\/blog\/2014\/01\/19\/saopstenje-oo-dps-ulcinj-nasa-vizija-ulcinja\/","og_locale":"en_US","og_type":"article","og_title":"Saop\u0161tenje OO DPS Ulcinj: Na\u0161a vizija Ulcinja - Lajme nga Ulqini","og_description":"Saop\u0161tenje Op\u0161tinskog odbora Demokratske partije socijalista Ulcinj: Na\u0161a vizija Ulcinja Nalazimo se pred veoma va\u017enim izborima. Imamo \u0161ansu da Ulcinj","og_url":"https:\/\/www.visit-ulcinj.com\/blog\/2014\/01\/19\/saopstenje-oo-dps-ulcinj-nasa-vizija-ulcinja\/","og_site_name":"Lajme nga Ulqini","article_published_time":"2014-01-19T15:06:28+00:00","og_image":[{"url":"http:\/\/www.visit-ulcinj.com\/blog\/wp-content\/uploads\/2014\/01\/OO-DPS-Ulcinj-CG.png"}],"twitter_misc":{"Written by":"ulqini","Est. reading time":"3 minutes"},"schema":{"@context":"https:\/\/schema.org","@graph":[{"@type":"WebSite","@id":"https:\/\/www.visit-ulcinj.com\/blog\/#website","url":"https:\/\/www.visit-ulcinj.com\/blog\/","name":"Lajme nga Ulqini","description":"Lajme,Vijesti,Ulqini,Ulqin,Crna Gora,Mali i Zi","potentialAction":[{"@type":"SearchAction","target":{"@type":"EntryPoint","urlTemplate":"https:\/\/www.visit-ulcinj.com\/blog\/?s={search_term_string}"},"query-input":"required name=search_term_string"}],"inLanguage":"en-US"},{"@type":"ImageObject","inLanguage":"en-US","@id":"https:\/\/www.visit-ulcinj.com\/blog\/2014\/01\/19\/saopstenje-oo-dps-ulcinj-nasa-vizija-ulcinja\/#primaryimage","url":"https:\/\/www.visit-ulcinj.com\/blog\/wp-content\/uploads\/2014\/01\/OO-DPS-Ulcinj-CG.png","contentUrl":"https:\/\/www.visit-ulcinj.com\/blog\/wp-content\/uploads\/2014\/01\/OO-DPS-Ulcinj-CG.png","width":299,"height":177},{"@type":"WebPage","@id":"https:\/\/www.visit-ulcinj.com\/blog\/2014\/01\/19\/saopstenje-oo-dps-ulcinj-nasa-vizija-ulcinja\/#webpage","url":"https:\/\/www.visit-ulcinj.com\/blog\/2014\/01\/19\/saopstenje-oo-dps-ulcinj-nasa-vizija-ulcinja\/","name":"Saop\u0161tenje OO DPS Ulcinj: Na\u0161a vizija Ulcinja - Lajme nga Ulqini","isPartOf":{"@id":"https:\/\/www.visit-ulcinj.com\/blog\/#website"},"primaryImageOfPage":{"@id":"https:\/\/www.visit-ulcinj.com\/blog\/2014\/01\/19\/saopstenje-oo-dps-ulcinj-nasa-vizija-ulcinja\/#primaryimage"},"datePublished":"2014-01-19T15:06:28+00:00","dateModified":"2014-01-19T15:06:28+00:00","author":{"@id":"https:\/\/www.visit-ulcinj.com\/blog\/#\/schema\/person\/dcab619c614d3038751c63bc2aadc06d"},"description":"Saop\u0161tenje Op\u0161tinskog odbora Demokratske partije socijalista Ulcinj: Na\u0161a vizija Ulcinja Nalazimo se pred veoma va\u017enim izborima. Imamo \u0161ansu da Ulcinj","breadcrumb":{"@id":"https:\/\/www.visit-ulcinj.com\/blog\/2014\/01\/19\/saopstenje-oo-dps-ulcinj-nasa-vizija-ulcinja\/#breadcrumb"},"inLanguage":"en-US","potentialAction":[{"@type":"ReadAction","target":["https:\/\/www.visit-ulcinj.com\/blog\/2014\/01\/19\/saopstenje-oo-dps-ulcinj-nasa-vizija-ulcinja\/"]}]},{"@type":"BreadcrumbList","@id":"https:\/\/www.visit-ulcinj.com\/blog\/2014\/01\/19\/saopstenje-oo-dps-ulcinj-nasa-vizija-ulcinja\/#breadcrumb","itemListElement":[{"@type":"ListItem","position":1,"name":"Saop\u0161tenje OO DPS Ulcinj: Na\u0161a vizija Ulcinja"}]},{"@type":"Person","@id":"https:\/\/www.visit-ulcinj.com\/blog\/#\/schema\/person\/dcab619c614d3038751c63bc2aadc06d","name":"ulqini","sameAs":["http:\/\/www.visit-ulcinj.com"],"url":"https:\/\/www.visit-ulcinj.com\/blog\/author\/admin\/"}]}},"jetpack_featured_media_url":"","jetpack_sharing_enabled":true,"jetpack_shortlink":"https:\/\/wp.me\/pe6lTn-kpC","_links":{"self":[{"href":"https:\/\/www.visit-ulcinj.com\/blog\/wp-json\/wp\/v2\/posts\/78468"}],"collection":[{"href":"https:\/\/www.visit-ulcinj.com\/blog\/wp-json\/wp\/v2\/posts"}],"about":[{"href":"https:\/\/www.visit-ulcinj.com\/blog\/wp-json\/wp\/v2\/types\/post"}],"author":[{"embeddable":true,"href":"https:\/\/www.visit-ulcinj.com\/blog\/wp-json\/wp\/v2\/users\/1"}],"replies":[{"embeddable":true,"href":"https:\/\/www.visit-ulcinj.com\/blog\/wp-json\/wp\/v2\/comments?post=78468"}],"version-history":[{"count":1,"href":"https:\/\/www.visit-ulcinj.com\/blog\/wp-json\/wp\/v2\/posts\/78468\/revisions"}],"predecessor-version":[{"id":78470,"href":"https:\/\/www.visit-ulcinj.com\/blog\/wp-json\/wp\/v2\/posts\/78468\/revisions\/78470"}],"wp:attachment":[{"href":"https:\/\/www.visit-ulcinj.com\/blog\/wp-json\/wp\/v2\/media?parent=78468"}],"wp:term":[{"taxonomy":"category","embeddable":true,"href":"https:\/\/www.visit-ulcinj.com\/blog\/wp-json\/wp\/v2\/categories?post=78468"},{"taxonomy":"post_tag","embeddable":true,"href":"https:\/\/www.visit-ulcinj.com\/blog\/wp-json\/wp\/v2\/tags?post=78468"}],"curies":[{"name":"wp","href":"https:\/\/api.w.org\/{rel}","templated":true}]}}