{"id":78471,"date":"2014-01-19T16:11:27","date_gmt":"2014-01-19T15:11:27","guid":{"rendered":"http:\/\/www.visit-ulcinj.com\/blog\/?p=78471"},"modified":"2014-01-19T16:11:27","modified_gmt":"2014-01-19T15:11:27","slug":"sastanak-zenske-alijanse-u-ulcinju","status":"publish","type":"post","link":"https:\/\/www.visit-ulcinj.com\/blog\/2014\/01\/19\/sastanak-zenske-alijanse-u-ulcinju\/","title":{"rendered":"Sastanak \u017denske alijanse u Ulcinju"},"content":{"rendered":"<p><a href=\"http:\/\/www.visit-ulcinj.com\/blog\/wp-content\/uploads\/2014\/01\/Radni-Sastanak_ZADa_u_Ulcinju_12_2014.jpg\"><img loading=\"lazy\" class=\"alignleft  wp-image-78472\" alt=\"Radni-Sastanak_ZADa_u_Ulcinju_12_2014\" src=\"http:\/\/www.visit-ulcinj.com\/blog\/wp-content\/uploads\/2014\/01\/Radni-Sastanak_ZADa_u_Ulcinju_12_2014.jpg\" width=\"508\" height=\"360\" \/><\/a>Predsjednica \u017dAD-a Crne Gore Daliborka Pejovi\u0107, potpredsjednica Maja \u0106atovi\u0107 i \u010dlanica Predsjedni\u0161tva Sanja Vlahovi\u0107 boravile su u radnoj posjeti u Ulcinju.<\/p>\n<p>Predsjednica \u017dAD-a Ulcinja Majlinda Duraku, istakla je da \u017eene imaju va\u017enu ulogu u politi\u010dkom \u017eivotu Ulcinja i da svojim anga\u017eovanjem i kreativno\u0161\u0107u rade u cilju pobolj\u0161anja kvaliteta \u017eivota \u017eena i dru\u0161tva u cijelini.<\/p>\n<p>Predsjednik Op\u0161tinskog odbora DPS-a Ulcinj Loro Nreki\u0107 je podr\u017eao napore koje \u010dine \u017eene u ovom OO DPS Ulcinj, kako bi izborna pobjeda bila ubjedljivija.<\/p>\n<p>\u0106atovi\u0107 i Vlahovi\u0107 su pozitivno ocjenili u\u010de\u0161\u0107e \u017eena u politici u Ulcinju, osobito u na\u0161oj partiji, i smatraju da \u017eena ima va\u017enu ulogu u dru\u0161tvu ne samo kao majka, supruga, sestra, \u0107erka, ve\u0107 i kao politi\u010darka.<\/p>\n<p>Na kraju, predsjednica \u017dAD-a Daliborka Pejovi\u0107, istakla je da \u017eene u DPS-u u Ulcinju imaju ogromnu podr\u0161ku Op\u0161tinskog odbora, predsjednika, kao i kompletne centrale a to dokazuje da je pored predsjednice \u017dAD-a, i predsjednica Savjeta mladih \u017eena.<\/p>\n<p>Dodala je da \u017eene nemaju pravo da ne \u017eele da budu dio politi\u010dke utakmice\u201a i da je dodatni impuls dobar rezultat koji je ostvaren na lokalnim izborima u Mojkovcu, Cetinju i Petnjici.<\/p>\n<p><strong>Izvor: DPS<\/strong><\/p>\n","protected":false},"excerpt":{"rendered":"<p>Predsjednica \u017dAD-a Crne Gore Daliborka Pejovi\u0107, potpredsjednica Maja \u0106atovi\u0107 i \u010dlanica Predsjedni\u0161tva Sanja Vlahovi\u0107 boravile su u radnoj posjeti u Ulcinju. Predsjednica \u017dAD-a Ulcinja Majlinda Duraku, istakla je da \u017eene imaju va\u017enu ulogu u politi\u010dkom \u017eivotu Ulcinja i da svojim anga\u017eovanjem i kreativno\u0161\u0107u rade u cilju pobolj\u0161anja kvaliteta \u017eivota \u017eena i dru\u0161tva u cijelini. Predsjednik [&hellip;]<\/p>\n","protected":false},"author":1,"featured_media":0,"comment_status":"closed","ping_status":"closed","sticky":false,"template":"","format":"standard","meta":{"spay_email":"","jetpack_publicize_message":"","jetpack_is_tweetstorm":false,"jetpack_publicize_feature_enabled":true},"categories":[8337],"tags":[],"jetpack_publicize_connections":[],"yoast_head":"<!-- This site is optimized with the Yoast SEO plugin v19.1 - https:\/\/yoast.com\/wordpress\/plugins\/seo\/ -->\n<title>Sastanak \u017denske alijanse u Ulcinju - Lajme nga Ulqini<\/title>\n<meta name=\"description\" content=\"Predsjednica \u017dAD-a Crne Gore Daliborka Pejovi\u0107, potpredsjednica Maja \u0106atovi\u0107 i \u010dlanica Predsjedni\u0161tva Sanja Vlahovi\u0107 boravile su u radnoj posjeti u\" \/>\n<meta name=\"robots\" content=\"index, follow, max-snippet:-1, max-image-preview:large, max-video-preview:-1\" \/>\n<link rel=\"canonical\" href=\"https:\/\/www.visit-ulcinj.com\/blog\/2014\/01\/19\/sastanak-zenske-alijanse-u-ulcinju\/\" \/>\n<meta property=\"og:locale\" content=\"en_US\" \/>\n<meta property=\"og:type\" content=\"article\" \/>\n<meta property=\"og:title\" content=\"Sastanak \u017denske alijanse u Ulcinju - Lajme nga Ulqini\" \/>\n<meta property=\"og:description\" content=\"Predsjednica \u017dAD-a Crne Gore Daliborka Pejovi\u0107, potpredsjednica Maja \u0106atovi\u0107 i \u010dlanica Predsjedni\u0161tva Sanja Vlahovi\u0107 boravile su u radnoj posjeti u\" \/>\n<meta property=\"og:url\" content=\"https:\/\/www.visit-ulcinj.com\/blog\/2014\/01\/19\/sastanak-zenske-alijanse-u-ulcinju\/\" \/>\n<meta property=\"og:site_name\" content=\"Lajme nga Ulqini\" \/>\n<meta property=\"article:published_time\" content=\"2014-01-19T15:11:27+00:00\" \/>\n<meta property=\"og:image\" content=\"http:\/\/www.visit-ulcinj.com\/blog\/wp-content\/uploads\/2014\/01\/Radni-Sastanak_ZADa_u_Ulcinju_12_2014.jpg\" \/>\n<meta name=\"twitter:label1\" content=\"Written by\" \/>\n\t<meta name=\"twitter:data1\" content=\"ulqini\" \/>\n\t<meta name=\"twitter:label2\" content=\"Est. reading time\" \/>\n\t<meta name=\"twitter:data2\" content=\"1 minute\" \/>\n<script type=\"application\/ld+json\" class=\"yoast-schema-graph\">{\"@context\":\"https:\/\/schema.org\",\"@graph\":[{\"@type\":\"WebSite\",\"@id\":\"https:\/\/www.visit-ulcinj.com\/blog\/#website\",\"url\":\"https:\/\/www.visit-ulcinj.com\/blog\/\",\"name\":\"Lajme nga Ulqini\",\"description\":\"Lajme,Vijesti,Ulqini,Ulqin,Crna Gora,Mali i Zi\",\"potentialAction\":[{\"@type\":\"SearchAction\",\"target\":{\"@type\":\"EntryPoint\",\"urlTemplate\":\"https:\/\/www.visit-ulcinj.com\/blog\/?s={search_term_string}\"},\"query-input\":\"required name=search_term_string\"}],\"inLanguage\":\"en-US\"},{\"@type\":\"ImageObject\",\"inLanguage\":\"en-US\",\"@id\":\"https:\/\/www.visit-ulcinj.com\/blog\/2014\/01\/19\/sastanak-zenske-alijanse-u-ulcinju\/#primaryimage\",\"url\":\"https:\/\/www.visit-ulcinj.com\/blog\/wp-content\/uploads\/2014\/01\/Radni-Sastanak_ZADa_u_Ulcinju_12_2014.jpg\",\"contentUrl\":\"https:\/\/www.visit-ulcinj.com\/blog\/wp-content\/uploads\/2014\/01\/Radni-Sastanak_ZADa_u_Ulcinju_12_2014.jpg\",\"width\":800,\"height\":450},{\"@type\":\"WebPage\",\"@id\":\"https:\/\/www.visit-ulcinj.com\/blog\/2014\/01\/19\/sastanak-zenske-alijanse-u-ulcinju\/#webpage\",\"url\":\"https:\/\/www.visit-ulcinj.com\/blog\/2014\/01\/19\/sastanak-zenske-alijanse-u-ulcinju\/\",\"name\":\"Sastanak \u017denske alijanse u Ulcinju - Lajme nga Ulqini\",\"isPartOf\":{\"@id\":\"https:\/\/www.visit-ulcinj.com\/blog\/#website\"},\"primaryImageOfPage\":{\"@id\":\"https:\/\/www.visit-ulcinj.com\/blog\/2014\/01\/19\/sastanak-zenske-alijanse-u-ulcinju\/#primaryimage\"},\"datePublished\":\"2014-01-19T15:11:27+00:00\",\"dateModified\":\"2014-01-19T15:11:27+00:00\",\"author\":{\"@id\":\"https:\/\/www.visit-ulcinj.com\/blog\/#\/schema\/person\/dcab619c614d3038751c63bc2aadc06d\"},\"description\":\"Predsjednica \u017dAD-a Crne Gore Daliborka Pejovi\u0107, potpredsjednica Maja \u0106atovi\u0107 i \u010dlanica Predsjedni\u0161tva Sanja Vlahovi\u0107 boravile su u radnoj posjeti u\",\"breadcrumb\":{\"@id\":\"https:\/\/www.visit-ulcinj.com\/blog\/2014\/01\/19\/sastanak-zenske-alijanse-u-ulcinju\/#breadcrumb\"},\"inLanguage\":\"en-US\",\"potentialAction\":[{\"@type\":\"ReadAction\",\"target\":[\"https:\/\/www.visit-ulcinj.com\/blog\/2014\/01\/19\/sastanak-zenske-alijanse-u-ulcinju\/\"]}]},{\"@type\":\"BreadcrumbList\",\"@id\":\"https:\/\/www.visit-ulcinj.com\/blog\/2014\/01\/19\/sastanak-zenske-alijanse-u-ulcinju\/#breadcrumb\",\"itemListElement\":[{\"@type\":\"ListItem\",\"position\":1,\"name\":\"Sastanak \u017denske alijanse u Ulcinju\"}]},{\"@type\":\"Person\",\"@id\":\"https:\/\/www.visit-ulcinj.com\/blog\/#\/schema\/person\/dcab619c614d3038751c63bc2aadc06d\",\"name\":\"ulqini\",\"sameAs\":[\"http:\/\/www.visit-ulcinj.com\"],\"url\":\"https:\/\/www.visit-ulcinj.com\/blog\/author\/admin\/\"}]}<\/script>\n<!-- \/ Yoast SEO plugin. -->","yoast_head_json":{"title":"Sastanak \u017denske alijanse u Ulcinju - Lajme nga Ulqini","description":"Predsjednica \u017dAD-a Crne Gore Daliborka Pejovi\u0107, potpredsjednica Maja \u0106atovi\u0107 i \u010dlanica Predsjedni\u0161tva Sanja Vlahovi\u0107 boravile su u radnoj posjeti u","robots":{"index":"index","follow":"follow","max-snippet":"max-snippet:-1","max-image-preview":"max-image-preview:large","max-video-preview":"max-video-preview:-1"},"canonical":"https:\/\/www.visit-ulcinj.com\/blog\/2014\/01\/19\/sastanak-zenske-alijanse-u-ulcinju\/","og_locale":"en_US","og_type":"article","og_title":"Sastanak \u017denske alijanse u Ulcinju - Lajme nga Ulqini","og_description":"Predsjednica \u017dAD-a Crne Gore Daliborka Pejovi\u0107, potpredsjednica Maja \u0106atovi\u0107 i \u010dlanica Predsjedni\u0161tva Sanja Vlahovi\u0107 boravile su u radnoj posjeti u","og_url":"https:\/\/www.visit-ulcinj.com\/blog\/2014\/01\/19\/sastanak-zenske-alijanse-u-ulcinju\/","og_site_name":"Lajme nga Ulqini","article_published_time":"2014-01-19T15:11:27+00:00","og_image":[{"url":"http:\/\/www.visit-ulcinj.com\/blog\/wp-content\/uploads\/2014\/01\/Radni-Sastanak_ZADa_u_Ulcinju_12_2014.jpg"}],"twitter_misc":{"Written by":"ulqini","Est. reading time":"1 minute"},"schema":{"@context":"https:\/\/schema.org","@graph":[{"@type":"WebSite","@id":"https:\/\/www.visit-ulcinj.com\/blog\/#website","url":"https:\/\/www.visit-ulcinj.com\/blog\/","name":"Lajme nga Ulqini","description":"Lajme,Vijesti,Ulqini,Ulqin,Crna Gora,Mali i Zi","potentialAction":[{"@type":"SearchAction","target":{"@type":"EntryPoint","urlTemplate":"https:\/\/www.visit-ulcinj.com\/blog\/?s={search_term_string}"},"query-input":"required name=search_term_string"}],"inLanguage":"en-US"},{"@type":"ImageObject","inLanguage":"en-US","@id":"https:\/\/www.visit-ulcinj.com\/blog\/2014\/01\/19\/sastanak-zenske-alijanse-u-ulcinju\/#primaryimage","url":"https:\/\/www.visit-ulcinj.com\/blog\/wp-content\/uploads\/2014\/01\/Radni-Sastanak_ZADa_u_Ulcinju_12_2014.jpg","contentUrl":"https:\/\/www.visit-ulcinj.com\/blog\/wp-content\/uploads\/2014\/01\/Radni-Sastanak_ZADa_u_Ulcinju_12_2014.jpg","width":800,"height":450},{"@type":"WebPage","@id":"https:\/\/www.visit-ulcinj.com\/blog\/2014\/01\/19\/sastanak-zenske-alijanse-u-ulcinju\/#webpage","url":"https:\/\/www.visit-ulcinj.com\/blog\/2014\/01\/19\/sastanak-zenske-alijanse-u-ulcinju\/","name":"Sastanak \u017denske alijanse u Ulcinju - Lajme nga Ulqini","isPartOf":{"@id":"https:\/\/www.visit-ulcinj.com\/blog\/#website"},"primaryImageOfPage":{"@id":"https:\/\/www.visit-ulcinj.com\/blog\/2014\/01\/19\/sastanak-zenske-alijanse-u-ulcinju\/#primaryimage"},"datePublished":"2014-01-19T15:11:27+00:00","dateModified":"2014-01-19T15:11:27+00:00","author":{"@id":"https:\/\/www.visit-ulcinj.com\/blog\/#\/schema\/person\/dcab619c614d3038751c63bc2aadc06d"},"description":"Predsjednica \u017dAD-a Crne Gore Daliborka Pejovi\u0107, potpredsjednica Maja \u0106atovi\u0107 i \u010dlanica Predsjedni\u0161tva Sanja Vlahovi\u0107 boravile su u radnoj posjeti u","breadcrumb":{"@id":"https:\/\/www.visit-ulcinj.com\/blog\/2014\/01\/19\/sastanak-zenske-alijanse-u-ulcinju\/#breadcrumb"},"inLanguage":"en-US","potentialAction":[{"@type":"ReadAction","target":["https:\/\/www.visit-ulcinj.com\/blog\/2014\/01\/19\/sastanak-zenske-alijanse-u-ulcinju\/"]}]},{"@type":"BreadcrumbList","@id":"https:\/\/www.visit-ulcinj.com\/blog\/2014\/01\/19\/sastanak-zenske-alijanse-u-ulcinju\/#breadcrumb","itemListElement":[{"@type":"ListItem","position":1,"name":"Sastanak \u017denske alijanse u Ulcinju"}]},{"@type":"Person","@id":"https:\/\/www.visit-ulcinj.com\/blog\/#\/schema\/person\/dcab619c614d3038751c63bc2aadc06d","name":"ulqini","sameAs":["http:\/\/www.visit-ulcinj.com"],"url":"https:\/\/www.visit-ulcinj.com\/blog\/author\/admin\/"}]}},"jetpack_featured_media_url":"","jetpack_sharing_enabled":true,"jetpack_shortlink":"https:\/\/wp.me\/pe6lTn-kpF","_links":{"self":[{"href":"https:\/\/www.visit-ulcinj.com\/blog\/wp-json\/wp\/v2\/posts\/78471"}],"collection":[{"href":"https:\/\/www.visit-ulcinj.com\/blog\/wp-json\/wp\/v2\/posts"}],"about":[{"href":"https:\/\/www.visit-ulcinj.com\/blog\/wp-json\/wp\/v2\/types\/post"}],"author":[{"embeddable":true,"href":"https:\/\/www.visit-ulcinj.com\/blog\/wp-json\/wp\/v2\/users\/1"}],"replies":[{"embeddable":true,"href":"https:\/\/www.visit-ulcinj.com\/blog\/wp-json\/wp\/v2\/comments?post=78471"}],"version-history":[{"count":1,"href":"https:\/\/www.visit-ulcinj.com\/blog\/wp-json\/wp\/v2\/posts\/78471\/revisions"}],"predecessor-version":[{"id":78473,"href":"https:\/\/www.visit-ulcinj.com\/blog\/wp-json\/wp\/v2\/posts\/78471\/revisions\/78473"}],"wp:attachment":[{"href":"https:\/\/www.visit-ulcinj.com\/blog\/wp-json\/wp\/v2\/media?parent=78471"}],"wp:term":[{"taxonomy":"category","embeddable":true,"href":"https:\/\/www.visit-ulcinj.com\/blog\/wp-json\/wp\/v2\/categories?post=78471"},{"taxonomy":"post_tag","embeddable":true,"href":"https:\/\/www.visit-ulcinj.com\/blog\/wp-json\/wp\/v2\/tags?post=78471"}],"curies":[{"name":"wp","href":"https:\/\/api.w.org\/{rel}","templated":true}]}}