{"id":78474,"date":"2014-01-19T19:01:28","date_gmt":"2014-01-19T18:01:28","guid":{"rendered":"http:\/\/www.visit-ulcinj.com\/blog\/?p=78474"},"modified":"2014-01-19T19:01:28","modified_gmt":"2014-01-19T18:01:28","slug":"ulcinjski-ribari-kacema-guta-camce-kao-bermudski-trougao","status":"publish","type":"post","link":"https:\/\/www.visit-ulcinj.com\/blog\/2014\/01\/19\/ulcinjski-ribari-kacema-guta-camce-kao-bermudski-trougao\/","title":{"rendered":"Ulcinjski Ribari: Kacema \u201eguta\u201d \u010damce kao Bermudski trougao"},"content":{"rendered":"<p><a href=\"http:\/\/www.visit-ulcinj.com\/blog\/wp-content\/uploads\/2012\/09\/lucica-kacema-ulcinj.jpg\"><img loading=\"lazy\" class=\"alignleft  wp-image-63894\" alt=\"lucica kacema ulcinj\" src=\"http:\/\/www.visit-ulcinj.com\/blog\/wp-content\/uploads\/2012\/09\/lucica-kacema-ulcinj.jpg\" width=\"508\" height=\"360\" \/><\/a>ULCINj \u2013 Poslednjih godina ribarima iz Ulcinja, osim brige kako \u0107e pro\u0107i u ribolovu i da li \u0107e u mre\u017eama biti ulova, veliki problem predstavlja i to kako sa\u010duvati \u010damce u lu\u010dici Kacema, milionskom i dosad najve\u0107em projektu JP za upravljanje morskim dobrom u najju\u017enijoj op\u0161tini. Svaki jugo ili ju\u017eina, kako mje\u0161tani nazivaju vjetar koji je povezan sa ciklonom iz zapadnog Sredozemlja, vlasnicima plovila u Ulcinju donosi nevolje, jer njihovi \u010damci nijesu sigurni u mini marini koju je tokom 2010. i 2011. godine izgradilo Javno preduze\u0107e iz Budve. Mnogi ribari tvrde da su u poslednje dvije godine ostali bez \u010damaca iako su svojevremno iz JP Morsko dobro tvrdili da su lu\u010dicu projektovali eminentni stru\u010dnjaci, nakon temeljnog ispitavanja terena, te de su tokom realizacije projekta uva\u017eene sugestije i primjedbe mje\u0161tana i ribara na izgled marine i lukobrana u pogledu funkcionalnosti i bezbjednosti. Vrijeme je pokazalo da u tom javnom preduze\u0107u nijesu bili u pravu jer Kacema \u201eguta\u201d \u010damce kao Bermudski trouogao. Uostalom, to je mi\u0161ljenje svakog Ulcinjanina koji ima \u010damac i \u201eve\u017ee\u201d ga u lu\u010dici.<\/p>\n<p><a href=\"http:\/\/www.visit-ulcinj.com\/blog\/wp-content\/uploads\/2014\/01\/Muzafer-Beljo-Causi1.jpg\"><img loading=\"lazy\" class=\"alignleft  wp-image-78475\" alt=\"Muzafer Beljo Causi\" src=\"http:\/\/www.visit-ulcinj.com\/blog\/wp-content\/uploads\/2014\/01\/Muzafer-Beljo-Causi1.jpg\" width=\"508\" height=\"360\" \/><\/a><br \/>\nSportski ribolovac i vlasnik \u010damca Muzefer \u010cau\u0161i ka\u017ee da se Kacema vrlo brzo, nakon \u0161to je pu\u0161tena u funkciju, pokazala kao nefunkcionalna.<br \/>\n\u2013 Nije po\u0161tovan projekat kojim je bio predvi\u0111en du\u017ei lukobran niti su uva\u017eene primjedbe gra\u0111ana, odnosno korisnika plovila, pa talasi prodiru u dio gdje su \u010damci vezani. Zbog toga smo mi vlasnici kao u mi\u0161olovci, jer nemamo gdje da sklanjamo \u010damce. Preostaje nam da ih dobro ve\u017eemo i molimo se da ih ne more ne slomi. Poslednjih nekoliko godina ovdje je uni\u0161teno \u0161est ili sedam barki, a nije izgra\u0111ena nijedna. Dakle, o\u010dito je da imamo velikih problema \u2013 ka\u017ee \u010cau\u0161i i dodaje kako su Ulcinjani na vrijeme upozoravali nadle\u017ene iz JP Morsko dobro da projekat ima mnogo nedostataka.<br \/>\n\u2013 Nijesu nas poslu\u0161ali. Bili su arogantni i nijesu uva\u017eili niti jedan na\u0161 predlog. Imao sam utisak da nas gledaju kao neke domoroce. Na kraju su priznali gre\u0161ku i prije godinu dana, jedan od funkcionera tog preduze\u0107a rekao mi je kako o\u010dito nijesu imali dobrog projektanta. Sada ne samo \u0161to se lu\u010dica napunila pijeska nego problema ima i pri manjem moru. Tako\u0111e, navoz koji je napravljen smije\u0161an je i vidi se da onaj koji ga je projektovao nije imao pojma o tome \u0161ta radi. Na\u017ealost, izgubili smo mjesto gdje je nekada postojao suvi navoz koji je \u0161titio \u010damce. Kacema nam je sada kao neka lijepa ma\u010dka, koja prede i lijepo izgleda, ali ne lovi mi\u0161eve \u2013 tvrdi \u010cau\u0161i.<\/p>\n<p><a href=\"http:\/\/www.visit-ulcinj.com\/blog\/wp-content\/uploads\/2014\/01\/ismet-karamanaga-nino-ulcinj.jpg\"><img loading=\"lazy\" class=\"alignleft  wp-image-78476\" alt=\"ismet-karamanaga-nino-ulcinj\" src=\"http:\/\/www.visit-ulcinj.com\/blog\/wp-content\/uploads\/2014\/01\/ismet-karamanaga-nino-ulcinj.jpg\" width=\"508\" height=\"360\" \/><\/a><br \/>\nPredsjednik NVO \u201eKalaja\u201d Ismet Karamanaga ve\u0107 du\u017ee vrijeme upozorava nadle\u017ene da se ne\u0161to mora preduzeti jer \u0107e u protivnom ribari ostati bez \u010damaca.<br \/>\n\u2013 Kako je krenulo more lomi jedan po jedan \u010damac. U Kacemi je uvijek nesigurno dr\u017eati \u010damce i barke, s obzirom na lo\u0161e ura\u0111enu marinu, sa velikim ulazom, gdje nesmetano ulaze talasi, koji stvaraju velika strujanja vode, kao u kakvoj velikoj \u0111akuzi kadi. Zbog toga smo tako i nazvali ovaj \u201edar\u201d Morskog dobra iz Budve na\u0161em gradu. Vi\u0161e od milion eura je potro\u0161eno za marinu, koja je dodu\u0161e pretvorena u lijepo \u0161etali\u0161te, ali nikako u ono za \u0161to je i planirana da bude. A to je mala marina, gdje \u0107e ribari mo\u0107i sigurno da ve\u017eu svoje \u010damce \u2013 ka\u017ee Karamanaga.<br \/>\nOn se s nostalgijom sje\u0107a vremena kada su se, na mjestu gdje je sada marina, mje\u0161tani kupali, u\u010dili plivanje, igrali vaterpolo, i vezivali \u010damce, koje su veoma brzo i lako, mogli da izvuku, u svakoj vremenskoj neprilici.<br \/>\n\u2013 Danas, ne samo da ne mo\u017eemo da dr\u017eimo \u010damce, namjerno ne ka\u017eem ve\u017eemo, s obzirom da nijedan vez ne mo\u017ee da izdr\u017ei talase i jaka strujanja, tako da voda vri, nego nemamo mogu\u0107nosti ni da ih izvla\u010dimo napolje, jer nema se gdje. Lu\u010dicu ili marinu, kako su je iz milo\u0161te nazivali stru\u010dnjaci iz Morskog dobra, toliko su dobro projektovali i toliko dobro uradili da bi zaista mogli da konkuri\u0161u i negdje na nekom konkursu, na primjer u Arapskim Emiratima. Samo sa tom razlikom \u0161to bi tamo, za ono \u0161to su uradili, ili vratili novac ili jo\u0161 gore, oti\u0161li u zatvor \u2013 tvrdi Karamanaga.<strong>M.Kne\u017eevi\u0107<\/strong><br \/>\n<a href=\"http:\/\/www.visit-ulcinj.com\/blog\/wp-content\/uploads\/2014\/01\/skulptura-Kacema-Ulcinj.jpg\"><img loading=\"lazy\" class=\"alignleft  wp-image-78477\" alt=\"skulptura-Kacema-Ulcinj\" src=\"http:\/\/www.visit-ulcinj.com\/blog\/wp-content\/uploads\/2014\/01\/skulptura-Kacema-Ulcinj.jpg\" width=\"508\" height=\"360\" \/><\/a><br \/>\n<strong>Ribarima smeta i skulptura<\/strong><br \/>\nUlcinjski ribari nezadovoljni su \u0161to je na jednoj stijeni u lu\u010dici Kacema pro\u0161le godine postavljena skupltura, za koju tvrde da im je donijela nesre\u0107u. Osim \u0161to, kako ka\u017eu, odudara od ambijenta u kome se nalazi, od momenta kada je postavljena nekoliko \u010damaca je trajno izgubljeno. Postoje fotografije nekada\u0161nje Kaceme na kojoj se vidi stijena po kojem je i ova mala uvalica dobila ime, jer se sa nje skakalo u vodu.<br \/>\n\u2013 Od te stijene danas je ostao samo jedan zaobljeni dio, na kome je postavljena jedna ru\u017ena futuristi\u010dka skulptura, koju su ribari nazvali \u201ekukuvajka\u201c. Ve\u0107 \u010detiri \u010damca su se razbila, tako da, malo u \u0161ali malo u zbilji, ribari to prepisuju toj skulpturi. Mora se priznati da je Kacema nekada lijepo i prirodno izgledala, i zato nam svima puno nedostaje \u2013 obja\u0161njava Karamanaga.<\/p>\n<p><strong> Od\u0161tete nema<\/strong><br \/>\nJedan je od ribara koji je na svojoj ko\u017ei osjetio nefunkcionalnost Kaceme je Nino \u010cilingiri. Prije dvije godine tokom jednog nevremena \u010damac mu je uni\u0161ten u lu\u010dici. \u0160teta je bila potpuna jer su talasi razbili vezani \u010damac, a od\u0161tetu, ka\u017ee, nikada nije dobio.<br \/>\n\u2013 Ni\u0161ta me ne pitajte o Kacemi. Ona je lijepa, ali uzalud. Jednu sam barku izgubio, a druga mi je nedavno o\u0161te\u0107ena jer lu\u010dica ne pru\u017ea ama ba\u0161 nikakvu za\u0161titu \u010damcima. \u0160to je najgore mi vlasnici nemamo nikakvu alternativu. \u010cim nai\u0111e nevrijeme kod nas je vanredno stanje. Treba spasavati \u010damce i vaditi ih iz Kaceme, a ni za to nemamo adekvatne uslove jer navoz koje bi za to trebalo da slu\u017ei vrlo lo\u0161e je projektovan. Snalazimo se ko i kako mo\u017ee. Vrijeme je \u0107udljivo, pa je \u010desto i pet minuta dovoljno da se neko na\u0111e u neprilici. Eto nedavno je jedan na\u0161 sugra\u0111anin izgubio \u010damac. Nije stigao da reaguje, more ga je preko no\u0107i razbilo u parampar\u010dad \u2013 pri\u010da \u010cilingiri.<\/p>\n<p><strong>Izvor: DAN<\/strong><\/p>\n<p>&nbsp;<\/p>\n<p>&nbsp;<\/p>\n","protected":false},"excerpt":{"rendered":"<p>ULCINj \u2013 Poslednjih godina ribarima iz Ulcinja, osim brige kako \u0107e pro\u0107i u ribolovu i da li \u0107e u mre\u017eama biti ulova, veliki problem predstavlja i to kako sa\u010duvati \u010damce u lu\u010dici Kacema, milionskom i dosad najve\u0107em projektu JP za upravljanje morskim dobrom u najju\u017enijoj op\u0161tini. Svaki jugo ili ju\u017eina, kako mje\u0161tani nazivaju vjetar koji [&hellip;]<\/p>\n","protected":false},"author":1,"featured_media":0,"comment_status":"closed","ping_status":"closed","sticky":false,"template":"","format":"standard","meta":{"spay_email":"","jetpack_publicize_message":"","jetpack_is_tweetstorm":false,"jetpack_publicize_feature_enabled":true},"categories":[8337],"tags":[],"jetpack_publicize_connections":[],"yoast_head":"<!-- This site is optimized with the Yoast SEO plugin v19.1 - https:\/\/yoast.com\/wordpress\/plugins\/seo\/ -->\n<title>Ulcinjski Ribari: Kacema \u201eguta\u201d \u010damce kao Bermudski trougao - Lajme nga Ulqini<\/title>\n<meta name=\"description\" content=\"ULCINj \u2013 Poslednjih godina ribarima iz Ulcinja, osim brige kako \u0107e pro\u0107i u ribolovu i da li \u0107e u mre\u017eama biti ulova, veliki problem predstavlja i to kako\" \/>\n<meta name=\"robots\" content=\"index, follow, max-snippet:-1, max-image-preview:large, max-video-preview:-1\" \/>\n<link rel=\"canonical\" href=\"https:\/\/www.visit-ulcinj.com\/blog\/2014\/01\/19\/ulcinjski-ribari-kacema-guta-camce-kao-bermudski-trougao\/\" \/>\n<meta property=\"og:locale\" content=\"en_US\" \/>\n<meta property=\"og:type\" content=\"article\" \/>\n<meta property=\"og:title\" content=\"Ulcinjski Ribari: Kacema \u201eguta\u201d \u010damce kao Bermudski trougao - Lajme nga Ulqini\" \/>\n<meta property=\"og:description\" content=\"ULCINj \u2013 Poslednjih godina ribarima iz Ulcinja, osim brige kako \u0107e pro\u0107i u ribolovu i da li \u0107e u mre\u017eama biti ulova, veliki problem predstavlja i to kako\" \/>\n<meta property=\"og:url\" content=\"https:\/\/www.visit-ulcinj.com\/blog\/2014\/01\/19\/ulcinjski-ribari-kacema-guta-camce-kao-bermudski-trougao\/\" \/>\n<meta property=\"og:site_name\" content=\"Lajme nga Ulqini\" \/>\n<meta property=\"article:published_time\" content=\"2014-01-19T18:01:28+00:00\" \/>\n<meta property=\"og:image\" content=\"http:\/\/www.visit-ulcinj.com\/blog\/wp-content\/uploads\/2012\/09\/lucica-kacema-ulcinj.jpg\" \/>\n<meta name=\"twitter:label1\" content=\"Written by\" \/>\n\t<meta name=\"twitter:data1\" content=\"ulqini\" \/>\n\t<meta name=\"twitter:label2\" content=\"Est. reading time\" \/>\n\t<meta name=\"twitter:data2\" content=\"5 minutes\" \/>\n<script type=\"application\/ld+json\" class=\"yoast-schema-graph\">{\"@context\":\"https:\/\/schema.org\",\"@graph\":[{\"@type\":\"WebSite\",\"@id\":\"https:\/\/www.visit-ulcinj.com\/blog\/#website\",\"url\":\"https:\/\/www.visit-ulcinj.com\/blog\/\",\"name\":\"Lajme nga Ulqini\",\"description\":\"Lajme,Vijesti,Ulqini,Ulqin,Crna Gora,Mali i Zi\",\"potentialAction\":[{\"@type\":\"SearchAction\",\"target\":{\"@type\":\"EntryPoint\",\"urlTemplate\":\"https:\/\/www.visit-ulcinj.com\/blog\/?s={search_term_string}\"},\"query-input\":\"required name=search_term_string\"}],\"inLanguage\":\"en-US\"},{\"@type\":\"ImageObject\",\"inLanguage\":\"en-US\",\"@id\":\"https:\/\/www.visit-ulcinj.com\/blog\/2014\/01\/19\/ulcinjski-ribari-kacema-guta-camce-kao-bermudski-trougao\/#primaryimage\",\"url\":\"https:\/\/www.visit-ulcinj.com\/blog\/wp-content\/uploads\/2012\/09\/lucica-kacema-ulcinj.jpg\",\"contentUrl\":\"https:\/\/www.visit-ulcinj.com\/blog\/wp-content\/uploads\/2012\/09\/lucica-kacema-ulcinj.jpg\",\"width\":\"960\",\"height\":\"720\"},{\"@type\":\"WebPage\",\"@id\":\"https:\/\/www.visit-ulcinj.com\/blog\/2014\/01\/19\/ulcinjski-ribari-kacema-guta-camce-kao-bermudski-trougao\/#webpage\",\"url\":\"https:\/\/www.visit-ulcinj.com\/blog\/2014\/01\/19\/ulcinjski-ribari-kacema-guta-camce-kao-bermudski-trougao\/\",\"name\":\"Ulcinjski Ribari: Kacema \u201eguta\u201d \u010damce kao Bermudski trougao - Lajme nga Ulqini\",\"isPartOf\":{\"@id\":\"https:\/\/www.visit-ulcinj.com\/blog\/#website\"},\"primaryImageOfPage\":{\"@id\":\"https:\/\/www.visit-ulcinj.com\/blog\/2014\/01\/19\/ulcinjski-ribari-kacema-guta-camce-kao-bermudski-trougao\/#primaryimage\"},\"datePublished\":\"2014-01-19T18:01:28+00:00\",\"dateModified\":\"2014-01-19T18:01:28+00:00\",\"author\":{\"@id\":\"https:\/\/www.visit-ulcinj.com\/blog\/#\/schema\/person\/dcab619c614d3038751c63bc2aadc06d\"},\"description\":\"ULCINj \u2013 Poslednjih godina ribarima iz Ulcinja, osim brige kako \u0107e pro\u0107i u ribolovu i da li \u0107e u mre\u017eama biti ulova, veliki problem predstavlja i to kako\",\"breadcrumb\":{\"@id\":\"https:\/\/www.visit-ulcinj.com\/blog\/2014\/01\/19\/ulcinjski-ribari-kacema-guta-camce-kao-bermudski-trougao\/#breadcrumb\"},\"inLanguage\":\"en-US\",\"potentialAction\":[{\"@type\":\"ReadAction\",\"target\":[\"https:\/\/www.visit-ulcinj.com\/blog\/2014\/01\/19\/ulcinjski-ribari-kacema-guta-camce-kao-bermudski-trougao\/\"]}]},{\"@type\":\"BreadcrumbList\",\"@id\":\"https:\/\/www.visit-ulcinj.com\/blog\/2014\/01\/19\/ulcinjski-ribari-kacema-guta-camce-kao-bermudski-trougao\/#breadcrumb\",\"itemListElement\":[{\"@type\":\"ListItem\",\"position\":1,\"name\":\"Ulcinjski Ribari: Kacema \u201eguta\u201d \u010damce kao Bermudski trougao\"}]},{\"@type\":\"Person\",\"@id\":\"https:\/\/www.visit-ulcinj.com\/blog\/#\/schema\/person\/dcab619c614d3038751c63bc2aadc06d\",\"name\":\"ulqini\",\"sameAs\":[\"http:\/\/www.visit-ulcinj.com\"],\"url\":\"https:\/\/www.visit-ulcinj.com\/blog\/author\/admin\/\"}]}<\/script>\n<!-- \/ Yoast SEO plugin. -->","yoast_head_json":{"title":"Ulcinjski Ribari: Kacema \u201eguta\u201d \u010damce kao Bermudski trougao - Lajme nga Ulqini","description":"ULCINj \u2013 Poslednjih godina ribarima iz Ulcinja, osim brige kako \u0107e pro\u0107i u ribolovu i da li \u0107e u mre\u017eama biti ulova, veliki problem predstavlja i to kako","robots":{"index":"index","follow":"follow","max-snippet":"max-snippet:-1","max-image-preview":"max-image-preview:large","max-video-preview":"max-video-preview:-1"},"canonical":"https:\/\/www.visit-ulcinj.com\/blog\/2014\/01\/19\/ulcinjski-ribari-kacema-guta-camce-kao-bermudski-trougao\/","og_locale":"en_US","og_type":"article","og_title":"Ulcinjski Ribari: Kacema \u201eguta\u201d \u010damce kao Bermudski trougao - Lajme nga Ulqini","og_description":"ULCINj \u2013 Poslednjih godina ribarima iz Ulcinja, osim brige kako \u0107e pro\u0107i u ribolovu i da li \u0107e u mre\u017eama biti ulova, veliki problem predstavlja i to kako","og_url":"https:\/\/www.visit-ulcinj.com\/blog\/2014\/01\/19\/ulcinjski-ribari-kacema-guta-camce-kao-bermudski-trougao\/","og_site_name":"Lajme nga Ulqini","article_published_time":"2014-01-19T18:01:28+00:00","og_image":[{"url":"http:\/\/www.visit-ulcinj.com\/blog\/wp-content\/uploads\/2012\/09\/lucica-kacema-ulcinj.jpg"}],"twitter_misc":{"Written by":"ulqini","Est. reading time":"5 minutes"},"schema":{"@context":"https:\/\/schema.org","@graph":[{"@type":"WebSite","@id":"https:\/\/www.visit-ulcinj.com\/blog\/#website","url":"https:\/\/www.visit-ulcinj.com\/blog\/","name":"Lajme nga Ulqini","description":"Lajme,Vijesti,Ulqini,Ulqin,Crna Gora,Mali i Zi","potentialAction":[{"@type":"SearchAction","target":{"@type":"EntryPoint","urlTemplate":"https:\/\/www.visit-ulcinj.com\/blog\/?s={search_term_string}"},"query-input":"required name=search_term_string"}],"inLanguage":"en-US"},{"@type":"ImageObject","inLanguage":"en-US","@id":"https:\/\/www.visit-ulcinj.com\/blog\/2014\/01\/19\/ulcinjski-ribari-kacema-guta-camce-kao-bermudski-trougao\/#primaryimage","url":"https:\/\/www.visit-ulcinj.com\/blog\/wp-content\/uploads\/2012\/09\/lucica-kacema-ulcinj.jpg","contentUrl":"https:\/\/www.visit-ulcinj.com\/blog\/wp-content\/uploads\/2012\/09\/lucica-kacema-ulcinj.jpg","width":"960","height":"720"},{"@type":"WebPage","@id":"https:\/\/www.visit-ulcinj.com\/blog\/2014\/01\/19\/ulcinjski-ribari-kacema-guta-camce-kao-bermudski-trougao\/#webpage","url":"https:\/\/www.visit-ulcinj.com\/blog\/2014\/01\/19\/ulcinjski-ribari-kacema-guta-camce-kao-bermudski-trougao\/","name":"Ulcinjski Ribari: Kacema \u201eguta\u201d \u010damce kao Bermudski trougao - Lajme nga Ulqini","isPartOf":{"@id":"https:\/\/www.visit-ulcinj.com\/blog\/#website"},"primaryImageOfPage":{"@id":"https:\/\/www.visit-ulcinj.com\/blog\/2014\/01\/19\/ulcinjski-ribari-kacema-guta-camce-kao-bermudski-trougao\/#primaryimage"},"datePublished":"2014-01-19T18:01:28+00:00","dateModified":"2014-01-19T18:01:28+00:00","author":{"@id":"https:\/\/www.visit-ulcinj.com\/blog\/#\/schema\/person\/dcab619c614d3038751c63bc2aadc06d"},"description":"ULCINj \u2013 Poslednjih godina ribarima iz Ulcinja, osim brige kako \u0107e pro\u0107i u ribolovu i da li \u0107e u mre\u017eama biti ulova, veliki problem predstavlja i to kako","breadcrumb":{"@id":"https:\/\/www.visit-ulcinj.com\/blog\/2014\/01\/19\/ulcinjski-ribari-kacema-guta-camce-kao-bermudski-trougao\/#breadcrumb"},"inLanguage":"en-US","potentialAction":[{"@type":"ReadAction","target":["https:\/\/www.visit-ulcinj.com\/blog\/2014\/01\/19\/ulcinjski-ribari-kacema-guta-camce-kao-bermudski-trougao\/"]}]},{"@type":"BreadcrumbList","@id":"https:\/\/www.visit-ulcinj.com\/blog\/2014\/01\/19\/ulcinjski-ribari-kacema-guta-camce-kao-bermudski-trougao\/#breadcrumb","itemListElement":[{"@type":"ListItem","position":1,"name":"Ulcinjski Ribari: Kacema \u201eguta\u201d \u010damce kao Bermudski trougao"}]},{"@type":"Person","@id":"https:\/\/www.visit-ulcinj.com\/blog\/#\/schema\/person\/dcab619c614d3038751c63bc2aadc06d","name":"ulqini","sameAs":["http:\/\/www.visit-ulcinj.com"],"url":"https:\/\/www.visit-ulcinj.com\/blog\/author\/admin\/"}]}},"jetpack_featured_media_url":"","jetpack_sharing_enabled":true,"jetpack_shortlink":"https:\/\/wp.me\/pe6lTn-kpI","_links":{"self":[{"href":"https:\/\/www.visit-ulcinj.com\/blog\/wp-json\/wp\/v2\/posts\/78474"}],"collection":[{"href":"https:\/\/www.visit-ulcinj.com\/blog\/wp-json\/wp\/v2\/posts"}],"about":[{"href":"https:\/\/www.visit-ulcinj.com\/blog\/wp-json\/wp\/v2\/types\/post"}],"author":[{"embeddable":true,"href":"https:\/\/www.visit-ulcinj.com\/blog\/wp-json\/wp\/v2\/users\/1"}],"replies":[{"embeddable":true,"href":"https:\/\/www.visit-ulcinj.com\/blog\/wp-json\/wp\/v2\/comments?post=78474"}],"version-history":[{"count":1,"href":"https:\/\/www.visit-ulcinj.com\/blog\/wp-json\/wp\/v2\/posts\/78474\/revisions"}],"predecessor-version":[{"id":78478,"href":"https:\/\/www.visit-ulcinj.com\/blog\/wp-json\/wp\/v2\/posts\/78474\/revisions\/78478"}],"wp:attachment":[{"href":"https:\/\/www.visit-ulcinj.com\/blog\/wp-json\/wp\/v2\/media?parent=78474"}],"wp:term":[{"taxonomy":"category","embeddable":true,"href":"https:\/\/www.visit-ulcinj.com\/blog\/wp-json\/wp\/v2\/categories?post=78474"},{"taxonomy":"post_tag","embeddable":true,"href":"https:\/\/www.visit-ulcinj.com\/blog\/wp-json\/wp\/v2\/tags?post=78474"}],"curies":[{"name":"wp","href":"https:\/\/api.w.org\/{rel}","templated":true}]}}