{"id":78485,"date":"2014-01-20T17:35:38","date_gmt":"2014-01-20T16:35:38","guid":{"rendered":"http:\/\/www.visit-ulcinj.com\/blog\/?p=78485"},"modified":"2014-01-20T17:35:38","modified_gmt":"2014-01-20T16:35:38","slug":"trg-robova-staroga-grada-ulcinja","status":"publish","type":"post","link":"https:\/\/www.visit-ulcinj.com\/blog\/2014\/01\/20\/trg-robova-staroga-grada-ulcinja\/","title":{"rendered":"Trg robova staroga grada Ulcinja"},"content":{"rendered":"<p><em><strong><a href=\"http:\/\/www.visit-ulcinj.com\/blog\/wp-content\/uploads\/2014\/01\/Trg-Robova-Stari-Grad-Ulcinj-1.jpg\"><img loading=\"lazy\" class=\"alignleft  wp-image-78487\" alt=\"Trg-Robova-Stari-Grad-Ulcinj-1\" src=\"http:\/\/www.visit-ulcinj.com\/blog\/wp-content\/uploads\/2014\/01\/Trg-Robova-Stari-Grad-Ulcinj-1.jpg\" width=\"508\" height=\"360\" \/><\/a>Kolumna \u010dlana Predsjedni\u0161tva i poslanika Pozitivne Crne Gore Dritana Abazovi\u0107a je objavljena u ND Vijesti, 20.01.2014.<\/strong><\/em><\/p>\n<p>\u201ePomogni mi jo\u0161 ovaj put\u201c \u2013 samo je jedna od re\u010denica koju \u010desto koriste lokalni politi\u010dari u Ulcinju kako bi ubijedili gra\u0111ane da ih ponovo glasaju. Priznaju oni i gre\u0161ke, ponavljaju obe\u0107anja, milione, kamione, avione\u2026 ali im je vlast pre\u010da od dostojanstva, a za istinu da i ne govorimo. Pitam se samo za\u0161to je to tako? Jer mogu\u0107e da im je toliko stalo da budu dio vlasti, iako sami priznaju da je Op\u0161tina u ogromnim problemima i da \u0107e te\u0161ko u skorije vrijeme iza\u0107i iz krize. Nema drugog logi\u010dnog odgovora osim da ne\u0161to mute i da sebi \u017eele pribaviti neku li\u010dnu korist. U suprotnom izborima bi pristupili mnogo opu\u0161tenije i slobodnije, uvjereni da \u0107e ih gra\u0111ani nagraditi ako su dobro radili u prethodnom periodu, kao i da \u0107e postupiti suprotno ukoliko nijesu ispunili njihova o\u010dekivanja.<\/p>\n<p>No, znaju oni dobro da je ulog ne\u0161to ve\u0107i, da ne ka\u017eem presudan. Nema to veze sa odbranom javnog interesa, jer da su ga do sada branili makar 5% u odnosu na ono \u0161to su najavljivali dok su bili opozicija, ne bi morali ni da rade kampanju. Pobjedili bi ubjedljivo i bez konkurencije. Me\u0111utim, Ulcinj je u prethodne dvije i po godine dobio jo\u0161 jedno, Bog zna koje po redu razo\u010darenje u posljednje dvije decenije. Od obe\u0107anih eksperata dobio je najsmotaniju upravu ikada, \u010dije su sve bitnije odluke ostale sporne ili su obarane na Upravnom sudu, i koji su grad odveli u ste\u010daj zvani Sanacioni plan Vlade. Bisera je zaista bilo mnogo. Ulcinj je godinu dana imao dva direktora\u00a0 Turisti\u010dke organizacije, jer nova vlast nije znala da smijeni starog, a novi nije htio da \u010deka. Ovdje se de\u0161avalo da gradona\u010denik (protivzakonito!) smjeni potpredsjednika, a ovaj da ostane u koaliciji na vlasti i ako ga ovaj prvi o\u010digledno ne \u017eeli. No, to nije sve. Bilo je slu\u010dajeva i da su sekretari konkurisali da sami sebi postanu savjetnici u svojim resorima. Naprosto, da \u010dovjeka pro\u0111e jeza. Od obe\u0107anih novih radnih mjesta, otvorena su samo ona pred izbore, a od investicija ostale su samo bajke i 3D animacije. Ako ovome dodamo da su kapitalne stvari poput vra\u0107anja Maslinade u Valdanosu ili Morsko dobro skoro potpuno pale u zaborav, (jer u koaliciji sa DPS-om na dr\u017eavnom nivou to vi\u0161e nije u interesu da se spominje), onda je jasno da se do glasova mo\u017ee do\u0107i samo moljakanjem, preklinjanjem, pritiscima ili kupovinom. Teza koju koristi naja\u010da lokalna partija Forca, da oni nijesu idealni, ali da od njih nema boljih, ne\u0161to i nije mnogo kreativna. Zapravo to je kopirana teza DPS-a sa dr\u017eavnog nivoa, koja je ovu zemlju mnogo ko\u0161tala do sada, a oni su samo dobri \u0111aci koji slu\u0161aju svoje roditelje. No, ni tu nije kraj lokalnim ludarijma. Prvo \u010dujemo kako je u Op\u0161tini istrijebljena korupcija, a onda imamo priliku da vidimo kako gradona\u010delnik i potpredsjednik Op\u0161tine jedan drugog optu\u017euju za korupciju i to velikih razmjera!? Pa nije ni \u010dudo onda \u0161to niko javno ne smije da ka\u017ee da ne\u0107e sa DPS-om poslije izbora. Ho\u0107e! Naime, nije ovdje va\u017ean razvoj grada, koliko siguran zaklon, nalik onome kojeg ve\u0107 ima jedan od lokalnih lidera koji sjedi u Skup\u0161tini Crne Gore, a koji ima vi\u0161e krivi\u010dnih prijava. \u010covjek je nevi\u0111eni \u0161ampion, za godinu dana je stvorio milionske dugove, zaposlio na desetine radnike, dobio poslani\u010dki mandat, zgrnuo imunitet i rekao \u2013 \u0107ao. Ne \u010dudi ni to \u0161to se u prethodnom periodu nije uradilo ni\u0161ta zna\u010dajno za grad, \u010delnici su o\u010digledno bili preokupirani svojim li\u010dnim poslovima, ucrtavanjem zgrada, parcela, pa je za javno dobro ostalo malo vremena. A vrijeme i onako leti, zato se uvijek tra\u017ei jo\u0161 koji mandat.<\/p>\n<p>Gra\u0111ani Ulcinja su i pored svih de\u0161avanja u prethodnom periodu kojeg karakteri\u0161e uru\u0161avanja njegove turisti\u010dke privrede, ekonomskog urnisanja i sistemskog poni\u017eavanja, ipak, sa\u010duvali opozicioni duh. Mijenjali su mnogo puta do sada, kao nijedan drugi grad u Crnoj Gori, birali razne kombinacije, ja\u010dali mnoge nove subejkte i pojedince. Vjerujemo da \u0107e tako biti i ovoga puta. Nije toliko va\u017eno izvesti promjenu, koliko je bitno imati vjeru da se ona zaista mo\u017ee desiti. Ovaj grad nije nikako ovo zaslu\u017eio, on samo \u017eeli malo ljubavi. Politi\u010dki subjekti vlasti moraju prestati da trguju ljudskim sudbinama i moraju uvjeravati ljude da je sloboda dosti\u017ena i da se za nju treba boriti demokratskim sredstvima. To je misija svake zdrave politike. Zato, dragi gra\u0111ani, kad Vas sljede\u0107i put startuje neki politi\u010dar sa \u201epomogni mi jo\u0161 ovaj put\u201c, odogovorite mu \u201evrijeme je da pomognem gradu, kad ve\u0107 ti ne\u0107e\u0161, zato \u0107u glasati slobodno i po svojoj savjesti\u201c. Ne dozvolite da se cijeli grad pretvori u \u201eTrg robova\u201c, a cijelo stanovni\u0161tvo u masu koja ima svoju cijenu. Vrijeme je da se izdignemo iz pepela, da svakome ko \u017eeli dobro ovom gradu pru\u017eimo ruku. Da Ulcinju vratimo oteti sjaj i oslobodimo potisnuti duh. Da mu vratimo njegove masline, njegovu zemlju i slavu. Zato svi razmislite dobro prije nego \u0161to obavite svoju gra\u0111ansku du\u017enost, jer realna snaga je u svakom od nas pojedina\u010dno. Izbora \u0107e, naravno, biti jo\u0161 mnogo, sa tim se ne treba optere\u0107ivat, ali moramo vjerovati u rije\u010di Halila D\u017eubrana: \u201cJa velim njima: Ako vidite roba gdje spava, probudite ga i objasnite mu slobodu\u201d. Valjda nas je ne\u010demu nau\u010dila na\u0161a slavna istorija!<\/p>\n<p><strong>Autor je \u010dlan Predsjedni\u0161tva i poslanik Pozitivne Crne Gore<\/strong><\/p>\n","protected":false},"excerpt":{"rendered":"<p>Kolumna \u010dlana Predsjedni\u0161tva i poslanika Pozitivne Crne Gore Dritana Abazovi\u0107a je objavljena u ND Vijesti, 20.01.2014. \u201ePomogni mi jo\u0161 ovaj put\u201c \u2013 samo je jedna od re\u010denica koju \u010desto koriste lokalni politi\u010dari u Ulcinju kako bi ubijedili gra\u0111ane da ih ponovo glasaju. Priznaju oni i gre\u0161ke, ponavljaju obe\u0107anja, milione, kamione, avione\u2026 ali im je vlast [&hellip;]<\/p>\n","protected":false},"author":1,"featured_media":0,"comment_status":"closed","ping_status":"closed","sticky":false,"template":"","format":"standard","meta":{"spay_email":"","jetpack_publicize_message":"","jetpack_is_tweetstorm":false,"jetpack_publicize_feature_enabled":true},"categories":[6950],"tags":[],"jetpack_publicize_connections":[],"yoast_head":"<!-- This site is optimized with the Yoast SEO plugin v19.1 - https:\/\/yoast.com\/wordpress\/plugins\/seo\/ -->\n<title>Trg robova staroga grada Ulcinja - Lajme nga Ulqini<\/title>\n<meta name=\"description\" content=\"Kolumna \u010dlana Predsjedni\u0161tva i poslanika Pozitivne Crne Gore Dritana Abazovi\u0107a je objavljena u ND Vijesti, 20.01.2014. \u201ePomogni mi jo\u0161 ovaj put\u201c \u2013 samo je\" \/>\n<meta name=\"robots\" content=\"index, follow, max-snippet:-1, max-image-preview:large, max-video-preview:-1\" \/>\n<link rel=\"canonical\" href=\"https:\/\/www.visit-ulcinj.com\/blog\/2014\/01\/20\/trg-robova-staroga-grada-ulcinja\/\" \/>\n<meta property=\"og:locale\" content=\"en_US\" \/>\n<meta property=\"og:type\" content=\"article\" \/>\n<meta property=\"og:title\" content=\"Trg robova staroga grada Ulcinja - Lajme nga Ulqini\" \/>\n<meta property=\"og:description\" content=\"Kolumna \u010dlana Predsjedni\u0161tva i poslanika Pozitivne Crne Gore Dritana Abazovi\u0107a je objavljena u ND Vijesti, 20.01.2014. \u201ePomogni mi jo\u0161 ovaj put\u201c \u2013 samo je\" \/>\n<meta property=\"og:url\" content=\"https:\/\/www.visit-ulcinj.com\/blog\/2014\/01\/20\/trg-robova-staroga-grada-ulcinja\/\" \/>\n<meta property=\"og:site_name\" content=\"Lajme nga Ulqini\" \/>\n<meta property=\"article:published_time\" content=\"2014-01-20T16:35:38+00:00\" \/>\n<meta property=\"og:image\" content=\"http:\/\/www.visit-ulcinj.com\/blog\/wp-content\/uploads\/2014\/01\/Trg-Robova-Stari-Grad-Ulcinj-1.jpg\" \/>\n<meta name=\"twitter:label1\" content=\"Written by\" \/>\n\t<meta name=\"twitter:data1\" content=\"ulqini\" \/>\n\t<meta name=\"twitter:label2\" content=\"Est. reading time\" \/>\n\t<meta name=\"twitter:data2\" content=\"5 minutes\" \/>\n<script type=\"application\/ld+json\" class=\"yoast-schema-graph\">{\"@context\":\"https:\/\/schema.org\",\"@graph\":[{\"@type\":\"WebSite\",\"@id\":\"https:\/\/www.visit-ulcinj.com\/blog\/#website\",\"url\":\"https:\/\/www.visit-ulcinj.com\/blog\/\",\"name\":\"Lajme nga Ulqini\",\"description\":\"Lajme,Vijesti,Ulqini,Ulqin,Crna Gora,Mali i Zi\",\"potentialAction\":[{\"@type\":\"SearchAction\",\"target\":{\"@type\":\"EntryPoint\",\"urlTemplate\":\"https:\/\/www.visit-ulcinj.com\/blog\/?s={search_term_string}\"},\"query-input\":\"required name=search_term_string\"}],\"inLanguage\":\"en-US\"},{\"@type\":\"ImageObject\",\"inLanguage\":\"en-US\",\"@id\":\"https:\/\/www.visit-ulcinj.com\/blog\/2014\/01\/20\/trg-robova-staroga-grada-ulcinja\/#primaryimage\",\"url\":\"https:\/\/www.visit-ulcinj.com\/blog\/wp-content\/uploads\/2014\/01\/Trg-Robova-Stari-Grad-Ulcinj-1.jpg\",\"contentUrl\":\"https:\/\/www.visit-ulcinj.com\/blog\/wp-content\/uploads\/2014\/01\/Trg-Robova-Stari-Grad-Ulcinj-1.jpg\",\"width\":960,\"height\":720},{\"@type\":\"WebPage\",\"@id\":\"https:\/\/www.visit-ulcinj.com\/blog\/2014\/01\/20\/trg-robova-staroga-grada-ulcinja\/#webpage\",\"url\":\"https:\/\/www.visit-ulcinj.com\/blog\/2014\/01\/20\/trg-robova-staroga-grada-ulcinja\/\",\"name\":\"Trg robova staroga grada Ulcinja - Lajme nga Ulqini\",\"isPartOf\":{\"@id\":\"https:\/\/www.visit-ulcinj.com\/blog\/#website\"},\"primaryImageOfPage\":{\"@id\":\"https:\/\/www.visit-ulcinj.com\/blog\/2014\/01\/20\/trg-robova-staroga-grada-ulcinja\/#primaryimage\"},\"datePublished\":\"2014-01-20T16:35:38+00:00\",\"dateModified\":\"2014-01-20T16:35:38+00:00\",\"author\":{\"@id\":\"https:\/\/www.visit-ulcinj.com\/blog\/#\/schema\/person\/dcab619c614d3038751c63bc2aadc06d\"},\"description\":\"Kolumna \u010dlana Predsjedni\u0161tva i poslanika Pozitivne Crne Gore Dritana Abazovi\u0107a je objavljena u ND Vijesti, 20.01.2014. \u201ePomogni mi jo\u0161 ovaj put\u201c \u2013 samo je\",\"breadcrumb\":{\"@id\":\"https:\/\/www.visit-ulcinj.com\/blog\/2014\/01\/20\/trg-robova-staroga-grada-ulcinja\/#breadcrumb\"},\"inLanguage\":\"en-US\",\"potentialAction\":[{\"@type\":\"ReadAction\",\"target\":[\"https:\/\/www.visit-ulcinj.com\/blog\/2014\/01\/20\/trg-robova-staroga-grada-ulcinja\/\"]}]},{\"@type\":\"BreadcrumbList\",\"@id\":\"https:\/\/www.visit-ulcinj.com\/blog\/2014\/01\/20\/trg-robova-staroga-grada-ulcinja\/#breadcrumb\",\"itemListElement\":[{\"@type\":\"ListItem\",\"position\":1,\"name\":\"Trg robova staroga grada Ulcinja\"}]},{\"@type\":\"Person\",\"@id\":\"https:\/\/www.visit-ulcinj.com\/blog\/#\/schema\/person\/dcab619c614d3038751c63bc2aadc06d\",\"name\":\"ulqini\",\"sameAs\":[\"http:\/\/www.visit-ulcinj.com\"],\"url\":\"https:\/\/www.visit-ulcinj.com\/blog\/author\/admin\/\"}]}<\/script>\n<!-- \/ Yoast SEO plugin. -->","yoast_head_json":{"title":"Trg robova staroga grada Ulcinja - Lajme nga Ulqini","description":"Kolumna \u010dlana Predsjedni\u0161tva i poslanika Pozitivne Crne Gore Dritana Abazovi\u0107a je objavljena u ND Vijesti, 20.01.2014. \u201ePomogni mi jo\u0161 ovaj put\u201c \u2013 samo je","robots":{"index":"index","follow":"follow","max-snippet":"max-snippet:-1","max-image-preview":"max-image-preview:large","max-video-preview":"max-video-preview:-1"},"canonical":"https:\/\/www.visit-ulcinj.com\/blog\/2014\/01\/20\/trg-robova-staroga-grada-ulcinja\/","og_locale":"en_US","og_type":"article","og_title":"Trg robova staroga grada Ulcinja - Lajme nga Ulqini","og_description":"Kolumna \u010dlana Predsjedni\u0161tva i poslanika Pozitivne Crne Gore Dritana Abazovi\u0107a je objavljena u ND Vijesti, 20.01.2014. \u201ePomogni mi jo\u0161 ovaj put\u201c \u2013 samo je","og_url":"https:\/\/www.visit-ulcinj.com\/blog\/2014\/01\/20\/trg-robova-staroga-grada-ulcinja\/","og_site_name":"Lajme nga Ulqini","article_published_time":"2014-01-20T16:35:38+00:00","og_image":[{"url":"http:\/\/www.visit-ulcinj.com\/blog\/wp-content\/uploads\/2014\/01\/Trg-Robova-Stari-Grad-Ulcinj-1.jpg"}],"twitter_misc":{"Written by":"ulqini","Est. reading time":"5 minutes"},"schema":{"@context":"https:\/\/schema.org","@graph":[{"@type":"WebSite","@id":"https:\/\/www.visit-ulcinj.com\/blog\/#website","url":"https:\/\/www.visit-ulcinj.com\/blog\/","name":"Lajme nga Ulqini","description":"Lajme,Vijesti,Ulqini,Ulqin,Crna Gora,Mali i Zi","potentialAction":[{"@type":"SearchAction","target":{"@type":"EntryPoint","urlTemplate":"https:\/\/www.visit-ulcinj.com\/blog\/?s={search_term_string}"},"query-input":"required name=search_term_string"}],"inLanguage":"en-US"},{"@type":"ImageObject","inLanguage":"en-US","@id":"https:\/\/www.visit-ulcinj.com\/blog\/2014\/01\/20\/trg-robova-staroga-grada-ulcinja\/#primaryimage","url":"https:\/\/www.visit-ulcinj.com\/blog\/wp-content\/uploads\/2014\/01\/Trg-Robova-Stari-Grad-Ulcinj-1.jpg","contentUrl":"https:\/\/www.visit-ulcinj.com\/blog\/wp-content\/uploads\/2014\/01\/Trg-Robova-Stari-Grad-Ulcinj-1.jpg","width":960,"height":720},{"@type":"WebPage","@id":"https:\/\/www.visit-ulcinj.com\/blog\/2014\/01\/20\/trg-robova-staroga-grada-ulcinja\/#webpage","url":"https:\/\/www.visit-ulcinj.com\/blog\/2014\/01\/20\/trg-robova-staroga-grada-ulcinja\/","name":"Trg robova staroga grada Ulcinja - Lajme nga Ulqini","isPartOf":{"@id":"https:\/\/www.visit-ulcinj.com\/blog\/#website"},"primaryImageOfPage":{"@id":"https:\/\/www.visit-ulcinj.com\/blog\/2014\/01\/20\/trg-robova-staroga-grada-ulcinja\/#primaryimage"},"datePublished":"2014-01-20T16:35:38+00:00","dateModified":"2014-01-20T16:35:38+00:00","author":{"@id":"https:\/\/www.visit-ulcinj.com\/blog\/#\/schema\/person\/dcab619c614d3038751c63bc2aadc06d"},"description":"Kolumna \u010dlana Predsjedni\u0161tva i poslanika Pozitivne Crne Gore Dritana Abazovi\u0107a je objavljena u ND Vijesti, 20.01.2014. \u201ePomogni mi jo\u0161 ovaj put\u201c \u2013 samo je","breadcrumb":{"@id":"https:\/\/www.visit-ulcinj.com\/blog\/2014\/01\/20\/trg-robova-staroga-grada-ulcinja\/#breadcrumb"},"inLanguage":"en-US","potentialAction":[{"@type":"ReadAction","target":["https:\/\/www.visit-ulcinj.com\/blog\/2014\/01\/20\/trg-robova-staroga-grada-ulcinja\/"]}]},{"@type":"BreadcrumbList","@id":"https:\/\/www.visit-ulcinj.com\/blog\/2014\/01\/20\/trg-robova-staroga-grada-ulcinja\/#breadcrumb","itemListElement":[{"@type":"ListItem","position":1,"name":"Trg robova staroga grada Ulcinja"}]},{"@type":"Person","@id":"https:\/\/www.visit-ulcinj.com\/blog\/#\/schema\/person\/dcab619c614d3038751c63bc2aadc06d","name":"ulqini","sameAs":["http:\/\/www.visit-ulcinj.com"],"url":"https:\/\/www.visit-ulcinj.com\/blog\/author\/admin\/"}]}},"jetpack_featured_media_url":"","jetpack_sharing_enabled":true,"jetpack_shortlink":"https:\/\/wp.me\/pe6lTn-kpT","_links":{"self":[{"href":"https:\/\/www.visit-ulcinj.com\/blog\/wp-json\/wp\/v2\/posts\/78485"}],"collection":[{"href":"https:\/\/www.visit-ulcinj.com\/blog\/wp-json\/wp\/v2\/posts"}],"about":[{"href":"https:\/\/www.visit-ulcinj.com\/blog\/wp-json\/wp\/v2\/types\/post"}],"author":[{"embeddable":true,"href":"https:\/\/www.visit-ulcinj.com\/blog\/wp-json\/wp\/v2\/users\/1"}],"replies":[{"embeddable":true,"href":"https:\/\/www.visit-ulcinj.com\/blog\/wp-json\/wp\/v2\/comments?post=78485"}],"version-history":[{"count":2,"href":"https:\/\/www.visit-ulcinj.com\/blog\/wp-json\/wp\/v2\/posts\/78485\/revisions"}],"predecessor-version":[{"id":78488,"href":"https:\/\/www.visit-ulcinj.com\/blog\/wp-json\/wp\/v2\/posts\/78485\/revisions\/78488"}],"wp:attachment":[{"href":"https:\/\/www.visit-ulcinj.com\/blog\/wp-json\/wp\/v2\/media?parent=78485"}],"wp:term":[{"taxonomy":"category","embeddable":true,"href":"https:\/\/www.visit-ulcinj.com\/blog\/wp-json\/wp\/v2\/categories?post=78485"},{"taxonomy":"post_tag","embeddable":true,"href":"https:\/\/www.visit-ulcinj.com\/blog\/wp-json\/wp\/v2\/tags?post=78485"}],"curies":[{"name":"wp","href":"https:\/\/api.w.org\/{rel}","templated":true}]}}