{"id":78509,"date":"2014-01-21T07:51:29","date_gmt":"2014-01-21T06:51:29","guid":{"rendered":"http:\/\/www.visit-ulcinj.com\/blog\/?p=78509"},"modified":"2014-01-21T16:58:11","modified_gmt":"2014-01-21T15:58:11","slug":"buna-ne-pinjesh-nga-muzafer-beljo-causi","status":"publish","type":"post","link":"https:\/\/www.visit-ulcinj.com\/blog\/2014\/01\/21\/buna-ne-pinjesh-nga-muzafer-beljo-causi\/","title":{"rendered":"Buna n\u00eb Pinjesh nga Muzafer Beljo \u00c7ausi"},"content":{"rendered":"<p><a href=\"http:\/\/www.visit-ulcinj.com\/blog\/wp-content\/uploads\/2014\/01\/BUNA-N\u00cb-PINJESH-ULQIN.jpg\"><img loading=\"lazy\" class=\"alignleft  wp-image-78510\" alt=\"BUNA N\u00cb PINJESH-ULQIN\" src=\"http:\/\/www.visit-ulcinj.com\/blog\/wp-content\/uploads\/2014\/01\/BUNA-N\u00cb-PINJESH-ULQIN.jpg\" width=\"508\" height=\"360\" \/><\/a>Kurr\u00eb nuk kam pasur qejf t\u00eb luaj bixhoz me letra, por q\u00eb nj\u00eb vjeshte, t\u00eb turbullt dhe me shira, \u00e7do dit\u00eb, n\u00eb kafehanen e Boshkos, isha pran\u00eb tyre. Sakt\u00ebsisht, prapa tyre, pas letrave n\u00eb duart e huaja \u2013 isha kibicer. Prap\u00eb, jo pse m\u00eb interesonte rrjedha dhe p\u00ebrfundimi i loj\u00ebs, i doja ata q\u00eb luanin, ua shikoja fytyrat, m\u00eb p\u00eblqenin bisedat e tyre&#8230;<br \/>\nShaqirin vesh\u00ebt e tradhtonin. Si i binin letra t\u00eb mira, gjaku do t\u2019ia kaplonte moll\u00ebzat, nd\u00ebrsa vesh\u00ebt do t\u00eb merrni ngjyr\u00ebn e patlixhanit&#8230; Shqet\u00ebsohej, s\u2019i zihej vendi, Pastaj kriste dhe shante kah atyre q\u00eb e p\u00ebrcillnin kur lojtar\u00ebt kund\u00ebrshtar\u00eb e merrnin me mend se \u00e7ka fshihte n\u00eb duar.<br \/>\n&#8211; Kurkush s\u2019 t\u2019 ka faj, ty vesht si danji \u201czvu\u00e7nik\u201d t\u00eb lajm\u00ebrojn\u00eb n\u00eb t\u00eb gjitha an\u00ebt &#8211; qeshnin t\u00eb gjith\u00eb \u2013 nd\u00ebrsa Shaqirit edhe m\u00eb shum\u00eb gjaku ia skuq fytyr\u00ebn.<br \/>\nVet\u00ebm damar\u00ebt e shuplak\u00ebs s\u00eb djatht\u00eb s\u2019i punonin, ajo gjithmon\u00eb kishte t\u00eb ftoht\u00eb. Nj\u00eb cop\u00eb akulli! As dimrit, as ver\u00ebs nuk e hiqte prej saj at\u00eb dorez\u00ebn prej leshi.<br \/>\nIa hekuros nusja e djalit k\u00ebmish\u00ebn e bardh\u00eb, pantallonat drap, e qet kapel\u00ebn, &#8211; burr\u00eb zot\u00ebri, par q\u00eb s\u2019del pun\u00eb ta bind\u00eb t\u00eb heq\u00eb at\u00eb dorez\u00eb, s\u00eb paku sa p\u00ebr ta lar\u00eb e terur, t\u00eb mos e turp\u00ebroj\u00eb n\u00eb Ran\u00eb&#8230;<br \/>\n&#8211; P\u00ebr t\u00eb gjitha fajtore isht Buna, lag\u00ebshtia e saj m\u2019 ka hy n\u00eb eshtna, da ta marr me vedi n\u00eb Pinjesh \u2013 thoshte vazhdimisht.<br \/>\nH\u00eb, shikoj: njeriu e \u00e7on ujin e Bun\u00ebs n\u00eb maj\u00eb t\u00eb Pinjeshit, n\u00eb varrezat e qytetit, n\u00eb eshtrat e veta! Dhe, posi, vet\u00ebm ashtu n\u00ebse merret me vete di\u00e7ka, sepse atje lart shkohet duarthat\u00eb&#8230;<br \/>\nPis, grindavec! Shaqiri t\u00eb gjith\u00eb i kalonte, si t\u00eb gjith\u00eb njer\u00ebzit shtatshkurt\u00ebr, kur me dik\u00eb b\u00ebn fjal\u00eb.<br \/>\nPastaj pak p\u00ebrkulet p\u00ebrpara, e mbyll nj\u00ebrin sy dhe duke u k\u00ebrc\u00ebnuar ia kall\u00ebzon shkopin. Por ai ask\u00ebnd askurr\u00eb s\u2019e ka trembur, ajo vet\u00ebm ishte nj\u00eb shfaqje e \u00e7doditshme n\u00eb Ran\u00eb. Sa p\u00ebr t\u00eb kaluar koh\u00eb, pak u duhet. E mbush bregun e detit zhurma dhe gazi dhe ashtu ranacak\u00ebt e kalojn\u00eb nj\u00eb or\u00eb t\u00eb ngadalshme vjeshte.<br \/>\nAtij tetori, dhe dit\u00ebve kur letra s\u2019e donte kurrsesi, gjakun ia pinte dhe birit ta \u00e7onte n\u00eb Bune.<br \/>\nDonte, thoshte, q\u00eb edhe nj\u00eb her\u00eb ta shihte mas\u00ebn e qefullit n\u00eb uj\u00eb dhe n\u00eb tratk\u00eb&#8230;<br \/>\n&#8211; Ke lujt mendsh, i ke tetdhet vjet, mezi ec\u00ebn rrug\u00ebs! \u2013 asgj\u00eb s\u2019ndihmonte: do po do, si ndonj\u00eb f\u00ebmij\u00eb i keq!<br \/>\n&#8211; Nse ti s\u2019da me m\u2019 \u00e7u, ka kush dan! &#8211; s\u2019kam met un\u00eb pa miq! \u2013 k\u00ebrc\u00ebnohej, dhe n\u00eb t\u00eb nj\u00ebjt\u00ebn koh\u00eb duke lutur: &#8211; Vet\u00ebm kam me u ul\u00eb n\u00eb bash t\u00eb fllug\u00ebs!&#8230; Kam m\u2019u pshtjell\u00eb mir\u00eb dhe s\u2019kam me ba za!<br \/>\nE dinin se ai fort rren; t\u00eb mos fliste ai?!<br \/>\nU ul n\u00eb skamin e fllug\u00ebs, dy vet\u00eb e ndihmuan t\u00eb hynte n\u00eb t\u00eb, dhe, me t\u00eb v\u00ebrtet\u00eb, u qet\u00ebsua sikur t\u00eb ishte ndonj\u00eb nuse! Vet\u00ebm syt\u00eb i shk\u00eblqenin dhe pa iu dridhur qepalla, shikonte syprin\u00ebn e qet\u00eb t\u00eb detit.<br \/>\nE kishin harruar t\u00eb gjith\u00eb at\u00eb kur nj\u00eb mas\u00eb e vjeshtukut viz\u00eblloi para bashit.<br \/>\nU shqet\u00ebsua dhe pa zhurm\u00eb, duke p\u00ebshp\u00ebritur: mbaje, l\u00ebshoje, g\u00ebrgoje&#8230; dhe e rrethuan peshkun.<br \/>\nN\u00eb sip\u00ebrfaqen e ujit dallohej rendi i goglave, kur peshkaxhit\u00eb para vetes e pan\u00eb fantazm\u00ebn: Shaqirit vet\u00ebm maja e kres\u00eb i dallohej mbi uj\u00eb!<br \/>\n&#8211; Vozit p\u00ebrpara, vira, vira, shpejt! &#8211; komandonte nga uji \u2013 un\u00eb e maj me kam\u00eb plumin, s\u2019ka me m\u2019ik\u00eb asnji!&#8230;<br \/>\nAskush s\u2019e v\u00ebrejti se kur u zhvesh n\u00eb fllug\u00eb n\u00eb brek\u00eb t\u00eb gjata dhe me n\u00ebnk\u00ebmish\u00eb dhe kur prej ki\u00e7it ishte l\u00ebshuar n\u00eb detin e ftoht\u00eb.<br \/>\nPastaj kall\u00ebzonte se k\u00ebtyre t\u00eb rinjve t\u00eb pap\u00ebrvoj\u00eb kishte frik\u00eb se do t\u2019u ikte e t\u00ebr\u00eb masa e peshkut t\u00eb vjesht\u00ebs n\u00ebn rrjet\u00eb.<br \/>\nKa ndodhur, me t\u00eb v\u00ebrtet\u00eb, q\u00eb konopi me plumb i rrjet\u00ebs t\u00eb shkonte n\u00ebp\u00ebr fundin me r\u00ebr\u00eb, dhe, kur nj\u00ebri qefull e gjen bir\u00ebn, pas saj shkojn\u00eb edhe t\u00eb tjer\u00ebt. Del peshku prej rrjet\u00ebs si kur q\u00eb rrjedh vaji prej lakamic\u00ebs.<br \/>\nDjali, kur n\u00eb mbr\u00ebmje erdhi ta merrte, e gjeti pran\u00eb nj\u00eb zjarri n\u00eb breg t\u00eb detit, t\u00eb mb\u00ebshtjell\u00eb me nj\u00eb batanije.<br \/>\n&#8211; Je la, Apa? t\u2019laft\u00eb hoxha n\u2019 teneshir, ishalla! \u2013 luajti mendsh i biri.<\/p>\n<p>Shaqiri ia nisi asaj nate t\u00eb teshej, t\u00eb kollej&#8230;<br \/>\nVdiq dy muaj m\u00eb von\u00eb.<br \/>\nAi e \u00e7oi nj\u00eb grusht uji t\u00eb Bun\u00ebs n\u00eb Pinjesh!<\/p>\n<p data-ft=\"{&quot;tn&quot;:&quot;C&quot;}\"><strong><a id=\"js_23\" href=\"https:\/\/www.facebook.com\/muzafer.caushi?hc_location=timeline\" data-hovercard=\"\/ajax\/hovercard\/user.php?id=100004977483151&amp;extragetparams=%7B%22hc_location%22%3A%22timeline%22%7D\">Muzafer Beljo Causi Facebook<\/a><\/strong><\/p>\n","protected":false},"excerpt":{"rendered":"<p>Kurr\u00eb nuk kam pasur qejf t\u00eb luaj bixhoz me letra, por q\u00eb nj\u00eb vjeshte, t\u00eb turbullt dhe me shira, \u00e7do dit\u00eb, n\u00eb kafehanen e Boshkos, isha pran\u00eb tyre. Sakt\u00ebsisht, prapa tyre, pas letrave n\u00eb duart e huaja \u2013 isha kibicer. Prap\u00eb, jo pse m\u00eb interesonte rrjedha dhe p\u00ebrfundimi i loj\u00ebs, i doja ata q\u00eb luanin, [&hellip;]<\/p>\n","protected":false},"author":1,"featured_media":0,"comment_status":"closed","ping_status":"closed","sticky":false,"template":"","format":"standard","meta":{"spay_email":"","jetpack_publicize_message":"","jetpack_is_tweetstorm":false,"jetpack_publicize_feature_enabled":true},"categories":[4,1],"tags":[],"jetpack_publicize_connections":[],"yoast_head":"<!-- This site is optimized with the Yoast SEO plugin v19.1 - https:\/\/yoast.com\/wordpress\/plugins\/seo\/ -->\n<title>Buna n\u00eb Pinjesh nga Muzafer Beljo \u00c7ausi - Lajme nga Ulqini<\/title>\n<meta name=\"description\" content=\"Kurr\u00eb nuk kam pasur qejf t\u00eb luaj bixhoz me letra, por q\u00eb nj\u00eb vjeshte, t\u00eb turbullt dhe me shira, \u00e7do dit\u00eb, n\u00eb kafehanen e Boshkos, isha pran\u00eb tyre.\" \/>\n<meta name=\"robots\" content=\"index, follow, max-snippet:-1, max-image-preview:large, max-video-preview:-1\" \/>\n<link rel=\"canonical\" href=\"https:\/\/www.visit-ulcinj.com\/blog\/2014\/01\/21\/buna-ne-pinjesh-nga-muzafer-beljo-causi\/\" \/>\n<meta property=\"og:locale\" content=\"en_US\" \/>\n<meta property=\"og:type\" content=\"article\" \/>\n<meta property=\"og:title\" content=\"Buna n\u00eb Pinjesh nga Muzafer Beljo \u00c7ausi - Lajme nga Ulqini\" \/>\n<meta property=\"og:description\" content=\"Kurr\u00eb nuk kam pasur qejf t\u00eb luaj bixhoz me letra, por q\u00eb nj\u00eb vjeshte, t\u00eb turbullt dhe me shira, \u00e7do dit\u00eb, n\u00eb kafehanen e Boshkos, isha pran\u00eb tyre.\" \/>\n<meta property=\"og:url\" content=\"https:\/\/www.visit-ulcinj.com\/blog\/2014\/01\/21\/buna-ne-pinjesh-nga-muzafer-beljo-causi\/\" \/>\n<meta property=\"og:site_name\" content=\"Lajme nga Ulqini\" \/>\n<meta property=\"article:published_time\" content=\"2014-01-21T06:51:29+00:00\" \/>\n<meta property=\"article:modified_time\" content=\"2014-01-21T15:58:11+00:00\" \/>\n<meta name=\"twitter:label1\" content=\"Written by\" \/>\n\t<meta name=\"twitter:data1\" content=\"ulqini\" \/>\n\t<meta name=\"twitter:label2\" content=\"Est. reading time\" \/>\n\t<meta name=\"twitter:data2\" content=\"4 minutes\" \/>\n<script type=\"application\/ld+json\" class=\"yoast-schema-graph\">{\"@context\":\"https:\/\/schema.org\",\"@graph\":[{\"@type\":\"WebSite\",\"@id\":\"https:\/\/www.visit-ulcinj.com\/blog\/#website\",\"url\":\"https:\/\/www.visit-ulcinj.com\/blog\/\",\"name\":\"Lajme nga Ulqini\",\"description\":\"Lajme,Vijesti,Ulqini,Ulqin,Crna Gora,Mali i Zi\",\"potentialAction\":[{\"@type\":\"SearchAction\",\"target\":{\"@type\":\"EntryPoint\",\"urlTemplate\":\"https:\/\/www.visit-ulcinj.com\/blog\/?s={search_term_string}\"},\"query-input\":\"required name=search_term_string\"}],\"inLanguage\":\"en-US\"},{\"@type\":\"WebPage\",\"@id\":\"https:\/\/www.visit-ulcinj.com\/blog\/2014\/01\/21\/buna-ne-pinjesh-nga-muzafer-beljo-causi\/#webpage\",\"url\":\"https:\/\/www.visit-ulcinj.com\/blog\/2014\/01\/21\/buna-ne-pinjesh-nga-muzafer-beljo-causi\/\",\"name\":\"Buna n\u00eb Pinjesh nga Muzafer Beljo \u00c7ausi - Lajme nga Ulqini\",\"isPartOf\":{\"@id\":\"https:\/\/www.visit-ulcinj.com\/blog\/#website\"},\"datePublished\":\"2014-01-21T06:51:29+00:00\",\"dateModified\":\"2014-01-21T15:58:11+00:00\",\"author\":{\"@id\":\"https:\/\/www.visit-ulcinj.com\/blog\/#\/schema\/person\/dcab619c614d3038751c63bc2aadc06d\"},\"description\":\"Kurr\u00eb nuk kam pasur qejf t\u00eb luaj bixhoz me letra, por q\u00eb nj\u00eb vjeshte, t\u00eb turbullt dhe me shira, \u00e7do dit\u00eb, n\u00eb kafehanen e Boshkos, isha pran\u00eb tyre.\",\"breadcrumb\":{\"@id\":\"https:\/\/www.visit-ulcinj.com\/blog\/2014\/01\/21\/buna-ne-pinjesh-nga-muzafer-beljo-causi\/#breadcrumb\"},\"inLanguage\":\"en-US\",\"potentialAction\":[{\"@type\":\"ReadAction\",\"target\":[\"https:\/\/www.visit-ulcinj.com\/blog\/2014\/01\/21\/buna-ne-pinjesh-nga-muzafer-beljo-causi\/\"]}]},{\"@type\":\"BreadcrumbList\",\"@id\":\"https:\/\/www.visit-ulcinj.com\/blog\/2014\/01\/21\/buna-ne-pinjesh-nga-muzafer-beljo-causi\/#breadcrumb\",\"itemListElement\":[{\"@type\":\"ListItem\",\"position\":1,\"name\":\"Buna n\u00eb Pinjesh nga Muzafer Beljo \u00c7ausi\"}]},{\"@type\":\"Person\",\"@id\":\"https:\/\/www.visit-ulcinj.com\/blog\/#\/schema\/person\/dcab619c614d3038751c63bc2aadc06d\",\"name\":\"ulqini\",\"sameAs\":[\"http:\/\/www.visit-ulcinj.com\"],\"url\":\"https:\/\/www.visit-ulcinj.com\/blog\/author\/admin\/\"}]}<\/script>\n<!-- \/ Yoast SEO plugin. -->","yoast_head_json":{"title":"Buna n\u00eb Pinjesh nga Muzafer Beljo \u00c7ausi - Lajme nga Ulqini","description":"Kurr\u00eb nuk kam pasur qejf t\u00eb luaj bixhoz me letra, por q\u00eb nj\u00eb vjeshte, t\u00eb turbullt dhe me shira, \u00e7do dit\u00eb, n\u00eb kafehanen e Boshkos, isha pran\u00eb tyre.","robots":{"index":"index","follow":"follow","max-snippet":"max-snippet:-1","max-image-preview":"max-image-preview:large","max-video-preview":"max-video-preview:-1"},"canonical":"https:\/\/www.visit-ulcinj.com\/blog\/2014\/01\/21\/buna-ne-pinjesh-nga-muzafer-beljo-causi\/","og_locale":"en_US","og_type":"article","og_title":"Buna n\u00eb Pinjesh nga Muzafer Beljo \u00c7ausi - Lajme nga Ulqini","og_description":"Kurr\u00eb nuk kam pasur qejf t\u00eb luaj bixhoz me letra, por q\u00eb nj\u00eb vjeshte, t\u00eb turbullt dhe me shira, \u00e7do dit\u00eb, n\u00eb kafehanen e Boshkos, isha pran\u00eb tyre.","og_url":"https:\/\/www.visit-ulcinj.com\/blog\/2014\/01\/21\/buna-ne-pinjesh-nga-muzafer-beljo-causi\/","og_site_name":"Lajme nga Ulqini","article_published_time":"2014-01-21T06:51:29+00:00","article_modified_time":"2014-01-21T15:58:11+00:00","twitter_misc":{"Written by":"ulqini","Est. reading time":"4 minutes"},"schema":{"@context":"https:\/\/schema.org","@graph":[{"@type":"WebSite","@id":"https:\/\/www.visit-ulcinj.com\/blog\/#website","url":"https:\/\/www.visit-ulcinj.com\/blog\/","name":"Lajme nga Ulqini","description":"Lajme,Vijesti,Ulqini,Ulqin,Crna Gora,Mali i Zi","potentialAction":[{"@type":"SearchAction","target":{"@type":"EntryPoint","urlTemplate":"https:\/\/www.visit-ulcinj.com\/blog\/?s={search_term_string}"},"query-input":"required name=search_term_string"}],"inLanguage":"en-US"},{"@type":"WebPage","@id":"https:\/\/www.visit-ulcinj.com\/blog\/2014\/01\/21\/buna-ne-pinjesh-nga-muzafer-beljo-causi\/#webpage","url":"https:\/\/www.visit-ulcinj.com\/blog\/2014\/01\/21\/buna-ne-pinjesh-nga-muzafer-beljo-causi\/","name":"Buna n\u00eb Pinjesh nga Muzafer Beljo \u00c7ausi - Lajme nga Ulqini","isPartOf":{"@id":"https:\/\/www.visit-ulcinj.com\/blog\/#website"},"datePublished":"2014-01-21T06:51:29+00:00","dateModified":"2014-01-21T15:58:11+00:00","author":{"@id":"https:\/\/www.visit-ulcinj.com\/blog\/#\/schema\/person\/dcab619c614d3038751c63bc2aadc06d"},"description":"Kurr\u00eb nuk kam pasur qejf t\u00eb luaj bixhoz me letra, por q\u00eb nj\u00eb vjeshte, t\u00eb turbullt dhe me shira, \u00e7do dit\u00eb, n\u00eb kafehanen e Boshkos, isha pran\u00eb tyre.","breadcrumb":{"@id":"https:\/\/www.visit-ulcinj.com\/blog\/2014\/01\/21\/buna-ne-pinjesh-nga-muzafer-beljo-causi\/#breadcrumb"},"inLanguage":"en-US","potentialAction":[{"@type":"ReadAction","target":["https:\/\/www.visit-ulcinj.com\/blog\/2014\/01\/21\/buna-ne-pinjesh-nga-muzafer-beljo-causi\/"]}]},{"@type":"BreadcrumbList","@id":"https:\/\/www.visit-ulcinj.com\/blog\/2014\/01\/21\/buna-ne-pinjesh-nga-muzafer-beljo-causi\/#breadcrumb","itemListElement":[{"@type":"ListItem","position":1,"name":"Buna n\u00eb Pinjesh nga Muzafer Beljo \u00c7ausi"}]},{"@type":"Person","@id":"https:\/\/www.visit-ulcinj.com\/blog\/#\/schema\/person\/dcab619c614d3038751c63bc2aadc06d","name":"ulqini","sameAs":["http:\/\/www.visit-ulcinj.com"],"url":"https:\/\/www.visit-ulcinj.com\/blog\/author\/admin\/"}]}},"jetpack_featured_media_url":"","jetpack_sharing_enabled":true,"jetpack_shortlink":"https:\/\/wp.me\/pe6lTn-kqh","_links":{"self":[{"href":"https:\/\/www.visit-ulcinj.com\/blog\/wp-json\/wp\/v2\/posts\/78509"}],"collection":[{"href":"https:\/\/www.visit-ulcinj.com\/blog\/wp-json\/wp\/v2\/posts"}],"about":[{"href":"https:\/\/www.visit-ulcinj.com\/blog\/wp-json\/wp\/v2\/types\/post"}],"author":[{"embeddable":true,"href":"https:\/\/www.visit-ulcinj.com\/blog\/wp-json\/wp\/v2\/users\/1"}],"replies":[{"embeddable":true,"href":"https:\/\/www.visit-ulcinj.com\/blog\/wp-json\/wp\/v2\/comments?post=78509"}],"version-history":[{"count":1,"href":"https:\/\/www.visit-ulcinj.com\/blog\/wp-json\/wp\/v2\/posts\/78509\/revisions"}],"predecessor-version":[{"id":78511,"href":"https:\/\/www.visit-ulcinj.com\/blog\/wp-json\/wp\/v2\/posts\/78509\/revisions\/78511"}],"wp:attachment":[{"href":"https:\/\/www.visit-ulcinj.com\/blog\/wp-json\/wp\/v2\/media?parent=78509"}],"wp:term":[{"taxonomy":"category","embeddable":true,"href":"https:\/\/www.visit-ulcinj.com\/blog\/wp-json\/wp\/v2\/categories?post=78509"},{"taxonomy":"post_tag","embeddable":true,"href":"https:\/\/www.visit-ulcinj.com\/blog\/wp-json\/wp\/v2\/tags?post=78509"}],"curies":[{"name":"wp","href":"https:\/\/api.w.org\/{rel}","templated":true}]}}