{"id":7851,"date":"2008-12-29T20:37:21","date_gmt":"2008-12-29T19:37:21","guid":{"rendered":"http:\/\/www.visit-ulcinj.com\/blog\/?p=7851"},"modified":"2008-12-30T10:04:47","modified_gmt":"2008-12-30T09:04:47","slug":"blero-me-ke-e-ndan-shtratin","status":"publish","type":"post","link":"https:\/\/www.visit-ulcinj.com\/blog\/2008\/12\/29\/blero-me-ke-e-ndan-shtratin\/","title":{"rendered":"Blero: Me k\u00eb e ndan shtratin?"},"content":{"rendered":"<p><a title=\"blero\" href=\"http:\/\/www.visit-ulcinj.com\/blog\/wp-content\/uploads\/2008\/12\/blero.jpg\" target=\"_blank\"><img loading=\"lazy\" class=\"alignleft size-full wp-image-7852\" title=\"blero\" src=\"http:\/\/www.visit-ulcinj.com\/blog\/wp-content\/uploads\/2008\/12\/blero.jpg\" alt=\"blero\" width=\"385\" height=\"290\" \/><\/a>Blero ende nuk ka nj\u00eb lidhje serioze me ndonj\u00eb vajze, sado q\u00eb \u00ebsht\u00eb p\u00ebrfolur shume se ai \u00ebsht\u00eb n\u00eb lidhje dashurie me Besa Gashin ish- Miss Kosova. Ai ka deklaruar publikisht se nuk e ndan shtratin e tij \u2018dopio\u2019, me ndonj\u00eb vajz\u00eb. I pyetur n\u00ebse i ka ndodhur ta ket\u00eb dike n\u00eb shtratin e ri t\u00eb cilin nuk ka shum\u00eb koh\u00eb q\u00eb e ka vendosur n\u00eb apartament, po ashtu t\u00eb bler\u00eb s\u00eb fundmi, Blero ka th\u00ebn\u00eb: \u201cKa ndodhur ta ndaj shtratin&#8230;ka ndodhur nuk mund t\u00eb them se jo. Por ju e dini q\u00eb kur nuk ke nj\u00eb lidhje serioze \u00ebsht\u00eb pak m\u00eb e v\u00ebshtir\u00eb t\u00eb kesh dik\u00eb aty. Nd\u00ebrsa kur t\u00eb kem ndonj\u00eb lidhje serioze at\u00ebher\u00eb me siguri q\u00eb do t\u00eb jet\u00eb shum\u00eb m\u00eb ndryshe- ka th\u00ebn\u00eb Blero. Nd\u00ebrsa sa i p\u00ebrket p\u00ebrdorimit t\u00eb telefonit, Blero ka pohuar se ka pasur raste kur ai ka folur deri n\u00eb 7 or\u00eb n\u00eb telefon. \u201c&#8230;e dini si \u00ebsht\u00eb kur je shum\u00eb i dashuruar&#8230;mund t\u00eb flas\u00eb me or\u00eb t\u00eb t\u00ebra n\u00eb telefon&#8230;un\u00eb kam pasur nj\u00eb periudh\u00eb t\u00eb till\u00eb dhe mund t\u00eb them se kam folur deri n\u00eb 7 or\u00eb&#8230;.\u201d tha Blero. K\u00ebng\u00ebtari kosovar ka bler\u00eb nj\u00eb apartament n\u00eb Prishtin\u00eb t\u00eb cilin \u00ebsht\u00eb duke e rinovuar. Se me k\u00eb dhe kur do ta ndaj\u00eb at\u00eb me ndonj\u00eb vajze nuk dihet ende.<br \/>\n<strong>Bluetooth<\/strong><\/p>\n<!--YouTube Error: bad URL entered-->\n","protected":false},"excerpt":{"rendered":"<p>Blero ende nuk ka nj\u00eb lidhje serioze me ndonj\u00eb vajze, sado q\u00eb \u00ebsht\u00eb p\u00ebrfolur shume se ai \u00ebsht\u00eb n\u00eb lidhje dashurie me Besa Gashin ish- Miss Kosova. Ai ka deklaruar publikisht se nuk e ndan shtratin e tij \u2018dopio\u2019, me ndonj\u00eb vajz\u00eb. I pyetur n\u00ebse i ka ndodhur ta ket\u00eb dike n\u00eb shtratin e ri [&hellip;]<\/p>\n","protected":false},"author":1,"featured_media":0,"comment_status":"open","ping_status":"closed","sticky":false,"template":"","format":"standard","meta":{"spay_email":"","jetpack_publicize_message":"","jetpack_is_tweetstorm":false,"jetpack_publicize_feature_enabled":true},"categories":[1],"tags":[5493,5492,3978,49,5494,4901,4900],"jetpack_publicize_connections":[],"yoast_head":"<!-- This site is optimized with the Yoast SEO plugin v19.1 - https:\/\/yoast.com\/wordpress\/plugins\/seo\/ -->\n<title>Blero: Me k\u00eb e ndan shtratin? - Lajme nga Ulqini<\/title>\n<meta name=\"description\" content=\"Blero ende nuk ka nj\u00eb lidhje serioze me ndonj\u00eb vajze, sado q\u00eb \u00ebsht\u00eb p\u00ebrfolur shume se ai \u00ebsht\u00eb n\u00eb lidhje dashurie me Besa Gashin ish- Miss Kosova. Ai ka\" \/>\n<meta name=\"robots\" content=\"index, follow, max-snippet:-1, max-image-preview:large, max-video-preview:-1\" \/>\n<link rel=\"canonical\" href=\"https:\/\/www.visit-ulcinj.com\/blog\/2008\/12\/29\/blero-me-ke-e-ndan-shtratin\/\" \/>\n<meta property=\"og:locale\" content=\"en_US\" \/>\n<meta property=\"og:type\" content=\"article\" \/>\n<meta property=\"og:title\" content=\"Blero: Me k\u00eb e ndan shtratin? - Lajme nga Ulqini\" \/>\n<meta property=\"og:description\" content=\"Blero ende nuk ka nj\u00eb lidhje serioze me ndonj\u00eb vajze, sado q\u00eb \u00ebsht\u00eb p\u00ebrfolur shume se ai \u00ebsht\u00eb n\u00eb lidhje dashurie me Besa Gashin ish- Miss Kosova. Ai ka\" \/>\n<meta property=\"og:url\" content=\"https:\/\/www.visit-ulcinj.com\/blog\/2008\/12\/29\/blero-me-ke-e-ndan-shtratin\/\" \/>\n<meta property=\"og:site_name\" content=\"Lajme nga Ulqini\" \/>\n<meta property=\"article:published_time\" content=\"2008-12-29T19:37:21+00:00\" \/>\n<meta property=\"article:modified_time\" content=\"2008-12-30T09:04:47+00:00\" \/>\n<meta property=\"og:image\" content=\"http:\/\/www.visit-ulcinj.com\/blog\/wp-content\/uploads\/2008\/12\/blero.jpg\" \/>\n<meta name=\"twitter:label1\" content=\"Written by\" \/>\n\t<meta name=\"twitter:data1\" content=\"ulqini\" \/>\n\t<meta name=\"twitter:label2\" content=\"Est. reading time\" \/>\n\t<meta name=\"twitter:data2\" content=\"1 minute\" \/>\n<script type=\"application\/ld+json\" class=\"yoast-schema-graph\">{\"@context\":\"https:\/\/schema.org\",\"@graph\":[{\"@type\":\"WebSite\",\"@id\":\"https:\/\/www.visit-ulcinj.com\/blog\/#website\",\"url\":\"https:\/\/www.visit-ulcinj.com\/blog\/\",\"name\":\"Lajme nga Ulqini\",\"description\":\"Lajme,Vijesti,Ulqini,Ulqin,Crna Gora,Mali i Zi\",\"potentialAction\":[{\"@type\":\"SearchAction\",\"target\":{\"@type\":\"EntryPoint\",\"urlTemplate\":\"https:\/\/www.visit-ulcinj.com\/blog\/?s={search_term_string}\"},\"query-input\":\"required name=search_term_string\"}],\"inLanguage\":\"en-US\"},{\"@type\":\"ImageObject\",\"inLanguage\":\"en-US\",\"@id\":\"https:\/\/www.visit-ulcinj.com\/blog\/2008\/12\/29\/blero-me-ke-e-ndan-shtratin\/#primaryimage\",\"url\":\"http:\/\/www.visit-ulcinj.com\/blog\/wp-content\/uploads\/2008\/12\/blero.jpg\",\"contentUrl\":\"http:\/\/www.visit-ulcinj.com\/blog\/wp-content\/uploads\/2008\/12\/blero.jpg\"},{\"@type\":\"WebPage\",\"@id\":\"https:\/\/www.visit-ulcinj.com\/blog\/2008\/12\/29\/blero-me-ke-e-ndan-shtratin\/#webpage\",\"url\":\"https:\/\/www.visit-ulcinj.com\/blog\/2008\/12\/29\/blero-me-ke-e-ndan-shtratin\/\",\"name\":\"Blero: Me k\u00eb e ndan shtratin? - Lajme nga Ulqini\",\"isPartOf\":{\"@id\":\"https:\/\/www.visit-ulcinj.com\/blog\/#website\"},\"primaryImageOfPage\":{\"@id\":\"https:\/\/www.visit-ulcinj.com\/blog\/2008\/12\/29\/blero-me-ke-e-ndan-shtratin\/#primaryimage\"},\"datePublished\":\"2008-12-29T19:37:21+00:00\",\"dateModified\":\"2008-12-30T09:04:47+00:00\",\"author\":{\"@id\":\"https:\/\/www.visit-ulcinj.com\/blog\/#\/schema\/person\/dcab619c614d3038751c63bc2aadc06d\"},\"description\":\"Blero ende nuk ka nj\u00eb lidhje serioze me ndonj\u00eb vajze, sado q\u00eb \u00ebsht\u00eb p\u00ebrfolur shume se ai \u00ebsht\u00eb n\u00eb lidhje dashurie me Besa Gashin ish- Miss Kosova. Ai ka\",\"breadcrumb\":{\"@id\":\"https:\/\/www.visit-ulcinj.com\/blog\/2008\/12\/29\/blero-me-ke-e-ndan-shtratin\/#breadcrumb\"},\"inLanguage\":\"en-US\",\"potentialAction\":[{\"@type\":\"ReadAction\",\"target\":[\"https:\/\/www.visit-ulcinj.com\/blog\/2008\/12\/29\/blero-me-ke-e-ndan-shtratin\/\"]}]},{\"@type\":\"BreadcrumbList\",\"@id\":\"https:\/\/www.visit-ulcinj.com\/blog\/2008\/12\/29\/blero-me-ke-e-ndan-shtratin\/#breadcrumb\",\"itemListElement\":[{\"@type\":\"ListItem\",\"position\":1,\"name\":\"Blero: Me k\u00eb e ndan shtratin?\"}]},{\"@type\":\"Person\",\"@id\":\"https:\/\/www.visit-ulcinj.com\/blog\/#\/schema\/person\/dcab619c614d3038751c63bc2aadc06d\",\"name\":\"ulqini\",\"sameAs\":[\"http:\/\/www.visit-ulcinj.com\"],\"url\":\"https:\/\/www.visit-ulcinj.com\/blog\/author\/admin\/\"}]}<\/script>\n<!-- \/ Yoast SEO plugin. -->","yoast_head_json":{"title":"Blero: Me k\u00eb e ndan shtratin? - Lajme nga Ulqini","description":"Blero ende nuk ka nj\u00eb lidhje serioze me ndonj\u00eb vajze, sado q\u00eb \u00ebsht\u00eb p\u00ebrfolur shume se ai \u00ebsht\u00eb n\u00eb lidhje dashurie me Besa Gashin ish- Miss Kosova. Ai ka","robots":{"index":"index","follow":"follow","max-snippet":"max-snippet:-1","max-image-preview":"max-image-preview:large","max-video-preview":"max-video-preview:-1"},"canonical":"https:\/\/www.visit-ulcinj.com\/blog\/2008\/12\/29\/blero-me-ke-e-ndan-shtratin\/","og_locale":"en_US","og_type":"article","og_title":"Blero: Me k\u00eb e ndan shtratin? - Lajme nga Ulqini","og_description":"Blero ende nuk ka nj\u00eb lidhje serioze me ndonj\u00eb vajze, sado q\u00eb \u00ebsht\u00eb p\u00ebrfolur shume se ai \u00ebsht\u00eb n\u00eb lidhje dashurie me Besa Gashin ish- Miss Kosova. Ai ka","og_url":"https:\/\/www.visit-ulcinj.com\/blog\/2008\/12\/29\/blero-me-ke-e-ndan-shtratin\/","og_site_name":"Lajme nga Ulqini","article_published_time":"2008-12-29T19:37:21+00:00","article_modified_time":"2008-12-30T09:04:47+00:00","og_image":[{"url":"http:\/\/www.visit-ulcinj.com\/blog\/wp-content\/uploads\/2008\/12\/blero.jpg"}],"twitter_misc":{"Written by":"ulqini","Est. reading time":"1 minute"},"schema":{"@context":"https:\/\/schema.org","@graph":[{"@type":"WebSite","@id":"https:\/\/www.visit-ulcinj.com\/blog\/#website","url":"https:\/\/www.visit-ulcinj.com\/blog\/","name":"Lajme nga Ulqini","description":"Lajme,Vijesti,Ulqini,Ulqin,Crna Gora,Mali i Zi","potentialAction":[{"@type":"SearchAction","target":{"@type":"EntryPoint","urlTemplate":"https:\/\/www.visit-ulcinj.com\/blog\/?s={search_term_string}"},"query-input":"required name=search_term_string"}],"inLanguage":"en-US"},{"@type":"ImageObject","inLanguage":"en-US","@id":"https:\/\/www.visit-ulcinj.com\/blog\/2008\/12\/29\/blero-me-ke-e-ndan-shtratin\/#primaryimage","url":"http:\/\/www.visit-ulcinj.com\/blog\/wp-content\/uploads\/2008\/12\/blero.jpg","contentUrl":"http:\/\/www.visit-ulcinj.com\/blog\/wp-content\/uploads\/2008\/12\/blero.jpg"},{"@type":"WebPage","@id":"https:\/\/www.visit-ulcinj.com\/blog\/2008\/12\/29\/blero-me-ke-e-ndan-shtratin\/#webpage","url":"https:\/\/www.visit-ulcinj.com\/blog\/2008\/12\/29\/blero-me-ke-e-ndan-shtratin\/","name":"Blero: Me k\u00eb e ndan shtratin? - Lajme nga Ulqini","isPartOf":{"@id":"https:\/\/www.visit-ulcinj.com\/blog\/#website"},"primaryImageOfPage":{"@id":"https:\/\/www.visit-ulcinj.com\/blog\/2008\/12\/29\/blero-me-ke-e-ndan-shtratin\/#primaryimage"},"datePublished":"2008-12-29T19:37:21+00:00","dateModified":"2008-12-30T09:04:47+00:00","author":{"@id":"https:\/\/www.visit-ulcinj.com\/blog\/#\/schema\/person\/dcab619c614d3038751c63bc2aadc06d"},"description":"Blero ende nuk ka nj\u00eb lidhje serioze me ndonj\u00eb vajze, sado q\u00eb \u00ebsht\u00eb p\u00ebrfolur shume se ai \u00ebsht\u00eb n\u00eb lidhje dashurie me Besa Gashin ish- Miss Kosova. Ai ka","breadcrumb":{"@id":"https:\/\/www.visit-ulcinj.com\/blog\/2008\/12\/29\/blero-me-ke-e-ndan-shtratin\/#breadcrumb"},"inLanguage":"en-US","potentialAction":[{"@type":"ReadAction","target":["https:\/\/www.visit-ulcinj.com\/blog\/2008\/12\/29\/blero-me-ke-e-ndan-shtratin\/"]}]},{"@type":"BreadcrumbList","@id":"https:\/\/www.visit-ulcinj.com\/blog\/2008\/12\/29\/blero-me-ke-e-ndan-shtratin\/#breadcrumb","itemListElement":[{"@type":"ListItem","position":1,"name":"Blero: Me k\u00eb e ndan shtratin?"}]},{"@type":"Person","@id":"https:\/\/www.visit-ulcinj.com\/blog\/#\/schema\/person\/dcab619c614d3038751c63bc2aadc06d","name":"ulqini","sameAs":["http:\/\/www.visit-ulcinj.com"],"url":"https:\/\/www.visit-ulcinj.com\/blog\/author\/admin\/"}]}},"jetpack_featured_media_url":"","jetpack_sharing_enabled":true,"jetpack_shortlink":"https:\/\/wp.me\/pe6lTn-22D","_links":{"self":[{"href":"https:\/\/www.visit-ulcinj.com\/blog\/wp-json\/wp\/v2\/posts\/7851"}],"collection":[{"href":"https:\/\/www.visit-ulcinj.com\/blog\/wp-json\/wp\/v2\/posts"}],"about":[{"href":"https:\/\/www.visit-ulcinj.com\/blog\/wp-json\/wp\/v2\/types\/post"}],"author":[{"embeddable":true,"href":"https:\/\/www.visit-ulcinj.com\/blog\/wp-json\/wp\/v2\/users\/1"}],"replies":[{"embeddable":true,"href":"https:\/\/www.visit-ulcinj.com\/blog\/wp-json\/wp\/v2\/comments?post=7851"}],"version-history":[{"count":0,"href":"https:\/\/www.visit-ulcinj.com\/blog\/wp-json\/wp\/v2\/posts\/7851\/revisions"}],"wp:attachment":[{"href":"https:\/\/www.visit-ulcinj.com\/blog\/wp-json\/wp\/v2\/media?parent=7851"}],"wp:term":[{"taxonomy":"category","embeddable":true,"href":"https:\/\/www.visit-ulcinj.com\/blog\/wp-json\/wp\/v2\/categories?post=7851"},{"taxonomy":"post_tag","embeddable":true,"href":"https:\/\/www.visit-ulcinj.com\/blog\/wp-json\/wp\/v2\/tags?post=7851"}],"curies":[{"name":"wp","href":"https:\/\/api.w.org\/{rel}","templated":true}]}}