{"id":78512,"date":"2014-01-21T07:58:05","date_gmt":"2014-01-21T06:58:05","guid":{"rendered":"http:\/\/www.visit-ulcinj.com\/blog\/?p=78512"},"modified":"2014-01-21T07:58:18","modified_gmt":"2014-01-21T06:58:18","slug":"bojana-na-pinjesu-muzafer-beljo-causi","status":"publish","type":"post","link":"https:\/\/www.visit-ulcinj.com\/blog\/2014\/01\/21\/bojana-na-pinjesu-muzafer-beljo-causi\/","title":{"rendered":"Bojana na Pinje\u0161u &#8211;  Muzafer-Beljo \u010cau\u0161i"},"content":{"rendered":"<p><a href=\"http:\/\/www.visit-ulcinj.com\/blog\/wp-content\/uploads\/2014\/01\/BUNA-N\u00cb-PINJESH-ULQIN.jpg\"><img loading=\"lazy\" class=\"alignleft  wp-image-78510\" alt=\"Bojana na Pinje\u0161u -  Muzafer-Beljo \u010cau\u0161i\" src=\"http:\/\/www.visit-ulcinj.com\/blog\/wp-content\/uploads\/2014\/01\/BUNA-N\u00cb-PINJESH-ULQIN.jpg\" width=\"508\" height=\"360\" \/><\/a>Nikada nisam osobito volio karte i kartanje, ali jedne jeseni, pokisle i tmutne, svakodnevno sam, u Bo\u0161kovoj kafani, bio uz njih. Ta\u010dnije, iza njih, iza karti u tu\u0111im rukama \u2013 bio sam kibicer. Opet, ne zato \u0161to me zanimao tok i ishod igre, volio sam igra\u010de, slu\u0161ao im pri\u010du, gledao lica&#8230;<br \/>\n\u0160a\u0107ira su u\u0161i ofirale. \u010cim bi ga zapale dobre karte, jurnula bi mu krv u obraze, a u\u0161i bi pomodrele kao patlid\u017eani. Uzvrpolji se, ne dr\u017ei ga mjesto, a onda breca i psuje put posmatra\u010da kad mu saigra\u010di naslute \u0161to krije u rukama.<br \/>\n&#8211; Nije ti niko kriv, tebi u\u0161i, ko razglas s javora, javljaju na sve strane \u2013 smiju se svi, a \u0160a\u0107iru krv jo\u0161 ja\u010de razgori obraze. Samo mu damari desne \u0161ake nisu radili, ona mu je vazda zebla. Santa leda. Ni zimi, ni ljeti nije s nje skidao vunenu rukavicu. Ispegla mu snaha bijelu ko\u0161ulju, drap pantalone, natakne \u0161e\u0161ir \u2013 gospodin, ma ga ne mo\u017ee izmoliti da onu rukavicu skine da je bar opere, da joj ne iznosi bruku na Pristan.<br \/>\n&#8211; Sve je kriva Bojana, njena vlaga mi je u kosti u\u0161la, ponije\u0107u je sa sobom na Pinje\u0161 \u2013 stalno je govorio.<br \/>\nHa, gledam: \u010dovjek uznosi bojansku vodu na vrh brda, na mjesno groblje &#8211; u svojim kostima! I, jes&#8217;, jedino tako ako se \u0161to ponese sa sobom, jer gore se ide praznih ruku.<br \/>\nPrgav, sva\u0111alica, \u0160a\u0107ir je sve poskakivao, kao svi ljudi malog rasta, kad se s kim pore\u010dka. Onda se blago nagne naprijed, za\u0161kilji na jedno oko i prijete\u0107i ma\u0161e \u0161tapom. Ma nije on nikada nikoga prepao, to je samo bila skoro svakodnevna pristanska predstava. Za\u0111enu ga dokoni, malo im treba. Razlegne se pustom obalom galama i smijeh i ubiju Pristand\u017eije pola sporog jesenjeg sata.<br \/>\nTog je oktobra, u danima kad ga karta nikako nije htjela, krv pio sinu da ga odvede na Bojanu. Ho\u0107e, ka\u017ee, da jo\u0161 jednom vidi masu skakavice i u vodi i u mre\u017ei.<br \/>\n-Jesi li poludio, ima\u0161 osamdeset godina, jedva ulicom ide\u0161 &#8211; ni\u0161ta nije pomagalo: ho\u0107e i ho\u0107e! Ko zlo dijete.<br \/>\n-Ako ne\u0107e\u0161 ti da me vodi\u0161, ima ko ho\u0107e, nisam ja bez prijatelja &#8211; prijetio je, pa u isti \u010das mole\u0107ivo &#8211; samo \u0107u na dno flluge da sjedim. Umota\u0107u se dobro i glasa ne\u0107u pustit. Znali su da debelo la\u017ee: on da \u0107uti?!<br \/>\nSmjestio se na kraj barke, dvojica su mu pomogla da u nju u\u0111e, i, stvarno, primirio se ko nevjesta. Samo su mu \u0161kiljave o\u010di bez treptaja sjekle mirnu povr\u0161inu mora.<br \/>\nZaboravili su svi na njega kad je masa jesenke zacvr\u010dala ispred prove. Uzbu\u0111enje bez glasa, \u017eurba, \u0161apat, dr\u017ei, pusti, vuci&#8230;grib je opkaljao masu. Nizala se po vodi perla od pluta, kad ribari za sobom ugleda\u0161e prikazu: \u0160a\u0107iru samo glava viri iz mora.<br \/>\n-Vozi dalje, vira, vira, po\u017euri \u2013 komanduje &#8211; ja dr\u017eim nogama konop od olova, ne\u0107e mi nijedna pro\u0107.<br \/>\nNiko nije vidio kad se u barci svukao u duga\u010dke donje ga\u0107e i potko\u0161ulju i kada je s krme kliznuo u hladno more. Pri\u010dao je poslije kako se prepao da \u0107e ovoj neznavenoj balavurdiji sva riba ute\u0107 ispod konopa.<br \/>\nDe\u0161avalo se, zbilja, mnogo puta, da olovni konop od mre\u017ee ne \u010de\u0161lja ravnomjerno naborano pje\u0161\u010dano dno, a kad jedna skakavica na\u0111e rupu, sve se za njom zaredaju. Iscuri riba iz mre\u017ee ko ulje iz lijevka.<br \/>\nSin, kad je do\u0161ao predve\u010de po njega, na\u0161ao ga je kraj vatre na obali, umotanog u \u0107ebe. Drhtao je.<br \/>\n-A, kupao si se, je l&#8217;, kupao te hod\u017ea na tene\u0161ir, dabogda &#8211; poludio je sin.<br \/>\n\u0160a\u0107ir je te no\u0107i po\u010deo da ka\u0161lje, umro je dva mjeseca kasnije. Odnio je svoj pregr\u0161t Bojane na Pinje\u0161.<\/p>\n<p><strong><a id=\"js_23\" href=\"https:\/\/www.facebook.com\/muzafer.caushi?hc_location=timeline\" data-hovercard=\"\/ajax\/hovercard\/user.php?id=100004977483151&amp;extragetparams=%7B%22hc_location%22%3A%22timeline%22%7D\">Muzafer Beljo Causi Facebook<\/a><\/strong><\/p>\n","protected":false},"excerpt":{"rendered":"<p>Nikada nisam osobito volio karte i kartanje, ali jedne jeseni, pokisle i tmutne, svakodnevno sam, u Bo\u0161kovoj kafani, bio uz njih. Ta\u010dnije, iza njih, iza karti u tu\u0111im rukama \u2013 bio sam kibicer. Opet, ne zato \u0161to me zanimao tok i ishod igre, volio sam igra\u010de, slu\u0161ao im pri\u010du, gledao lica&#8230; \u0160a\u0107ira su u\u0161i ofirale. [&hellip;]<\/p>\n","protected":false},"author":1,"featured_media":0,"comment_status":"closed","ping_status":"closed","sticky":false,"template":"","format":"standard","meta":{"spay_email":"","jetpack_publicize_message":"","jetpack_is_tweetstorm":false,"jetpack_publicize_feature_enabled":true},"categories":[8337],"tags":[],"jetpack_publicize_connections":[],"yoast_head":"<!-- This site is optimized with the Yoast SEO plugin v19.1 - https:\/\/yoast.com\/wordpress\/plugins\/seo\/ -->\n<title>Bojana na Pinje\u0161u - Muzafer-Beljo \u010cau\u0161i - Lajme nga Ulqini<\/title>\n<meta name=\"description\" content=\"Nikada nisam osobito volio karte i kartanje, ali jedne jeseni, pokisle i tmutne, svakodnevno sam, u Bo\u0161kovoj kafani, bio uz njih. Ta\u010dnije, iza njih, iza\" \/>\n<meta name=\"robots\" content=\"index, follow, max-snippet:-1, max-image-preview:large, max-video-preview:-1\" \/>\n<link rel=\"canonical\" href=\"https:\/\/www.visit-ulcinj.com\/blog\/2014\/01\/21\/bojana-na-pinjesu-muzafer-beljo-causi\/\" \/>\n<meta property=\"og:locale\" content=\"en_US\" \/>\n<meta property=\"og:type\" content=\"article\" \/>\n<meta property=\"og:title\" content=\"Bojana na Pinje\u0161u - Muzafer-Beljo \u010cau\u0161i - Lajme nga Ulqini\" \/>\n<meta property=\"og:description\" content=\"Nikada nisam osobito volio karte i kartanje, ali jedne jeseni, pokisle i tmutne, svakodnevno sam, u Bo\u0161kovoj kafani, bio uz njih. Ta\u010dnije, iza njih, iza\" \/>\n<meta property=\"og:url\" content=\"https:\/\/www.visit-ulcinj.com\/blog\/2014\/01\/21\/bojana-na-pinjesu-muzafer-beljo-causi\/\" \/>\n<meta property=\"og:site_name\" content=\"Lajme nga Ulqini\" \/>\n<meta property=\"article:published_time\" content=\"2014-01-21T06:58:05+00:00\" \/>\n<meta property=\"article:modified_time\" content=\"2014-01-21T06:58:18+00:00\" \/>\n<meta name=\"twitter:label1\" content=\"Written by\" \/>\n\t<meta name=\"twitter:data1\" content=\"ulqini\" \/>\n\t<meta name=\"twitter:label2\" content=\"Est. reading time\" \/>\n\t<meta name=\"twitter:data2\" content=\"3 minutes\" \/>\n<script type=\"application\/ld+json\" class=\"yoast-schema-graph\">{\"@context\":\"https:\/\/schema.org\",\"@graph\":[{\"@type\":\"WebSite\",\"@id\":\"https:\/\/www.visit-ulcinj.com\/blog\/#website\",\"url\":\"https:\/\/www.visit-ulcinj.com\/blog\/\",\"name\":\"Lajme nga Ulqini\",\"description\":\"Lajme,Vijesti,Ulqini,Ulqin,Crna Gora,Mali i Zi\",\"potentialAction\":[{\"@type\":\"SearchAction\",\"target\":{\"@type\":\"EntryPoint\",\"urlTemplate\":\"https:\/\/www.visit-ulcinj.com\/blog\/?s={search_term_string}\"},\"query-input\":\"required name=search_term_string\"}],\"inLanguage\":\"en-US\"},{\"@type\":\"WebPage\",\"@id\":\"https:\/\/www.visit-ulcinj.com\/blog\/2014\/01\/21\/bojana-na-pinjesu-muzafer-beljo-causi\/#webpage\",\"url\":\"https:\/\/www.visit-ulcinj.com\/blog\/2014\/01\/21\/bojana-na-pinjesu-muzafer-beljo-causi\/\",\"name\":\"Bojana na Pinje\u0161u - Muzafer-Beljo \u010cau\u0161i - Lajme nga Ulqini\",\"isPartOf\":{\"@id\":\"https:\/\/www.visit-ulcinj.com\/blog\/#website\"},\"datePublished\":\"2014-01-21T06:58:05+00:00\",\"dateModified\":\"2014-01-21T06:58:18+00:00\",\"author\":{\"@id\":\"https:\/\/www.visit-ulcinj.com\/blog\/#\/schema\/person\/dcab619c614d3038751c63bc2aadc06d\"},\"description\":\"Nikada nisam osobito volio karte i kartanje, ali jedne jeseni, pokisle i tmutne, svakodnevno sam, u Bo\u0161kovoj kafani, bio uz njih. Ta\u010dnije, iza njih, iza\",\"breadcrumb\":{\"@id\":\"https:\/\/www.visit-ulcinj.com\/blog\/2014\/01\/21\/bojana-na-pinjesu-muzafer-beljo-causi\/#breadcrumb\"},\"inLanguage\":\"en-US\",\"potentialAction\":[{\"@type\":\"ReadAction\",\"target\":[\"https:\/\/www.visit-ulcinj.com\/blog\/2014\/01\/21\/bojana-na-pinjesu-muzafer-beljo-causi\/\"]}]},{\"@type\":\"BreadcrumbList\",\"@id\":\"https:\/\/www.visit-ulcinj.com\/blog\/2014\/01\/21\/bojana-na-pinjesu-muzafer-beljo-causi\/#breadcrumb\",\"itemListElement\":[{\"@type\":\"ListItem\",\"position\":1,\"name\":\"Bojana na Pinje\u0161u &#8211; Muzafer-Beljo \u010cau\u0161i\"}]},{\"@type\":\"Person\",\"@id\":\"https:\/\/www.visit-ulcinj.com\/blog\/#\/schema\/person\/dcab619c614d3038751c63bc2aadc06d\",\"name\":\"ulqini\",\"sameAs\":[\"http:\/\/www.visit-ulcinj.com\"],\"url\":\"https:\/\/www.visit-ulcinj.com\/blog\/author\/admin\/\"}]}<\/script>\n<!-- \/ Yoast SEO plugin. -->","yoast_head_json":{"title":"Bojana na Pinje\u0161u - Muzafer-Beljo \u010cau\u0161i - Lajme nga Ulqini","description":"Nikada nisam osobito volio karte i kartanje, ali jedne jeseni, pokisle i tmutne, svakodnevno sam, u Bo\u0161kovoj kafani, bio uz njih. Ta\u010dnije, iza njih, iza","robots":{"index":"index","follow":"follow","max-snippet":"max-snippet:-1","max-image-preview":"max-image-preview:large","max-video-preview":"max-video-preview:-1"},"canonical":"https:\/\/www.visit-ulcinj.com\/blog\/2014\/01\/21\/bojana-na-pinjesu-muzafer-beljo-causi\/","og_locale":"en_US","og_type":"article","og_title":"Bojana na Pinje\u0161u - Muzafer-Beljo \u010cau\u0161i - Lajme nga Ulqini","og_description":"Nikada nisam osobito volio karte i kartanje, ali jedne jeseni, pokisle i tmutne, svakodnevno sam, u Bo\u0161kovoj kafani, bio uz njih. Ta\u010dnije, iza njih, iza","og_url":"https:\/\/www.visit-ulcinj.com\/blog\/2014\/01\/21\/bojana-na-pinjesu-muzafer-beljo-causi\/","og_site_name":"Lajme nga Ulqini","article_published_time":"2014-01-21T06:58:05+00:00","article_modified_time":"2014-01-21T06:58:18+00:00","twitter_misc":{"Written by":"ulqini","Est. reading time":"3 minutes"},"schema":{"@context":"https:\/\/schema.org","@graph":[{"@type":"WebSite","@id":"https:\/\/www.visit-ulcinj.com\/blog\/#website","url":"https:\/\/www.visit-ulcinj.com\/blog\/","name":"Lajme nga Ulqini","description":"Lajme,Vijesti,Ulqini,Ulqin,Crna Gora,Mali i Zi","potentialAction":[{"@type":"SearchAction","target":{"@type":"EntryPoint","urlTemplate":"https:\/\/www.visit-ulcinj.com\/blog\/?s={search_term_string}"},"query-input":"required name=search_term_string"}],"inLanguage":"en-US"},{"@type":"WebPage","@id":"https:\/\/www.visit-ulcinj.com\/blog\/2014\/01\/21\/bojana-na-pinjesu-muzafer-beljo-causi\/#webpage","url":"https:\/\/www.visit-ulcinj.com\/blog\/2014\/01\/21\/bojana-na-pinjesu-muzafer-beljo-causi\/","name":"Bojana na Pinje\u0161u - Muzafer-Beljo \u010cau\u0161i - Lajme nga Ulqini","isPartOf":{"@id":"https:\/\/www.visit-ulcinj.com\/blog\/#website"},"datePublished":"2014-01-21T06:58:05+00:00","dateModified":"2014-01-21T06:58:18+00:00","author":{"@id":"https:\/\/www.visit-ulcinj.com\/blog\/#\/schema\/person\/dcab619c614d3038751c63bc2aadc06d"},"description":"Nikada nisam osobito volio karte i kartanje, ali jedne jeseni, pokisle i tmutne, svakodnevno sam, u Bo\u0161kovoj kafani, bio uz njih. Ta\u010dnije, iza njih, iza","breadcrumb":{"@id":"https:\/\/www.visit-ulcinj.com\/blog\/2014\/01\/21\/bojana-na-pinjesu-muzafer-beljo-causi\/#breadcrumb"},"inLanguage":"en-US","potentialAction":[{"@type":"ReadAction","target":["https:\/\/www.visit-ulcinj.com\/blog\/2014\/01\/21\/bojana-na-pinjesu-muzafer-beljo-causi\/"]}]},{"@type":"BreadcrumbList","@id":"https:\/\/www.visit-ulcinj.com\/blog\/2014\/01\/21\/bojana-na-pinjesu-muzafer-beljo-causi\/#breadcrumb","itemListElement":[{"@type":"ListItem","position":1,"name":"Bojana na Pinje\u0161u &#8211; Muzafer-Beljo \u010cau\u0161i"}]},{"@type":"Person","@id":"https:\/\/www.visit-ulcinj.com\/blog\/#\/schema\/person\/dcab619c614d3038751c63bc2aadc06d","name":"ulqini","sameAs":["http:\/\/www.visit-ulcinj.com"],"url":"https:\/\/www.visit-ulcinj.com\/blog\/author\/admin\/"}]}},"jetpack_featured_media_url":"","jetpack_sharing_enabled":true,"jetpack_shortlink":"https:\/\/wp.me\/pe6lTn-kqk","_links":{"self":[{"href":"https:\/\/www.visit-ulcinj.com\/blog\/wp-json\/wp\/v2\/posts\/78512"}],"collection":[{"href":"https:\/\/www.visit-ulcinj.com\/blog\/wp-json\/wp\/v2\/posts"}],"about":[{"href":"https:\/\/www.visit-ulcinj.com\/blog\/wp-json\/wp\/v2\/types\/post"}],"author":[{"embeddable":true,"href":"https:\/\/www.visit-ulcinj.com\/blog\/wp-json\/wp\/v2\/users\/1"}],"replies":[{"embeddable":true,"href":"https:\/\/www.visit-ulcinj.com\/blog\/wp-json\/wp\/v2\/comments?post=78512"}],"version-history":[{"count":1,"href":"https:\/\/www.visit-ulcinj.com\/blog\/wp-json\/wp\/v2\/posts\/78512\/revisions"}],"predecessor-version":[{"id":78513,"href":"https:\/\/www.visit-ulcinj.com\/blog\/wp-json\/wp\/v2\/posts\/78512\/revisions\/78513"}],"wp:attachment":[{"href":"https:\/\/www.visit-ulcinj.com\/blog\/wp-json\/wp\/v2\/media?parent=78512"}],"wp:term":[{"taxonomy":"category","embeddable":true,"href":"https:\/\/www.visit-ulcinj.com\/blog\/wp-json\/wp\/v2\/categories?post=78512"},{"taxonomy":"post_tag","embeddable":true,"href":"https:\/\/www.visit-ulcinj.com\/blog\/wp-json\/wp\/v2\/tags?post=78512"}],"curies":[{"name":"wp","href":"https:\/\/api.w.org\/{rel}","templated":true}]}}