{"id":78520,"date":"2014-01-21T17:34:34","date_gmt":"2014-01-21T16:34:34","guid":{"rendered":"http:\/\/www.visit-ulcinj.com\/blog\/?p=78520"},"modified":"2014-01-21T23:16:15","modified_gmt":"2014-01-21T22:16:15","slug":"47-radnika-ulcinjske-solane-poceli-strajk","status":"publish","type":"post","link":"https:\/\/www.visit-ulcinj.com\/blog\/2014\/01\/21\/47-radnika-ulcinjske-solane-poceli-strajk\/","title":{"rendered":"47 radnika ulcinjske Solane po\u010deli \u0161trajk + Foto"},"content":{"rendered":"<p><a href=\"http:\/\/www.visit-ulcinj.com\/blog\/wp-content\/uploads\/2014\/01\/strajk-Solana-Ulcinj.jpg\"><img loading=\"lazy\" class=\"alignleft  wp-image-78547\" alt=\"strajk-Solana-Ulcinj\" src=\"http:\/\/www.visit-ulcinj.com\/blog\/wp-content\/uploads\/2014\/01\/strajk-Solana-Ulcinj.jpg\" width=\"508\" height=\"360\" \/><\/a>Zbog neispla\u0107enih zarada i neupla\u0107enih doprinosa za socijalno osiguranje 47 radnika Solane &#8220;Bajo Sekuli\u0107\u201c Ulcinj po\u010delo je danas \u0161trajk u prostorijama fabrike.<\/p>\n<div>\n<p>Kako je saop\u0161teno iz Sindikalne organizacija Solane &#8220;Bajo Sekuli\u0107\u201c cilj \u0161trajka je o\u010duvanja jedne od najstarijih fabrika u zemlji, a time i o\u010duvanja sopstvene i egzistencije svojih porodica.<\/p>\n<p>&#8220;I pored \u010dinjenice da nam vi\u0161e od 12 mjeseci nijesu ispla\u0107ene, ionako niske, zarade i naknade, te da nam obavezni doprinosi za zdravstveno i penzijsko osiguranje nijesu upla\u0107ivali od 2009. godine, odradili smo pro\u0161logodi\u0161nju berbu soli, i uredno izvr\u0161avali svakodnevne radne zadatke. Na taj na\u010din solana funkcioni\u0161e od njene privatizacije 2005. godine, a minimalan broj trenutno zaposlenih, sopstvenom \u017ertvom, poku\u0161avaju da sprije\u010de ga\u0161enje ove fabrike, koja postoji 1934 godina i koja je od posebnog zna\u010daja za op\u0161tinu i dr\u017eavu, kako sa aspekta o\u010duvanja biodiverziteta, tako i sa aspekta zaustavljanja daljeg uru\u0161avanja ve\u0107 oronule crnogorske privrede\u201c, navodi se u saop\u0161tenju.<\/p>\n<p>Radnici sumnjaju da, prilikom privatizacije Solane, strate\u0161ki cilj novog vlasnika nije bio ulaganje u njeno o\u010duvanje i modernizaciju, ve\u0107 preprodaja 15.000.000 metara kvadratnih aktraktivnog zemlji\u0161ta, koja bi vlasniku omogu\u0107ila brzi ekstra profit, tako \u0161to bi za ulo\u017eenih 800.000 eura, prihodovao 200.000.000 eura.<\/p>\n<p>Ovim \u0161trajkom radnici \u0107e poku\u0161ati da apeluju na nadle\u017ene da po\u010dnu da rje\u0161avaju nagomilane probleme u Solani, tako \u0161to \u0107e natjerati vlasnika da odustane od ideje o preprodaji i ekstra profitu, a vratiti se investiranju u osnovnu djelatnost i modernizaciju fabrike.<\/p>\n<p>&#8220;Obzirom da je ovo mo\u017eda i posljednja \u0161ansa da nadle\u017eni preuzmu odgovornost za opstanak Solane, \u0161trajka\u010di \u0107e istrajati u \u0161trajku sve do ispunjenja istaknutih i opravdanih zahtjeva, koji se odnose na stvaranje osnovnih preduslova za normalno funkcionisanje fabrike i zaposlenje nedostaju\u0107e radne snage, kao i isplatu zaostalih zarada i neupla\u0107enih doprinosa za obavezno socijalno osiguranje\u201c, zaklju\u010deno je u saop\u0161tenju.<\/p>\n<p><strong>Izvor: CDM<\/strong><\/p>\n\n\t\t<style type=\"text\/css\">\n\t\t\t#gallery-1 {\n\t\t\t\tmargin: auto;\n\t\t\t}\n\t\t\t#gallery-1 .gallery-item {\n\t\t\t\tfloat: left;\n\t\t\t\tmargin-top: 10px;\n\t\t\t\ttext-align: center;\n\t\t\t\twidth: 33%;\n\t\t\t}\n\t\t\t#gallery-1 img {\n\t\t\t\tborder: 2px solid #cfcfcf;\n\t\t\t}\n\t\t\t#gallery-1 .gallery-caption {\n\t\t\t\tmargin-left: 0;\n\t\t\t}\n\t\t\t\/* see gallery_shortcode() in wp-includes\/media.php *\/\n\t\t<\/style>\n\t\t<div id='gallery-1' class='gallery galleryid-78520 gallery-columns-3 gallery-size-thumbnail'><dl class='gallery-item'>\n\t\t\t<dt class='gallery-icon landscape'>\n\t\t\t\t<a href='https:\/\/www.visit-ulcinj.com\/blog\/2014\/01\/21\/47-radnika-ulcinjske-solane-poceli-strajk\/strajk-solana-ulcinj\/'><img width=\"150\" height=\"150\" src=\"https:\/\/www.visit-ulcinj.com\/blog\/wp-content\/uploads\/2014\/01\/strajk-Solana-Ulcinj-150x150.jpg\" class=\"attachment-thumbnail size-thumbnail\" alt=\"\" loading=\"lazy\" \/><\/a>\n\t\t\t<\/dt><\/dl><dl class='gallery-item'>\n\t\t\t<dt class='gallery-icon landscape'>\n\t\t\t\t<a href='https:\/\/www.visit-ulcinj.com\/blog\/2014\/01\/21\/47-radnika-ulcinjske-solane-poceli-strajk\/strajk-solana-ulcinj-1\/'><img width=\"150\" height=\"150\" src=\"https:\/\/www.visit-ulcinj.com\/blog\/wp-content\/uploads\/2014\/01\/strajk-Solana-Ulcinj-1-150x150.jpg\" class=\"attachment-thumbnail size-thumbnail\" alt=\"\" loading=\"lazy\" \/><\/a>\n\t\t\t<\/dt><\/dl><dl class='gallery-item'>\n\t\t\t<dt class='gallery-icon landscape'>\n\t\t\t\t<a href='https:\/\/www.visit-ulcinj.com\/blog\/2014\/01\/21\/47-radnika-ulcinjske-solane-poceli-strajk\/strajk-solana-ulcinj-2\/'><img width=\"150\" height=\"150\" src=\"https:\/\/www.visit-ulcinj.com\/blog\/wp-content\/uploads\/2014\/01\/strajk-Solana-Ulcinj-2-150x150.jpg\" class=\"attachment-thumbnail size-thumbnail\" alt=\"\" loading=\"lazy\" \/><\/a>\n\t\t\t<\/dt><\/dl><br style=\"clear: both\" \/><dl class='gallery-item'>\n\t\t\t<dt class='gallery-icon landscape'>\n\t\t\t\t<a href='https:\/\/www.visit-ulcinj.com\/blog\/2014\/01\/21\/47-radnika-ulcinjske-solane-poceli-strajk\/strajk-solana-ulcinj-3\/'><img width=\"150\" height=\"150\" src=\"https:\/\/www.visit-ulcinj.com\/blog\/wp-content\/uploads\/2014\/01\/strajk-Solana-Ulcinj-3-150x150.jpg\" class=\"attachment-thumbnail size-thumbnail\" alt=\"\" loading=\"lazy\" \/><\/a>\n\t\t\t<\/dt><\/dl><dl class='gallery-item'>\n\t\t\t<dt class='gallery-icon landscape'>\n\t\t\t\t<a href='https:\/\/www.visit-ulcinj.com\/blog\/2014\/01\/21\/47-radnika-ulcinjske-solane-poceli-strajk\/solana-ulcinj-9\/'><img width=\"150\" height=\"150\" src=\"https:\/\/www.visit-ulcinj.com\/blog\/wp-content\/uploads\/2014\/01\/Solana-Ulcinj-150x150.jpg\" class=\"attachment-thumbnail size-thumbnail\" alt=\"\" loading=\"lazy\" \/><\/a>\n\t\t\t<\/dt><\/dl>\n\t\t\t<br style='clear: both' \/>\n\t\t<\/div>\n\n<\/div>\n","protected":false},"excerpt":{"rendered":"<p>Zbog neispla\u0107enih zarada i neupla\u0107enih doprinosa za socijalno osiguranje 47 radnika Solane &#8220;Bajo Sekuli\u0107\u201c Ulcinj po\u010delo je danas \u0161trajk u prostorijama fabrike. Kako je saop\u0161teno iz Sindikalne organizacija Solane &#8220;Bajo Sekuli\u0107\u201c cilj \u0161trajka je o\u010duvanja jedne od najstarijih fabrika u zemlji, a time i o\u010duvanja sopstvene i egzistencije svojih porodica. &#8220;I pored \u010dinjenice da nam [&hellip;]<\/p>\n","protected":false},"author":1,"featured_media":0,"comment_status":"closed","ping_status":"closed","sticky":false,"template":"","format":"standard","meta":{"spay_email":"","jetpack_publicize_message":"","jetpack_is_tweetstorm":false,"jetpack_publicize_feature_enabled":true},"categories":[8337],"tags":[],"jetpack_publicize_connections":[],"yoast_head":"<!-- This site is optimized with the Yoast SEO plugin v19.1 - https:\/\/yoast.com\/wordpress\/plugins\/seo\/ -->\n<title>47 radnika ulcinjske Solane po\u010deli \u0161trajk + Foto - Lajme nga Ulqini<\/title>\n<meta name=\"description\" content=\"Zbog neispla\u0107enih zarada i neupla\u0107enih doprinosa za socijalno osiguranje 47 radnika Solane &quot;Bajo Sekuli\u0107\u201c Ulcinj po\u010delo je danas \u0161trajk u prostorijama\" \/>\n<meta name=\"robots\" content=\"index, follow, max-snippet:-1, max-image-preview:large, max-video-preview:-1\" \/>\n<link rel=\"canonical\" href=\"https:\/\/www.visit-ulcinj.com\/blog\/2014\/01\/21\/47-radnika-ulcinjske-solane-poceli-strajk\/\" \/>\n<meta property=\"og:locale\" content=\"en_US\" \/>\n<meta property=\"og:type\" content=\"article\" \/>\n<meta property=\"og:title\" content=\"47 radnika ulcinjske Solane po\u010deli \u0161trajk + Foto - Lajme nga Ulqini\" \/>\n<meta property=\"og:description\" content=\"Zbog neispla\u0107enih zarada i neupla\u0107enih doprinosa za socijalno osiguranje 47 radnika Solane &quot;Bajo Sekuli\u0107\u201c Ulcinj po\u010delo je danas \u0161trajk u prostorijama\" \/>\n<meta property=\"og:url\" content=\"https:\/\/www.visit-ulcinj.com\/blog\/2014\/01\/21\/47-radnika-ulcinjske-solane-poceli-strajk\/\" \/>\n<meta property=\"og:site_name\" content=\"Lajme nga Ulqini\" \/>\n<meta property=\"article:published_time\" content=\"2014-01-21T16:34:34+00:00\" \/>\n<meta property=\"article:modified_time\" content=\"2014-01-21T22:16:15+00:00\" \/>\n<meta property=\"og:image\" content=\"https:\/\/www.visit-ulcinj.com\/blog\/wp-content\/uploads\/2014\/01\/strajk-Solana-Ulcinj-150x150.jpg\" \/>\n<meta name=\"twitter:label1\" content=\"Written by\" \/>\n\t<meta name=\"twitter:data1\" content=\"ulqini\" \/>\n\t<meta name=\"twitter:label2\" content=\"Est. reading time\" \/>\n\t<meta name=\"twitter:data2\" content=\"2 minutes\" \/>\n<script type=\"application\/ld+json\" class=\"yoast-schema-graph\">{\"@context\":\"https:\/\/schema.org\",\"@graph\":[{\"@type\":\"WebSite\",\"@id\":\"https:\/\/www.visit-ulcinj.com\/blog\/#website\",\"url\":\"https:\/\/www.visit-ulcinj.com\/blog\/\",\"name\":\"Lajme nga Ulqini\",\"description\":\"Lajme,Vijesti,Ulqini,Ulqin,Crna Gora,Mali i Zi\",\"potentialAction\":[{\"@type\":\"SearchAction\",\"target\":{\"@type\":\"EntryPoint\",\"urlTemplate\":\"https:\/\/www.visit-ulcinj.com\/blog\/?s={search_term_string}\"},\"query-input\":\"required name=search_term_string\"}],\"inLanguage\":\"en-US\"},{\"@type\":\"ImageObject\",\"inLanguage\":\"en-US\",\"@id\":\"https:\/\/www.visit-ulcinj.com\/blog\/2014\/01\/21\/47-radnika-ulcinjske-solane-poceli-strajk\/#primaryimage\",\"url\":\"https:\/\/www.visit-ulcinj.com\/blog\/wp-content\/uploads\/2014\/01\/strajk-Solana-Ulcinj.jpg\",\"contentUrl\":\"https:\/\/www.visit-ulcinj.com\/blog\/wp-content\/uploads\/2014\/01\/strajk-Solana-Ulcinj.jpg\",\"width\":960,\"height\":720},{\"@type\":\"WebPage\",\"@id\":\"https:\/\/www.visit-ulcinj.com\/blog\/2014\/01\/21\/47-radnika-ulcinjske-solane-poceli-strajk\/#webpage\",\"url\":\"https:\/\/www.visit-ulcinj.com\/blog\/2014\/01\/21\/47-radnika-ulcinjske-solane-poceli-strajk\/\",\"name\":\"47 radnika ulcinjske Solane po\u010deli \u0161trajk + Foto - Lajme nga Ulqini\",\"isPartOf\":{\"@id\":\"https:\/\/www.visit-ulcinj.com\/blog\/#website\"},\"primaryImageOfPage\":{\"@id\":\"https:\/\/www.visit-ulcinj.com\/blog\/2014\/01\/21\/47-radnika-ulcinjske-solane-poceli-strajk\/#primaryimage\"},\"datePublished\":\"2014-01-21T16:34:34+00:00\",\"dateModified\":\"2014-01-21T22:16:15+00:00\",\"author\":{\"@id\":\"https:\/\/www.visit-ulcinj.com\/blog\/#\/schema\/person\/dcab619c614d3038751c63bc2aadc06d\"},\"description\":\"Zbog neispla\u0107enih zarada i neupla\u0107enih doprinosa za socijalno osiguranje 47 radnika Solane \\\"Bajo Sekuli\u0107\u201c Ulcinj po\u010delo je danas \u0161trajk u prostorijama\",\"breadcrumb\":{\"@id\":\"https:\/\/www.visit-ulcinj.com\/blog\/2014\/01\/21\/47-radnika-ulcinjske-solane-poceli-strajk\/#breadcrumb\"},\"inLanguage\":\"en-US\",\"potentialAction\":[{\"@type\":\"ReadAction\",\"target\":[\"https:\/\/www.visit-ulcinj.com\/blog\/2014\/01\/21\/47-radnika-ulcinjske-solane-poceli-strajk\/\"]}]},{\"@type\":\"BreadcrumbList\",\"@id\":\"https:\/\/www.visit-ulcinj.com\/blog\/2014\/01\/21\/47-radnika-ulcinjske-solane-poceli-strajk\/#breadcrumb\",\"itemListElement\":[{\"@type\":\"ListItem\",\"position\":1,\"name\":\"47 radnika ulcinjske Solane po\u010deli \u0161trajk + Foto\"}]},{\"@type\":\"Person\",\"@id\":\"https:\/\/www.visit-ulcinj.com\/blog\/#\/schema\/person\/dcab619c614d3038751c63bc2aadc06d\",\"name\":\"ulqini\",\"sameAs\":[\"http:\/\/www.visit-ulcinj.com\"],\"url\":\"https:\/\/www.visit-ulcinj.com\/blog\/author\/admin\/\"}]}<\/script>\n<!-- \/ Yoast SEO plugin. -->","yoast_head_json":{"title":"47 radnika ulcinjske Solane po\u010deli \u0161trajk + Foto - Lajme nga Ulqini","description":"Zbog neispla\u0107enih zarada i neupla\u0107enih doprinosa za socijalno osiguranje 47 radnika Solane \"Bajo Sekuli\u0107\u201c Ulcinj po\u010delo je danas \u0161trajk u prostorijama","robots":{"index":"index","follow":"follow","max-snippet":"max-snippet:-1","max-image-preview":"max-image-preview:large","max-video-preview":"max-video-preview:-1"},"canonical":"https:\/\/www.visit-ulcinj.com\/blog\/2014\/01\/21\/47-radnika-ulcinjske-solane-poceli-strajk\/","og_locale":"en_US","og_type":"article","og_title":"47 radnika ulcinjske Solane po\u010deli \u0161trajk + Foto - Lajme nga Ulqini","og_description":"Zbog neispla\u0107enih zarada i neupla\u0107enih doprinosa za socijalno osiguranje 47 radnika Solane \"Bajo Sekuli\u0107\u201c Ulcinj po\u010delo je danas \u0161trajk u prostorijama","og_url":"https:\/\/www.visit-ulcinj.com\/blog\/2014\/01\/21\/47-radnika-ulcinjske-solane-poceli-strajk\/","og_site_name":"Lajme nga Ulqini","article_published_time":"2014-01-21T16:34:34+00:00","article_modified_time":"2014-01-21T22:16:15+00:00","og_image":[{"url":"https:\/\/www.visit-ulcinj.com\/blog\/wp-content\/uploads\/2014\/01\/strajk-Solana-Ulcinj-150x150.jpg"}],"twitter_misc":{"Written by":"ulqini","Est. reading time":"2 minutes"},"schema":{"@context":"https:\/\/schema.org","@graph":[{"@type":"WebSite","@id":"https:\/\/www.visit-ulcinj.com\/blog\/#website","url":"https:\/\/www.visit-ulcinj.com\/blog\/","name":"Lajme nga Ulqini","description":"Lajme,Vijesti,Ulqini,Ulqin,Crna Gora,Mali i Zi","potentialAction":[{"@type":"SearchAction","target":{"@type":"EntryPoint","urlTemplate":"https:\/\/www.visit-ulcinj.com\/blog\/?s={search_term_string}"},"query-input":"required name=search_term_string"}],"inLanguage":"en-US"},{"@type":"ImageObject","inLanguage":"en-US","@id":"https:\/\/www.visit-ulcinj.com\/blog\/2014\/01\/21\/47-radnika-ulcinjske-solane-poceli-strajk\/#primaryimage","url":"https:\/\/www.visit-ulcinj.com\/blog\/wp-content\/uploads\/2014\/01\/strajk-Solana-Ulcinj.jpg","contentUrl":"https:\/\/www.visit-ulcinj.com\/blog\/wp-content\/uploads\/2014\/01\/strajk-Solana-Ulcinj.jpg","width":960,"height":720},{"@type":"WebPage","@id":"https:\/\/www.visit-ulcinj.com\/blog\/2014\/01\/21\/47-radnika-ulcinjske-solane-poceli-strajk\/#webpage","url":"https:\/\/www.visit-ulcinj.com\/blog\/2014\/01\/21\/47-radnika-ulcinjske-solane-poceli-strajk\/","name":"47 radnika ulcinjske Solane po\u010deli \u0161trajk + Foto - Lajme nga Ulqini","isPartOf":{"@id":"https:\/\/www.visit-ulcinj.com\/blog\/#website"},"primaryImageOfPage":{"@id":"https:\/\/www.visit-ulcinj.com\/blog\/2014\/01\/21\/47-radnika-ulcinjske-solane-poceli-strajk\/#primaryimage"},"datePublished":"2014-01-21T16:34:34+00:00","dateModified":"2014-01-21T22:16:15+00:00","author":{"@id":"https:\/\/www.visit-ulcinj.com\/blog\/#\/schema\/person\/dcab619c614d3038751c63bc2aadc06d"},"description":"Zbog neispla\u0107enih zarada i neupla\u0107enih doprinosa za socijalno osiguranje 47 radnika Solane \"Bajo Sekuli\u0107\u201c Ulcinj po\u010delo je danas \u0161trajk u prostorijama","breadcrumb":{"@id":"https:\/\/www.visit-ulcinj.com\/blog\/2014\/01\/21\/47-radnika-ulcinjske-solane-poceli-strajk\/#breadcrumb"},"inLanguage":"en-US","potentialAction":[{"@type":"ReadAction","target":["https:\/\/www.visit-ulcinj.com\/blog\/2014\/01\/21\/47-radnika-ulcinjske-solane-poceli-strajk\/"]}]},{"@type":"BreadcrumbList","@id":"https:\/\/www.visit-ulcinj.com\/blog\/2014\/01\/21\/47-radnika-ulcinjske-solane-poceli-strajk\/#breadcrumb","itemListElement":[{"@type":"ListItem","position":1,"name":"47 radnika ulcinjske Solane po\u010deli \u0161trajk + Foto"}]},{"@type":"Person","@id":"https:\/\/www.visit-ulcinj.com\/blog\/#\/schema\/person\/dcab619c614d3038751c63bc2aadc06d","name":"ulqini","sameAs":["http:\/\/www.visit-ulcinj.com"],"url":"https:\/\/www.visit-ulcinj.com\/blog\/author\/admin\/"}]}},"jetpack_featured_media_url":"","jetpack_sharing_enabled":true,"jetpack_shortlink":"https:\/\/wp.me\/pe6lTn-kqs","_links":{"self":[{"href":"https:\/\/www.visit-ulcinj.com\/blog\/wp-json\/wp\/v2\/posts\/78520"}],"collection":[{"href":"https:\/\/www.visit-ulcinj.com\/blog\/wp-json\/wp\/v2\/posts"}],"about":[{"href":"https:\/\/www.visit-ulcinj.com\/blog\/wp-json\/wp\/v2\/types\/post"}],"author":[{"embeddable":true,"href":"https:\/\/www.visit-ulcinj.com\/blog\/wp-json\/wp\/v2\/users\/1"}],"replies":[{"embeddable":true,"href":"https:\/\/www.visit-ulcinj.com\/blog\/wp-json\/wp\/v2\/comments?post=78520"}],"version-history":[{"count":3,"href":"https:\/\/www.visit-ulcinj.com\/blog\/wp-json\/wp\/v2\/posts\/78520\/revisions"}],"predecessor-version":[{"id":78552,"href":"https:\/\/www.visit-ulcinj.com\/blog\/wp-json\/wp\/v2\/posts\/78520\/revisions\/78552"}],"wp:attachment":[{"href":"https:\/\/www.visit-ulcinj.com\/blog\/wp-json\/wp\/v2\/media?parent=78520"}],"wp:term":[{"taxonomy":"category","embeddable":true,"href":"https:\/\/www.visit-ulcinj.com\/blog\/wp-json\/wp\/v2\/categories?post=78520"},{"taxonomy":"post_tag","embeddable":true,"href":"https:\/\/www.visit-ulcinj.com\/blog\/wp-json\/wp\/v2\/tags?post=78520"}],"curies":[{"name":"wp","href":"https:\/\/api.w.org\/{rel}","templated":true}]}}