{"id":78523,"date":"2014-01-21T17:42:08","date_gmt":"2014-01-21T16:42:08","guid":{"rendered":"http:\/\/www.visit-ulcinj.com\/blog\/?p=78523"},"modified":"2014-01-21T17:42:08","modified_gmt":"2014-01-21T16:42:08","slug":"ulcinj-odrzan-mevlud-povodom-rodenja-muhammeda","status":"publish","type":"post","link":"https:\/\/www.visit-ulcinj.com\/blog\/2014\/01\/21\/ulcinj-odrzan-mevlud-povodom-rodenja-muhammeda\/","title":{"rendered":"Ulcinj: Odr\u017ean mevlud povodom ro\u0111enja Muhammeda, as"},"content":{"rendered":"<p><strong><a href=\"http:\/\/www.visit-ulcinj.com\/blog\/wp-content\/uploads\/2014\/01\/mevlud-program-Ulcinj.jpg\"><img loading=\"lazy\" class=\"alignleft  wp-image-78524\" alt=\"mevlud-program-Ulcinj\" src=\"http:\/\/www.visit-ulcinj.com\/blog\/wp-content\/uploads\/2014\/01\/mevlud-program-Ulcinj.jpg\" width=\"508\" height=\"360\" \/><\/a>Ulcinj<\/strong>, 17. janaura \u2013 Povodom obilje\u017eavanja dana ro\u0111enja poslanika Muhammeda,s.a.v.s., u Domu kulture u Ulcinju, prire\u0111en je bogat vjersko \u2013 umjetni\u010dki program. Brojnim gostima i uglednim zvanicama dobrodo\u0161licu je po\u017eelio ulcinjski glavni imam, mr Ali ef. Bardhi. On je izrazio zadovoljstvo velikim u\u010de\u0161\u0107em vjernika u svim aktivnostima Odbora i naglasio zna\u010daj ro\u0111enja Poslanika za muslimane i \u010dovje\u010danstvo. U odsustvu reisa Rifata ef. Fejzi\u0107a, u ime Me\u0161ihata, skup je poselamio mr Behlul ef. Kanaqi, koji je kazao da ovakvim okupljanjima i povodima Ulcinj na primjeran na\u010din odr\u017eava lijepu islamsku tradiciju.<br \/>\nU sklopu programa, gost iz Makedonije prof. dr Metin Izeti odr\u017eao je veoma nadahnuto predavanje na temu \u201e\u017divot Poslanika, s.a.v.s.\u201c. On je kroz filozofsko-empirijski pristup govorio o posebnim dimenzijama poslanstva i ljubavi izme\u0111u Poslanika, s.a.v.s., i njegovih sljedbenika, napominju\u0107i svevremensku aktualnost Poslanika i poslanstva a ne samo historijski zna\u010daj. Poslaniku, s.a.v.s., i njegovoj misiji treba se pristupiti savremenom metodologijom i takav duh islama treba se primjeniti u dana\u0161njem vremenu \u2013 kazao je on.<br \/>\n&#8211; Najdra\u017ei Poslaniku, s.a.v.s., su oni koji ga slijede u u\u010denju i Sunnetu, tajno i javno. Nema islama samo unutar d\u017eamija jer je sam vjernik d\u017eamija. Slije\u0111enje Poslanika, s.a.v.s., nije u imitaciji ve\u0107 u kora\u010danju njegovim stopama. U vrijeme Muhammeda, s.a.v.s., d\u017eamija je bila i parlament, i sud, i \u0161kola, i obdani\u0161te, ali ne zato \u0161to su te institucije bile ustanovljene negdje drugo pa ih je koncentrirao u d\u017eamiji, ve\u0107 zato \u0161to su one ba\u0161 u d\u017eamiji ustanovljene da bi se u tom duhu mogle i same dalje razvijati \u2013 kazao je Izeti.<br \/>\nGovore\u0107i o mevludu, kazao je da je on izraz primjerenog po\u0161tovanja prema Poslaniku,s.a.v.s., jer svaki respekt ima svoj odraz u manifestaciji. U tom kontekstu Izeti je predo\u010dio tri elementa vjerovanja: kroz imitaciju odnosno opona\u0161anje, kroz razumijevanje i argumentaciju vjere, i kroz do\u017eivljaj vjere u svoj njenoj puno\u0107i. Tako se mevludom nastoji do\u017eivjeti vjera \u2013 kazao je on i poru\u010dio da svi koji \u017eele isklju\u010diti islam iz tradicije, kulture i civilizacije predstavljaju neprijatelje islama i cijelog \u010dovje\u010danstva.<br \/>\nProgram je nastavljen u\u010denjem mevluda u izvo\u0111enju imama d\u017eamije Pomoraca, Besima ef. Curija, a zavr\u0161en je recitalima i ilahijama skadarske grupe \u201eEvladi Fatihan\u201c.<br \/>\nSkupu su prisustvovali predsjednik op\u0161tine Ulcinj, Nazif Cungu, predstavnik Dinayeta, Tevfik Yucesoy, predstavnik islamske zajednice Skadra, Ridvan Seferaj, predstavnici Me\u0161ihata IZCG, Behlul Kanaqi i Muharem Demirovi\u0107, kao i brojne li\u010dnosti iz vjerskog i javnog \u017eivota.<\/p>\n<p><strong>M.Demirovi\u0107<\/strong><br \/>\n<strong>Izvor: Monteislam<\/strong><\/p>\n","protected":false},"excerpt":{"rendered":"<p>Ulcinj, 17. janaura \u2013 Povodom obilje\u017eavanja dana ro\u0111enja poslanika Muhammeda,s.a.v.s., u Domu kulture u Ulcinju, prire\u0111en je bogat vjersko \u2013 umjetni\u010dki program. Brojnim gostima i uglednim zvanicama dobrodo\u0161licu je po\u017eelio ulcinjski glavni imam, mr Ali ef. Bardhi. On je izrazio zadovoljstvo velikim u\u010de\u0161\u0107em vjernika u svim aktivnostima Odbora i naglasio zna\u010daj ro\u0111enja Poslanika za muslimane [&hellip;]<\/p>\n","protected":false},"author":1,"featured_media":0,"comment_status":"closed","ping_status":"closed","sticky":false,"template":"","format":"standard","meta":{"spay_email":"","jetpack_publicize_message":"","jetpack_is_tweetstorm":false,"jetpack_publicize_feature_enabled":true},"categories":[6950],"tags":[],"jetpack_publicize_connections":[],"yoast_head":"<!-- This site is optimized with the Yoast SEO plugin v19.1 - https:\/\/yoast.com\/wordpress\/plugins\/seo\/ -->\n<title>Ulcinj: Odr\u017ean mevlud povodom ro\u0111enja Muhammeda, as - Lajme nga Ulqini<\/title>\n<meta name=\"description\" content=\"Ulcinj, 17. janaura \u2013 Povodom obilje\u017eavanja dana ro\u0111enja poslanika Muhammeda,s.a.v.s., u Domu kulture u Ulcinju, prire\u0111en je bogat vjersko \u2013 umjetni\u010dki\" \/>\n<meta name=\"robots\" content=\"index, follow, max-snippet:-1, max-image-preview:large, max-video-preview:-1\" \/>\n<link rel=\"canonical\" href=\"https:\/\/www.visit-ulcinj.com\/blog\/2014\/01\/21\/ulcinj-odrzan-mevlud-povodom-rodenja-muhammeda\/\" \/>\n<meta property=\"og:locale\" content=\"en_US\" \/>\n<meta property=\"og:type\" content=\"article\" \/>\n<meta property=\"og:title\" content=\"Ulcinj: Odr\u017ean mevlud povodom ro\u0111enja Muhammeda, as - Lajme nga Ulqini\" \/>\n<meta property=\"og:description\" content=\"Ulcinj, 17. janaura \u2013 Povodom obilje\u017eavanja dana ro\u0111enja poslanika Muhammeda,s.a.v.s., u Domu kulture u Ulcinju, prire\u0111en je bogat vjersko \u2013 umjetni\u010dki\" \/>\n<meta property=\"og:url\" content=\"https:\/\/www.visit-ulcinj.com\/blog\/2014\/01\/21\/ulcinj-odrzan-mevlud-povodom-rodenja-muhammeda\/\" \/>\n<meta property=\"og:site_name\" content=\"Lajme nga Ulqini\" \/>\n<meta property=\"article:published_time\" content=\"2014-01-21T16:42:08+00:00\" \/>\n<meta property=\"og:image\" content=\"http:\/\/www.visit-ulcinj.com\/blog\/wp-content\/uploads\/2014\/01\/mevlud-program-Ulcinj.jpg\" \/>\n<meta name=\"twitter:label1\" content=\"Written by\" \/>\n\t<meta name=\"twitter:data1\" content=\"ulqini\" \/>\n\t<meta name=\"twitter:label2\" content=\"Est. reading time\" \/>\n\t<meta name=\"twitter:data2\" content=\"2 minutes\" \/>\n<script type=\"application\/ld+json\" class=\"yoast-schema-graph\">{\"@context\":\"https:\/\/schema.org\",\"@graph\":[{\"@type\":\"WebSite\",\"@id\":\"https:\/\/www.visit-ulcinj.com\/blog\/#website\",\"url\":\"https:\/\/www.visit-ulcinj.com\/blog\/\",\"name\":\"Lajme nga Ulqini\",\"description\":\"Lajme,Vijesti,Ulqini,Ulqin,Crna Gora,Mali i Zi\",\"potentialAction\":[{\"@type\":\"SearchAction\",\"target\":{\"@type\":\"EntryPoint\",\"urlTemplate\":\"https:\/\/www.visit-ulcinj.com\/blog\/?s={search_term_string}\"},\"query-input\":\"required name=search_term_string\"}],\"inLanguage\":\"en-US\"},{\"@type\":\"ImageObject\",\"inLanguage\":\"en-US\",\"@id\":\"https:\/\/www.visit-ulcinj.com\/blog\/2014\/01\/21\/ulcinj-odrzan-mevlud-povodom-rodenja-muhammeda\/#primaryimage\",\"url\":\"https:\/\/www.visit-ulcinj.com\/blog\/wp-content\/uploads\/2014\/01\/mevlud-program-Ulcinj.jpg\",\"contentUrl\":\"https:\/\/www.visit-ulcinj.com\/blog\/wp-content\/uploads\/2014\/01\/mevlud-program-Ulcinj.jpg\",\"width\":583,\"height\":480},{\"@type\":\"WebPage\",\"@id\":\"https:\/\/www.visit-ulcinj.com\/blog\/2014\/01\/21\/ulcinj-odrzan-mevlud-povodom-rodenja-muhammeda\/#webpage\",\"url\":\"https:\/\/www.visit-ulcinj.com\/blog\/2014\/01\/21\/ulcinj-odrzan-mevlud-povodom-rodenja-muhammeda\/\",\"name\":\"Ulcinj: Odr\u017ean mevlud povodom ro\u0111enja Muhammeda, as - Lajme nga Ulqini\",\"isPartOf\":{\"@id\":\"https:\/\/www.visit-ulcinj.com\/blog\/#website\"},\"primaryImageOfPage\":{\"@id\":\"https:\/\/www.visit-ulcinj.com\/blog\/2014\/01\/21\/ulcinj-odrzan-mevlud-povodom-rodenja-muhammeda\/#primaryimage\"},\"datePublished\":\"2014-01-21T16:42:08+00:00\",\"dateModified\":\"2014-01-21T16:42:08+00:00\",\"author\":{\"@id\":\"https:\/\/www.visit-ulcinj.com\/blog\/#\/schema\/person\/dcab619c614d3038751c63bc2aadc06d\"},\"description\":\"Ulcinj, 17. janaura \u2013 Povodom obilje\u017eavanja dana ro\u0111enja poslanika Muhammeda,s.a.v.s., u Domu kulture u Ulcinju, prire\u0111en je bogat vjersko \u2013 umjetni\u010dki\",\"breadcrumb\":{\"@id\":\"https:\/\/www.visit-ulcinj.com\/blog\/2014\/01\/21\/ulcinj-odrzan-mevlud-povodom-rodenja-muhammeda\/#breadcrumb\"},\"inLanguage\":\"en-US\",\"potentialAction\":[{\"@type\":\"ReadAction\",\"target\":[\"https:\/\/www.visit-ulcinj.com\/blog\/2014\/01\/21\/ulcinj-odrzan-mevlud-povodom-rodenja-muhammeda\/\"]}]},{\"@type\":\"BreadcrumbList\",\"@id\":\"https:\/\/www.visit-ulcinj.com\/blog\/2014\/01\/21\/ulcinj-odrzan-mevlud-povodom-rodenja-muhammeda\/#breadcrumb\",\"itemListElement\":[{\"@type\":\"ListItem\",\"position\":1,\"name\":\"Ulcinj: Odr\u017ean mevlud povodom ro\u0111enja Muhammeda, as\"}]},{\"@type\":\"Person\",\"@id\":\"https:\/\/www.visit-ulcinj.com\/blog\/#\/schema\/person\/dcab619c614d3038751c63bc2aadc06d\",\"name\":\"ulqini\",\"sameAs\":[\"http:\/\/www.visit-ulcinj.com\"],\"url\":\"https:\/\/www.visit-ulcinj.com\/blog\/author\/admin\/\"}]}<\/script>\n<!-- \/ Yoast SEO plugin. -->","yoast_head_json":{"title":"Ulcinj: Odr\u017ean mevlud povodom ro\u0111enja Muhammeda, as - Lajme nga Ulqini","description":"Ulcinj, 17. janaura \u2013 Povodom obilje\u017eavanja dana ro\u0111enja poslanika Muhammeda,s.a.v.s., u Domu kulture u Ulcinju, prire\u0111en je bogat vjersko \u2013 umjetni\u010dki","robots":{"index":"index","follow":"follow","max-snippet":"max-snippet:-1","max-image-preview":"max-image-preview:large","max-video-preview":"max-video-preview:-1"},"canonical":"https:\/\/www.visit-ulcinj.com\/blog\/2014\/01\/21\/ulcinj-odrzan-mevlud-povodom-rodenja-muhammeda\/","og_locale":"en_US","og_type":"article","og_title":"Ulcinj: Odr\u017ean mevlud povodom ro\u0111enja Muhammeda, as - Lajme nga Ulqini","og_description":"Ulcinj, 17. janaura \u2013 Povodom obilje\u017eavanja dana ro\u0111enja poslanika Muhammeda,s.a.v.s., u Domu kulture u Ulcinju, prire\u0111en je bogat vjersko \u2013 umjetni\u010dki","og_url":"https:\/\/www.visit-ulcinj.com\/blog\/2014\/01\/21\/ulcinj-odrzan-mevlud-povodom-rodenja-muhammeda\/","og_site_name":"Lajme nga Ulqini","article_published_time":"2014-01-21T16:42:08+00:00","og_image":[{"url":"http:\/\/www.visit-ulcinj.com\/blog\/wp-content\/uploads\/2014\/01\/mevlud-program-Ulcinj.jpg"}],"twitter_misc":{"Written by":"ulqini","Est. reading time":"2 minutes"},"schema":{"@context":"https:\/\/schema.org","@graph":[{"@type":"WebSite","@id":"https:\/\/www.visit-ulcinj.com\/blog\/#website","url":"https:\/\/www.visit-ulcinj.com\/blog\/","name":"Lajme nga Ulqini","description":"Lajme,Vijesti,Ulqini,Ulqin,Crna Gora,Mali i Zi","potentialAction":[{"@type":"SearchAction","target":{"@type":"EntryPoint","urlTemplate":"https:\/\/www.visit-ulcinj.com\/blog\/?s={search_term_string}"},"query-input":"required name=search_term_string"}],"inLanguage":"en-US"},{"@type":"ImageObject","inLanguage":"en-US","@id":"https:\/\/www.visit-ulcinj.com\/blog\/2014\/01\/21\/ulcinj-odrzan-mevlud-povodom-rodenja-muhammeda\/#primaryimage","url":"https:\/\/www.visit-ulcinj.com\/blog\/wp-content\/uploads\/2014\/01\/mevlud-program-Ulcinj.jpg","contentUrl":"https:\/\/www.visit-ulcinj.com\/blog\/wp-content\/uploads\/2014\/01\/mevlud-program-Ulcinj.jpg","width":583,"height":480},{"@type":"WebPage","@id":"https:\/\/www.visit-ulcinj.com\/blog\/2014\/01\/21\/ulcinj-odrzan-mevlud-povodom-rodenja-muhammeda\/#webpage","url":"https:\/\/www.visit-ulcinj.com\/blog\/2014\/01\/21\/ulcinj-odrzan-mevlud-povodom-rodenja-muhammeda\/","name":"Ulcinj: Odr\u017ean mevlud povodom ro\u0111enja Muhammeda, as - Lajme nga Ulqini","isPartOf":{"@id":"https:\/\/www.visit-ulcinj.com\/blog\/#website"},"primaryImageOfPage":{"@id":"https:\/\/www.visit-ulcinj.com\/blog\/2014\/01\/21\/ulcinj-odrzan-mevlud-povodom-rodenja-muhammeda\/#primaryimage"},"datePublished":"2014-01-21T16:42:08+00:00","dateModified":"2014-01-21T16:42:08+00:00","author":{"@id":"https:\/\/www.visit-ulcinj.com\/blog\/#\/schema\/person\/dcab619c614d3038751c63bc2aadc06d"},"description":"Ulcinj, 17. janaura \u2013 Povodom obilje\u017eavanja dana ro\u0111enja poslanika Muhammeda,s.a.v.s., u Domu kulture u Ulcinju, prire\u0111en je bogat vjersko \u2013 umjetni\u010dki","breadcrumb":{"@id":"https:\/\/www.visit-ulcinj.com\/blog\/2014\/01\/21\/ulcinj-odrzan-mevlud-povodom-rodenja-muhammeda\/#breadcrumb"},"inLanguage":"en-US","potentialAction":[{"@type":"ReadAction","target":["https:\/\/www.visit-ulcinj.com\/blog\/2014\/01\/21\/ulcinj-odrzan-mevlud-povodom-rodenja-muhammeda\/"]}]},{"@type":"BreadcrumbList","@id":"https:\/\/www.visit-ulcinj.com\/blog\/2014\/01\/21\/ulcinj-odrzan-mevlud-povodom-rodenja-muhammeda\/#breadcrumb","itemListElement":[{"@type":"ListItem","position":1,"name":"Ulcinj: Odr\u017ean mevlud povodom ro\u0111enja Muhammeda, as"}]},{"@type":"Person","@id":"https:\/\/www.visit-ulcinj.com\/blog\/#\/schema\/person\/dcab619c614d3038751c63bc2aadc06d","name":"ulqini","sameAs":["http:\/\/www.visit-ulcinj.com"],"url":"https:\/\/www.visit-ulcinj.com\/blog\/author\/admin\/"}]}},"jetpack_featured_media_url":"","jetpack_sharing_enabled":true,"jetpack_shortlink":"https:\/\/wp.me\/pe6lTn-kqv","_links":{"self":[{"href":"https:\/\/www.visit-ulcinj.com\/blog\/wp-json\/wp\/v2\/posts\/78523"}],"collection":[{"href":"https:\/\/www.visit-ulcinj.com\/blog\/wp-json\/wp\/v2\/posts"}],"about":[{"href":"https:\/\/www.visit-ulcinj.com\/blog\/wp-json\/wp\/v2\/types\/post"}],"author":[{"embeddable":true,"href":"https:\/\/www.visit-ulcinj.com\/blog\/wp-json\/wp\/v2\/users\/1"}],"replies":[{"embeddable":true,"href":"https:\/\/www.visit-ulcinj.com\/blog\/wp-json\/wp\/v2\/comments?post=78523"}],"version-history":[{"count":1,"href":"https:\/\/www.visit-ulcinj.com\/blog\/wp-json\/wp\/v2\/posts\/78523\/revisions"}],"predecessor-version":[{"id":78525,"href":"https:\/\/www.visit-ulcinj.com\/blog\/wp-json\/wp\/v2\/posts\/78523\/revisions\/78525"}],"wp:attachment":[{"href":"https:\/\/www.visit-ulcinj.com\/blog\/wp-json\/wp\/v2\/media?parent=78523"}],"wp:term":[{"taxonomy":"category","embeddable":true,"href":"https:\/\/www.visit-ulcinj.com\/blog\/wp-json\/wp\/v2\/categories?post=78523"},{"taxonomy":"post_tag","embeddable":true,"href":"https:\/\/www.visit-ulcinj.com\/blog\/wp-json\/wp\/v2\/tags?post=78523"}],"curies":[{"name":"wp","href":"https:\/\/api.w.org\/{rel}","templated":true}]}}