{"id":78528,"date":"2014-01-21T18:09:47","date_gmt":"2014-01-21T17:09:47","guid":{"rendered":"http:\/\/www.visit-ulcinj.com\/blog\/?p=78528"},"modified":"2014-01-22T07:38:52","modified_gmt":"2014-01-22T06:38:52","slug":"fototeka-kombetare-marubi-ulqin-shkoder-video","status":"publish","type":"post","link":"https:\/\/www.visit-ulcinj.com\/blog\/2014\/01\/21\/fototeka-kombetare-marubi-ulqin-shkoder-video\/","title":{"rendered":"Fototeka komb\u00ebtare &#8220;Marubi&#8221; Ulqin &#8211; Shkoder &#8211; Video"},"content":{"rendered":"<p><a href=\"http:\/\/www.visit-ulcinj.com\/blog\/wp-content\/uploads\/2014\/01\/Fototeka-komb\u00ebtare-Marubi-SHKODER.jpg\"><img loading=\"lazy\" class=\"alignleft  wp-image-78530\" alt=\"Fototeka komb\u00ebtare Marubi-SHKODER\" src=\"http:\/\/www.visit-ulcinj.com\/blog\/wp-content\/uploads\/2014\/01\/Fototeka-komb\u00ebtare-Marubi-SHKODER.jpg\" width=\"508\" height=\"360\" \/><\/a>Fototeka Marubi, me rreth 400 mij\u00eb negativ\u00ebt e saj, \u00ebsht\u00eb pjes\u00eb e trash\u00ebgimis\u00eb komb\u00ebtare. Nj\u00eb program i Bashkimit Europian po mb\u00ebshtet Projektin \u201cMarubi\u201d, me pjes\u00ebmarrjen e\u00a0 Shkodr\u00ebs dhe Ulqinit. Pjes\u00eb e Projektit \u00ebsht\u00eb edhe fotoekzpozita e hapur n\u00eb Bashkin\u00eb e Shkodr\u00ebs, ku p\u00ebrmes dhjetra fotove t\u00eb familjes Marubi, pasqyrohen vlerat etnografike t\u00eb Veriut t\u00eb Shqip\u00ebris\u00eb.<\/p>\n<p><strong>P\u00ebllumb Sulo<\/strong><\/p>\n<h4>Z\u00ebri i Amerik\u00ebs<\/h4>\n<p><strong>VOA<\/strong><\/p>\n<p>[flv]http:\/\/av.voanews.com\/Videoroot\/Pangeavideo\/2014\/01\/e\/e8\/e832ffdc-6b52-41f5-9d7f-56bd78e22210.mp4[\/flv]<\/p>\n","protected":false},"excerpt":{"rendered":"<p>Fototeka Marubi, me rreth 400 mij\u00eb negativ\u00ebt e saj, \u00ebsht\u00eb pjes\u00eb e trash\u00ebgimis\u00eb komb\u00ebtare. Nj\u00eb program i Bashkimit Europian po mb\u00ebshtet Projektin \u201cMarubi\u201d, me pjes\u00ebmarrjen e\u00a0 Shkodr\u00ebs dhe Ulqinit. Pjes\u00eb e Projektit \u00ebsht\u00eb edhe fotoekzpozita e hapur n\u00eb Bashkin\u00eb e Shkodr\u00ebs, ku p\u00ebrmes dhjetra fotove t\u00eb familjes Marubi, pasqyrohen vlerat etnografike t\u00eb Veriut t\u00eb Shqip\u00ebris\u00eb. [&hellip;]<\/p>\n","protected":false},"author":1,"featured_media":0,"comment_status":"closed","ping_status":"closed","sticky":false,"template":"","format":"standard","meta":{"spay_email":"","jetpack_publicize_message":"","jetpack_is_tweetstorm":false,"jetpack_publicize_feature_enabled":true},"categories":[1,13],"tags":[],"jetpack_publicize_connections":[],"yoast_head":"<!-- This site is optimized with the Yoast SEO plugin v19.1 - https:\/\/yoast.com\/wordpress\/plugins\/seo\/ -->\n<title>Fototeka komb\u00ebtare &quot;Marubi&quot; Ulqin - Shkoder - Video - Lajme nga Ulqini<\/title>\n<meta name=\"description\" content=\"Fototeka Marubi, me rreth 400 mij\u00eb negativ\u00ebt e saj, \u00ebsht\u00eb pjes\u00eb e trash\u00ebgimis\u00eb komb\u00ebtare. Nj\u00eb program i Bashkimit Europian po mb\u00ebshtet Projektin \u201cMarubi\u201d,\" \/>\n<meta name=\"robots\" content=\"index, follow, max-snippet:-1, max-image-preview:large, max-video-preview:-1\" \/>\n<link rel=\"canonical\" href=\"https:\/\/www.visit-ulcinj.com\/blog\/2014\/01\/21\/fototeka-kombetare-marubi-ulqin-shkoder-video\/\" \/>\n<meta property=\"og:locale\" content=\"en_US\" \/>\n<meta property=\"og:type\" content=\"article\" \/>\n<meta property=\"og:title\" content=\"Fototeka komb\u00ebtare &quot;Marubi&quot; Ulqin - Shkoder - Video - Lajme nga Ulqini\" \/>\n<meta property=\"og:description\" content=\"Fototeka Marubi, me rreth 400 mij\u00eb negativ\u00ebt e saj, \u00ebsht\u00eb pjes\u00eb e trash\u00ebgimis\u00eb komb\u00ebtare. Nj\u00eb program i Bashkimit Europian po mb\u00ebshtet Projektin \u201cMarubi\u201d,\" \/>\n<meta property=\"og:url\" content=\"https:\/\/www.visit-ulcinj.com\/blog\/2014\/01\/21\/fototeka-kombetare-marubi-ulqin-shkoder-video\/\" \/>\n<meta property=\"og:site_name\" content=\"Lajme nga Ulqini\" \/>\n<meta property=\"article:published_time\" content=\"2014-01-21T17:09:47+00:00\" \/>\n<meta property=\"article:modified_time\" content=\"2014-01-22T06:38:52+00:00\" \/>\n<meta name=\"twitter:label1\" content=\"Written by\" \/>\n\t<meta name=\"twitter:data1\" content=\"ulqini\" \/>\n<script type=\"application\/ld+json\" class=\"yoast-schema-graph\">{\"@context\":\"https:\/\/schema.org\",\"@graph\":[{\"@type\":\"WebSite\",\"@id\":\"https:\/\/www.visit-ulcinj.com\/blog\/#website\",\"url\":\"https:\/\/www.visit-ulcinj.com\/blog\/\",\"name\":\"Lajme nga Ulqini\",\"description\":\"Lajme,Vijesti,Ulqini,Ulqin,Crna Gora,Mali i Zi\",\"potentialAction\":[{\"@type\":\"SearchAction\",\"target\":{\"@type\":\"EntryPoint\",\"urlTemplate\":\"https:\/\/www.visit-ulcinj.com\/blog\/?s={search_term_string}\"},\"query-input\":\"required name=search_term_string\"}],\"inLanguage\":\"en-US\"},{\"@type\":\"WebPage\",\"@id\":\"https:\/\/www.visit-ulcinj.com\/blog\/2014\/01\/21\/fototeka-kombetare-marubi-ulqin-shkoder-video\/#webpage\",\"url\":\"https:\/\/www.visit-ulcinj.com\/blog\/2014\/01\/21\/fototeka-kombetare-marubi-ulqin-shkoder-video\/\",\"name\":\"Fototeka komb\u00ebtare \\\"Marubi\\\" Ulqin - Shkoder - Video - Lajme nga Ulqini\",\"isPartOf\":{\"@id\":\"https:\/\/www.visit-ulcinj.com\/blog\/#website\"},\"datePublished\":\"2014-01-21T17:09:47+00:00\",\"dateModified\":\"2014-01-22T06:38:52+00:00\",\"author\":{\"@id\":\"https:\/\/www.visit-ulcinj.com\/blog\/#\/schema\/person\/dcab619c614d3038751c63bc2aadc06d\"},\"description\":\"Fototeka Marubi, me rreth 400 mij\u00eb negativ\u00ebt e saj, \u00ebsht\u00eb pjes\u00eb e trash\u00ebgimis\u00eb komb\u00ebtare. Nj\u00eb program i Bashkimit Europian po mb\u00ebshtet Projektin \u201cMarubi\u201d,\",\"breadcrumb\":{\"@id\":\"https:\/\/www.visit-ulcinj.com\/blog\/2014\/01\/21\/fototeka-kombetare-marubi-ulqin-shkoder-video\/#breadcrumb\"},\"inLanguage\":\"en-US\",\"potentialAction\":[{\"@type\":\"ReadAction\",\"target\":[\"https:\/\/www.visit-ulcinj.com\/blog\/2014\/01\/21\/fototeka-kombetare-marubi-ulqin-shkoder-video\/\"]}]},{\"@type\":\"BreadcrumbList\",\"@id\":\"https:\/\/www.visit-ulcinj.com\/blog\/2014\/01\/21\/fototeka-kombetare-marubi-ulqin-shkoder-video\/#breadcrumb\",\"itemListElement\":[{\"@type\":\"ListItem\",\"position\":1,\"name\":\"Fototeka komb\u00ebtare &#8220;Marubi&#8221; Ulqin &#8211; Shkoder &#8211; Video\"}]},{\"@type\":\"Person\",\"@id\":\"https:\/\/www.visit-ulcinj.com\/blog\/#\/schema\/person\/dcab619c614d3038751c63bc2aadc06d\",\"name\":\"ulqini\",\"sameAs\":[\"http:\/\/www.visit-ulcinj.com\"],\"url\":\"https:\/\/www.visit-ulcinj.com\/blog\/author\/admin\/\"}]}<\/script>\n<!-- \/ Yoast SEO plugin. -->","yoast_head_json":{"title":"Fototeka komb\u00ebtare \"Marubi\" Ulqin - Shkoder - Video - Lajme nga Ulqini","description":"Fototeka Marubi, me rreth 400 mij\u00eb negativ\u00ebt e saj, \u00ebsht\u00eb pjes\u00eb e trash\u00ebgimis\u00eb komb\u00ebtare. Nj\u00eb program i Bashkimit Europian po mb\u00ebshtet Projektin \u201cMarubi\u201d,","robots":{"index":"index","follow":"follow","max-snippet":"max-snippet:-1","max-image-preview":"max-image-preview:large","max-video-preview":"max-video-preview:-1"},"canonical":"https:\/\/www.visit-ulcinj.com\/blog\/2014\/01\/21\/fototeka-kombetare-marubi-ulqin-shkoder-video\/","og_locale":"en_US","og_type":"article","og_title":"Fototeka komb\u00ebtare \"Marubi\" Ulqin - Shkoder - Video - Lajme nga Ulqini","og_description":"Fototeka Marubi, me rreth 400 mij\u00eb negativ\u00ebt e saj, \u00ebsht\u00eb pjes\u00eb e trash\u00ebgimis\u00eb komb\u00ebtare. Nj\u00eb program i Bashkimit Europian po mb\u00ebshtet Projektin \u201cMarubi\u201d,","og_url":"https:\/\/www.visit-ulcinj.com\/blog\/2014\/01\/21\/fototeka-kombetare-marubi-ulqin-shkoder-video\/","og_site_name":"Lajme nga Ulqini","article_published_time":"2014-01-21T17:09:47+00:00","article_modified_time":"2014-01-22T06:38:52+00:00","twitter_misc":{"Written by":"ulqini"},"schema":{"@context":"https:\/\/schema.org","@graph":[{"@type":"WebSite","@id":"https:\/\/www.visit-ulcinj.com\/blog\/#website","url":"https:\/\/www.visit-ulcinj.com\/blog\/","name":"Lajme nga Ulqini","description":"Lajme,Vijesti,Ulqini,Ulqin,Crna Gora,Mali i Zi","potentialAction":[{"@type":"SearchAction","target":{"@type":"EntryPoint","urlTemplate":"https:\/\/www.visit-ulcinj.com\/blog\/?s={search_term_string}"},"query-input":"required name=search_term_string"}],"inLanguage":"en-US"},{"@type":"WebPage","@id":"https:\/\/www.visit-ulcinj.com\/blog\/2014\/01\/21\/fototeka-kombetare-marubi-ulqin-shkoder-video\/#webpage","url":"https:\/\/www.visit-ulcinj.com\/blog\/2014\/01\/21\/fototeka-kombetare-marubi-ulqin-shkoder-video\/","name":"Fototeka komb\u00ebtare \"Marubi\" Ulqin - Shkoder - Video - Lajme nga Ulqini","isPartOf":{"@id":"https:\/\/www.visit-ulcinj.com\/blog\/#website"},"datePublished":"2014-01-21T17:09:47+00:00","dateModified":"2014-01-22T06:38:52+00:00","author":{"@id":"https:\/\/www.visit-ulcinj.com\/blog\/#\/schema\/person\/dcab619c614d3038751c63bc2aadc06d"},"description":"Fototeka Marubi, me rreth 400 mij\u00eb negativ\u00ebt e saj, \u00ebsht\u00eb pjes\u00eb e trash\u00ebgimis\u00eb komb\u00ebtare. Nj\u00eb program i Bashkimit Europian po mb\u00ebshtet Projektin \u201cMarubi\u201d,","breadcrumb":{"@id":"https:\/\/www.visit-ulcinj.com\/blog\/2014\/01\/21\/fototeka-kombetare-marubi-ulqin-shkoder-video\/#breadcrumb"},"inLanguage":"en-US","potentialAction":[{"@type":"ReadAction","target":["https:\/\/www.visit-ulcinj.com\/blog\/2014\/01\/21\/fototeka-kombetare-marubi-ulqin-shkoder-video\/"]}]},{"@type":"BreadcrumbList","@id":"https:\/\/www.visit-ulcinj.com\/blog\/2014\/01\/21\/fototeka-kombetare-marubi-ulqin-shkoder-video\/#breadcrumb","itemListElement":[{"@type":"ListItem","position":1,"name":"Fototeka komb\u00ebtare &#8220;Marubi&#8221; Ulqin &#8211; Shkoder &#8211; Video"}]},{"@type":"Person","@id":"https:\/\/www.visit-ulcinj.com\/blog\/#\/schema\/person\/dcab619c614d3038751c63bc2aadc06d","name":"ulqini","sameAs":["http:\/\/www.visit-ulcinj.com"],"url":"https:\/\/www.visit-ulcinj.com\/blog\/author\/admin\/"}]}},"jetpack_featured_media_url":"","jetpack_sharing_enabled":true,"jetpack_shortlink":"https:\/\/wp.me\/pe6lTn-kqA","_links":{"self":[{"href":"https:\/\/www.visit-ulcinj.com\/blog\/wp-json\/wp\/v2\/posts\/78528"}],"collection":[{"href":"https:\/\/www.visit-ulcinj.com\/blog\/wp-json\/wp\/v2\/posts"}],"about":[{"href":"https:\/\/www.visit-ulcinj.com\/blog\/wp-json\/wp\/v2\/types\/post"}],"author":[{"embeddable":true,"href":"https:\/\/www.visit-ulcinj.com\/blog\/wp-json\/wp\/v2\/users\/1"}],"replies":[{"embeddable":true,"href":"https:\/\/www.visit-ulcinj.com\/blog\/wp-json\/wp\/v2\/comments?post=78528"}],"version-history":[{"count":2,"href":"https:\/\/www.visit-ulcinj.com\/blog\/wp-json\/wp\/v2\/posts\/78528\/revisions"}],"predecessor-version":[{"id":78532,"href":"https:\/\/www.visit-ulcinj.com\/blog\/wp-json\/wp\/v2\/posts\/78528\/revisions\/78532"}],"wp:attachment":[{"href":"https:\/\/www.visit-ulcinj.com\/blog\/wp-json\/wp\/v2\/media?parent=78528"}],"wp:term":[{"taxonomy":"category","embeddable":true,"href":"https:\/\/www.visit-ulcinj.com\/blog\/wp-json\/wp\/v2\/categories?post=78528"},{"taxonomy":"post_tag","embeddable":true,"href":"https:\/\/www.visit-ulcinj.com\/blog\/wp-json\/wp\/v2\/tags?post=78528"}],"curies":[{"name":"wp","href":"https:\/\/api.w.org\/{rel}","templated":true}]}}