{"id":78541,"date":"2014-01-21T19:17:50","date_gmt":"2014-01-21T18:17:50","guid":{"rendered":"http:\/\/www.visit-ulcinj.com\/blog\/?p=78541"},"modified":"2014-01-21T23:16:39","modified_gmt":"2014-01-21T22:16:39","slug":"slijedi-borba-za-svaki-glas-u-ulcinj","status":"publish","type":"post","link":"https:\/\/www.visit-ulcinj.com\/blog\/2014\/01\/21\/slijedi-borba-za-svaki-glas-u-ulcinj\/","title":{"rendered":"Slijedi borba za svaki glas u Ulcinj"},"content":{"rendered":"<p><strong><a href=\"http:\/\/www.visit-ulcinj.com\/blog\/wp-content\/uploads\/2014\/01\/Slijedi-borba-za-svaki-glas-u-Ulcinj.jpg\"><img loading=\"lazy\" class=\"alignleft  wp-image-78542\" alt=\"Slijedi borba za svaki glas u Ulcinj\" src=\"http:\/\/www.visit-ulcinj.com\/blog\/wp-content\/uploads\/2014\/01\/Slijedi-borba-za-svaki-glas-u-Ulcinj.jpg\" width=\"508\" height=\"400\" \/><\/a>ULCINJ &#8211;<\/strong><strong>Ulazimo u posljednju nedjelju pred lokalne izbore u Ulcinju, a predizborne kampanje politi\u010dkih partija polako u favr\u0161nu fazu, pred rasplet 26. januara. Ve\u0107 sada je gotovo izvjesno da za formiranje lokalne vlasti ne\u0107e biti dovoljna jedna partija, ve\u0107 \u0107e se vlast, kao i na prethodnim izborima, tra\u017eiti kroz koaliciju.<\/strong><\/p>\n<p>Demokratska partija socijalista, kao najuticajnija partija na dr\u017eavnom nivou, i na ovim izborima o\u010dekuje odli\u010dan rezultat, a prema rije\u010dima nosioca liste ulcinjskog DPS-a Ljora Nreki\u0107a, ta partija zadovoljna je tokom kampanje iradomna terenu.<\/p>\n<p>&#8211; O\u010dekujemo da \u0107emo biti najja\u010di politi\u010dki subjekt u gradu. Do sada smo vodili pozitivnu i \u0161to je najbitnije preciznu kampanju, a zavr\u0161na tribina odr\u017ea\u0107e se u\u00a0 srijedu, 22. januara, u velikoj sali op\u0161tine, kojoj \u0107e prisustvovati i crnogorski premijerMilo\u0110ukanovi\u0107 \u2013 naveo je Nreki\u0107.<\/p>\n<p>Partija koja tako\u0111e o\u010dekuje da \u0107e na predstoje\u0107im izborima ostvariti najbolji rezultat je Forca, \u010dija \u0107e kampanja upravo u posljednjoj nedjelji do\u017eivjeti kulminaciju, jer su prvo 23. januara u Vladimiru, a zatim i 24. u sali op\u0161tine najavljene tribine. Prema rije\u010dima lidera te partije Nazifa Cungua, kampanja i dosada\u0161nje aktivnosti u\u010dinjene za grad garant su dobrih izbornih o\u010dekivanja. On smatra da je prerano govoriti o mogu\u0107im postizbornim koalicijama.<\/p>\n<p>Demokratski front je sino\u0107nom tribinom u velikoj sali op\u0161tine Ulcinj zaokru\u017eio kampanju koja je, kako nam je saop\u0161tio nosilac liste Milan Rolovi\u0107, protekla u humanitarnim akcijama socijalno ugro\u017eenim porodicama i predstavljanju kvalitetnog mladog kadra gra\u0111anima.<\/p>\n<p>&#8211; Ulcinj je maligrad, svi se dobro poznajemo i gra\u0111anima je odavno, vi\u0161e-manje, jasno na\u0161e iskreno politi\u010dko opredjeljenje kada je u pitanju su\u017eivot svih vjera i nacija na ovim prostorima. Kampanju \u0107emo fini\u0161irati doborovljnim donacijama krvi 22. januara<strong> \u2013 <\/strong>kazao je Rolovi\u0107, naglasiv\u0161i da za koaliciju ne\u0107e biti razgovora sa DPS-om.<\/p>\n<p>S druge strane, najmla\u0111a parlamentarna partija u crnogorskom parlamentu \u2013 Pozitivna Crna Gora, koja prvi put nastupa na lokalnim izborima, kampanju je, prema rije\u010dima nosioca liste Dritana Abazovi\u0107a, bazirala na ekonomskom razvoju i za\u0161titi autenti\u010dnosti grada.<\/p>\n<p>&#8211; Mo\u017eemo konstatovati da, \u0161to se nas ti\u010de, sve proti\u010de kako smo zamislili. S druge strane, istina je da se ne \u017eelimo baviti drugim strankama, ali moramo konstatovati da je pritisak na na\u0161e bira\u010de ogroman i da u svemu tome postoje elementi politi\u010dke korupcije i velikih zloupotreba<strong> <\/strong>&#8211; isti\u010de Abazovi\u0107, prognoziraju\u0107i da \u0107e upravo Pozitivna biti najve\u0107e iznena\u0111enje izbora. I<strong> <\/strong>Abazovi\u0107 ka\u017ee da se ne\u0107e upu\u0161tati u bilo kakve razgovore za DPS-om o eventualnoj postizbornoj koaliciji.<\/p>\n<p>Iako je kampanju djelimi\u010dno obilje\u017eio sukob nosioca liste SDP Selima Resulbegovi\u0107a sa prvim \u010dovjekom op\u0161tine Nazifom Cunguom, SDP \u0107e se do kraja opredijeliti za pozitivnu kampanju.<\/p>\n<p>&#8211; Poku\u0161a\u0107emo da ovo preostalo vrijeme iskoristimo da po\u0161aljemo bira\u010dima klju\u010dne poruke, kojima \u0107emo pokazati da smo u stanju da bolje od drugih mo\u017eemo da sagledamo uzroke zbog kojih se Ulcinj nalazi u stanju u kojem se nalazi i da mo\u017eemo bolje od drugih da povedemo na\u0161 grad putem razvoja i prosperiteta<strong> \u2013 <\/strong>naveo je Resulbegovi\u0107.<\/p>\n<p>Odli\u010dnom rezultatu nada se i Demokratska unija Albanaca, koja je tako\u0111e tokom izborne kampanje bila aktivna na terenu.<\/p>\n<p>&#8211; Kampanja je protekla jako dobro, a jedino \u010dega se pla\u0161imo jeste kupovina glasova. Mi obe\u0107avamo gra\u0111anima mladi i \u0161kolovani kadar, koji je u stanju da se su\u010deljava sa aktuelnim problemima<strong> \u2013 <\/strong>istakao je prvi \u010dovjek DUA Mehmed Zenka, navode\u0107i da u postizbornu koaliciju ne\u0107e u\u010destvovati sa strankama koje ne priznaju neka programska na\u010dela Demokratske unije Albanaca.<\/p>\n<p>Ne\u0161to skromniju kampanju ovoga puta imala je SNP, \u010diji se aktivizam odnosio na kampanju \u201eod vrata do vrata\u201c i dijeljenje promotivnih letaka. Sugra\u0111anima ta partija pokloni\u0107e 24. jaunara koncert na Maloj pla\u017ei, na kojem \u0107e nastupiti Ana Bebi\u0107, Padrino bend i Baka Planjanin u sklopu zavr\u0161etka izborne kampanje.<\/p>\n<p>&#8211; Ovoga puta se nijesmo odlu\u010dili za tribine, jer ih vidimo prevazi\u0111enim. Za organizaciju koncerta odlu\u010dili smo se upravo zbog toga \u0161to je na\u0161 grad, pored svih vrsta deficita, po nama, najoskudniji u dijelu kulturnih de\u0161avanja i de\u0161avanja koja nedostaju omladini Ulcinja<strong> \u2013 <\/strong>kazao je \u0106etkovi\u0107.<\/p>\n<p><em><strong>V. Radi\u0107<\/strong><\/em><\/p>\n<p><strong>Izvor: Pobjeda<\/strong><\/p>\n<h4><strong>Murati: Sve spremno za izbore<\/strong><\/h4>\n<p>Prema rije\u010dima predsjednika Op\u0161tinske izborne komisije Jakupa Muratija, sve je spremno za odr\u017eavanje lokalnih izbora.<\/p>\n<p>&#8211; Pravo glasa u op\u0161tini Ulcinj ima 19.181 gra\u0111anin, zaklju\u010dno sa 31. januarom. Svih devet lista su blagovremeno predate, a podnosioci lista obavije\u0161teni su da mogu da predlo\u017ee kandidate za izbornu komisiju \u2013 kazao je Jakupi.<\/p>\n<p>Podsje\u0107amo, Op\u0161tinska izborna komisija \u017erijebanjem je utvrdila redosljed izbornih lista. Pod brojem 1 je Pozitivna Crna Gora, broj 2 \u2013 Demokratski front, 3 \u2013 Bo\u0161nja\u010dka stranka,\u00a0 4 \u2013 Socijalisti\u010dka narodna partija, 5 \u2013 Forca, 6 \u2013 DUA, 7 \u2013 Demokratska partija socijalista, 8 \u2013 Koalicija ,,Zajedno za budu\u0107nost Ulcinja\u201c i 9 \u2013 Socijaldemokratska partija.<\/p>\n<h4><strong>Nreki\u0107: O koaliciji i sa DUA i SNP-om<\/strong><\/h4>\n<p>&#8211; Sve partije koje su na dr\u017eavnom nivou direktno ili indirektno koalicija sa DPS-om potencijalni su partneri za eventualnu postizbornu koaliciju. Spremni smo na razgovor sa svim tim partijama, kao i sa DUA i SNP-om \u2013 ka\u017ee Ljoro Nreki\u0107, nosilac liste DPS na izborima u Ulcinju.<\/p>\n<h4><strong>Cungu: Vrijeme za razvoj<\/strong><\/h4>\n<p>&#8211; Zapo\u010deli smo saradomna pobolj\u0161anju infrastrukture grada. Tokom pro\u0161le godine u infrastrukturu Ulcinja je ulo\u017eeno milion eura iz bud\u017eeta op\u0161tine. Nakon zaustavljanja sunovrata grada vrijeme je za razvoj op\u0161tine \u2013 ka\u017ee Nazif Cungu.<\/p>\n<h4><strong>Resulbegovi\u0107: SDP mo\u017ee u koaliciju sa svima<\/strong><\/h4>\n<p>&#8211; Kao i ve\u0107inu partija i SDP krasi optimizam kada je u pitanju izborni rezultat, a ukoliko budu u prilici da formiraju lokalnu upravu bar prema rije\u010dima nosioca liste, ne isklju\u010duju niti jednu politi\u010dku strukturu \u2013 ka\u017ee nosilac liste SDP Selim Resulbegovi\u0107.<\/p>\n","protected":false},"excerpt":{"rendered":"<p>ULCINJ &#8211;Ulazimo u posljednju nedjelju pred lokalne izbore u Ulcinju, a predizborne kampanje politi\u010dkih partija polako u favr\u0161nu fazu, pred rasplet 26. januara. Ve\u0107 sada je gotovo izvjesno da za formiranje lokalne vlasti ne\u0107e biti dovoljna jedna partija, ve\u0107 \u0107e se vlast, kao i na prethodnim izborima, tra\u017eiti kroz koaliciju. Demokratska partija socijalista, kao najuticajnija [&hellip;]<\/p>\n","protected":false},"author":1,"featured_media":0,"comment_status":"closed","ping_status":"closed","sticky":false,"template":"","format":"standard","meta":{"spay_email":"","jetpack_publicize_message":"","jetpack_is_tweetstorm":false,"jetpack_publicize_feature_enabled":true},"categories":[6950],"tags":[],"jetpack_publicize_connections":[],"yoast_head":"<!-- This site is optimized with the Yoast SEO plugin v19.1 - https:\/\/yoast.com\/wordpress\/plugins\/seo\/ -->\n<title>Slijedi borba za svaki glas u Ulcinj - Lajme nga Ulqini<\/title>\n<meta name=\"description\" content=\"ULCINJ -Ulazimo u posljednju nedjelju pred lokalne izbore u Ulcinju, a predizborne kampanje politi\u010dkih partija polako u favr\u0161nu fazu, pred rasplet 26.\" \/>\n<meta name=\"robots\" content=\"index, follow, max-snippet:-1, max-image-preview:large, max-video-preview:-1\" \/>\n<link rel=\"canonical\" href=\"https:\/\/www.visit-ulcinj.com\/blog\/2014\/01\/21\/slijedi-borba-za-svaki-glas-u-ulcinj\/\" \/>\n<meta property=\"og:locale\" content=\"en_US\" \/>\n<meta property=\"og:type\" content=\"article\" \/>\n<meta property=\"og:title\" content=\"Slijedi borba za svaki glas u Ulcinj - Lajme nga Ulqini\" \/>\n<meta property=\"og:description\" content=\"ULCINJ -Ulazimo u posljednju nedjelju pred lokalne izbore u Ulcinju, a predizborne kampanje politi\u010dkih partija polako u favr\u0161nu fazu, pred rasplet 26.\" \/>\n<meta property=\"og:url\" content=\"https:\/\/www.visit-ulcinj.com\/blog\/2014\/01\/21\/slijedi-borba-za-svaki-glas-u-ulcinj\/\" \/>\n<meta property=\"og:site_name\" content=\"Lajme nga Ulqini\" \/>\n<meta property=\"article:published_time\" content=\"2014-01-21T18:17:50+00:00\" \/>\n<meta property=\"article:modified_time\" content=\"2014-01-21T22:16:39+00:00\" \/>\n<meta property=\"og:image\" content=\"http:\/\/www.visit-ulcinj.com\/blog\/wp-content\/uploads\/2014\/01\/Slijedi-borba-za-svaki-glas-u-Ulcinj.jpg\" \/>\n<meta name=\"twitter:label1\" content=\"Written by\" \/>\n\t<meta name=\"twitter:data1\" content=\"ulqini\" \/>\n\t<meta name=\"twitter:label2\" content=\"Est. reading time\" \/>\n\t<meta name=\"twitter:data2\" content=\"5 minutes\" \/>\n<script type=\"application\/ld+json\" class=\"yoast-schema-graph\">{\"@context\":\"https:\/\/schema.org\",\"@graph\":[{\"@type\":\"WebSite\",\"@id\":\"https:\/\/www.visit-ulcinj.com\/blog\/#website\",\"url\":\"https:\/\/www.visit-ulcinj.com\/blog\/\",\"name\":\"Lajme nga Ulqini\",\"description\":\"Lajme,Vijesti,Ulqini,Ulqin,Crna Gora,Mali i Zi\",\"potentialAction\":[{\"@type\":\"SearchAction\",\"target\":{\"@type\":\"EntryPoint\",\"urlTemplate\":\"https:\/\/www.visit-ulcinj.com\/blog\/?s={search_term_string}\"},\"query-input\":\"required name=search_term_string\"}],\"inLanguage\":\"en-US\"},{\"@type\":\"ImageObject\",\"inLanguage\":\"en-US\",\"@id\":\"https:\/\/www.visit-ulcinj.com\/blog\/2014\/01\/21\/slijedi-borba-za-svaki-glas-u-ulcinj\/#primaryimage\",\"url\":\"https:\/\/www.visit-ulcinj.com\/blog\/wp-content\/uploads\/2014\/01\/Slijedi-borba-za-svaki-glas-u-Ulcinj.jpg\",\"contentUrl\":\"https:\/\/www.visit-ulcinj.com\/blog\/wp-content\/uploads\/2014\/01\/Slijedi-borba-za-svaki-glas-u-Ulcinj.jpg\",\"width\":1024,\"height\":771},{\"@type\":\"WebPage\",\"@id\":\"https:\/\/www.visit-ulcinj.com\/blog\/2014\/01\/21\/slijedi-borba-za-svaki-glas-u-ulcinj\/#webpage\",\"url\":\"https:\/\/www.visit-ulcinj.com\/blog\/2014\/01\/21\/slijedi-borba-za-svaki-glas-u-ulcinj\/\",\"name\":\"Slijedi borba za svaki glas u Ulcinj - Lajme nga Ulqini\",\"isPartOf\":{\"@id\":\"https:\/\/www.visit-ulcinj.com\/blog\/#website\"},\"primaryImageOfPage\":{\"@id\":\"https:\/\/www.visit-ulcinj.com\/blog\/2014\/01\/21\/slijedi-borba-za-svaki-glas-u-ulcinj\/#primaryimage\"},\"datePublished\":\"2014-01-21T18:17:50+00:00\",\"dateModified\":\"2014-01-21T22:16:39+00:00\",\"author\":{\"@id\":\"https:\/\/www.visit-ulcinj.com\/blog\/#\/schema\/person\/dcab619c614d3038751c63bc2aadc06d\"},\"description\":\"ULCINJ -Ulazimo u posljednju nedjelju pred lokalne izbore u Ulcinju, a predizborne kampanje politi\u010dkih partija polako u favr\u0161nu fazu, pred rasplet 26.\",\"breadcrumb\":{\"@id\":\"https:\/\/www.visit-ulcinj.com\/blog\/2014\/01\/21\/slijedi-borba-za-svaki-glas-u-ulcinj\/#breadcrumb\"},\"inLanguage\":\"en-US\",\"potentialAction\":[{\"@type\":\"ReadAction\",\"target\":[\"https:\/\/www.visit-ulcinj.com\/blog\/2014\/01\/21\/slijedi-borba-za-svaki-glas-u-ulcinj\/\"]}]},{\"@type\":\"BreadcrumbList\",\"@id\":\"https:\/\/www.visit-ulcinj.com\/blog\/2014\/01\/21\/slijedi-borba-za-svaki-glas-u-ulcinj\/#breadcrumb\",\"itemListElement\":[{\"@type\":\"ListItem\",\"position\":1,\"name\":\"Slijedi borba za svaki glas u Ulcinj\"}]},{\"@type\":\"Person\",\"@id\":\"https:\/\/www.visit-ulcinj.com\/blog\/#\/schema\/person\/dcab619c614d3038751c63bc2aadc06d\",\"name\":\"ulqini\",\"sameAs\":[\"http:\/\/www.visit-ulcinj.com\"],\"url\":\"https:\/\/www.visit-ulcinj.com\/blog\/author\/admin\/\"}]}<\/script>\n<!-- \/ Yoast SEO plugin. -->","yoast_head_json":{"title":"Slijedi borba za svaki glas u Ulcinj - Lajme nga Ulqini","description":"ULCINJ -Ulazimo u posljednju nedjelju pred lokalne izbore u Ulcinju, a predizborne kampanje politi\u010dkih partija polako u favr\u0161nu fazu, pred rasplet 26.","robots":{"index":"index","follow":"follow","max-snippet":"max-snippet:-1","max-image-preview":"max-image-preview:large","max-video-preview":"max-video-preview:-1"},"canonical":"https:\/\/www.visit-ulcinj.com\/blog\/2014\/01\/21\/slijedi-borba-za-svaki-glas-u-ulcinj\/","og_locale":"en_US","og_type":"article","og_title":"Slijedi borba za svaki glas u Ulcinj - Lajme nga Ulqini","og_description":"ULCINJ -Ulazimo u posljednju nedjelju pred lokalne izbore u Ulcinju, a predizborne kampanje politi\u010dkih partija polako u favr\u0161nu fazu, pred rasplet 26.","og_url":"https:\/\/www.visit-ulcinj.com\/blog\/2014\/01\/21\/slijedi-borba-za-svaki-glas-u-ulcinj\/","og_site_name":"Lajme nga Ulqini","article_published_time":"2014-01-21T18:17:50+00:00","article_modified_time":"2014-01-21T22:16:39+00:00","og_image":[{"url":"http:\/\/www.visit-ulcinj.com\/blog\/wp-content\/uploads\/2014\/01\/Slijedi-borba-za-svaki-glas-u-Ulcinj.jpg"}],"twitter_misc":{"Written by":"ulqini","Est. reading time":"5 minutes"},"schema":{"@context":"https:\/\/schema.org","@graph":[{"@type":"WebSite","@id":"https:\/\/www.visit-ulcinj.com\/blog\/#website","url":"https:\/\/www.visit-ulcinj.com\/blog\/","name":"Lajme nga Ulqini","description":"Lajme,Vijesti,Ulqini,Ulqin,Crna Gora,Mali i Zi","potentialAction":[{"@type":"SearchAction","target":{"@type":"EntryPoint","urlTemplate":"https:\/\/www.visit-ulcinj.com\/blog\/?s={search_term_string}"},"query-input":"required name=search_term_string"}],"inLanguage":"en-US"},{"@type":"ImageObject","inLanguage":"en-US","@id":"https:\/\/www.visit-ulcinj.com\/blog\/2014\/01\/21\/slijedi-borba-za-svaki-glas-u-ulcinj\/#primaryimage","url":"https:\/\/www.visit-ulcinj.com\/blog\/wp-content\/uploads\/2014\/01\/Slijedi-borba-za-svaki-glas-u-Ulcinj.jpg","contentUrl":"https:\/\/www.visit-ulcinj.com\/blog\/wp-content\/uploads\/2014\/01\/Slijedi-borba-za-svaki-glas-u-Ulcinj.jpg","width":1024,"height":771},{"@type":"WebPage","@id":"https:\/\/www.visit-ulcinj.com\/blog\/2014\/01\/21\/slijedi-borba-za-svaki-glas-u-ulcinj\/#webpage","url":"https:\/\/www.visit-ulcinj.com\/blog\/2014\/01\/21\/slijedi-borba-za-svaki-glas-u-ulcinj\/","name":"Slijedi borba za svaki glas u Ulcinj - Lajme nga Ulqini","isPartOf":{"@id":"https:\/\/www.visit-ulcinj.com\/blog\/#website"},"primaryImageOfPage":{"@id":"https:\/\/www.visit-ulcinj.com\/blog\/2014\/01\/21\/slijedi-borba-za-svaki-glas-u-ulcinj\/#primaryimage"},"datePublished":"2014-01-21T18:17:50+00:00","dateModified":"2014-01-21T22:16:39+00:00","author":{"@id":"https:\/\/www.visit-ulcinj.com\/blog\/#\/schema\/person\/dcab619c614d3038751c63bc2aadc06d"},"description":"ULCINJ -Ulazimo u posljednju nedjelju pred lokalne izbore u Ulcinju, a predizborne kampanje politi\u010dkih partija polako u favr\u0161nu fazu, pred rasplet 26.","breadcrumb":{"@id":"https:\/\/www.visit-ulcinj.com\/blog\/2014\/01\/21\/slijedi-borba-za-svaki-glas-u-ulcinj\/#breadcrumb"},"inLanguage":"en-US","potentialAction":[{"@type":"ReadAction","target":["https:\/\/www.visit-ulcinj.com\/blog\/2014\/01\/21\/slijedi-borba-za-svaki-glas-u-ulcinj\/"]}]},{"@type":"BreadcrumbList","@id":"https:\/\/www.visit-ulcinj.com\/blog\/2014\/01\/21\/slijedi-borba-za-svaki-glas-u-ulcinj\/#breadcrumb","itemListElement":[{"@type":"ListItem","position":1,"name":"Slijedi borba za svaki glas u Ulcinj"}]},{"@type":"Person","@id":"https:\/\/www.visit-ulcinj.com\/blog\/#\/schema\/person\/dcab619c614d3038751c63bc2aadc06d","name":"ulqini","sameAs":["http:\/\/www.visit-ulcinj.com"],"url":"https:\/\/www.visit-ulcinj.com\/blog\/author\/admin\/"}]}},"jetpack_featured_media_url":"","jetpack_sharing_enabled":true,"jetpack_shortlink":"https:\/\/wp.me\/pe6lTn-kqN","_links":{"self":[{"href":"https:\/\/www.visit-ulcinj.com\/blog\/wp-json\/wp\/v2\/posts\/78541"}],"collection":[{"href":"https:\/\/www.visit-ulcinj.com\/blog\/wp-json\/wp\/v2\/posts"}],"about":[{"href":"https:\/\/www.visit-ulcinj.com\/blog\/wp-json\/wp\/v2\/types\/post"}],"author":[{"embeddable":true,"href":"https:\/\/www.visit-ulcinj.com\/blog\/wp-json\/wp\/v2\/users\/1"}],"replies":[{"embeddable":true,"href":"https:\/\/www.visit-ulcinj.com\/blog\/wp-json\/wp\/v2\/comments?post=78541"}],"version-history":[{"count":2,"href":"https:\/\/www.visit-ulcinj.com\/blog\/wp-json\/wp\/v2\/posts\/78541\/revisions"}],"predecessor-version":[{"id":78544,"href":"https:\/\/www.visit-ulcinj.com\/blog\/wp-json\/wp\/v2\/posts\/78541\/revisions\/78544"}],"wp:attachment":[{"href":"https:\/\/www.visit-ulcinj.com\/blog\/wp-json\/wp\/v2\/media?parent=78541"}],"wp:term":[{"taxonomy":"category","embeddable":true,"href":"https:\/\/www.visit-ulcinj.com\/blog\/wp-json\/wp\/v2\/categories?post=78541"},{"taxonomy":"post_tag","embeddable":true,"href":"https:\/\/www.visit-ulcinj.com\/blog\/wp-json\/wp\/v2\/tags?post=78541"}],"curies":[{"name":"wp","href":"https:\/\/api.w.org\/{rel}","templated":true}]}}