{"id":78545,"date":"2014-01-21T19:24:01","date_gmt":"2014-01-21T18:24:01","guid":{"rendered":"http:\/\/www.visit-ulcinj.com\/blog\/?p=78545"},"modified":"2014-01-21T19:24:01","modified_gmt":"2014-01-21T18:24:01","slug":"izgradnja-vjetroelektrane-na-mozuri-15-maja","status":"publish","type":"post","link":"https:\/\/www.visit-ulcinj.com\/blog\/2014\/01\/21\/izgradnja-vjetroelektrane-na-mozuri-15-maja\/","title":{"rendered":"Izgradnja vjetroelektrane na Mo\u017euri do 15. maja"},"content":{"rendered":"<p><strong><a href=\"http:\/\/www.visit-ulcinj.com\/blog\/wp-content\/uploads\/2009\/12\/VJETROELEKTRANA-ULCINJ.jpg\"><img loading=\"lazy\" class=\"alignleft  wp-image-28792\" alt=\"VJETROELEKTRANA ULCINJ\" src=\"http:\/\/www.visit-ulcinj.com\/blog\/wp-content\/uploads\/2009\/12\/VJETROELEKTRANA-ULCINJ.jpg\" width=\"350\" height=\"300\" \/><\/a>Dozvola za Mo\u017euru do polovine marta<\/strong><\/p>\n<p><em>Ukoliko sve bude i\u0161lo planiranom dinamikom, izgradnja vjetroelektrane na Mo\u017euri mogla bi da po\u010dne najkasnije do 15. maja<\/em><\/p>\n<p><strong>PODGORICA \u2013 U toku je procedura za dobijanje gra\u0111evinske dozvole za izgradnju vjetroelektrana na Mo\u017euru kod Ulcinja i Bara, \u010dija je gradnja povjerena \u0161panskom konzorcijumu Fersa Energias Renovables.<\/strong><\/p>\n<p><strong>To je Pobjedi saop\u0161teno iz Ministarstva ekonomije.<\/strong><\/p>\n<p>&#8211; Realizacija projekta izgradnje vjetroelektrana Mo\u017eur instalisane snage do 46 MW te\u010de utvr\u0111enom dinamikom. Investitor je 15. januara ove \u00a0godine predao zahtjev za izdavanje gra\u0111evinske dozvole \u2013 ka\u017eu u Ministarstvu ekonomije.<\/p>\n<p>Prema izmjenama zakona o ure\u0111enju prostora i izgradnji objekata, \u0160panci se gra\u0111evinskoj dozvoli, koju izdaje Ministarstvo odr\u017eivog\u00a0 razvoja i turizma, mogu nadati u roku od dva mjeseca.<\/p>\n<p><strong>Obaveze <\/strong><\/p>\n<p>&#8211; Ugovorom o zakupu zemlji\u0161ta i izgradnji vjetroelektrane obaveza investitora je da u roku od dva mjeseca od izdavanja gra\u0111evinske dozvole otpo\u010dne izgradnju vjetroelektrane \u2013 saop\u0161teno je iz Ministarstva.<\/p>\n<p>To zna\u010di da bi, ukoliko sve bude i\u0161lo planiranom dinamikom, izgradnja vjetroelektrane mogla da po\u010dne najkasnije do 15. maja.<\/p>\n<p><strong>Krnovo <\/strong><\/p>\n<p>Kada je u pitanju izgradnja vjetroelektrane Krnovo, u Ministarstvu ekonomije tvrde da je bila neophodna dopuna elaborata na osnovu kojeg je u decembru pro\u0161le godine napravljen predlog dopune odluke o utvr\u0111ivanju javnog interesa za eksproprijaciju nepokretnosti za izgradnju te\u00a0 vjetroelektrane.<\/p>\n<p>Za lokalitet Krnovo, Vlada je ugovor o izgradnji vjetroelektrane instalisane snage do 50 MW\u00a0 uz uslov da se njena instalisana snaga mo\u017ee pove\u0107ati do 72 MW, potpisala sa japansko-austrijskom kompanijom Krnovo Green Energy.<\/p>\n<p>&#8211; Vladi \u00a0\u0107e se uputiti predlog dopune odluke na dono\u0161enje. Nakon \u0161to Vlada utvrdi\u00a0 javni interes i odluku objavi \u00a0u Slu\u017ebenom listu, pristupi\u0107e se realizaciji imovinsko-pravnih odnosa, kako bi se omogu\u0107ilo korisniku eksproprijacije da u\u0111e u posjed eksproprisanih nepokretnosti i investitoru da zapo\u010dne sa izvo\u0111enjem radova na izgradnji vjetroelektrane Krnovo \u2013 kazali su iz Ministarstva.<\/p>\n<p><em><strong>Bi.R.<\/strong><\/em><\/p>\n<h4>Za\u0161to su rokovi \u201eprobijeni\u201c<\/h4>\n<p>Komentari\u0161u\u0107i to \u0161to su oba investitora prolongirala rok izgradnje vjetroelektrana, iz Ministarstva ekonomije su objasnili da je za gradnju takvih projekata neophodan dug vremenski period, od momenta davanja u zakup zemlji\u0161ta, preko obimnih istra\u017enih radova, do izgradnje i priklju\u010denja na elektroenergetski sistem.<\/p>\n<p>Ugovori sa \u0160pancima i japansko-austrijskom kompanijom\u00a0 Krnovo Green Energy potpisani su 2010. godine. Da je bilo kako su investitori najavljivali, Crna Gora bi pro\u0161le godine \u00a0od vjetroelektrana na Mo\u017euru kod Ulcinja imala \u00a0prve kilovat-sate struje, a sa lokaliteta Krnovo prve vjetrenja\u010de bi \u201ezavrtjete krila\u201c sredinom ove godine. Ina\u010de, Direktiva Evropske komisije postavila je cilj da do 2020. godine, 20 odsto ukupne energije koja se koristi u Evropskoj uniji bude proizvedeno iz obnovljivih izvora.<\/p>\n<p><strong>Izvor: POBJEDA<\/strong><\/p>\n","protected":false},"excerpt":{"rendered":"<p>Dozvola za Mo\u017euru do polovine marta Ukoliko sve bude i\u0161lo planiranom dinamikom, izgradnja vjetroelektrane na Mo\u017euri mogla bi da po\u010dne najkasnije do 15. maja PODGORICA \u2013 U toku je procedura za dobijanje gra\u0111evinske dozvole za izgradnju vjetroelektrana na Mo\u017euru kod Ulcinja i Bara, \u010dija je gradnja povjerena \u0161panskom konzorcijumu Fersa Energias Renovables. To je Pobjedi [&hellip;]<\/p>\n","protected":false},"author":1,"featured_media":0,"comment_status":"closed","ping_status":"closed","sticky":false,"template":"","format":"standard","meta":{"spay_email":"","jetpack_publicize_message":"","jetpack_is_tweetstorm":false,"jetpack_publicize_feature_enabled":true},"categories":[6950],"tags":[],"jetpack_publicize_connections":[],"yoast_head":"<!-- This site is optimized with the Yoast SEO plugin v19.1 - https:\/\/yoast.com\/wordpress\/plugins\/seo\/ -->\n<title>Izgradnja vjetroelektrane na Mo\u017euri do 15. maja - Lajme nga Ulqini<\/title>\n<meta name=\"description\" content=\"Dozvola za Mo\u017euru do polovine marta Ukoliko sve bude i\u0161lo planiranom dinamikom, izgradnja vjetroelektrane na Mo\u017euri mogla bi da po\u010dne najkasnije do 15.\" \/>\n<meta name=\"robots\" content=\"index, follow, max-snippet:-1, max-image-preview:large, max-video-preview:-1\" \/>\n<link rel=\"canonical\" href=\"https:\/\/www.visit-ulcinj.com\/blog\/2014\/01\/21\/izgradnja-vjetroelektrane-na-mozuri-15-maja\/\" \/>\n<meta property=\"og:locale\" content=\"en_US\" \/>\n<meta property=\"og:type\" content=\"article\" \/>\n<meta property=\"og:title\" content=\"Izgradnja vjetroelektrane na Mo\u017euri do 15. maja - Lajme nga Ulqini\" \/>\n<meta property=\"og:description\" content=\"Dozvola za Mo\u017euru do polovine marta Ukoliko sve bude i\u0161lo planiranom dinamikom, izgradnja vjetroelektrane na Mo\u017euri mogla bi da po\u010dne najkasnije do 15.\" \/>\n<meta property=\"og:url\" content=\"https:\/\/www.visit-ulcinj.com\/blog\/2014\/01\/21\/izgradnja-vjetroelektrane-na-mozuri-15-maja\/\" \/>\n<meta property=\"og:site_name\" content=\"Lajme nga Ulqini\" \/>\n<meta property=\"article:published_time\" content=\"2014-01-21T18:24:01+00:00\" \/>\n<meta property=\"og:image\" content=\"http:\/\/www.visit-ulcinj.com\/blog\/wp-content\/uploads\/2009\/12\/VJETROELEKTRANA-ULCINJ.jpg\" \/>\n<meta name=\"twitter:label1\" content=\"Written by\" \/>\n\t<meta name=\"twitter:data1\" content=\"ulqini\" \/>\n\t<meta name=\"twitter:label2\" content=\"Est. reading time\" \/>\n\t<meta name=\"twitter:data2\" content=\"2 minutes\" \/>\n<script type=\"application\/ld+json\" class=\"yoast-schema-graph\">{\"@context\":\"https:\/\/schema.org\",\"@graph\":[{\"@type\":\"WebSite\",\"@id\":\"https:\/\/www.visit-ulcinj.com\/blog\/#website\",\"url\":\"https:\/\/www.visit-ulcinj.com\/blog\/\",\"name\":\"Lajme nga Ulqini\",\"description\":\"Lajme,Vijesti,Ulqini,Ulqin,Crna Gora,Mali i Zi\",\"potentialAction\":[{\"@type\":\"SearchAction\",\"target\":{\"@type\":\"EntryPoint\",\"urlTemplate\":\"https:\/\/www.visit-ulcinj.com\/blog\/?s={search_term_string}\"},\"query-input\":\"required name=search_term_string\"}],\"inLanguage\":\"en-US\"},{\"@type\":\"ImageObject\",\"inLanguage\":\"en-US\",\"@id\":\"https:\/\/www.visit-ulcinj.com\/blog\/2014\/01\/21\/izgradnja-vjetroelektrane-na-mozuri-15-maja\/#primaryimage\",\"url\":\"https:\/\/www.visit-ulcinj.com\/blog\/wp-content\/uploads\/2009\/12\/VJETROELEKTRANA-ULCINJ.jpg\",\"contentUrl\":\"https:\/\/www.visit-ulcinj.com\/blog\/wp-content\/uploads\/2009\/12\/VJETROELEKTRANA-ULCINJ.jpg\",\"width\":\"378\",\"height\":\"304\"},{\"@type\":\"WebPage\",\"@id\":\"https:\/\/www.visit-ulcinj.com\/blog\/2014\/01\/21\/izgradnja-vjetroelektrane-na-mozuri-15-maja\/#webpage\",\"url\":\"https:\/\/www.visit-ulcinj.com\/blog\/2014\/01\/21\/izgradnja-vjetroelektrane-na-mozuri-15-maja\/\",\"name\":\"Izgradnja vjetroelektrane na Mo\u017euri do 15. maja - Lajme nga Ulqini\",\"isPartOf\":{\"@id\":\"https:\/\/www.visit-ulcinj.com\/blog\/#website\"},\"primaryImageOfPage\":{\"@id\":\"https:\/\/www.visit-ulcinj.com\/blog\/2014\/01\/21\/izgradnja-vjetroelektrane-na-mozuri-15-maja\/#primaryimage\"},\"datePublished\":\"2014-01-21T18:24:01+00:00\",\"dateModified\":\"2014-01-21T18:24:01+00:00\",\"author\":{\"@id\":\"https:\/\/www.visit-ulcinj.com\/blog\/#\/schema\/person\/dcab619c614d3038751c63bc2aadc06d\"},\"description\":\"Dozvola za Mo\u017euru do polovine marta Ukoliko sve bude i\u0161lo planiranom dinamikom, izgradnja vjetroelektrane na Mo\u017euri mogla bi da po\u010dne najkasnije do 15.\",\"breadcrumb\":{\"@id\":\"https:\/\/www.visit-ulcinj.com\/blog\/2014\/01\/21\/izgradnja-vjetroelektrane-na-mozuri-15-maja\/#breadcrumb\"},\"inLanguage\":\"en-US\",\"potentialAction\":[{\"@type\":\"ReadAction\",\"target\":[\"https:\/\/www.visit-ulcinj.com\/blog\/2014\/01\/21\/izgradnja-vjetroelektrane-na-mozuri-15-maja\/\"]}]},{\"@type\":\"BreadcrumbList\",\"@id\":\"https:\/\/www.visit-ulcinj.com\/blog\/2014\/01\/21\/izgradnja-vjetroelektrane-na-mozuri-15-maja\/#breadcrumb\",\"itemListElement\":[{\"@type\":\"ListItem\",\"position\":1,\"name\":\"Izgradnja vjetroelektrane na Mo\u017euri do 15. maja\"}]},{\"@type\":\"Person\",\"@id\":\"https:\/\/www.visit-ulcinj.com\/blog\/#\/schema\/person\/dcab619c614d3038751c63bc2aadc06d\",\"name\":\"ulqini\",\"sameAs\":[\"http:\/\/www.visit-ulcinj.com\"],\"url\":\"https:\/\/www.visit-ulcinj.com\/blog\/author\/admin\/\"}]}<\/script>\n<!-- \/ Yoast SEO plugin. -->","yoast_head_json":{"title":"Izgradnja vjetroelektrane na Mo\u017euri do 15. maja - Lajme nga Ulqini","description":"Dozvola za Mo\u017euru do polovine marta Ukoliko sve bude i\u0161lo planiranom dinamikom, izgradnja vjetroelektrane na Mo\u017euri mogla bi da po\u010dne najkasnije do 15.","robots":{"index":"index","follow":"follow","max-snippet":"max-snippet:-1","max-image-preview":"max-image-preview:large","max-video-preview":"max-video-preview:-1"},"canonical":"https:\/\/www.visit-ulcinj.com\/blog\/2014\/01\/21\/izgradnja-vjetroelektrane-na-mozuri-15-maja\/","og_locale":"en_US","og_type":"article","og_title":"Izgradnja vjetroelektrane na Mo\u017euri do 15. maja - Lajme nga Ulqini","og_description":"Dozvola za Mo\u017euru do polovine marta Ukoliko sve bude i\u0161lo planiranom dinamikom, izgradnja vjetroelektrane na Mo\u017euri mogla bi da po\u010dne najkasnije do 15.","og_url":"https:\/\/www.visit-ulcinj.com\/blog\/2014\/01\/21\/izgradnja-vjetroelektrane-na-mozuri-15-maja\/","og_site_name":"Lajme nga Ulqini","article_published_time":"2014-01-21T18:24:01+00:00","og_image":[{"url":"http:\/\/www.visit-ulcinj.com\/blog\/wp-content\/uploads\/2009\/12\/VJETROELEKTRANA-ULCINJ.jpg"}],"twitter_misc":{"Written by":"ulqini","Est. reading time":"2 minutes"},"schema":{"@context":"https:\/\/schema.org","@graph":[{"@type":"WebSite","@id":"https:\/\/www.visit-ulcinj.com\/blog\/#website","url":"https:\/\/www.visit-ulcinj.com\/blog\/","name":"Lajme nga Ulqini","description":"Lajme,Vijesti,Ulqini,Ulqin,Crna Gora,Mali i Zi","potentialAction":[{"@type":"SearchAction","target":{"@type":"EntryPoint","urlTemplate":"https:\/\/www.visit-ulcinj.com\/blog\/?s={search_term_string}"},"query-input":"required name=search_term_string"}],"inLanguage":"en-US"},{"@type":"ImageObject","inLanguage":"en-US","@id":"https:\/\/www.visit-ulcinj.com\/blog\/2014\/01\/21\/izgradnja-vjetroelektrane-na-mozuri-15-maja\/#primaryimage","url":"https:\/\/www.visit-ulcinj.com\/blog\/wp-content\/uploads\/2009\/12\/VJETROELEKTRANA-ULCINJ.jpg","contentUrl":"https:\/\/www.visit-ulcinj.com\/blog\/wp-content\/uploads\/2009\/12\/VJETROELEKTRANA-ULCINJ.jpg","width":"378","height":"304"},{"@type":"WebPage","@id":"https:\/\/www.visit-ulcinj.com\/blog\/2014\/01\/21\/izgradnja-vjetroelektrane-na-mozuri-15-maja\/#webpage","url":"https:\/\/www.visit-ulcinj.com\/blog\/2014\/01\/21\/izgradnja-vjetroelektrane-na-mozuri-15-maja\/","name":"Izgradnja vjetroelektrane na Mo\u017euri do 15. maja - Lajme nga Ulqini","isPartOf":{"@id":"https:\/\/www.visit-ulcinj.com\/blog\/#website"},"primaryImageOfPage":{"@id":"https:\/\/www.visit-ulcinj.com\/blog\/2014\/01\/21\/izgradnja-vjetroelektrane-na-mozuri-15-maja\/#primaryimage"},"datePublished":"2014-01-21T18:24:01+00:00","dateModified":"2014-01-21T18:24:01+00:00","author":{"@id":"https:\/\/www.visit-ulcinj.com\/blog\/#\/schema\/person\/dcab619c614d3038751c63bc2aadc06d"},"description":"Dozvola za Mo\u017euru do polovine marta Ukoliko sve bude i\u0161lo planiranom dinamikom, izgradnja vjetroelektrane na Mo\u017euri mogla bi da po\u010dne najkasnije do 15.","breadcrumb":{"@id":"https:\/\/www.visit-ulcinj.com\/blog\/2014\/01\/21\/izgradnja-vjetroelektrane-na-mozuri-15-maja\/#breadcrumb"},"inLanguage":"en-US","potentialAction":[{"@type":"ReadAction","target":["https:\/\/www.visit-ulcinj.com\/blog\/2014\/01\/21\/izgradnja-vjetroelektrane-na-mozuri-15-maja\/"]}]},{"@type":"BreadcrumbList","@id":"https:\/\/www.visit-ulcinj.com\/blog\/2014\/01\/21\/izgradnja-vjetroelektrane-na-mozuri-15-maja\/#breadcrumb","itemListElement":[{"@type":"ListItem","position":1,"name":"Izgradnja vjetroelektrane na Mo\u017euri do 15. maja"}]},{"@type":"Person","@id":"https:\/\/www.visit-ulcinj.com\/blog\/#\/schema\/person\/dcab619c614d3038751c63bc2aadc06d","name":"ulqini","sameAs":["http:\/\/www.visit-ulcinj.com"],"url":"https:\/\/www.visit-ulcinj.com\/blog\/author\/admin\/"}]}},"jetpack_featured_media_url":"","jetpack_sharing_enabled":true,"jetpack_shortlink":"https:\/\/wp.me\/pe6lTn-kqR","_links":{"self":[{"href":"https:\/\/www.visit-ulcinj.com\/blog\/wp-json\/wp\/v2\/posts\/78545"}],"collection":[{"href":"https:\/\/www.visit-ulcinj.com\/blog\/wp-json\/wp\/v2\/posts"}],"about":[{"href":"https:\/\/www.visit-ulcinj.com\/blog\/wp-json\/wp\/v2\/types\/post"}],"author":[{"embeddable":true,"href":"https:\/\/www.visit-ulcinj.com\/blog\/wp-json\/wp\/v2\/users\/1"}],"replies":[{"embeddable":true,"href":"https:\/\/www.visit-ulcinj.com\/blog\/wp-json\/wp\/v2\/comments?post=78545"}],"version-history":[{"count":1,"href":"https:\/\/www.visit-ulcinj.com\/blog\/wp-json\/wp\/v2\/posts\/78545\/revisions"}],"predecessor-version":[{"id":78546,"href":"https:\/\/www.visit-ulcinj.com\/blog\/wp-json\/wp\/v2\/posts\/78545\/revisions\/78546"}],"wp:attachment":[{"href":"https:\/\/www.visit-ulcinj.com\/blog\/wp-json\/wp\/v2\/media?parent=78545"}],"wp:term":[{"taxonomy":"category","embeddable":true,"href":"https:\/\/www.visit-ulcinj.com\/blog\/wp-json\/wp\/v2\/categories?post=78545"},{"taxonomy":"post_tag","embeddable":true,"href":"https:\/\/www.visit-ulcinj.com\/blog\/wp-json\/wp\/v2\/tags?post=78545"}],"curies":[{"name":"wp","href":"https:\/\/api.w.org\/{rel}","templated":true}]}}