{"id":78562,"date":"2014-01-22T08:09:13","date_gmt":"2014-01-22T07:09:13","guid":{"rendered":"http:\/\/www.visit-ulcinj.com\/blog\/?p=78562"},"modified":"2014-01-22T19:44:33","modified_gmt":"2014-01-22T18:44:33","slug":"greva-e-punetoreve-te-kripores-se-ulqinit-vazhdon","status":"publish","type":"post","link":"https:\/\/www.visit-ulcinj.com\/blog\/2014\/01\/22\/greva-e-punetoreve-te-kripores-se-ulqinit-vazhdon\/","title":{"rendered":"Greva e punetoreve te Kripores s\u00eb Ulqinit + Foto"},"content":{"rendered":"<p><a href=\"http:\/\/www.visit-ulcinj.com\/blog\/wp-content\/uploads\/2014\/01\/strajk-Solana-Ulcinj.jpg\"><img loading=\"lazy\" class=\"alignleft  wp-image-78547\" alt=\"strajk-Solana-Ulcinj\" src=\"http:\/\/www.visit-ulcinj.com\/blog\/wp-content\/uploads\/2014\/01\/strajk-Solana-Ulcinj.jpg\" width=\"508\" height=\"360\" \/><\/a>Pun\u00ebtor\u00ebt n\u00eb Kripore kan\u00eb nisur grev\u00ebn p\u00ebr shkak t\u00eb 10 pagave t\u00eb papaguara dhe kontributeve t\u00eb cilat nuk paguhen tash pes\u00eb vite. \u201cKemi k\u00ebrkuar q\u00eb t\u00eb lidhet stazhi deri m\u00eb 20 janar. Askush nuk ka begenis as t\u00eb na p\u00ebrgjigjet\u201d, deklaroi p\u00ebr \u201cVijesti\u201d kryetari i Sindikat\u00ebs s\u00eb k\u00ebsaj nd\u00ebrmarrje m\u00eb t\u00eb vjet\u00ebr n\u00eb Ulqin Marko Miranoviq.<\/p>\n<p>Ai tha q\u00eb vet\u00ebm n\u00eb n\u00ebntor jan\u00eb d\u00ebrguar bler\u00ebsve 500 ton\u00eb kristale t\u00eb krip\u00ebs, me vler\u00eb rreth 50 mij\u00eb euro, por q\u00eb pun\u00ebtor\u00ebt nga kjo shum\u00eb nuk fituan asnj\u00eb cent.<\/p>\n<p>N\u00eb Kripore p\u00ebr momentin jan\u00eb t\u00eb pun\u00ebsuar 49 pun\u00ebtor, apo dhjet\u00eb her\u00eb m\u00eb pak se n\u00eb vitin 1991.<\/p>\n<p>Burimi: Ul-info<\/p>\n<p><a href=\"http:\/\/www.visit-ulcinj.com\/blog\/wp-content\/uploads\/2014\/01\/strajk-Solana-Ulcinj-2.jpg\"><img loading=\"lazy\" class=\"alignleft  wp-image-78549\" alt=\"strajk-Solana-Ulcinj-2\" src=\"http:\/\/www.visit-ulcinj.com\/blog\/wp-content\/uploads\/2014\/01\/strajk-Solana-Ulcinj-2.jpg\" width=\"508\" height=\"360\" \/><\/a><\/p>\n<p><a href=\"http:\/\/www.visit-ulcinj.com\/blog\/wp-content\/uploads\/2014\/01\/strajk-Solana-Ulcinj-1.jpg\"><img loading=\"lazy\" class=\"alignleft size-full wp-image-78548\" alt=\"strajk-Solana-Ulcinj-1\" src=\"http:\/\/www.visit-ulcinj.com\/blog\/wp-content\/uploads\/2014\/01\/strajk-Solana-Ulcinj-1.jpg\" width=\"508\" height=\"360\" \/><\/a><\/p>\n<p><a href=\"http:\/\/www.visit-ulcinj.com\/blog\/wp-content\/uploads\/2014\/01\/Greva-ne-kripore-te-ulqinit.jpg\"><img loading=\"lazy\" class=\"alignleft size-full wp-image-78563\" alt=\"Greva-ne-kripore-te-ulqinit\" src=\"http:\/\/www.visit-ulcinj.com\/blog\/wp-content\/uploads\/2014\/01\/Greva-ne-kripore-te-ulqinit.jpg\" width=\"508\" height=\"360\" \/><\/a><\/p>\n","protected":false},"excerpt":{"rendered":"<p>Pun\u00ebtor\u00ebt n\u00eb Kripore kan\u00eb nisur grev\u00ebn p\u00ebr shkak t\u00eb 10 pagave t\u00eb papaguara dhe kontributeve t\u00eb cilat nuk paguhen tash pes\u00eb vite. \u201cKemi k\u00ebrkuar q\u00eb t\u00eb lidhet stazhi deri m\u00eb 20 janar. Askush nuk ka begenis as t\u00eb na p\u00ebrgjigjet\u201d, deklaroi p\u00ebr \u201cVijesti\u201d kryetari i Sindikat\u00ebs s\u00eb k\u00ebsaj nd\u00ebrmarrje m\u00eb t\u00eb vjet\u00ebr n\u00eb Ulqin Marko [&hellip;]<\/p>\n","protected":false},"author":1,"featured_media":0,"comment_status":"closed","ping_status":"closed","sticky":false,"template":"","format":"standard","meta":{"spay_email":"","jetpack_publicize_message":"","jetpack_is_tweetstorm":false,"jetpack_publicize_feature_enabled":true},"categories":[1,6],"tags":[],"jetpack_publicize_connections":[],"yoast_head":"<!-- This site is optimized with the Yoast SEO plugin v19.1 - https:\/\/yoast.com\/wordpress\/plugins\/seo\/ -->\n<title>Greva e punetoreve te Kripores s\u00eb Ulqinit + Foto - Lajme nga Ulqini<\/title>\n<meta name=\"description\" content=\"Pun\u00ebtor\u00ebt n\u00eb Kripore kan\u00eb nisur grev\u00ebn p\u00ebr shkak t\u00eb 10 pagave t\u00eb papaguara dhe kontributeve t\u00eb cilat nuk paguhen tash pes\u00eb vite. \u201cKemi k\u00ebrkuar q\u00eb t\u00eb\" \/>\n<meta name=\"robots\" content=\"index, follow, max-snippet:-1, max-image-preview:large, max-video-preview:-1\" \/>\n<link rel=\"canonical\" href=\"https:\/\/www.visit-ulcinj.com\/blog\/2014\/01\/22\/greva-e-punetoreve-te-kripores-se-ulqinit-vazhdon\/\" \/>\n<meta property=\"og:locale\" content=\"en_US\" \/>\n<meta property=\"og:type\" content=\"article\" \/>\n<meta property=\"og:title\" content=\"Greva e punetoreve te Kripores s\u00eb Ulqinit + Foto - Lajme nga Ulqini\" \/>\n<meta property=\"og:description\" content=\"Pun\u00ebtor\u00ebt n\u00eb Kripore kan\u00eb nisur grev\u00ebn p\u00ebr shkak t\u00eb 10 pagave t\u00eb papaguara dhe kontributeve t\u00eb cilat nuk paguhen tash pes\u00eb vite. \u201cKemi k\u00ebrkuar q\u00eb t\u00eb\" \/>\n<meta property=\"og:url\" content=\"https:\/\/www.visit-ulcinj.com\/blog\/2014\/01\/22\/greva-e-punetoreve-te-kripores-se-ulqinit-vazhdon\/\" \/>\n<meta property=\"og:site_name\" content=\"Lajme nga Ulqini\" \/>\n<meta property=\"article:published_time\" content=\"2014-01-22T07:09:13+00:00\" \/>\n<meta property=\"article:modified_time\" content=\"2014-01-22T18:44:33+00:00\" \/>\n<meta property=\"og:image\" content=\"http:\/\/www.visit-ulcinj.com\/blog\/wp-content\/uploads\/2014\/01\/strajk-Solana-Ulcinj.jpg\" \/>\n<meta name=\"twitter:label1\" content=\"Written by\" \/>\n\t<meta name=\"twitter:data1\" content=\"ulqini\" \/>\n\t<meta name=\"twitter:label2\" content=\"Est. reading time\" \/>\n\t<meta name=\"twitter:data2\" content=\"1 minute\" \/>\n<script type=\"application\/ld+json\" class=\"yoast-schema-graph\">{\"@context\":\"https:\/\/schema.org\",\"@graph\":[{\"@type\":\"WebSite\",\"@id\":\"https:\/\/www.visit-ulcinj.com\/blog\/#website\",\"url\":\"https:\/\/www.visit-ulcinj.com\/blog\/\",\"name\":\"Lajme nga Ulqini\",\"description\":\"Lajme,Vijesti,Ulqini,Ulqin,Crna Gora,Mali i Zi\",\"potentialAction\":[{\"@type\":\"SearchAction\",\"target\":{\"@type\":\"EntryPoint\",\"urlTemplate\":\"https:\/\/www.visit-ulcinj.com\/blog\/?s={search_term_string}\"},\"query-input\":\"required name=search_term_string\"}],\"inLanguage\":\"en-US\"},{\"@type\":\"ImageObject\",\"inLanguage\":\"en-US\",\"@id\":\"https:\/\/www.visit-ulcinj.com\/blog\/2014\/01\/22\/greva-e-punetoreve-te-kripores-se-ulqinit-vazhdon\/#primaryimage\",\"url\":\"https:\/\/www.visit-ulcinj.com\/blog\/wp-content\/uploads\/2014\/01\/strajk-Solana-Ulcinj.jpg\",\"contentUrl\":\"https:\/\/www.visit-ulcinj.com\/blog\/wp-content\/uploads\/2014\/01\/strajk-Solana-Ulcinj.jpg\",\"width\":960,\"height\":720},{\"@type\":\"WebPage\",\"@id\":\"https:\/\/www.visit-ulcinj.com\/blog\/2014\/01\/22\/greva-e-punetoreve-te-kripores-se-ulqinit-vazhdon\/#webpage\",\"url\":\"https:\/\/www.visit-ulcinj.com\/blog\/2014\/01\/22\/greva-e-punetoreve-te-kripores-se-ulqinit-vazhdon\/\",\"name\":\"Greva e punetoreve te Kripores s\u00eb Ulqinit + Foto - Lajme nga Ulqini\",\"isPartOf\":{\"@id\":\"https:\/\/www.visit-ulcinj.com\/blog\/#website\"},\"primaryImageOfPage\":{\"@id\":\"https:\/\/www.visit-ulcinj.com\/blog\/2014\/01\/22\/greva-e-punetoreve-te-kripores-se-ulqinit-vazhdon\/#primaryimage\"},\"datePublished\":\"2014-01-22T07:09:13+00:00\",\"dateModified\":\"2014-01-22T18:44:33+00:00\",\"author\":{\"@id\":\"https:\/\/www.visit-ulcinj.com\/blog\/#\/schema\/person\/dcab619c614d3038751c63bc2aadc06d\"},\"description\":\"Pun\u00ebtor\u00ebt n\u00eb Kripore kan\u00eb nisur grev\u00ebn p\u00ebr shkak t\u00eb 10 pagave t\u00eb papaguara dhe kontributeve t\u00eb cilat nuk paguhen tash pes\u00eb vite. \u201cKemi k\u00ebrkuar q\u00eb t\u00eb\",\"breadcrumb\":{\"@id\":\"https:\/\/www.visit-ulcinj.com\/blog\/2014\/01\/22\/greva-e-punetoreve-te-kripores-se-ulqinit-vazhdon\/#breadcrumb\"},\"inLanguage\":\"en-US\",\"potentialAction\":[{\"@type\":\"ReadAction\",\"target\":[\"https:\/\/www.visit-ulcinj.com\/blog\/2014\/01\/22\/greva-e-punetoreve-te-kripores-se-ulqinit-vazhdon\/\"]}]},{\"@type\":\"BreadcrumbList\",\"@id\":\"https:\/\/www.visit-ulcinj.com\/blog\/2014\/01\/22\/greva-e-punetoreve-te-kripores-se-ulqinit-vazhdon\/#breadcrumb\",\"itemListElement\":[{\"@type\":\"ListItem\",\"position\":1,\"name\":\"Greva e punetoreve te Kripores s\u00eb Ulqinit + Foto\"}]},{\"@type\":\"Person\",\"@id\":\"https:\/\/www.visit-ulcinj.com\/blog\/#\/schema\/person\/dcab619c614d3038751c63bc2aadc06d\",\"name\":\"ulqini\",\"sameAs\":[\"http:\/\/www.visit-ulcinj.com\"],\"url\":\"https:\/\/www.visit-ulcinj.com\/blog\/author\/admin\/\"}]}<\/script>\n<!-- \/ Yoast SEO plugin. -->","yoast_head_json":{"title":"Greva e punetoreve te Kripores s\u00eb Ulqinit + Foto - Lajme nga Ulqini","description":"Pun\u00ebtor\u00ebt n\u00eb Kripore kan\u00eb nisur grev\u00ebn p\u00ebr shkak t\u00eb 10 pagave t\u00eb papaguara dhe kontributeve t\u00eb cilat nuk paguhen tash pes\u00eb vite. \u201cKemi k\u00ebrkuar q\u00eb t\u00eb","robots":{"index":"index","follow":"follow","max-snippet":"max-snippet:-1","max-image-preview":"max-image-preview:large","max-video-preview":"max-video-preview:-1"},"canonical":"https:\/\/www.visit-ulcinj.com\/blog\/2014\/01\/22\/greva-e-punetoreve-te-kripores-se-ulqinit-vazhdon\/","og_locale":"en_US","og_type":"article","og_title":"Greva e punetoreve te Kripores s\u00eb Ulqinit + Foto - Lajme nga Ulqini","og_description":"Pun\u00ebtor\u00ebt n\u00eb Kripore kan\u00eb nisur grev\u00ebn p\u00ebr shkak t\u00eb 10 pagave t\u00eb papaguara dhe kontributeve t\u00eb cilat nuk paguhen tash pes\u00eb vite. \u201cKemi k\u00ebrkuar q\u00eb t\u00eb","og_url":"https:\/\/www.visit-ulcinj.com\/blog\/2014\/01\/22\/greva-e-punetoreve-te-kripores-se-ulqinit-vazhdon\/","og_site_name":"Lajme nga Ulqini","article_published_time":"2014-01-22T07:09:13+00:00","article_modified_time":"2014-01-22T18:44:33+00:00","og_image":[{"url":"http:\/\/www.visit-ulcinj.com\/blog\/wp-content\/uploads\/2014\/01\/strajk-Solana-Ulcinj.jpg"}],"twitter_misc":{"Written by":"ulqini","Est. reading time":"1 minute"},"schema":{"@context":"https:\/\/schema.org","@graph":[{"@type":"WebSite","@id":"https:\/\/www.visit-ulcinj.com\/blog\/#website","url":"https:\/\/www.visit-ulcinj.com\/blog\/","name":"Lajme nga Ulqini","description":"Lajme,Vijesti,Ulqini,Ulqin,Crna Gora,Mali i Zi","potentialAction":[{"@type":"SearchAction","target":{"@type":"EntryPoint","urlTemplate":"https:\/\/www.visit-ulcinj.com\/blog\/?s={search_term_string}"},"query-input":"required name=search_term_string"}],"inLanguage":"en-US"},{"@type":"ImageObject","inLanguage":"en-US","@id":"https:\/\/www.visit-ulcinj.com\/blog\/2014\/01\/22\/greva-e-punetoreve-te-kripores-se-ulqinit-vazhdon\/#primaryimage","url":"https:\/\/www.visit-ulcinj.com\/blog\/wp-content\/uploads\/2014\/01\/strajk-Solana-Ulcinj.jpg","contentUrl":"https:\/\/www.visit-ulcinj.com\/blog\/wp-content\/uploads\/2014\/01\/strajk-Solana-Ulcinj.jpg","width":960,"height":720},{"@type":"WebPage","@id":"https:\/\/www.visit-ulcinj.com\/blog\/2014\/01\/22\/greva-e-punetoreve-te-kripores-se-ulqinit-vazhdon\/#webpage","url":"https:\/\/www.visit-ulcinj.com\/blog\/2014\/01\/22\/greva-e-punetoreve-te-kripores-se-ulqinit-vazhdon\/","name":"Greva e punetoreve te Kripores s\u00eb Ulqinit + Foto - Lajme nga Ulqini","isPartOf":{"@id":"https:\/\/www.visit-ulcinj.com\/blog\/#website"},"primaryImageOfPage":{"@id":"https:\/\/www.visit-ulcinj.com\/blog\/2014\/01\/22\/greva-e-punetoreve-te-kripores-se-ulqinit-vazhdon\/#primaryimage"},"datePublished":"2014-01-22T07:09:13+00:00","dateModified":"2014-01-22T18:44:33+00:00","author":{"@id":"https:\/\/www.visit-ulcinj.com\/blog\/#\/schema\/person\/dcab619c614d3038751c63bc2aadc06d"},"description":"Pun\u00ebtor\u00ebt n\u00eb Kripore kan\u00eb nisur grev\u00ebn p\u00ebr shkak t\u00eb 10 pagave t\u00eb papaguara dhe kontributeve t\u00eb cilat nuk paguhen tash pes\u00eb vite. \u201cKemi k\u00ebrkuar q\u00eb t\u00eb","breadcrumb":{"@id":"https:\/\/www.visit-ulcinj.com\/blog\/2014\/01\/22\/greva-e-punetoreve-te-kripores-se-ulqinit-vazhdon\/#breadcrumb"},"inLanguage":"en-US","potentialAction":[{"@type":"ReadAction","target":["https:\/\/www.visit-ulcinj.com\/blog\/2014\/01\/22\/greva-e-punetoreve-te-kripores-se-ulqinit-vazhdon\/"]}]},{"@type":"BreadcrumbList","@id":"https:\/\/www.visit-ulcinj.com\/blog\/2014\/01\/22\/greva-e-punetoreve-te-kripores-se-ulqinit-vazhdon\/#breadcrumb","itemListElement":[{"@type":"ListItem","position":1,"name":"Greva e punetoreve te Kripores s\u00eb Ulqinit + Foto"}]},{"@type":"Person","@id":"https:\/\/www.visit-ulcinj.com\/blog\/#\/schema\/person\/dcab619c614d3038751c63bc2aadc06d","name":"ulqini","sameAs":["http:\/\/www.visit-ulcinj.com"],"url":"https:\/\/www.visit-ulcinj.com\/blog\/author\/admin\/"}]}},"jetpack_featured_media_url":"","jetpack_sharing_enabled":true,"jetpack_shortlink":"https:\/\/wp.me\/pe6lTn-kr8","_links":{"self":[{"href":"https:\/\/www.visit-ulcinj.com\/blog\/wp-json\/wp\/v2\/posts\/78562"}],"collection":[{"href":"https:\/\/www.visit-ulcinj.com\/blog\/wp-json\/wp\/v2\/posts"}],"about":[{"href":"https:\/\/www.visit-ulcinj.com\/blog\/wp-json\/wp\/v2\/types\/post"}],"author":[{"embeddable":true,"href":"https:\/\/www.visit-ulcinj.com\/blog\/wp-json\/wp\/v2\/users\/1"}],"replies":[{"embeddable":true,"href":"https:\/\/www.visit-ulcinj.com\/blog\/wp-json\/wp\/v2\/comments?post=78562"}],"version-history":[{"count":2,"href":"https:\/\/www.visit-ulcinj.com\/blog\/wp-json\/wp\/v2\/posts\/78562\/revisions"}],"predecessor-version":[{"id":78565,"href":"https:\/\/www.visit-ulcinj.com\/blog\/wp-json\/wp\/v2\/posts\/78562\/revisions\/78565"}],"wp:attachment":[{"href":"https:\/\/www.visit-ulcinj.com\/blog\/wp-json\/wp\/v2\/media?parent=78562"}],"wp:term":[{"taxonomy":"category","embeddable":true,"href":"https:\/\/www.visit-ulcinj.com\/blog\/wp-json\/wp\/v2\/categories?post=78562"},{"taxonomy":"post_tag","embeddable":true,"href":"https:\/\/www.visit-ulcinj.com\/blog\/wp-json\/wp\/v2\/tags?post=78562"}],"curies":[{"name":"wp","href":"https:\/\/api.w.org\/{rel}","templated":true}]}}