{"id":78573,"date":"2014-01-22T16:13:43","date_gmt":"2014-01-22T15:13:43","guid":{"rendered":"http:\/\/www.visit-ulcinj.com\/blog\/?p=78573"},"modified":"2014-01-22T16:14:05","modified_gmt":"2014-01-22T15:14:05","slug":"zeneli-te-kete-koalicion-te-partive-shqiptare-ne-qeverine-e-ardhshme-te-ulqinit","status":"publish","type":"post","link":"https:\/\/www.visit-ulcinj.com\/blog\/2014\/01\/22\/zeneli-te-kete-koalicion-te-partive-shqiptare-ne-qeverine-e-ardhshme-te-ulqinit\/","title":{"rendered":"Zeneli: A do t\u00eb ket\u00eb  koalicion t\u00eb partive shqiptare n\u00eb qeverin\u00eb e ardhshme t\u00eb Ulqinit?"},"content":{"rendered":"<p><a href=\"http:\/\/www.visit-ulcinj.com\/blog\/wp-content\/uploads\/2013\/02\/XheladinZeneli.jpg\"><img loading=\"lazy\" class=\"alignleft size-full wp-image-69344\" alt=\"XheladinZeneli\" src=\"http:\/\/www.visit-ulcinj.com\/blog\/wp-content\/uploads\/2013\/02\/XheladinZeneli.jpg\" width=\"165\" height=\"220\" \/><\/a>Kan\u00eb mbetur edhe pak dit\u00eb nga zgjedhjet e parakoshme lokale n\u00eb Komun\u00ebn e Ulqinit t\u00eb cilat do t\u00eb mbahen k\u00ebt\u00eb t\u00eb Diel,me 26 Janar 2014.<br \/>\nMegjith\u00ebse subjektet politike q\u00eb garojn\u00eb n\u00eb k\u00ebto zgjedhje lokale nuk kan\u00eb deklaruar publikisht lidhur me planet e tyre p\u00ebr kualicionet e pas zgjedhjeve apo p\u00ebr partneritetet eventuale n\u00eb mandatin e ardhsh\u00ebm t\u00eb qeverisjes s\u00eb Komun\u00ebs s\u00eb Ulqinit, megjithate, jam i bindur q\u00eb ve\u00e7se punohet n\u00eb k\u00ebt\u00eb drejtim.<br \/>\nPa marrr\u00eb parasysh se kush do t\u00eb fitoj\u00eb numrin m\u00eb t\u00eb madh t\u00eb \u00a0mandateve n\u00eb Kuvendin e ardhsh\u00ebm t\u00eb Ulqinit, dy gj\u00ebra jan\u00eb pothuajse t\u00eb sigurta.E para,asnj\u00eb nga subjektet q\u00eb garojn\u00eb nuk do t\u00eb fitojn\u00eb shumic\u00ebn,pra gjasat jan\u00eb se nuk do t\u00eb arrij\u00eb numrin 17 t\u00eb k\u00ebshilltar\u00ebve<br \/>\n(nga 33 t\u00eb mundsh\u00ebm sa do t\u00eb ket\u00eb gjith\u00ebsejt Kuvendi i ardhsh\u00ebm lokal). Dhe e dyta, secili subjekt i cili do t\u00eb fitoj\u00eb numrin m\u00eb t\u00eb madh t\u00eb mandateve, parashikimet jan\u00eb, se nuk do t\u00eb mjaftojn\u00eb t\u00eb formoj\u00eb qeverin\u00eb e ardhshme,k\u00ebshtu q\u00eb \u00a0kualicioni pas zgjedhor do t\u00eb jet\u00eb i domosdosh\u00ebm \u00a0dhe i detyruar p\u00ebr t\u00eb krijuar shumic\u00ebn parlamentare.<br \/>\nSa ka mund\u00ebsi q\u00eb t\u00eb vijn\u00eb deri te kualicioni n\u00eb mes subjekteve politike shqiptare pas k\u00ebtyre zgjedhje ? Kjo do t\u00eb mvaret prej disa faktor\u00ebve. N\u00eb rend t\u00eb par\u00eb sa jan\u00eb n\u00eb gjendje \u00a0subjektet politike shqiptare q\u00eb garojn\u00eb n\u00eb k\u00ebto zgjedhje ,t\u00eb injorojn\u00eb apo minimizojn\u00eb ndikimin e PDS -s\u00eb Millo Gjukanoviqit n\u00eb k\u00ebto zgjedhje.Retorika q\u00eb vjen nga udh\u00ebheq\u00ebsia e Partis\u00eb Demokratike Socialiste ( DPS) se<br \/>\n&#8221; n\u00eb Ulqin nuk mund t\u00eb formohet shumica parlamentare pa PDS-s\u00eb&#8221; kan\u00eb karakter propagandistik dhe jan\u00eb t\u00eb sajuara me q\u00ebllim q\u00eb t\u00eb b\u00ebjn\u00eb presion psikologjik dhe t&#8217;ju impunohet partive shqiptare \u00a0nj\u00eb kualicion i mundsh\u00ebm pas zgjedhor me PDS-n\u00eb.Edhe vizita e kreut t\u00eb PDS-s\u00eb dhe njiherit kryeminist\u00ebr i Malit t\u00eb Zi, Millo Gjukanoviq q\u00eb \u00ebsht\u00eb parapar\u00eb p\u00ebr sot me 22 Janar,n\u00eb Ulqin, ka p\u00ebr q\u00ebllim v\u00ebt\u00ebm nj\u00eb q\u00ebllim- t\u00eb b\u00ebj\u00eb fushat\u00eb p\u00ebr \u00a0nj\u00eb ndikim edhe m\u00eb t\u00eb madh t\u00eb partis\u00eb s\u00eb tij n\u00eb politik\u00ebn udh\u00ebheq\u00ebse t\u00eb Komun\u00ebs s\u00eb Ulqinit dhe t\u00eb vazhdoj\u00eb q\u00eb edhe n\u00eb t\u00eb ardhmen t\u00eb influencoj\u00eb rrjedhat e saj.<br \/>\nGjithashtu, vlen t\u00eb p\u00ebrmendet se edhe tek disa subjekte politike shqiptare dominon bot\u00ebkuptimi se n\u00ebse egziston nj\u00eb koalicion i partive shqiptare n\u00eb \u00a0nivel qendror qeveritar me PDS-s\u00eb, medeomos duhet t\u00eb ken\u00eb kualicion t\u00eb nj\u00ebjt\u00eb qeveritar edhe n\u00eb nivel komunal( !?). \u00cbsht\u00eb fakt i d\u00ebshmuar q\u00eb partit\u00eb shqiptare q\u00eb garojn\u00eb n\u00eb zgjedhjet lokale n\u00eb Ulqin, nuk kan\u00eb nevoj\u00eb t&#8217;i shtrijn\u00eb dor\u00ebn PDS-s\u00eb p\u00ebr formimin e shumic\u00ebs parlamentare n\u00eb Kuvendin e ardhsh\u00ebm t\u00eb Ulqinit,sepse k\u00ebt\u00eb mund t&#8217;a b\u00ebjn\u00eb pa ndihm\u00ebn e saj dhe subjektet politike shqiptare jan\u00eb t\u00eb vet\u00ebdijsh\u00ebm p\u00ebr k\u00ebt\u00eb. Subjektet politike shqiptare dhe udh\u00ebheq\u00ebsit e tyre duhet t\u00eb ken\u00eb m\u00eb shum\u00eb besim n\u00eb vet\u00ebvehten dhe t\u00eb \u00e7&#8217;lirohen nga kompleksi i mvar\u00ebsis\u00eb nga t\u00eb tjer\u00ebt,posa\u00e7\u00ebrisht nga partia e pushtetit qendror t\u00eb Podgoric\u00ebs.<br \/>\nFaktor tjet\u00ebr i r\u00ebnd\u00ebsish\u00ebm n\u00eb formimin e kualicioneve pas zgjedhore dhe ndoshta edhe m\u00eb kryesori do t\u00eb jen\u00eb tendencat p\u00ebr t\u00eb fituar pozit\u00ebn e kryetarit t\u00eb Komun\u00ebs. Parashikohet q\u00eb numrin m\u00eb t\u00eb madh t\u00eb k\u00ebshilltar\u00ebve n\u00eb Kuvendin komunal t&#8217;a fitoj\u00eb Forca Demokratike dhe Kualicioni &#8221; P\u00ebr t\u00eb ardhmen e Ulqinit&#8221;.Gjithashtu,edhe UDSH do t\u00eb fitoj\u00eb nj\u00eb num\u00ebr t\u00eb konsideruesh\u00ebm t\u00eb mandateve,k\u00ebshtu q\u00eb k\u00ebto tre subjekte politike shqiptare do t\u00eb mund t\u00eb formonin dhe do t\u00eb duhet t\u00eb formonin kualicionin pas zgjedhor qeveritar. Pra,ky do t\u00eb ishte kualicioni i natyrsh\u00ebm,por a do t\u00eb ndodh\u00eb nj\u00eb gj\u00eb e till\u00eb n\u00eb realitet? \u00cbsht\u00eb shum\u00eb v\u00ebshtir\u00eb t\u00eb thuhet duke pasur parasysh faktin se bart\u00ebsit<br \/>\n( p\u00ebrfaq\u00ebsuesit) e dy listave, e Kualicionit&#8221; P\u00ebr t\u00eb ardhmen e Ulqinit&#8221; dhe Forc\u00ebs Demokratike,synojn\u00eb q\u00eb t\u00eb marrin postin e kryetarit t\u00eb Komun\u00ebs.<br \/>\nSi p\u00ebrfundim, kualicioni n\u00eb mes subjekteve shqiptare do t\u00eb realizohet vet\u00ebm n\u00ebse pal\u00ebt rivale fituese n\u00eb zgjedhje do t\u00eb arrijn\u00eb kompromis \u00e7ka do t\u00eb thot\u00eb se nj\u00ebra nga pal\u00ebt, do t\u00eb duhet t\u00eb &#8220;l\u00ebshojn\u00eb pe&#8221; lidhur me postin e kryetarit t\u00eb Komun\u00ebs dhe t\u00eb &#8220;sakrifikoj\u00eb&#8221; p\u00ebr hir t\u00eb mir\u00ebs s\u00eb p\u00ebrgjth\u00ebshme.Pra, di\u00e7ka e paimagjinueshme n\u00eb politik\u00ebn e sotme shqiptare.<br \/>\nAshtu si \u00a0jemi m\u00ebsuar edhe n\u00eb t\u00eb kaluar\u00ebn \u00a0edhe me rastin e k\u00ebtyre zgjedhjeve,gjasat jan\u00eb q\u00eb \u00a0ambiciet personale dhe ato partiake,p\u00ebrs\u00ebri t\u00eb paraqesin penges\u00eb n\u00eb realizimin e nj\u00eb bashk\u00ebpunimi dhe t\u00eb nj\u00eb bashk\u00ebqeverisjeje t\u00eb natyr\u00ebshme \u00a0n\u00eb mes faktorit politik shqiptar,di\u00e7ka q\u00eb mendohet se \u00ebsht\u00eb edhe vullneti i shumic\u00ebs s\u00eb zgjedh\u00ebsve q\u00eb votojn\u00eb p\u00ebr subjektet shqiptare t\u00eb cil\u00ebt do t&#8217;a thojn\u00eb edhe fjal\u00ebn e fundit \u00a0me 26 Janar . Sa m\u00eb i madh t\u00eb jet\u00eb numri i atyre q\u00eb votojn\u00eb p\u00ebr subjektet politike shqiptare,aq m\u00eb e madhe do t\u00eb jet\u00eb edhe mund\u00ebsia e formimit t\u00eb nj\u00eb kualicioni qeveritar t\u00eb p\u00ebrbashk\u00ebt t\u00eb tyre n\u00eb Komun\u00ebn e Ulqinit.<br \/>\nLajmi i dit\u00ebs,pas zgjedhjeve t\u00eb 26 Janarit 2014 ,nuk do t\u00eb jet\u00eb se kush ka fituar zgjedhjet,por n\u00ebse \u00a0\u00ebsht\u00eb arritur kualicioni i subjekteve shqiptare n\u00eb mandatin e ardhsh\u00ebm t\u00eb Komun\u00ebs s\u00eb Ulqinit.<\/p>\n<p>&nbsp;<\/p>\n<p>Xheladin Zeneli<br \/>\n22 Janar 2014<\/p>\n","protected":false},"excerpt":{"rendered":"<p>Kan\u00eb mbetur edhe pak dit\u00eb nga zgjedhjet e parakoshme lokale n\u00eb Komun\u00ebn e Ulqinit t\u00eb cilat do t\u00eb mbahen k\u00ebt\u00eb t\u00eb Diel,me 26 Janar 2014. Megjith\u00ebse subjektet politike q\u00eb garojn\u00eb n\u00eb k\u00ebto zgjedhje lokale nuk kan\u00eb deklaruar publikisht lidhur me planet e tyre p\u00ebr kualicionet e pas zgjedhjeve apo p\u00ebr partneritetet eventuale n\u00eb mandatin e [&hellip;]<\/p>\n","protected":false},"author":1,"featured_media":0,"comment_status":"closed","ping_status":"closed","sticky":false,"template":"","format":"standard","meta":{"spay_email":"","jetpack_publicize_message":"","jetpack_is_tweetstorm":false,"jetpack_publicize_feature_enabled":true},"categories":[14249],"tags":[],"jetpack_publicize_connections":[],"yoast_head":"<!-- This site is optimized with the Yoast SEO plugin v19.1 - https:\/\/yoast.com\/wordpress\/plugins\/seo\/ -->\n<title>Zeneli: A do t\u00eb ket\u00eb koalicion t\u00eb partive shqiptare n\u00eb qeverin\u00eb e ardhshme t\u00eb Ulqinit? - Lajme nga Ulqini<\/title>\n<meta name=\"description\" content=\"Kan\u00eb mbetur edhe pak dit\u00eb nga zgjedhjet e parakoshme lokale n\u00eb Komun\u00ebn e Ulqinit t\u00eb cilat do t\u00eb mbahen k\u00ebt\u00eb t\u00eb Diel,me 26 Janar 2014. Megjith\u00ebse subjektet\" \/>\n<meta name=\"robots\" content=\"index, follow, max-snippet:-1, max-image-preview:large, max-video-preview:-1\" \/>\n<link rel=\"canonical\" href=\"https:\/\/www.visit-ulcinj.com\/blog\/2014\/01\/22\/zeneli-te-kete-koalicion-te-partive-shqiptare-ne-qeverine-e-ardhshme-te-ulqinit\/\" \/>\n<meta property=\"og:locale\" content=\"en_US\" \/>\n<meta property=\"og:type\" content=\"article\" \/>\n<meta property=\"og:title\" content=\"Zeneli: A do t\u00eb ket\u00eb koalicion t\u00eb partive shqiptare n\u00eb qeverin\u00eb e ardhshme t\u00eb Ulqinit? - Lajme nga Ulqini\" \/>\n<meta property=\"og:description\" content=\"Kan\u00eb mbetur edhe pak dit\u00eb nga zgjedhjet e parakoshme lokale n\u00eb Komun\u00ebn e Ulqinit t\u00eb cilat do t\u00eb mbahen k\u00ebt\u00eb t\u00eb Diel,me 26 Janar 2014. Megjith\u00ebse subjektet\" \/>\n<meta property=\"og:url\" content=\"https:\/\/www.visit-ulcinj.com\/blog\/2014\/01\/22\/zeneli-te-kete-koalicion-te-partive-shqiptare-ne-qeverine-e-ardhshme-te-ulqinit\/\" \/>\n<meta property=\"og:site_name\" content=\"Lajme nga Ulqini\" \/>\n<meta property=\"article:published_time\" content=\"2014-01-22T15:13:43+00:00\" \/>\n<meta property=\"article:modified_time\" content=\"2014-01-22T15:14:05+00:00\" \/>\n<meta property=\"og:image\" content=\"http:\/\/www.visit-ulcinj.com\/blog\/wp-content\/uploads\/2013\/02\/XheladinZeneli.jpg\" \/>\n<meta name=\"twitter:label1\" content=\"Written by\" \/>\n\t<meta name=\"twitter:data1\" content=\"ulqini\" \/>\n\t<meta name=\"twitter:label2\" content=\"Est. reading time\" \/>\n\t<meta name=\"twitter:data2\" content=\"5 minutes\" \/>\n<script type=\"application\/ld+json\" class=\"yoast-schema-graph\">{\"@context\":\"https:\/\/schema.org\",\"@graph\":[{\"@type\":\"WebSite\",\"@id\":\"https:\/\/www.visit-ulcinj.com\/blog\/#website\",\"url\":\"https:\/\/www.visit-ulcinj.com\/blog\/\",\"name\":\"Lajme nga Ulqini\",\"description\":\"Lajme,Vijesti,Ulqini,Ulqin,Crna Gora,Mali i Zi\",\"potentialAction\":[{\"@type\":\"SearchAction\",\"target\":{\"@type\":\"EntryPoint\",\"urlTemplate\":\"https:\/\/www.visit-ulcinj.com\/blog\/?s={search_term_string}\"},\"query-input\":\"required name=search_term_string\"}],\"inLanguage\":\"en-US\"},{\"@type\":\"ImageObject\",\"inLanguage\":\"en-US\",\"@id\":\"https:\/\/www.visit-ulcinj.com\/blog\/2014\/01\/22\/zeneli-te-kete-koalicion-te-partive-shqiptare-ne-qeverine-e-ardhshme-te-ulqinit\/#primaryimage\",\"url\":\"https:\/\/www.visit-ulcinj.com\/blog\/wp-content\/uploads\/2013\/02\/XheladinZeneli.jpg\",\"contentUrl\":\"https:\/\/www.visit-ulcinj.com\/blog\/wp-content\/uploads\/2013\/02\/XheladinZeneli.jpg\",\"width\":165,\"height\":220},{\"@type\":\"WebPage\",\"@id\":\"https:\/\/www.visit-ulcinj.com\/blog\/2014\/01\/22\/zeneli-te-kete-koalicion-te-partive-shqiptare-ne-qeverine-e-ardhshme-te-ulqinit\/#webpage\",\"url\":\"https:\/\/www.visit-ulcinj.com\/blog\/2014\/01\/22\/zeneli-te-kete-koalicion-te-partive-shqiptare-ne-qeverine-e-ardhshme-te-ulqinit\/\",\"name\":\"Zeneli: A do t\u00eb ket\u00eb koalicion t\u00eb partive shqiptare n\u00eb qeverin\u00eb e ardhshme t\u00eb Ulqinit? - Lajme nga Ulqini\",\"isPartOf\":{\"@id\":\"https:\/\/www.visit-ulcinj.com\/blog\/#website\"},\"primaryImageOfPage\":{\"@id\":\"https:\/\/www.visit-ulcinj.com\/blog\/2014\/01\/22\/zeneli-te-kete-koalicion-te-partive-shqiptare-ne-qeverine-e-ardhshme-te-ulqinit\/#primaryimage\"},\"datePublished\":\"2014-01-22T15:13:43+00:00\",\"dateModified\":\"2014-01-22T15:14:05+00:00\",\"author\":{\"@id\":\"https:\/\/www.visit-ulcinj.com\/blog\/#\/schema\/person\/dcab619c614d3038751c63bc2aadc06d\"},\"description\":\"Kan\u00eb mbetur edhe pak dit\u00eb nga zgjedhjet e parakoshme lokale n\u00eb Komun\u00ebn e Ulqinit t\u00eb cilat do t\u00eb mbahen k\u00ebt\u00eb t\u00eb Diel,me 26 Janar 2014. Megjith\u00ebse subjektet\",\"breadcrumb\":{\"@id\":\"https:\/\/www.visit-ulcinj.com\/blog\/2014\/01\/22\/zeneli-te-kete-koalicion-te-partive-shqiptare-ne-qeverine-e-ardhshme-te-ulqinit\/#breadcrumb\"},\"inLanguage\":\"en-US\",\"potentialAction\":[{\"@type\":\"ReadAction\",\"target\":[\"https:\/\/www.visit-ulcinj.com\/blog\/2014\/01\/22\/zeneli-te-kete-koalicion-te-partive-shqiptare-ne-qeverine-e-ardhshme-te-ulqinit\/\"]}]},{\"@type\":\"BreadcrumbList\",\"@id\":\"https:\/\/www.visit-ulcinj.com\/blog\/2014\/01\/22\/zeneli-te-kete-koalicion-te-partive-shqiptare-ne-qeverine-e-ardhshme-te-ulqinit\/#breadcrumb\",\"itemListElement\":[{\"@type\":\"ListItem\",\"position\":1,\"name\":\"Zeneli: A do t\u00eb ket\u00eb koalicion t\u00eb partive shqiptare n\u00eb qeverin\u00eb e ardhshme t\u00eb Ulqinit?\"}]},{\"@type\":\"Person\",\"@id\":\"https:\/\/www.visit-ulcinj.com\/blog\/#\/schema\/person\/dcab619c614d3038751c63bc2aadc06d\",\"name\":\"ulqini\",\"sameAs\":[\"http:\/\/www.visit-ulcinj.com\"],\"url\":\"https:\/\/www.visit-ulcinj.com\/blog\/author\/admin\/\"}]}<\/script>\n<!-- \/ Yoast SEO plugin. -->","yoast_head_json":{"title":"Zeneli: A do t\u00eb ket\u00eb koalicion t\u00eb partive shqiptare n\u00eb qeverin\u00eb e ardhshme t\u00eb Ulqinit? - Lajme nga Ulqini","description":"Kan\u00eb mbetur edhe pak dit\u00eb nga zgjedhjet e parakoshme lokale n\u00eb Komun\u00ebn e Ulqinit t\u00eb cilat do t\u00eb mbahen k\u00ebt\u00eb t\u00eb Diel,me 26 Janar 2014. Megjith\u00ebse subjektet","robots":{"index":"index","follow":"follow","max-snippet":"max-snippet:-1","max-image-preview":"max-image-preview:large","max-video-preview":"max-video-preview:-1"},"canonical":"https:\/\/www.visit-ulcinj.com\/blog\/2014\/01\/22\/zeneli-te-kete-koalicion-te-partive-shqiptare-ne-qeverine-e-ardhshme-te-ulqinit\/","og_locale":"en_US","og_type":"article","og_title":"Zeneli: A do t\u00eb ket\u00eb koalicion t\u00eb partive shqiptare n\u00eb qeverin\u00eb e ardhshme t\u00eb Ulqinit? - Lajme nga Ulqini","og_description":"Kan\u00eb mbetur edhe pak dit\u00eb nga zgjedhjet e parakoshme lokale n\u00eb Komun\u00ebn e Ulqinit t\u00eb cilat do t\u00eb mbahen k\u00ebt\u00eb t\u00eb Diel,me 26 Janar 2014. Megjith\u00ebse subjektet","og_url":"https:\/\/www.visit-ulcinj.com\/blog\/2014\/01\/22\/zeneli-te-kete-koalicion-te-partive-shqiptare-ne-qeverine-e-ardhshme-te-ulqinit\/","og_site_name":"Lajme nga Ulqini","article_published_time":"2014-01-22T15:13:43+00:00","article_modified_time":"2014-01-22T15:14:05+00:00","og_image":[{"url":"http:\/\/www.visit-ulcinj.com\/blog\/wp-content\/uploads\/2013\/02\/XheladinZeneli.jpg"}],"twitter_misc":{"Written by":"ulqini","Est. reading time":"5 minutes"},"schema":{"@context":"https:\/\/schema.org","@graph":[{"@type":"WebSite","@id":"https:\/\/www.visit-ulcinj.com\/blog\/#website","url":"https:\/\/www.visit-ulcinj.com\/blog\/","name":"Lajme nga Ulqini","description":"Lajme,Vijesti,Ulqini,Ulqin,Crna Gora,Mali i Zi","potentialAction":[{"@type":"SearchAction","target":{"@type":"EntryPoint","urlTemplate":"https:\/\/www.visit-ulcinj.com\/blog\/?s={search_term_string}"},"query-input":"required name=search_term_string"}],"inLanguage":"en-US"},{"@type":"ImageObject","inLanguage":"en-US","@id":"https:\/\/www.visit-ulcinj.com\/blog\/2014\/01\/22\/zeneli-te-kete-koalicion-te-partive-shqiptare-ne-qeverine-e-ardhshme-te-ulqinit\/#primaryimage","url":"https:\/\/www.visit-ulcinj.com\/blog\/wp-content\/uploads\/2013\/02\/XheladinZeneli.jpg","contentUrl":"https:\/\/www.visit-ulcinj.com\/blog\/wp-content\/uploads\/2013\/02\/XheladinZeneli.jpg","width":165,"height":220},{"@type":"WebPage","@id":"https:\/\/www.visit-ulcinj.com\/blog\/2014\/01\/22\/zeneli-te-kete-koalicion-te-partive-shqiptare-ne-qeverine-e-ardhshme-te-ulqinit\/#webpage","url":"https:\/\/www.visit-ulcinj.com\/blog\/2014\/01\/22\/zeneli-te-kete-koalicion-te-partive-shqiptare-ne-qeverine-e-ardhshme-te-ulqinit\/","name":"Zeneli: A do t\u00eb ket\u00eb koalicion t\u00eb partive shqiptare n\u00eb qeverin\u00eb e ardhshme t\u00eb Ulqinit? - Lajme nga Ulqini","isPartOf":{"@id":"https:\/\/www.visit-ulcinj.com\/blog\/#website"},"primaryImageOfPage":{"@id":"https:\/\/www.visit-ulcinj.com\/blog\/2014\/01\/22\/zeneli-te-kete-koalicion-te-partive-shqiptare-ne-qeverine-e-ardhshme-te-ulqinit\/#primaryimage"},"datePublished":"2014-01-22T15:13:43+00:00","dateModified":"2014-01-22T15:14:05+00:00","author":{"@id":"https:\/\/www.visit-ulcinj.com\/blog\/#\/schema\/person\/dcab619c614d3038751c63bc2aadc06d"},"description":"Kan\u00eb mbetur edhe pak dit\u00eb nga zgjedhjet e parakoshme lokale n\u00eb Komun\u00ebn e Ulqinit t\u00eb cilat do t\u00eb mbahen k\u00ebt\u00eb t\u00eb Diel,me 26 Janar 2014. Megjith\u00ebse subjektet","breadcrumb":{"@id":"https:\/\/www.visit-ulcinj.com\/blog\/2014\/01\/22\/zeneli-te-kete-koalicion-te-partive-shqiptare-ne-qeverine-e-ardhshme-te-ulqinit\/#breadcrumb"},"inLanguage":"en-US","potentialAction":[{"@type":"ReadAction","target":["https:\/\/www.visit-ulcinj.com\/blog\/2014\/01\/22\/zeneli-te-kete-koalicion-te-partive-shqiptare-ne-qeverine-e-ardhshme-te-ulqinit\/"]}]},{"@type":"BreadcrumbList","@id":"https:\/\/www.visit-ulcinj.com\/blog\/2014\/01\/22\/zeneli-te-kete-koalicion-te-partive-shqiptare-ne-qeverine-e-ardhshme-te-ulqinit\/#breadcrumb","itemListElement":[{"@type":"ListItem","position":1,"name":"Zeneli: A do t\u00eb ket\u00eb koalicion t\u00eb partive shqiptare n\u00eb qeverin\u00eb e ardhshme t\u00eb Ulqinit?"}]},{"@type":"Person","@id":"https:\/\/www.visit-ulcinj.com\/blog\/#\/schema\/person\/dcab619c614d3038751c63bc2aadc06d","name":"ulqini","sameAs":["http:\/\/www.visit-ulcinj.com"],"url":"https:\/\/www.visit-ulcinj.com\/blog\/author\/admin\/"}]}},"jetpack_featured_media_url":"","jetpack_sharing_enabled":true,"jetpack_shortlink":"https:\/\/wp.me\/pe6lTn-krj","_links":{"self":[{"href":"https:\/\/www.visit-ulcinj.com\/blog\/wp-json\/wp\/v2\/posts\/78573"}],"collection":[{"href":"https:\/\/www.visit-ulcinj.com\/blog\/wp-json\/wp\/v2\/posts"}],"about":[{"href":"https:\/\/www.visit-ulcinj.com\/blog\/wp-json\/wp\/v2\/types\/post"}],"author":[{"embeddable":true,"href":"https:\/\/www.visit-ulcinj.com\/blog\/wp-json\/wp\/v2\/users\/1"}],"replies":[{"embeddable":true,"href":"https:\/\/www.visit-ulcinj.com\/blog\/wp-json\/wp\/v2\/comments?post=78573"}],"version-history":[{"count":2,"href":"https:\/\/www.visit-ulcinj.com\/blog\/wp-json\/wp\/v2\/posts\/78573\/revisions"}],"predecessor-version":[{"id":78575,"href":"https:\/\/www.visit-ulcinj.com\/blog\/wp-json\/wp\/v2\/posts\/78573\/revisions\/78575"}],"wp:attachment":[{"href":"https:\/\/www.visit-ulcinj.com\/blog\/wp-json\/wp\/v2\/media?parent=78573"}],"wp:term":[{"taxonomy":"category","embeddable":true,"href":"https:\/\/www.visit-ulcinj.com\/blog\/wp-json\/wp\/v2\/categories?post=78573"},{"taxonomy":"post_tag","embeddable":true,"href":"https:\/\/www.visit-ulcinj.com\/blog\/wp-json\/wp\/v2\/tags?post=78573"}],"curies":[{"name":"wp","href":"https:\/\/api.w.org\/{rel}","templated":true}]}}