{"id":78580,"date":"2014-01-22T18:11:59","date_gmt":"2014-01-22T17:11:59","guid":{"rendered":"http:\/\/www.visit-ulcinj.com\/blog\/?p=78580"},"modified":"2014-01-22T18:18:51","modified_gmt":"2014-01-22T17:18:51","slug":"abazovic-nikoga-ne-bismo-stedjeli","status":"publish","type":"post","link":"https:\/\/www.visit-ulcinj.com\/blog\/2014\/01\/22\/abazovic-nikoga-ne-bismo-stedjeli\/","title":{"rendered":"Abazovic:  Nikoga ne bismo \u0161tedjeli"},"content":{"rendered":"<p><em><strong><a href=\"http:\/\/www.visit-ulcinj.com\/blog\/wp-content\/uploads\/2014\/01\/dritan-abazoviq-Ulqin.jpg\"><img loading=\"lazy\" class=\"alignleft  wp-image-78581\" alt=\"dritan-abazoviq-Ulqin\" src=\"http:\/\/www.visit-ulcinj.com\/blog\/wp-content\/uploads\/2014\/01\/dritan-abazoviq-Ulqin.jpg\" width=\"508\" height=\"360\" \/><\/a>Ulcinj Nosilac liste Pozitivne za Ulcinj Dritan Abazovi\u0107 kazao je da su u lokalnoj administraciji neophodne novine koje bi podrazumijevate druga\u010dije organizovanje postoje\u0107ih sekretarijata i kancelarija- ND Vijesti, 21.01.2014.<\/strong><\/em><\/p>\n<p>On je u razgovoru za \u201cVijesti\u201d najavio da bi se Pozitivna, u slu\u010daju da bude dio vlasti, zalagala za formiranje nekih novih sekretarijata, zatim spajanja nekih postoje\u0107ih u jedan i za otvaranje novih kancelarija koje bi imale za cilj unapre\u0111enje ekonomskog ambijenta i stvaranje efikasne i odr\u017eive administracije koja je pretpostavka razvoja.<\/p>\n<p>\u201cOdmah bismo pristupili izradi i dono\u0161enju strate\u0161kog plana op\u0161tine, marketing plana za investicije i marketing plana za turizam. Tako\u0111e, po\u010deli bismo seljenje institucija u Stari grad, po\u010dev\u0161i od Turisti\u010dke organizacije\u201d, otkrio je Abazovi\u0107 \u0161ta je ostvarivo u prvih 100 dana nove uprave ukoliko Pozitivna bude u vlasti.<\/p>\n<p>\u201cOsim TO, u Stari grad bismo preselili i muzi\u010dku \u0161kolu, a te\u017eili bismo i osnivanju posebne rezidencije za prijem stranih zvanica koje posje\u0107uju na\u0161 grad. Tako\u0111e, formirali bismo i savjet za upravljanje Starim gradom koji bi tu imao i sjedi\u0161te a postepeno bismo stvarali uslove za selidbu drugih institucija, prije svih Centra za kulturu\u201d.<\/p>\n<p><strong>\u0160to se ti\u010de privatizacija, Abazovi\u0107 nema dilemu.<\/strong><\/p>\n<p>\u201cOdmah bismo preduzeli sve mjere koje je mogu\u0107e preduzeti sa lokalnog nivoa, vezano za raskidanje ugovora i procesuiranje neodgovornih investitora. Objavili bismo sve ugovore na op\u0161tinskom sajtu i upoznali javnost sa svime \u0161to se de\u0161ava\u201d, kazao je on navode\u0107i da gra\u0111ani Ulcinja imaju pravo da znaju \u0161ta je ko potpisivao.<\/p>\n<p>Filozofija, kako je naveo, koja je do sada bila aktuelna, da svako radi \u0161ta ho\u0107e i da se koalicije \u010duvaju na \u0161tetu gra\u0111ana, a u korist privatnih interesa, moraju postati pro\u0161lost. \u201cRevizija Op\u0161tine bi bila izvedena u najkra\u0107em roku i u tome ne bismo nikoga \u0161tedjeli\u201d, naveo je Abazovi\u0107.<\/p>\n<p>On je podsjetio da je Pozitivna jedina stranka koja je do sada jasno rekla sa kim ne\u0107e u koaliciju.<\/p>\n<p>\u201cMi sa DPS-om ne\u0107emo, oni su glavni krivci za propadanje i devastaciju Ulcinja u svim njegovim segmentima\u201d, poru\u010dio je Abazovi\u0107.<\/p>\n<p><strong>Izvor: Pozitivna Crna Gora<\/strong><\/p>\n<!--YouTube Error: bad URL entered-->\n","protected":false},"excerpt":{"rendered":"<p>Ulcinj Nosilac liste Pozitivne za Ulcinj Dritan Abazovi\u0107 kazao je da su u lokalnoj administraciji neophodne novine koje bi podrazumijevate druga\u010dije organizovanje postoje\u0107ih sekretarijata i kancelarija- ND Vijesti, 21.01.2014. On je u razgovoru za \u201cVijesti\u201d najavio da bi se Pozitivna, u slu\u010daju da bude dio vlasti, zalagala za formiranje nekih novih sekretarijata, zatim spajanja nekih [&hellip;]<\/p>\n","protected":false},"author":1,"featured_media":0,"comment_status":"closed","ping_status":"closed","sticky":false,"template":"","format":"standard","meta":{"spay_email":"","jetpack_publicize_message":"","jetpack_is_tweetstorm":false,"jetpack_publicize_feature_enabled":true},"categories":[6950],"tags":[],"jetpack_publicize_connections":[],"yoast_head":"<!-- This site is optimized with the Yoast SEO plugin v19.1 - https:\/\/yoast.com\/wordpress\/plugins\/seo\/ -->\n<title>Abazovic: Nikoga ne bismo \u0161tedjeli - Lajme nga Ulqini<\/title>\n<meta name=\"description\" content=\"Ulcinj Nosilac liste Pozitivne za Ulcinj Dritan Abazovi\u0107 kazao je da su u lokalnoj administraciji neophodne novine koje bi podrazumijevate druga\u010dije\" \/>\n<meta name=\"robots\" content=\"index, follow, max-snippet:-1, max-image-preview:large, max-video-preview:-1\" \/>\n<link rel=\"canonical\" href=\"https:\/\/www.visit-ulcinj.com\/blog\/2014\/01\/22\/abazovic-nikoga-ne-bismo-stedjeli\/\" \/>\n<meta property=\"og:locale\" content=\"en_US\" \/>\n<meta property=\"og:type\" content=\"article\" \/>\n<meta property=\"og:title\" content=\"Abazovic: Nikoga ne bismo \u0161tedjeli - Lajme nga Ulqini\" \/>\n<meta property=\"og:description\" content=\"Ulcinj Nosilac liste Pozitivne za Ulcinj Dritan Abazovi\u0107 kazao je da su u lokalnoj administraciji neophodne novine koje bi podrazumijevate druga\u010dije\" \/>\n<meta property=\"og:url\" content=\"https:\/\/www.visit-ulcinj.com\/blog\/2014\/01\/22\/abazovic-nikoga-ne-bismo-stedjeli\/\" \/>\n<meta property=\"og:site_name\" content=\"Lajme nga Ulqini\" \/>\n<meta property=\"article:published_time\" content=\"2014-01-22T17:11:59+00:00\" \/>\n<meta property=\"article:modified_time\" content=\"2014-01-22T17:18:51+00:00\" \/>\n<meta property=\"og:image\" content=\"http:\/\/www.visit-ulcinj.com\/blog\/wp-content\/uploads\/2014\/01\/dritan-abazoviq-Ulqin.jpg\" \/>\n<meta name=\"twitter:label1\" content=\"Written by\" \/>\n\t<meta name=\"twitter:data1\" content=\"ulqini\" \/>\n\t<meta name=\"twitter:label2\" content=\"Est. reading time\" \/>\n\t<meta name=\"twitter:data2\" content=\"2 minutes\" \/>\n<script type=\"application\/ld+json\" class=\"yoast-schema-graph\">{\"@context\":\"https:\/\/schema.org\",\"@graph\":[{\"@type\":\"WebSite\",\"@id\":\"https:\/\/www.visit-ulcinj.com\/blog\/#website\",\"url\":\"https:\/\/www.visit-ulcinj.com\/blog\/\",\"name\":\"Lajme nga Ulqini\",\"description\":\"Lajme,Vijesti,Ulqini,Ulqin,Crna Gora,Mali i Zi\",\"potentialAction\":[{\"@type\":\"SearchAction\",\"target\":{\"@type\":\"EntryPoint\",\"urlTemplate\":\"https:\/\/www.visit-ulcinj.com\/blog\/?s={search_term_string}\"},\"query-input\":\"required name=search_term_string\"}],\"inLanguage\":\"en-US\"},{\"@type\":\"ImageObject\",\"inLanguage\":\"en-US\",\"@id\":\"https:\/\/www.visit-ulcinj.com\/blog\/2014\/01\/22\/abazovic-nikoga-ne-bismo-stedjeli\/#primaryimage\",\"url\":\"https:\/\/www.visit-ulcinj.com\/blog\/wp-content\/uploads\/2014\/01\/dritan-abazoviq-Ulqin.jpg\",\"contentUrl\":\"https:\/\/www.visit-ulcinj.com\/blog\/wp-content\/uploads\/2014\/01\/dritan-abazoviq-Ulqin.jpg\",\"width\":1024,\"height\":749},{\"@type\":\"WebPage\",\"@id\":\"https:\/\/www.visit-ulcinj.com\/blog\/2014\/01\/22\/abazovic-nikoga-ne-bismo-stedjeli\/#webpage\",\"url\":\"https:\/\/www.visit-ulcinj.com\/blog\/2014\/01\/22\/abazovic-nikoga-ne-bismo-stedjeli\/\",\"name\":\"Abazovic: Nikoga ne bismo \u0161tedjeli - Lajme nga Ulqini\",\"isPartOf\":{\"@id\":\"https:\/\/www.visit-ulcinj.com\/blog\/#website\"},\"primaryImageOfPage\":{\"@id\":\"https:\/\/www.visit-ulcinj.com\/blog\/2014\/01\/22\/abazovic-nikoga-ne-bismo-stedjeli\/#primaryimage\"},\"datePublished\":\"2014-01-22T17:11:59+00:00\",\"dateModified\":\"2014-01-22T17:18:51+00:00\",\"author\":{\"@id\":\"https:\/\/www.visit-ulcinj.com\/blog\/#\/schema\/person\/dcab619c614d3038751c63bc2aadc06d\"},\"description\":\"Ulcinj Nosilac liste Pozitivne za Ulcinj Dritan Abazovi\u0107 kazao je da su u lokalnoj administraciji neophodne novine koje bi podrazumijevate druga\u010dije\",\"breadcrumb\":{\"@id\":\"https:\/\/www.visit-ulcinj.com\/blog\/2014\/01\/22\/abazovic-nikoga-ne-bismo-stedjeli\/#breadcrumb\"},\"inLanguage\":\"en-US\",\"potentialAction\":[{\"@type\":\"ReadAction\",\"target\":[\"https:\/\/www.visit-ulcinj.com\/blog\/2014\/01\/22\/abazovic-nikoga-ne-bismo-stedjeli\/\"]}]},{\"@type\":\"BreadcrumbList\",\"@id\":\"https:\/\/www.visit-ulcinj.com\/blog\/2014\/01\/22\/abazovic-nikoga-ne-bismo-stedjeli\/#breadcrumb\",\"itemListElement\":[{\"@type\":\"ListItem\",\"position\":1,\"name\":\"Abazovic: Nikoga ne bismo \u0161tedjeli\"}]},{\"@type\":\"Person\",\"@id\":\"https:\/\/www.visit-ulcinj.com\/blog\/#\/schema\/person\/dcab619c614d3038751c63bc2aadc06d\",\"name\":\"ulqini\",\"sameAs\":[\"http:\/\/www.visit-ulcinj.com\"],\"url\":\"https:\/\/www.visit-ulcinj.com\/blog\/author\/admin\/\"}]}<\/script>\n<!-- \/ Yoast SEO plugin. -->","yoast_head_json":{"title":"Abazovic: Nikoga ne bismo \u0161tedjeli - Lajme nga Ulqini","description":"Ulcinj Nosilac liste Pozitivne za Ulcinj Dritan Abazovi\u0107 kazao je da su u lokalnoj administraciji neophodne novine koje bi podrazumijevate druga\u010dije","robots":{"index":"index","follow":"follow","max-snippet":"max-snippet:-1","max-image-preview":"max-image-preview:large","max-video-preview":"max-video-preview:-1"},"canonical":"https:\/\/www.visit-ulcinj.com\/blog\/2014\/01\/22\/abazovic-nikoga-ne-bismo-stedjeli\/","og_locale":"en_US","og_type":"article","og_title":"Abazovic: Nikoga ne bismo \u0161tedjeli - Lajme nga Ulqini","og_description":"Ulcinj Nosilac liste Pozitivne za Ulcinj Dritan Abazovi\u0107 kazao je da su u lokalnoj administraciji neophodne novine koje bi podrazumijevate druga\u010dije","og_url":"https:\/\/www.visit-ulcinj.com\/blog\/2014\/01\/22\/abazovic-nikoga-ne-bismo-stedjeli\/","og_site_name":"Lajme nga Ulqini","article_published_time":"2014-01-22T17:11:59+00:00","article_modified_time":"2014-01-22T17:18:51+00:00","og_image":[{"url":"http:\/\/www.visit-ulcinj.com\/blog\/wp-content\/uploads\/2014\/01\/dritan-abazoviq-Ulqin.jpg"}],"twitter_misc":{"Written by":"ulqini","Est. reading time":"2 minutes"},"schema":{"@context":"https:\/\/schema.org","@graph":[{"@type":"WebSite","@id":"https:\/\/www.visit-ulcinj.com\/blog\/#website","url":"https:\/\/www.visit-ulcinj.com\/blog\/","name":"Lajme nga Ulqini","description":"Lajme,Vijesti,Ulqini,Ulqin,Crna Gora,Mali i Zi","potentialAction":[{"@type":"SearchAction","target":{"@type":"EntryPoint","urlTemplate":"https:\/\/www.visit-ulcinj.com\/blog\/?s={search_term_string}"},"query-input":"required name=search_term_string"}],"inLanguage":"en-US"},{"@type":"ImageObject","inLanguage":"en-US","@id":"https:\/\/www.visit-ulcinj.com\/blog\/2014\/01\/22\/abazovic-nikoga-ne-bismo-stedjeli\/#primaryimage","url":"https:\/\/www.visit-ulcinj.com\/blog\/wp-content\/uploads\/2014\/01\/dritan-abazoviq-Ulqin.jpg","contentUrl":"https:\/\/www.visit-ulcinj.com\/blog\/wp-content\/uploads\/2014\/01\/dritan-abazoviq-Ulqin.jpg","width":1024,"height":749},{"@type":"WebPage","@id":"https:\/\/www.visit-ulcinj.com\/blog\/2014\/01\/22\/abazovic-nikoga-ne-bismo-stedjeli\/#webpage","url":"https:\/\/www.visit-ulcinj.com\/blog\/2014\/01\/22\/abazovic-nikoga-ne-bismo-stedjeli\/","name":"Abazovic: Nikoga ne bismo \u0161tedjeli - Lajme nga Ulqini","isPartOf":{"@id":"https:\/\/www.visit-ulcinj.com\/blog\/#website"},"primaryImageOfPage":{"@id":"https:\/\/www.visit-ulcinj.com\/blog\/2014\/01\/22\/abazovic-nikoga-ne-bismo-stedjeli\/#primaryimage"},"datePublished":"2014-01-22T17:11:59+00:00","dateModified":"2014-01-22T17:18:51+00:00","author":{"@id":"https:\/\/www.visit-ulcinj.com\/blog\/#\/schema\/person\/dcab619c614d3038751c63bc2aadc06d"},"description":"Ulcinj Nosilac liste Pozitivne za Ulcinj Dritan Abazovi\u0107 kazao je da su u lokalnoj administraciji neophodne novine koje bi podrazumijevate druga\u010dije","breadcrumb":{"@id":"https:\/\/www.visit-ulcinj.com\/blog\/2014\/01\/22\/abazovic-nikoga-ne-bismo-stedjeli\/#breadcrumb"},"inLanguage":"en-US","potentialAction":[{"@type":"ReadAction","target":["https:\/\/www.visit-ulcinj.com\/blog\/2014\/01\/22\/abazovic-nikoga-ne-bismo-stedjeli\/"]}]},{"@type":"BreadcrumbList","@id":"https:\/\/www.visit-ulcinj.com\/blog\/2014\/01\/22\/abazovic-nikoga-ne-bismo-stedjeli\/#breadcrumb","itemListElement":[{"@type":"ListItem","position":1,"name":"Abazovic: Nikoga ne bismo \u0161tedjeli"}]},{"@type":"Person","@id":"https:\/\/www.visit-ulcinj.com\/blog\/#\/schema\/person\/dcab619c614d3038751c63bc2aadc06d","name":"ulqini","sameAs":["http:\/\/www.visit-ulcinj.com"],"url":"https:\/\/www.visit-ulcinj.com\/blog\/author\/admin\/"}]}},"jetpack_featured_media_url":"","jetpack_sharing_enabled":true,"jetpack_shortlink":"https:\/\/wp.me\/pe6lTn-krq","_links":{"self":[{"href":"https:\/\/www.visit-ulcinj.com\/blog\/wp-json\/wp\/v2\/posts\/78580"}],"collection":[{"href":"https:\/\/www.visit-ulcinj.com\/blog\/wp-json\/wp\/v2\/posts"}],"about":[{"href":"https:\/\/www.visit-ulcinj.com\/blog\/wp-json\/wp\/v2\/types\/post"}],"author":[{"embeddable":true,"href":"https:\/\/www.visit-ulcinj.com\/blog\/wp-json\/wp\/v2\/users\/1"}],"replies":[{"embeddable":true,"href":"https:\/\/www.visit-ulcinj.com\/blog\/wp-json\/wp\/v2\/comments?post=78580"}],"version-history":[{"count":2,"href":"https:\/\/www.visit-ulcinj.com\/blog\/wp-json\/wp\/v2\/posts\/78580\/revisions"}],"predecessor-version":[{"id":78584,"href":"https:\/\/www.visit-ulcinj.com\/blog\/wp-json\/wp\/v2\/posts\/78580\/revisions\/78584"}],"wp:attachment":[{"href":"https:\/\/www.visit-ulcinj.com\/blog\/wp-json\/wp\/v2\/media?parent=78580"}],"wp:term":[{"taxonomy":"category","embeddable":true,"href":"https:\/\/www.visit-ulcinj.com\/blog\/wp-json\/wp\/v2\/categories?post=78580"},{"taxonomy":"post_tag","embeddable":true,"href":"https:\/\/www.visit-ulcinj.com\/blog\/wp-json\/wp\/v2\/tags?post=78580"}],"curies":[{"name":"wp","href":"https:\/\/api.w.org\/{rel}","templated":true}]}}