{"id":78596,"date":"2014-01-22T19:26:39","date_gmt":"2014-01-22T18:26:39","guid":{"rendered":"http:\/\/www.visit-ulcinj.com\/blog\/?p=78596"},"modified":"2014-01-22T19:26:39","modified_gmt":"2014-01-22T18:26:39","slug":"oo-snp-ulcinju-kampanji-ne-dominiraju-zivotne-teme","status":"publish","type":"post","link":"https:\/\/www.visit-ulcinj.com\/blog\/2014\/01\/22\/oo-snp-ulcinju-kampanji-ne-dominiraju-zivotne-teme\/","title":{"rendered":"OO SNP Ulcinj:U kampanji ne dominiraju \u017eivotne teme"},"content":{"rendered":"<p><a href=\"http:\/\/www.visit-ulcinj.com\/blog\/wp-content\/uploads\/2014\/01\/SNP-Ulcinj.jpg\"><img loading=\"lazy\" class=\"alignleft  wp-image-78341\" alt=\"SNP Ulcinj\" src=\"http:\/\/www.visit-ulcinj.com\/blog\/wp-content\/uploads\/2014\/01\/SNP-Ulcinj.jpg\" width=\"508\" height=\"360\" \/><\/a>Socijalisti\u010dka narodna partija Crne Gore konstatuje da se ve\u0107ina politi\u010dkih subjekata u kampanji za izbore u Ulcinju, koji \u0107e se odr\u017eati 26. januara, ne bavi \u017eivotnim temama gra\u0111ana Ulcinja, a naro\u010dito mladih\u00a0 koji su uglavnom na birou za nezaposlene i bez perspektive u osiroma\u0161enoj op\u0161tini, ocijenjeno je iz ulcinjskog odbora SNP-a.<\/p>\n<p>-Oni koji su u\u010destvovali u vr\u0161enju\u00a0 vlasti u Ulcinju proteklih godina , a u njoj su \u0161to partijski, a \u0161to personalno u\u010destvovali skoro svi akteri ovih lokalniih izbora, osim SNP-a , ponovo daju nerealna predizborna obe\u0107anja, ili se\u00a0 pravdaju za neispunjena obe\u0107anja sa prethodnih izbora. Zato nemaju vremena da se okrenu rje\u0161avanju problema mladih, prije svega njihovog zapo\u0161ljavanja, odnosno adekvatnog \u0161kolovanja i obrazovanja. Podsje\u0107amo da je SNP, kroz Fondaciju \u201eMom\u010dilo Vu\u010deti\u0107\u201c obezbijedila stipendije za vi\u0161e desetina studenata iz cijele Crne Gore, i da su svi na\u0161i izborni programi, uklju\u010duju\u0107i i izborni program za predstoje\u0107e lokalne izbore u Ulcinju, posve\u0107eni rje\u0161avanju problema mladih. Umjesto \u201eprebacivanja\u201c centra za kulturu u Stari ulcinjski grad, fiktivnog volontiranja, dovo\u0111enja \u201eeksperata\u201c u Ulcinj, ili \u010da\u0161\u0107avanja bira\u010da televizorima i gra\u0111evinskim materijalom, SNP smatra da jedna od prvih obaveza nove op\u0161tinske vlasti u Ulcinju, mora biti formiranje efikasne i funkcionalne kancelarije za mlade. Ta kancelarija bi se u koordinaciji sa nadle\u017enim op\u0161tinskim slu\u017ebama bavila, izme\u0111u ostalog, i definisanjem stimulativnih mjera za otvaranje novih radnih mjesta za mlade, kroz politiku subvencija i\u00a0 kreditnih linija za samozapo\u0161ljavanje- isti\u010de se u saop\u0161tenju, dostavljenom <em>Portalu Analitika<\/em>.<\/p>\n<p>Kako se dodaje, o \u0161teti koju su turisti\u010dkoj privredi u Ulcinju zajedni\u010dki nanijele lokalne i dr\u017eavne vlasti, koje djeluju sinhronizovano posljednjih petnaestak godina, gra\u0111ani dobro znaju, jer o tome najbolje svjedo\u010de sru\u0161eni hoteli, proma\u0161ene privatizacije i uni\u0161tena infrastruktura.<\/p>\n<p>-Sve se to dogodilo u Ulcinju, koji je pore\u0111enja radi, 1989. godine, imao dva i po puta ve\u0107i turisti\u010dki prihod od Budve. \u00a0Samo valorizacijom hotelskih kapaciteta koje Ulcinj ima i aktivnom politikom zapo\u0161ljavanja, kojom \u0107e se prednost davati zapo\u0161ljavanju mladih\u00a0 ulcinjana, zna\u010dajno bi se pobolj\u0161ale njihove perspective. Podsje\u0107amo da je Ulcinj, kao nekada\u0161nji rasadnik stru\u010dnih kadrova iz oblasti hotelijerstva i turizma, grad bez visoko\u0161kolskih ustanova, za\u0161to je dobrim dijelom odgovorna dosada\u0161nja vlast u Ulcinju. Znaju\u0107i kakvi su potencijali ulcinjske poljoprivrede i ribarstva, kao komplementarnih djelatnosti sa turizmom, i koliko se radnih mjesta za mlade mo\u017ee kreirati u tim oblastima, pozivamo sve ostale politi\u010dke subjekte u Ulcinju, na dijalog o tim razvojnim \u0161ansama. Imaju\u0107i u vidu da je lokalna uprava nefunkcionalna i da je svo ovo vrijeme, umjesto partnerskog imala sluganski odnos prema dr\u017eavnoj vlasti, smatramo da nova vlast sa SNP-om, kao nezaobilaznim faktorom u njoj, treba da se \u201czahvali\u201d ko\u010dni\u010darima razvoja Ulcinja, koji su umjesto posve\u0107enosti svom gradu, zavr\u0161avali svoje privatne poslove. Stoga \u0107emo raditi na tome, da lokalna uprava \u0161irom otvori vrata za mlade i stru\u010dne Ulcinjane koji \u017eele dobro svom gradu, i na kojima ostaje budu\u0107nost crnogorskog najju\u017enijeg grada- navedeno je u saop\u0161tenju.<\/p>\n<p><strong>Izvor: Analitika &#8211; Informativni Portal<\/strong><\/p>\n","protected":false},"excerpt":{"rendered":"<p>Socijalisti\u010dka narodna partija Crne Gore konstatuje da se ve\u0107ina politi\u010dkih subjekata u kampanji za izbore u Ulcinju, koji \u0107e se odr\u017eati 26. januara, ne bavi \u017eivotnim temama gra\u0111ana Ulcinja, a naro\u010dito mladih\u00a0 koji su uglavnom na birou za nezaposlene i bez perspektive u osiroma\u0161enoj op\u0161tini, ocijenjeno je iz ulcinjskog odbora SNP-a. -Oni koji su u\u010destvovali [&hellip;]<\/p>\n","protected":false},"author":1,"featured_media":0,"comment_status":"closed","ping_status":"closed","sticky":false,"template":"","format":"standard","meta":{"spay_email":"","jetpack_publicize_message":"","jetpack_is_tweetstorm":false,"jetpack_publicize_feature_enabled":true},"categories":[6950],"tags":[],"jetpack_publicize_connections":[],"yoast_head":"<!-- This site is optimized with the Yoast SEO plugin v19.1 - https:\/\/yoast.com\/wordpress\/plugins\/seo\/ -->\n<title>OO SNP Ulcinj:U kampanji ne dominiraju \u017eivotne teme - Lajme nga Ulqini<\/title>\n<meta name=\"description\" content=\"Socijalisti\u010dka narodna partija Crne Gore konstatuje da se ve\u0107ina politi\u010dkih subjekata u kampanji za izbore u Ulcinju, koji \u0107e se odr\u017eati 26. januara, ne\" \/>\n<meta name=\"robots\" content=\"index, follow, max-snippet:-1, max-image-preview:large, max-video-preview:-1\" \/>\n<link rel=\"canonical\" href=\"https:\/\/www.visit-ulcinj.com\/blog\/2014\/01\/22\/oo-snp-ulcinju-kampanji-ne-dominiraju-zivotne-teme\/\" \/>\n<meta property=\"og:locale\" content=\"en_US\" \/>\n<meta property=\"og:type\" content=\"article\" \/>\n<meta property=\"og:title\" content=\"OO SNP Ulcinj:U kampanji ne dominiraju \u017eivotne teme - Lajme nga Ulqini\" \/>\n<meta property=\"og:description\" content=\"Socijalisti\u010dka narodna partija Crne Gore konstatuje da se ve\u0107ina politi\u010dkih subjekata u kampanji za izbore u Ulcinju, koji \u0107e se odr\u017eati 26. januara, ne\" \/>\n<meta property=\"og:url\" content=\"https:\/\/www.visit-ulcinj.com\/blog\/2014\/01\/22\/oo-snp-ulcinju-kampanji-ne-dominiraju-zivotne-teme\/\" \/>\n<meta property=\"og:site_name\" content=\"Lajme nga Ulqini\" \/>\n<meta property=\"article:published_time\" content=\"2014-01-22T18:26:39+00:00\" \/>\n<meta property=\"og:image\" content=\"http:\/\/www.visit-ulcinj.com\/blog\/wp-content\/uploads\/2014\/01\/SNP-Ulcinj.jpg\" \/>\n<meta name=\"twitter:label1\" content=\"Written by\" \/>\n\t<meta name=\"twitter:data1\" content=\"ulqini\" \/>\n\t<meta name=\"twitter:label2\" content=\"Est. reading time\" \/>\n\t<meta name=\"twitter:data2\" content=\"3 minutes\" \/>\n<script type=\"application\/ld+json\" class=\"yoast-schema-graph\">{\"@context\":\"https:\/\/schema.org\",\"@graph\":[{\"@type\":\"WebSite\",\"@id\":\"https:\/\/www.visit-ulcinj.com\/blog\/#website\",\"url\":\"https:\/\/www.visit-ulcinj.com\/blog\/\",\"name\":\"Lajme nga Ulqini\",\"description\":\"Lajme,Vijesti,Ulqini,Ulqin,Crna Gora,Mali i Zi\",\"potentialAction\":[{\"@type\":\"SearchAction\",\"target\":{\"@type\":\"EntryPoint\",\"urlTemplate\":\"https:\/\/www.visit-ulcinj.com\/blog\/?s={search_term_string}\"},\"query-input\":\"required name=search_term_string\"}],\"inLanguage\":\"en-US\"},{\"@type\":\"ImageObject\",\"inLanguage\":\"en-US\",\"@id\":\"https:\/\/www.visit-ulcinj.com\/blog\/2014\/01\/22\/oo-snp-ulcinju-kampanji-ne-dominiraju-zivotne-teme\/#primaryimage\",\"url\":\"https:\/\/www.visit-ulcinj.com\/blog\/wp-content\/uploads\/2014\/01\/SNP-Ulcinj.jpg\",\"contentUrl\":\"https:\/\/www.visit-ulcinj.com\/blog\/wp-content\/uploads\/2014\/01\/SNP-Ulcinj.jpg\",\"width\":960,\"height\":521},{\"@type\":\"WebPage\",\"@id\":\"https:\/\/www.visit-ulcinj.com\/blog\/2014\/01\/22\/oo-snp-ulcinju-kampanji-ne-dominiraju-zivotne-teme\/#webpage\",\"url\":\"https:\/\/www.visit-ulcinj.com\/blog\/2014\/01\/22\/oo-snp-ulcinju-kampanji-ne-dominiraju-zivotne-teme\/\",\"name\":\"OO SNP Ulcinj:U kampanji ne dominiraju \u017eivotne teme - Lajme nga Ulqini\",\"isPartOf\":{\"@id\":\"https:\/\/www.visit-ulcinj.com\/blog\/#website\"},\"primaryImageOfPage\":{\"@id\":\"https:\/\/www.visit-ulcinj.com\/blog\/2014\/01\/22\/oo-snp-ulcinju-kampanji-ne-dominiraju-zivotne-teme\/#primaryimage\"},\"datePublished\":\"2014-01-22T18:26:39+00:00\",\"dateModified\":\"2014-01-22T18:26:39+00:00\",\"author\":{\"@id\":\"https:\/\/www.visit-ulcinj.com\/blog\/#\/schema\/person\/dcab619c614d3038751c63bc2aadc06d\"},\"description\":\"Socijalisti\u010dka narodna partija Crne Gore konstatuje da se ve\u0107ina politi\u010dkih subjekata u kampanji za izbore u Ulcinju, koji \u0107e se odr\u017eati 26. januara, ne\",\"breadcrumb\":{\"@id\":\"https:\/\/www.visit-ulcinj.com\/blog\/2014\/01\/22\/oo-snp-ulcinju-kampanji-ne-dominiraju-zivotne-teme\/#breadcrumb\"},\"inLanguage\":\"en-US\",\"potentialAction\":[{\"@type\":\"ReadAction\",\"target\":[\"https:\/\/www.visit-ulcinj.com\/blog\/2014\/01\/22\/oo-snp-ulcinju-kampanji-ne-dominiraju-zivotne-teme\/\"]}]},{\"@type\":\"BreadcrumbList\",\"@id\":\"https:\/\/www.visit-ulcinj.com\/blog\/2014\/01\/22\/oo-snp-ulcinju-kampanji-ne-dominiraju-zivotne-teme\/#breadcrumb\",\"itemListElement\":[{\"@type\":\"ListItem\",\"position\":1,\"name\":\"OO SNP Ulcinj:U kampanji ne dominiraju \u017eivotne teme\"}]},{\"@type\":\"Person\",\"@id\":\"https:\/\/www.visit-ulcinj.com\/blog\/#\/schema\/person\/dcab619c614d3038751c63bc2aadc06d\",\"name\":\"ulqini\",\"sameAs\":[\"http:\/\/www.visit-ulcinj.com\"],\"url\":\"https:\/\/www.visit-ulcinj.com\/blog\/author\/admin\/\"}]}<\/script>\n<!-- \/ Yoast SEO plugin. -->","yoast_head_json":{"title":"OO SNP Ulcinj:U kampanji ne dominiraju \u017eivotne teme - Lajme nga Ulqini","description":"Socijalisti\u010dka narodna partija Crne Gore konstatuje da se ve\u0107ina politi\u010dkih subjekata u kampanji za izbore u Ulcinju, koji \u0107e se odr\u017eati 26. januara, ne","robots":{"index":"index","follow":"follow","max-snippet":"max-snippet:-1","max-image-preview":"max-image-preview:large","max-video-preview":"max-video-preview:-1"},"canonical":"https:\/\/www.visit-ulcinj.com\/blog\/2014\/01\/22\/oo-snp-ulcinju-kampanji-ne-dominiraju-zivotne-teme\/","og_locale":"en_US","og_type":"article","og_title":"OO SNP Ulcinj:U kampanji ne dominiraju \u017eivotne teme - Lajme nga Ulqini","og_description":"Socijalisti\u010dka narodna partija Crne Gore konstatuje da se ve\u0107ina politi\u010dkih subjekata u kampanji za izbore u Ulcinju, koji \u0107e se odr\u017eati 26. januara, ne","og_url":"https:\/\/www.visit-ulcinj.com\/blog\/2014\/01\/22\/oo-snp-ulcinju-kampanji-ne-dominiraju-zivotne-teme\/","og_site_name":"Lajme nga Ulqini","article_published_time":"2014-01-22T18:26:39+00:00","og_image":[{"url":"http:\/\/www.visit-ulcinj.com\/blog\/wp-content\/uploads\/2014\/01\/SNP-Ulcinj.jpg"}],"twitter_misc":{"Written by":"ulqini","Est. reading time":"3 minutes"},"schema":{"@context":"https:\/\/schema.org","@graph":[{"@type":"WebSite","@id":"https:\/\/www.visit-ulcinj.com\/blog\/#website","url":"https:\/\/www.visit-ulcinj.com\/blog\/","name":"Lajme nga Ulqini","description":"Lajme,Vijesti,Ulqini,Ulqin,Crna Gora,Mali i Zi","potentialAction":[{"@type":"SearchAction","target":{"@type":"EntryPoint","urlTemplate":"https:\/\/www.visit-ulcinj.com\/blog\/?s={search_term_string}"},"query-input":"required name=search_term_string"}],"inLanguage":"en-US"},{"@type":"ImageObject","inLanguage":"en-US","@id":"https:\/\/www.visit-ulcinj.com\/blog\/2014\/01\/22\/oo-snp-ulcinju-kampanji-ne-dominiraju-zivotne-teme\/#primaryimage","url":"https:\/\/www.visit-ulcinj.com\/blog\/wp-content\/uploads\/2014\/01\/SNP-Ulcinj.jpg","contentUrl":"https:\/\/www.visit-ulcinj.com\/blog\/wp-content\/uploads\/2014\/01\/SNP-Ulcinj.jpg","width":960,"height":521},{"@type":"WebPage","@id":"https:\/\/www.visit-ulcinj.com\/blog\/2014\/01\/22\/oo-snp-ulcinju-kampanji-ne-dominiraju-zivotne-teme\/#webpage","url":"https:\/\/www.visit-ulcinj.com\/blog\/2014\/01\/22\/oo-snp-ulcinju-kampanji-ne-dominiraju-zivotne-teme\/","name":"OO SNP Ulcinj:U kampanji ne dominiraju \u017eivotne teme - Lajme nga Ulqini","isPartOf":{"@id":"https:\/\/www.visit-ulcinj.com\/blog\/#website"},"primaryImageOfPage":{"@id":"https:\/\/www.visit-ulcinj.com\/blog\/2014\/01\/22\/oo-snp-ulcinju-kampanji-ne-dominiraju-zivotne-teme\/#primaryimage"},"datePublished":"2014-01-22T18:26:39+00:00","dateModified":"2014-01-22T18:26:39+00:00","author":{"@id":"https:\/\/www.visit-ulcinj.com\/blog\/#\/schema\/person\/dcab619c614d3038751c63bc2aadc06d"},"description":"Socijalisti\u010dka narodna partija Crne Gore konstatuje da se ve\u0107ina politi\u010dkih subjekata u kampanji za izbore u Ulcinju, koji \u0107e se odr\u017eati 26. januara, ne","breadcrumb":{"@id":"https:\/\/www.visit-ulcinj.com\/blog\/2014\/01\/22\/oo-snp-ulcinju-kampanji-ne-dominiraju-zivotne-teme\/#breadcrumb"},"inLanguage":"en-US","potentialAction":[{"@type":"ReadAction","target":["https:\/\/www.visit-ulcinj.com\/blog\/2014\/01\/22\/oo-snp-ulcinju-kampanji-ne-dominiraju-zivotne-teme\/"]}]},{"@type":"BreadcrumbList","@id":"https:\/\/www.visit-ulcinj.com\/blog\/2014\/01\/22\/oo-snp-ulcinju-kampanji-ne-dominiraju-zivotne-teme\/#breadcrumb","itemListElement":[{"@type":"ListItem","position":1,"name":"OO SNP Ulcinj:U kampanji ne dominiraju \u017eivotne teme"}]},{"@type":"Person","@id":"https:\/\/www.visit-ulcinj.com\/blog\/#\/schema\/person\/dcab619c614d3038751c63bc2aadc06d","name":"ulqini","sameAs":["http:\/\/www.visit-ulcinj.com"],"url":"https:\/\/www.visit-ulcinj.com\/blog\/author\/admin\/"}]}},"jetpack_featured_media_url":"","jetpack_sharing_enabled":true,"jetpack_shortlink":"https:\/\/wp.me\/pe6lTn-krG","_links":{"self":[{"href":"https:\/\/www.visit-ulcinj.com\/blog\/wp-json\/wp\/v2\/posts\/78596"}],"collection":[{"href":"https:\/\/www.visit-ulcinj.com\/blog\/wp-json\/wp\/v2\/posts"}],"about":[{"href":"https:\/\/www.visit-ulcinj.com\/blog\/wp-json\/wp\/v2\/types\/post"}],"author":[{"embeddable":true,"href":"https:\/\/www.visit-ulcinj.com\/blog\/wp-json\/wp\/v2\/users\/1"}],"replies":[{"embeddable":true,"href":"https:\/\/www.visit-ulcinj.com\/blog\/wp-json\/wp\/v2\/comments?post=78596"}],"version-history":[{"count":1,"href":"https:\/\/www.visit-ulcinj.com\/blog\/wp-json\/wp\/v2\/posts\/78596\/revisions"}],"predecessor-version":[{"id":78597,"href":"https:\/\/www.visit-ulcinj.com\/blog\/wp-json\/wp\/v2\/posts\/78596\/revisions\/78597"}],"wp:attachment":[{"href":"https:\/\/www.visit-ulcinj.com\/blog\/wp-json\/wp\/v2\/media?parent=78596"}],"wp:term":[{"taxonomy":"category","embeddable":true,"href":"https:\/\/www.visit-ulcinj.com\/blog\/wp-json\/wp\/v2\/categories?post=78596"},{"taxonomy":"post_tag","embeddable":true,"href":"https:\/\/www.visit-ulcinj.com\/blog\/wp-json\/wp\/v2\/tags?post=78596"}],"curies":[{"name":"wp","href":"https:\/\/api.w.org\/{rel}","templated":true}]}}