{"id":78607,"date":"2014-01-23T07:56:41","date_gmt":"2014-01-23T06:56:41","guid":{"rendered":"http:\/\/www.visit-ulcinj.com\/blog\/?p=78607"},"modified":"2014-01-25T11:08:11","modified_gmt":"2014-01-25T10:08:11","slug":"kush-duhet-te-na-udheheqe-ulqinin","status":"publish","type":"post","link":"https:\/\/www.visit-ulcinj.com\/blog\/2014\/01\/23\/kush-duhet-te-na-udheheqe-ulqinin\/","title":{"rendered":"Kush duhet t\u00eb na udh\u00ebheq\u00eb Ulqinin"},"content":{"rendered":"<p><strong><a href=\"http:\/\/www.visit-ulcinj.com\/blog\/wp-content\/uploads\/2014\/01\/Kush-duhet-t\u00eb-na-udh\u00ebheq\u00eb-Ulqinin.jpg\"><img loading=\"lazy\" class=\"alignleft  wp-image-78608\" alt=\"Kush duhet t\u00eb na udh\u00ebheq\u00eb Ulqinin\" src=\"http:\/\/www.visit-ulcinj.com\/blog\/wp-content\/uploads\/2014\/01\/Kush-duhet-t\u00eb-na-udh\u00ebheq\u00eb-Ulqinin.jpg\" width=\"508\" height=\"400\" \/><\/a>Shkruan :<\/strong><\/p>\n<p><strong>Esat Mehmeti, gazetar i radio Ulqinit\u00a0\u00a0<\/strong><\/p>\n<p style=\"text-align: center;\">\u00a0\u00a0\u00a0\u00a0\u00a0\u00a0\u00a0\u00a0\u00a0\u00a0\u00a0\u00a0\u00a0 \u00a0<strong>\u00a0\u00a0\u00a0\u00a0\u00a0\u00a0\u00a0\u00a0Kush duhet t\u00eb na udh\u00ebheq\u00eb ?<\/strong><\/p>\n<p>&nbsp;<\/p>\n<p>N\u00eb rrethanat kur po p\u00ebrballemi me sfidat e nd\u00ebrtimit demokratik, n\u00eb periudh\u00ebn e kriz\u00ebs ekonomike e cila \u00ebsht\u00eb duke e p\u00ebrcjell\u00eb vendin ton\u00eb t\u00eb varf\u00ebr, tani e dy dekada, po t&#8217;i shtohet k\u00ebsaj edhe kriza ekonomike globale, p\u00ebrmes t\u00eb cil\u00ebs po kalon ekonomia bot\u00ebrore, mund t\u00eb thuhet se, t\u00ebr\u00eb kjo e ka v\u00ebn\u00eb n\u00eb pik\u00ebpyetje dinamik\u00ebn dhe rritj\u00ebn e zhvillimit ekonomike t\u00eb vendit. Edhe pse faktori politik p\u00ebrpiqet p\u00ebr t\u00eb bindur, se do t\u00eb kemi nj\u00eb t\u00eb ardhme m\u00eb t\u00eb mir\u00eb, del se, brenda \u201cvij\u00ebs s\u00eb verdh\u00eb\u201d t\u00eb k\u00ebsaj situate sa ekonomike, aq edhe politike, takohemi me nj\u00eb realitet shqet\u00ebsues, q\u00eb k\u00ebrkon nd\u00ebrhyrje p\u00ebr ndryshimin e shpejt\u00eb t\u00eb gjendjes n\u00eb ecurin\u00eb e progresit ekonomik t\u00eb vendit .<\/p>\n<p>Nisur nga faktet, shqet\u00ebsimi duhet t\u00eb sh\u00ebnd\u00ebrrohet n\u00eb alarm, qoft\u00eb p\u00ebr shkall\u00ebn e krizes, qoft\u00eb p\u00ebr strategjin\u00eb e daljes nga \u201canemia\u201d ku jemi zhytur. Dekleratat e faktorit politik p\u00ebr \u201crritje ekonomike, rritje investimesh, rritje t\u00eb mir\u00ebqenies, reforma strukturore, privatizime, gjall\u00ebrim t\u00eb iniciativ\u00ebs s\u00eb lir\u00eb\u201d etj,etj. ,kontestohen nga fakti, q\u00eb kemi si tregues jo fuqizimin, por rr\u00ebnimin e ekonomis\u00eb. Deri m\u00eb tani, s\u00eb paku n\u00eb k\u00ebto dy dekadat e fundit, pothuaj, asnj\u00eb aksion i b\u00ebr\u00eb me ekonomin\u00eb ton\u00eb, nuk \u00ebsht\u00eb shoq\u00ebruar me efekte p\u00ebrmir\u00ebsuese t\u00eb drejtp\u00ebrdrejta n\u00eb mir\u00ebqenien e popullat\u00ebs. Andaj, p\u00ebr t\u00eb maskuar k\u00ebto politika d\u00ebshtuese e denigruese n\u00eb ekonomi, qeveria ka krijuar raporte jotransparente me ndikim n\u00eb zhvillimin progresiv t\u00eb ekonomis\u00eb n\u00eb k\u00ebt\u00eb mjedis.<\/p>\n<p>Qeveria, s\u00eb bashku me politikan\u00ebt tan\u00eb, nuk po b\u00ebjn\u00eb asnj\u00eb kujdes p\u00ebr ruajtjen e ekuilibreve jetik\u00eb n\u00eb k\u00ebt\u00eb mjedis. Zhvillimi ekonomik i vendit duhet mb\u00ebshtetur jo vet\u00ebm me konstatime e deklerata, por me aksione konkrete. Treguesi m\u00eb i qart\u00eb i uljes ekonomike \u00ebsht\u00eb niveli i lart\u00eb i varf\u00ebris\u00eb, sespe t\u00eb deklarosh rritje ekonomike, do t\u00eb thot\u00eb t\u00eb kesh ulje t\u00eb dukshme t\u00eb varf\u00ebris\u00eb. Para s\u00eb gjithash, \u00ebsht\u00eb mir\u00eb, t\u00eb shtohet di\u00e7ka m\u00eb tep\u00ebr n\u00eb xhepat e njer\u00ebzve dhe t\u00eb plot\u00ebsohet m\u00eb tep\u00ebr tavolina e buk\u00ebs s\u00eb k\u00ebsaj popullate, e jo vet\u00ebm t\u00eb hartohen tabela me rritje t\u00eb lart\u00eb ekonomike .<\/p>\n<p>Sipas t\u00eb dh\u00ebnave statistikore del se, krahas papun\u00ebsis\u00eb s\u00eb madhe \u00ebsht\u00eb edhe rritja e vazhdueshme e \u00e7mimeve t\u00eb artikujve me elementare. N\u00eb an\u00ebn tjet\u00ebr, pagat e ulta q\u00eb s\u2019p\u00ebrmbushin as nevojave elementare t\u00eb jet\u00ebs n\u00eb familje, ato dhe vonohen me muaj t\u00eb t\u00ebr\u00eb. Nj\u00eb num\u00ebr i madh i popullsis\u00eb jeton n\u00eb varf\u00ebri t\u00eb skajshme. Lufta p\u00ebr ekzistenc\u00eb behet e pap\u00ebrballueshme.\u00c7do vit e m\u00eb tep\u00ebr \u201cprodhohen\u201d num\u00ebr i madh i t\u00eb papun\u00ebve aktiv\u00eb. \u00c7do vit e m\u00eb tep\u00ebr largohen nga vendi t\u00eb rinj e familjar. Beteja p\u00ebr mbijetes\u00eb \u00ebsht\u00eb m\u00eb e eg\u00ebr se kurr\u00eb ndonj\u00ebher\u00eb n\u00eb k\u00ebto dy dekadat e fundit. Por, p\u00ebr m\u00eb tep\u00ebr, k\u00ebsaj kriz\u00eb i shtohet edhe gjendja e trasheguar nga e kaluara. Kjo \u00ebsht\u00eb edhe pasoj\u00eb e problemeve t\u00eb grumbulluara gjat\u00eb viteve t\u00eb shkuara. K\u00ebto dhe t\u00eb tjera fakte, jan\u00eb dhe duhet t\u00eb jen\u00eb treguesit me t\u00eb mir\u00eb p\u00ebr matjen e rritj\u00ebs ose r\u00ebni\u00ebs ekonomike t\u00eb nj\u00eb vendi. Jan\u00eb rritja ose ulja e mir\u00ebqenies dhe jo tabelat statistikore q\u00eb hartohen n\u00eb zyrat e pushtetar\u00ebve tan\u00eb. Edhe pse, mendoj se Ulqini ka nj\u00eb t\u00eb ardhme t\u00eb mir\u00eb, nga se ka nj\u00eb pozit\u00eb t\u00eb mir\u00eb dhe resurse t\u00eb vlefshme natyrore q\u00eb Zoti di t\u2019i fal\u00eb, por k\u00ebto duhet ditur, ruajtur dhe shfryt\u00ebzuar mir\u00eb. Ulqini me rrethin\u00eb, ka resurse t\u00eb mjaftueshme p\u00ebr t\u00eb plot\u00ebsuar t\u00eb gjitha nevojat e k\u00ebsaj popullate, por pushteti qendror prej vitesh \u00ebsht\u00eb inferior, madje, Ulqini \u00ebsht\u00eb jasht\u00eb loje. Mir\u00ebpo, nga ana tjet\u00ebr, n\u00ebse\u00a0 mes subjekteve shqiptare\u00a0 edhe m\u00eb tutje\u00a0 nuk do t\u00eb kemi nj\u00eb konsulidim t\u00eb p\u00ebrbashk\u00ebt, at\u00ebher\u00eb mund\u00ebsit\u00eb p\u00ebr ndryshime pozitive do t\u00eb\u00a0 jen\u00eb edhe m\u00eb t\u00eb vogla .<\/p>\n<p>T\u00eb gjitha p\u00ebrvojat e vendeve t\u00eb zhvilluara d\u00ebshmojn\u00eb se rrug\u00ebdalja q\u00ebndron n\u00eb p\u00ebrzgjedhjen e kuadrove q\u00eb posedojn\u00eb shkatht\u00ebsi dhe dituri menaxhuese. Andaj, para nesh jan\u00eb zgjedhjet e parakoh\u00ebshme lokale. At\u00ebher\u00eb, shtrohet pyetja, me cilat kritere t\u2019i votojm\u00eb lider\u00ebt tan\u00eb t\u00eb cil\u00ebt na \u201cmund\u00ebsojn\u00eb \u201cdalje nga kriza ekonomike dhe japin nj\u00eb zhvillim t\u00eb q\u00ebndruesh\u00ebm ekonomik p\u00ebr qytetar\u00ebt tan\u00eb \u00a0dhe p\u00ebr \u00a0k\u00ebt\u00eb mjedis ?.<\/p>\n<p>Mendoj, se zgjedhja e duhur e lider\u00ebve me veti udh\u00ebheq\u00ebse demokratike, patjet\u00ebr duhet t\u00eb posedoj\u00eb kultur\u00eb, aft\u00ebsi dhe dije menaxhuese p\u00ebr udh\u00ebheqje t\u00eb institucioneve lokale dhe shtet\u00ebrore, funksione t\u00eb sistemit politik dhe ekonomik. E t\u00ebr\u00eb kjo le t\u00eb mbetet nj\u00eb p\u00ebrkujtues ndoshta i vlefsh\u00ebm i vler\u00ebsimit t\u00eb secilit nga ne qytetar\u00ebt me rastin e votimit. Kam besim se k\u00ebto konstatime vler\u00ebsuese sado pak do t\u00eb na ndihmojn\u00eb q\u00eb t\u2019i votojm\u00eb kandidat\u00ebt t\u00eb cil\u00ebt e meritojn\u00eb.<\/p>\n","protected":false},"excerpt":{"rendered":"<p>Shkruan : Esat Mehmeti, gazetar i radio Ulqinit\u00a0\u00a0 \u00a0\u00a0\u00a0\u00a0\u00a0\u00a0\u00a0\u00a0\u00a0\u00a0\u00a0\u00a0\u00a0 \u00a0\u00a0\u00a0\u00a0\u00a0\u00a0\u00a0\u00a0\u00a0Kush duhet t\u00eb na udh\u00ebheq\u00eb ? &nbsp; N\u00eb rrethanat kur po p\u00ebrballemi me sfidat e nd\u00ebrtimit demokratik, n\u00eb periudh\u00ebn e kriz\u00ebs ekonomike e cila \u00ebsht\u00eb duke e p\u00ebrcjell\u00eb vendin ton\u00eb t\u00eb varf\u00ebr, tani e dy dekada, po t&#8217;i shtohet k\u00ebsaj edhe kriza ekonomike globale, p\u00ebrmes t\u00eb [&hellip;]<\/p>\n","protected":false},"author":1,"featured_media":0,"comment_status":"closed","ping_status":"closed","sticky":false,"template":"","format":"standard","meta":{"spay_email":"","jetpack_publicize_message":"","jetpack_is_tweetstorm":false,"jetpack_publicize_feature_enabled":true},"categories":[1,13],"tags":[],"jetpack_publicize_connections":[],"yoast_head":"<!-- This site is optimized with the Yoast SEO plugin v19.1 - https:\/\/yoast.com\/wordpress\/plugins\/seo\/ -->\n<title>Kush duhet t\u00eb na udh\u00ebheq\u00eb Ulqinin - Lajme nga Ulqini<\/title>\n<meta name=\"description\" content=\"Shkruan : Esat Mehmeti, gazetar i radio Ulqinit\u00a0\u00a0 \u00a0\u00a0\u00a0\u00a0\u00a0\u00a0\u00a0\u00a0\u00a0\u00a0\u00a0\u00a0\u00a0 \u00a0\u00a0\u00a0\u00a0\u00a0\u00a0\u00a0\u00a0\u00a0Kush duhet t\u00eb na udh\u00ebheq\u00eb ? &nbsp; N\u00eb rrethanat kur po p\u00ebrballemi me sfidat e\" \/>\n<meta name=\"robots\" content=\"index, follow, max-snippet:-1, max-image-preview:large, max-video-preview:-1\" \/>\n<link rel=\"canonical\" href=\"https:\/\/www.visit-ulcinj.com\/blog\/2014\/01\/23\/kush-duhet-te-na-udheheqe-ulqinin\/\" \/>\n<meta property=\"og:locale\" content=\"en_US\" \/>\n<meta property=\"og:type\" content=\"article\" \/>\n<meta property=\"og:title\" content=\"Kush duhet t\u00eb na udh\u00ebheq\u00eb Ulqinin - Lajme nga Ulqini\" \/>\n<meta property=\"og:description\" content=\"Shkruan : Esat Mehmeti, gazetar i radio Ulqinit\u00a0\u00a0 \u00a0\u00a0\u00a0\u00a0\u00a0\u00a0\u00a0\u00a0\u00a0\u00a0\u00a0\u00a0\u00a0 \u00a0\u00a0\u00a0\u00a0\u00a0\u00a0\u00a0\u00a0\u00a0Kush duhet t\u00eb na udh\u00ebheq\u00eb ? &nbsp; N\u00eb rrethanat kur po p\u00ebrballemi me sfidat e\" \/>\n<meta property=\"og:url\" content=\"https:\/\/www.visit-ulcinj.com\/blog\/2014\/01\/23\/kush-duhet-te-na-udheheqe-ulqinin\/\" \/>\n<meta property=\"og:site_name\" content=\"Lajme nga Ulqini\" \/>\n<meta property=\"article:published_time\" content=\"2014-01-23T06:56:41+00:00\" \/>\n<meta property=\"article:modified_time\" content=\"2014-01-25T10:08:11+00:00\" \/>\n<meta name=\"twitter:label1\" content=\"Written by\" \/>\n\t<meta name=\"twitter:data1\" content=\"ulqini\" \/>\n\t<meta name=\"twitter:label2\" content=\"Est. reading time\" \/>\n\t<meta name=\"twitter:data2\" content=\"4 minutes\" \/>\n<script type=\"application\/ld+json\" class=\"yoast-schema-graph\">{\"@context\":\"https:\/\/schema.org\",\"@graph\":[{\"@type\":\"WebSite\",\"@id\":\"https:\/\/www.visit-ulcinj.com\/blog\/#website\",\"url\":\"https:\/\/www.visit-ulcinj.com\/blog\/\",\"name\":\"Lajme nga Ulqini\",\"description\":\"Lajme,Vijesti,Ulqini,Ulqin,Crna Gora,Mali i Zi\",\"potentialAction\":[{\"@type\":\"SearchAction\",\"target\":{\"@type\":\"EntryPoint\",\"urlTemplate\":\"https:\/\/www.visit-ulcinj.com\/blog\/?s={search_term_string}\"},\"query-input\":\"required name=search_term_string\"}],\"inLanguage\":\"en-US\"},{\"@type\":\"WebPage\",\"@id\":\"https:\/\/www.visit-ulcinj.com\/blog\/2014\/01\/23\/kush-duhet-te-na-udheheqe-ulqinin\/#webpage\",\"url\":\"https:\/\/www.visit-ulcinj.com\/blog\/2014\/01\/23\/kush-duhet-te-na-udheheqe-ulqinin\/\",\"name\":\"Kush duhet t\u00eb na udh\u00ebheq\u00eb Ulqinin - Lajme nga Ulqini\",\"isPartOf\":{\"@id\":\"https:\/\/www.visit-ulcinj.com\/blog\/#website\"},\"datePublished\":\"2014-01-23T06:56:41+00:00\",\"dateModified\":\"2014-01-25T10:08:11+00:00\",\"author\":{\"@id\":\"https:\/\/www.visit-ulcinj.com\/blog\/#\/schema\/person\/dcab619c614d3038751c63bc2aadc06d\"},\"description\":\"Shkruan : Esat Mehmeti, gazetar i radio Ulqinit\u00a0\u00a0 \u00a0\u00a0\u00a0\u00a0\u00a0\u00a0\u00a0\u00a0\u00a0\u00a0\u00a0\u00a0\u00a0 \u00a0\u00a0\u00a0\u00a0\u00a0\u00a0\u00a0\u00a0\u00a0Kush duhet t\u00eb na udh\u00ebheq\u00eb ? &nbsp; N\u00eb rrethanat kur po p\u00ebrballemi me sfidat e\",\"breadcrumb\":{\"@id\":\"https:\/\/www.visit-ulcinj.com\/blog\/2014\/01\/23\/kush-duhet-te-na-udheheqe-ulqinin\/#breadcrumb\"},\"inLanguage\":\"en-US\",\"potentialAction\":[{\"@type\":\"ReadAction\",\"target\":[\"https:\/\/www.visit-ulcinj.com\/blog\/2014\/01\/23\/kush-duhet-te-na-udheheqe-ulqinin\/\"]}]},{\"@type\":\"BreadcrumbList\",\"@id\":\"https:\/\/www.visit-ulcinj.com\/blog\/2014\/01\/23\/kush-duhet-te-na-udheheqe-ulqinin\/#breadcrumb\",\"itemListElement\":[{\"@type\":\"ListItem\",\"position\":1,\"name\":\"Kush duhet t\u00eb na udh\u00ebheq\u00eb Ulqinin\"}]},{\"@type\":\"Person\",\"@id\":\"https:\/\/www.visit-ulcinj.com\/blog\/#\/schema\/person\/dcab619c614d3038751c63bc2aadc06d\",\"name\":\"ulqini\",\"sameAs\":[\"http:\/\/www.visit-ulcinj.com\"],\"url\":\"https:\/\/www.visit-ulcinj.com\/blog\/author\/admin\/\"}]}<\/script>\n<!-- \/ Yoast SEO plugin. -->","yoast_head_json":{"title":"Kush duhet t\u00eb na udh\u00ebheq\u00eb Ulqinin - Lajme nga Ulqini","description":"Shkruan : Esat Mehmeti, gazetar i radio Ulqinit\u00a0\u00a0 \u00a0\u00a0\u00a0\u00a0\u00a0\u00a0\u00a0\u00a0\u00a0\u00a0\u00a0\u00a0\u00a0 \u00a0\u00a0\u00a0\u00a0\u00a0\u00a0\u00a0\u00a0\u00a0Kush duhet t\u00eb na udh\u00ebheq\u00eb ? &nbsp; N\u00eb rrethanat kur po p\u00ebrballemi me sfidat e","robots":{"index":"index","follow":"follow","max-snippet":"max-snippet:-1","max-image-preview":"max-image-preview:large","max-video-preview":"max-video-preview:-1"},"canonical":"https:\/\/www.visit-ulcinj.com\/blog\/2014\/01\/23\/kush-duhet-te-na-udheheqe-ulqinin\/","og_locale":"en_US","og_type":"article","og_title":"Kush duhet t\u00eb na udh\u00ebheq\u00eb Ulqinin - Lajme nga Ulqini","og_description":"Shkruan : Esat Mehmeti, gazetar i radio Ulqinit\u00a0\u00a0 \u00a0\u00a0\u00a0\u00a0\u00a0\u00a0\u00a0\u00a0\u00a0\u00a0\u00a0\u00a0\u00a0 \u00a0\u00a0\u00a0\u00a0\u00a0\u00a0\u00a0\u00a0\u00a0Kush duhet t\u00eb na udh\u00ebheq\u00eb ? &nbsp; N\u00eb rrethanat kur po p\u00ebrballemi me sfidat e","og_url":"https:\/\/www.visit-ulcinj.com\/blog\/2014\/01\/23\/kush-duhet-te-na-udheheqe-ulqinin\/","og_site_name":"Lajme nga Ulqini","article_published_time":"2014-01-23T06:56:41+00:00","article_modified_time":"2014-01-25T10:08:11+00:00","twitter_misc":{"Written by":"ulqini","Est. reading time":"4 minutes"},"schema":{"@context":"https:\/\/schema.org","@graph":[{"@type":"WebSite","@id":"https:\/\/www.visit-ulcinj.com\/blog\/#website","url":"https:\/\/www.visit-ulcinj.com\/blog\/","name":"Lajme nga Ulqini","description":"Lajme,Vijesti,Ulqini,Ulqin,Crna Gora,Mali i Zi","potentialAction":[{"@type":"SearchAction","target":{"@type":"EntryPoint","urlTemplate":"https:\/\/www.visit-ulcinj.com\/blog\/?s={search_term_string}"},"query-input":"required name=search_term_string"}],"inLanguage":"en-US"},{"@type":"WebPage","@id":"https:\/\/www.visit-ulcinj.com\/blog\/2014\/01\/23\/kush-duhet-te-na-udheheqe-ulqinin\/#webpage","url":"https:\/\/www.visit-ulcinj.com\/blog\/2014\/01\/23\/kush-duhet-te-na-udheheqe-ulqinin\/","name":"Kush duhet t\u00eb na udh\u00ebheq\u00eb Ulqinin - Lajme nga Ulqini","isPartOf":{"@id":"https:\/\/www.visit-ulcinj.com\/blog\/#website"},"datePublished":"2014-01-23T06:56:41+00:00","dateModified":"2014-01-25T10:08:11+00:00","author":{"@id":"https:\/\/www.visit-ulcinj.com\/blog\/#\/schema\/person\/dcab619c614d3038751c63bc2aadc06d"},"description":"Shkruan : Esat Mehmeti, gazetar i radio Ulqinit\u00a0\u00a0 \u00a0\u00a0\u00a0\u00a0\u00a0\u00a0\u00a0\u00a0\u00a0\u00a0\u00a0\u00a0\u00a0 \u00a0\u00a0\u00a0\u00a0\u00a0\u00a0\u00a0\u00a0\u00a0Kush duhet t\u00eb na udh\u00ebheq\u00eb ? &nbsp; N\u00eb rrethanat kur po p\u00ebrballemi me sfidat e","breadcrumb":{"@id":"https:\/\/www.visit-ulcinj.com\/blog\/2014\/01\/23\/kush-duhet-te-na-udheheqe-ulqinin\/#breadcrumb"},"inLanguage":"en-US","potentialAction":[{"@type":"ReadAction","target":["https:\/\/www.visit-ulcinj.com\/blog\/2014\/01\/23\/kush-duhet-te-na-udheheqe-ulqinin\/"]}]},{"@type":"BreadcrumbList","@id":"https:\/\/www.visit-ulcinj.com\/blog\/2014\/01\/23\/kush-duhet-te-na-udheheqe-ulqinin\/#breadcrumb","itemListElement":[{"@type":"ListItem","position":1,"name":"Kush duhet t\u00eb na udh\u00ebheq\u00eb Ulqinin"}]},{"@type":"Person","@id":"https:\/\/www.visit-ulcinj.com\/blog\/#\/schema\/person\/dcab619c614d3038751c63bc2aadc06d","name":"ulqini","sameAs":["http:\/\/www.visit-ulcinj.com"],"url":"https:\/\/www.visit-ulcinj.com\/blog\/author\/admin\/"}]}},"jetpack_featured_media_url":"","jetpack_sharing_enabled":true,"jetpack_shortlink":"https:\/\/wp.me\/pe6lTn-krR","_links":{"self":[{"href":"https:\/\/www.visit-ulcinj.com\/blog\/wp-json\/wp\/v2\/posts\/78607"}],"collection":[{"href":"https:\/\/www.visit-ulcinj.com\/blog\/wp-json\/wp\/v2\/posts"}],"about":[{"href":"https:\/\/www.visit-ulcinj.com\/blog\/wp-json\/wp\/v2\/types\/post"}],"author":[{"embeddable":true,"href":"https:\/\/www.visit-ulcinj.com\/blog\/wp-json\/wp\/v2\/users\/1"}],"replies":[{"embeddable":true,"href":"https:\/\/www.visit-ulcinj.com\/blog\/wp-json\/wp\/v2\/comments?post=78607"}],"version-history":[{"count":4,"href":"https:\/\/www.visit-ulcinj.com\/blog\/wp-json\/wp\/v2\/posts\/78607\/revisions"}],"predecessor-version":[{"id":78683,"href":"https:\/\/www.visit-ulcinj.com\/blog\/wp-json\/wp\/v2\/posts\/78607\/revisions\/78683"}],"wp:attachment":[{"href":"https:\/\/www.visit-ulcinj.com\/blog\/wp-json\/wp\/v2\/media?parent=78607"}],"wp:term":[{"taxonomy":"category","embeddable":true,"href":"https:\/\/www.visit-ulcinj.com\/blog\/wp-json\/wp\/v2\/categories?post=78607"},{"taxonomy":"post_tag","embeddable":true,"href":"https:\/\/www.visit-ulcinj.com\/blog\/wp-json\/wp\/v2\/tags?post=78607"}],"curies":[{"name":"wp","href":"https:\/\/api.w.org\/{rel}","templated":true}]}}