{"id":78617,"date":"2014-01-23T16:15:15","date_gmt":"2014-01-23T15:15:15","guid":{"rendered":"http:\/\/www.visit-ulcinj.com\/blog\/?p=78617"},"modified":"2014-01-23T16:15:15","modified_gmt":"2014-01-23T15:15:15","slug":"fesi-permbi-uje-nga-muzafer-beljo-causi","status":"publish","type":"post","link":"https:\/\/www.visit-ulcinj.com\/blog\/2014\/01\/23\/fesi-permbi-uje-nga-muzafer-beljo-causi\/","title":{"rendered":"Fesi p\u00ebrmbi uj\u00eb nga Muzafer Beljo \u00c7ausi"},"content":{"rendered":"<p><a href=\"http:\/\/www.visit-ulcinj.com\/blog\/wp-content\/uploads\/2014\/01\/Fesi-p\u00ebrmbi-uj\u00eb.jpg\"><img loading=\"lazy\" class=\"alignleft  wp-image-78618\" alt=\"Fesi p\u00ebrmbi uj\u00eb\" src=\"http:\/\/www.visit-ulcinj.com\/blog\/wp-content\/uploads\/2014\/01\/Fesi-p\u00ebrmbi-uj\u00eb.jpg\" width=\"508\" height=\"360\" \/><\/a>Goj\u00ebn s\u2019e mbyll q\u00eb kur u ul, nd\u00ebrsa cigarja s\u2019i luan nga buza e poshtme. Si ia del, nuk e kam t\u00eb qart\u00eb, e aq m\u00eb pak, si mundet q\u00eb me sabah, t\u00eb bluaj\u00eb pa pushim.<br \/>\nKall\u00ebzon Muhoja p\u00ebr nj\u00eb peshkim para tre vjet\u00ebsh, deri sa nxehemi rreth shporetit n\u00eb Kafehanen e Boshkos, duke pritur t\u00eb shkonim t\u00eb nxirrnim rrjetat.<\/p>\n<p>&#8211; Salpaj un\u00eb \u2013 flet me \u201cfff\u201d dhe p\u00ebrpin fjal\u00eb \u2013 rrjet\u00ebn time, vira \u2013 vira, leva \u2013 leva \u2013 nji mut! S\u2019ka gja, as sa m\u2019i xi nji f\u00ebltere.<br \/>\nE kapi Qiroja shamadorin, e mori rrjet\u00ebn. Ftoft\u00eb, durt e nxime, ata penjt\u00eb e rrjet\u00ebs si xhileta, me b\u00ebrtit\u00eb, e as nji kok\u00ebrr s\u2019ka. Me plas\u00eb. Ta qifsha k\u00ebt nafak\u00eb! si ta kishim gjujt Zotin me gur\u00eb.<br \/>\nBaroja s\u2019ka qef as ta nxjerr\u00eb set rrjet\u00ebn, e shef sa isht sahati. Par \u00e7ka t\u2019 bante, nisi t\u00eb bante pun\u00ebn, t\u00eb ikim n\u00ebp\u00ebr shpija!<br \/>\nVira, leva!.., kurgja, kurgja, kur: kuku, nan\u00eb! \u00e7\u2019isht kja!?<br \/>\nKcei prej bashit Baroja, hyri n\u00eb sanall, u trem, nj\u00eb \u00e7ud\u00eb isht n\u00eb rrjet\u00eb! \u2013 f\u00ebrf\u00eblloi Muhoja ma me za; tesh mezi ja marrim vesht fjal\u00ebt.<br \/>\nAjo cigarja l\u00ebviz fort me buz\u00ebn, por prite Zot se bie.<br \/>\n&#8211; Avara, pak, avara, t\u00eb shaf se \u00e7\u2019isht kja! \u2013 b\u00ebrtet Baroja, e \u00e7ka me pa, bir nane, kuku, se \u00e7fare gruje ishte! \u2013 vazhdoi \u2013 pasha Zotin, ma e trash\u00eb se kama jeme, ma se dy metra, aci s\u2019kam pa kurr! Ja un\u00eb, par askush pi jush! \u2013 ma shum se njizet qiellesh, njizet e pes\u00eb, edhe ma!..<br \/>\n&#8211; Karub\u00eb, ma nerp karub\u00ebn! B\u00ebrtet Baroja.<br \/>\n&#8211; Pa ta nap karin! &#8211; i b\u00ebrtas un\u00eb, kur e ke lan\u00eb n\u00eb mole, hajvan!<br \/>\n&#8211; Ma nep grrem\u00e7in, t\u2019ja ngul ksaj \u00e7udije, prap\u00eb, k\u00ebrkon.<br \/>\n&#8211; B\u00ebrtit ti sa t\u2019 dush, par grem\u00e7 s\u2019kemi pas\u00eb kurr\u00eb n\u00eb fllug\u00eb!<br \/>\nAjo gruja me dham mahet p\u00ebr rrjet\u00eb. Ka ardh, sigurisht, t\u2019 hante nji sarg qi ishte ngatrru n\u00eb rrjet\u00eb, pranej i ka met kafshat n\u2019fyt. Aja nuk kapet me rrjeta&#8230; Likura i rrshjet, isht si gjarp\u00ebn i madh, ate s\u2019e nal syni i rrjet\u00ebs. Ve\u00e7 kja e Baros, slu\u00e7ajno! Asesi m\u2019i qit n\u2019 sanall, s\u2019 ke si m\u2019i kap\u00eb, ishte e fort\u00eb, si e b\u00ebrkavi balastaman\u00eb, at\u00eb majen bashit, gruja \u2013 doli pi rrjete! Ra n\u2019uj\u00eb, rrafi nja dy her\u00eb me bisht si me rrem dhe deti mi te u myll, s\u2019u pa ma, iku, pshtej! Rinte Baroja maje bashit, isht zverdh\u00eb, mezi merr frym\u00eb, s\u2019di \u00e7ka shikan&#8230;<br \/>\nShfreva un\u00eb \u2013 e p\u00ebrfundon tregimin Muhoja, dhe tha\u00e7: shyqyr! Shyqyr qi i iku aja gruja!<br \/>\n&#8211; Si, mare, shyqyr? \u2013 Sa zem\u00ebrkeq qi je! \u2013 i thot\u00eb Boshkoja.<br \/>\n&#8211; Njashtu, tamam njashtu \u2013 se a mas na kishte dhan\u00eb ai fukara denji kurm gruje? \u2013 Pa, karucin, mir\u00eb qi i ka ik\u00eb, &#8211; ne asgja, e aj&#8230;<br \/>\n&#8211; Eee, masanej \u00e7uditesh pse ti nuk xe gja, ka Zat! \u2013 s\u2019ja le Boshkoja.<br \/>\n&#8211; Mas, mare! S\u2019ka Zat n\u2019 gjonj\u00eb, pun\u00eb dreqi isht kja. A e di ti, mare, se sa shpirta na i marrim n\u2019 dit\u00eb, e peshku tuj dhan\u00eb frym\u00eb, kur e hap goj\u00ebn, \u00e7ka thot\u00eb: nem! Na nem, Bole! Na jemi t\u00eb nemun me miljona her\u00eb, prandej e shef, na p\u00ebrparom\u00eb si mini ne brim\u00eb t\u2019 murit, kurr s\u2019 bahemi shpi&#8230;<br \/>\n&#8211; Po, \u00e7ka mendon ti dhe shok\u00ebt tu ta leni k\u00ebt pun\u00eb? T\u00eb gjith\u00eb bashk\u00eb i keni ma se dyqind vjet, bile keni me na shti n\u00eb pun\u00eb edhe t\u2019ju xjerrim pi detit! &#8211; prap\u00eb s\u2019e le dreqi rahat Boshkon.<br \/>\n&#8211; Pasi, me m\u2019 xjerr\u00eb pi detit e m\u2019 qit\u00eb n\u2019 tok\u00eb, pi shiut n\u2019 bresh\u00ebn, &#8211; ja faleminer\u00ebs, ma mir\u00eb me m\u2019 hang\u00ebr peshku se krymat! Mirpa, shika knej, kur t\u2019 m\u2019 vinj dekiku, ka me m\u2019 gjet dhe ktu, edhe n\u2019 det dhe n\u00ebn jargan. Nuk munesh, ti Bole, m\u2019u mshef pi dek\u00ebs mas shankut, e as qi ke m\u2019i ik kuda qi ke m\u2019u fut\u00eb. Aja nuk vjen pi asku, as qi nget mas teje. Ate e ban me vete gjithkund. E ke n\u00eb vedi n\u00eb trup qysh kur je kriju me far\u00eb dhe aja rri kacuk, e shikan dakikun kur ka me t\u2019gjet\u00eb dhe me t\u2019 marr me vedi&#8230;<br \/>\n&#8211; Pa sa i men\u00e7\u00ebm qi je tesh natje, \u00e7da fjal\u00eb e flet si me qen\u00eb e Njegoshit.<br \/>\n&#8211; Mas m\u2019 krahasa ti mu me at\u00eb popin tand, shyqyr zotit, jam musliman!..<br \/>\n&#8211; \u00c7\u2019me ba, mar Muho, un\u00eb aty s\u2019vetem gja, mirpa shneti isht ma me ranci, ruju, ti, mas me t\u2019 rraf\u00eb era! \u2013 i ban me sy Boshkoja.<br \/>\nT\u00eb gjith\u00eb qeshen, u ka dal\u00eb mahmurll\u00ebku, nd\u00ebrsa Muhoja e lag fytin me kafen e dyt\u00eb&#8230;<\/p>\n<p>Ia arrit\u00ebn dy shok\u00eb t\u00eb mo\u00e7\u00ebm t\u00eb tij, kurrfar\u00eb shok\u00ebsh, dhe t\u00eb tre shkuan deri te anija, e g\u00ebrgiten, sa s\u2019shamatohen. Do t\u00eb kthehet nga peshkimi cili do t\u00eb teproj\u00eb&#8230;<\/p>\n<p>&#8211; Hajt, &#8211; u b\u00ebrtasin pi kafehanes \u2013 ju met\u00eb fesi mi uj\u00eb, ishalla, t\u2019pushojn\u00eb ata t\u2019shpis pi jush!<br \/>\nHaxhirja e Muhos da ta p\u00ebrzinte hallv\u00ebn me rrem me qen\u00eb qi dikush i merr mushtulluk. E, \u00e7\u2019isht rrnesa, mare Zat, katerdhet vjet e ka prit deri sa ka qen\u00eb gjemxhi. Kat\u00ebrdhet vjet jan\u00eb dishiru, kan\u00eb ba kat\u00ebr fmi, pi Skenderijes i ka pru benebrek\u00eb dhe bo\u00e7e, e tesh s\u2019 munen m\u2019i pa me sy njini \u2013 tjetrin!..<\/p>\n<p>E, dimrit t\u00eb kaluar, v\u00ebrtet i mbeti fesi p\u00ebrmbi uj\u00eb&#8230;<br \/>\nMir\u00ebpo, Muhoja nuk ishte n\u00ebn t\u00eb, andaj Haxherja nuk ia b\u00ebri hallv\u00ebn.<\/p>\n<p>&#8211; Na xu mu dhe Qemon n\u00eb Mole se baheshim gati p\u00ebr me shku n\u2019 gjonj\u00eb, dhe na lut, qi me rrjetat tona, t\u2019ja lshojm\u00eb edhe rrjet\u00ebn e tij, masi pa shkojshim kah Valdanosi.<br \/>\n&#8211; Ma nep \u2013 i thot Qemali \u2013 na kemi m\u2019i xjerr\u00eb natje dhe kemi me ta pru! Par ja, edhe aj da me ardh\u00eb me ne. Dhe ashtu u ba.<br \/>\nI nxor\u00ebm un\u00eb dhe Qemoja rrjetat tona, s\u2019isht keq: ka korba, disa sargje, peshk p\u00ebr s\u00eb mari.<br \/>\nN\u00eb rrjet\u00ebn e Muhos \u2013 kurgja! s\u2019ka as p\u00ebr nji mizdit\u00eb.<br \/>\n&#8211; Pa si me pas\u00eb gja? &#8211; e g\u00ebrget ortaku jem, kja rrjet isht ma plak\u00eb se ti, tan\u00eb e shkyme. Ma kallej kishe xan gja si t\u2019i kishe shlu ata benebrekt e Haxhires!<br \/>\nFlet di\u00e7ka, gungjat.<br \/>\nU nis\u00ebm mrapa, un\u00eb n\u00eb ki\u00e7 me pent\u00eb, ai rri n\u00eb shkam midis fllug\u00ebs, pi cigare, pshtyn n\u2019 det, dersa Qemoja, sa mas me nejt kat, nis e neton rrjet\u00ebn n\u00eb bash.<br \/>\nN\u00eb njin\u00ebn ishin xan\u00eb nja dhet letrika, razha, e \u00e7ka me ba meta? n\u2019pazar s\u2019i blen kush, e na jemi ngi me peshk. Dhe secil\u00ebn qi e xjerr pi rrjete, Qemoja e hedh n\u2019uj\u00eb.<br \/>\nUn\u00eb e shaf Muhon: p\u00ebr secilin ban sikur me qen\u00eb gollman kur gjuhet n\u2019 tap, fryn, shfryn. M\u2019 kapi gazi.<br \/>\nKur n\u2019 det fluturoj dhe letrika e funit, ma e madhja, ma s\u2019u duru, gati sa s\u2019u hedh mas saj&#8230; N\u2019 dakikun e funit u majt mas t\u2019 binte n\u2019 det, por fesin \u2013 francusk\u00ebn \u2013 ia kapi era. Shkej n\u2019 det!<br \/>\n&#8211; T\u2019 kthehem, Muho?!<br \/>\n&#8211; Ja, s\u2019ka gajle, vozit! Le t\u2019shkonj fesi n\u2019pith t\u2019sam\u00ebs! e ti: &#8211; i foli Qemos \u2013 hidh peshk n\u2019 det, hidh, munesh, i ke rrjetat plet!&#8230; Edhe magjypi, kur ka pas\u00eb mjeft tlyn e ka ly byth\u00ebn!<\/p>\n<p data-ft=\"{&quot;tn&quot;:&quot;C&quot;}\"><strong><a id=\"js_33\" href=\"https:\/\/www.facebook.com\/muzafer.caushi?hc_location=timeline\" data-hovercard=\"\/ajax\/hovercard\/user.php?id=100004977483151&amp;extragetparams=%7B%22hc_location%22%3A%22timeline%22%7D\">Muzafer Beljo Causi Facebook<\/a><\/strong><\/p>\n","protected":false},"excerpt":{"rendered":"<p>Goj\u00ebn s\u2019e mbyll q\u00eb kur u ul, nd\u00ebrsa cigarja s\u2019i luan nga buza e poshtme. Si ia del, nuk e kam t\u00eb qart\u00eb, e aq m\u00eb pak, si mundet q\u00eb me sabah, t\u00eb bluaj\u00eb pa pushim. Kall\u00ebzon Muhoja p\u00ebr nj\u00eb peshkim para tre vjet\u00ebsh, deri sa nxehemi rreth shporetit n\u00eb Kafehanen e Boshkos, duke pritur [&hellip;]<\/p>\n","protected":false},"author":1,"featured_media":0,"comment_status":"closed","ping_status":"closed","sticky":false,"template":"","format":"standard","meta":{"spay_email":"","jetpack_publicize_message":"","jetpack_is_tweetstorm":false,"jetpack_publicize_feature_enabled":true},"categories":[4],"tags":[],"jetpack_publicize_connections":[],"yoast_head":"<!-- This site is optimized with the Yoast SEO plugin v19.1 - https:\/\/yoast.com\/wordpress\/plugins\/seo\/ -->\n<title>Fesi p\u00ebrmbi uj\u00eb nga Muzafer Beljo \u00c7ausi - Lajme nga Ulqini<\/title>\n<meta name=\"description\" content=\"Goj\u00ebn s\u2019e mbyll q\u00eb kur u ul, nd\u00ebrsa cigarja s\u2019i luan nga buza e poshtme. Si ia del, nuk e kam t\u00eb qart\u00eb, e aq m\u00eb pak, si mundet q\u00eb me sabah, t\u00eb bluaj\u00eb pa\" \/>\n<meta name=\"robots\" content=\"index, follow, max-snippet:-1, max-image-preview:large, max-video-preview:-1\" \/>\n<link rel=\"canonical\" href=\"https:\/\/www.visit-ulcinj.com\/blog\/2014\/01\/23\/fesi-permbi-uje-nga-muzafer-beljo-causi\/\" \/>\n<meta property=\"og:locale\" content=\"en_US\" \/>\n<meta property=\"og:type\" content=\"article\" \/>\n<meta property=\"og:title\" content=\"Fesi p\u00ebrmbi uj\u00eb nga Muzafer Beljo \u00c7ausi - Lajme nga Ulqini\" \/>\n<meta property=\"og:description\" content=\"Goj\u00ebn s\u2019e mbyll q\u00eb kur u ul, nd\u00ebrsa cigarja s\u2019i luan nga buza e poshtme. Si ia del, nuk e kam t\u00eb qart\u00eb, e aq m\u00eb pak, si mundet q\u00eb me sabah, t\u00eb bluaj\u00eb pa\" \/>\n<meta property=\"og:url\" content=\"https:\/\/www.visit-ulcinj.com\/blog\/2014\/01\/23\/fesi-permbi-uje-nga-muzafer-beljo-causi\/\" \/>\n<meta property=\"og:site_name\" content=\"Lajme nga Ulqini\" \/>\n<meta property=\"article:published_time\" content=\"2014-01-23T15:15:15+00:00\" \/>\n<meta name=\"twitter:label1\" content=\"Written by\" \/>\n\t<meta name=\"twitter:data1\" content=\"ulqini\" \/>\n\t<meta name=\"twitter:label2\" content=\"Est. reading time\" \/>\n\t<meta name=\"twitter:data2\" content=\"7 minutes\" \/>\n<script type=\"application\/ld+json\" class=\"yoast-schema-graph\">{\"@context\":\"https:\/\/schema.org\",\"@graph\":[{\"@type\":\"WebSite\",\"@id\":\"https:\/\/www.visit-ulcinj.com\/blog\/#website\",\"url\":\"https:\/\/www.visit-ulcinj.com\/blog\/\",\"name\":\"Lajme nga Ulqini\",\"description\":\"Lajme,Vijesti,Ulqini,Ulqin,Crna Gora,Mali i Zi\",\"potentialAction\":[{\"@type\":\"SearchAction\",\"target\":{\"@type\":\"EntryPoint\",\"urlTemplate\":\"https:\/\/www.visit-ulcinj.com\/blog\/?s={search_term_string}\"},\"query-input\":\"required name=search_term_string\"}],\"inLanguage\":\"en-US\"},{\"@type\":\"WebPage\",\"@id\":\"https:\/\/www.visit-ulcinj.com\/blog\/2014\/01\/23\/fesi-permbi-uje-nga-muzafer-beljo-causi\/#webpage\",\"url\":\"https:\/\/www.visit-ulcinj.com\/blog\/2014\/01\/23\/fesi-permbi-uje-nga-muzafer-beljo-causi\/\",\"name\":\"Fesi p\u00ebrmbi uj\u00eb nga Muzafer Beljo \u00c7ausi - Lajme nga Ulqini\",\"isPartOf\":{\"@id\":\"https:\/\/www.visit-ulcinj.com\/blog\/#website\"},\"datePublished\":\"2014-01-23T15:15:15+00:00\",\"dateModified\":\"2014-01-23T15:15:15+00:00\",\"author\":{\"@id\":\"https:\/\/www.visit-ulcinj.com\/blog\/#\/schema\/person\/dcab619c614d3038751c63bc2aadc06d\"},\"description\":\"Goj\u00ebn s\u2019e mbyll q\u00eb kur u ul, nd\u00ebrsa cigarja s\u2019i luan nga buza e poshtme. Si ia del, nuk e kam t\u00eb qart\u00eb, e aq m\u00eb pak, si mundet q\u00eb me sabah, t\u00eb bluaj\u00eb pa\",\"breadcrumb\":{\"@id\":\"https:\/\/www.visit-ulcinj.com\/blog\/2014\/01\/23\/fesi-permbi-uje-nga-muzafer-beljo-causi\/#breadcrumb\"},\"inLanguage\":\"en-US\",\"potentialAction\":[{\"@type\":\"ReadAction\",\"target\":[\"https:\/\/www.visit-ulcinj.com\/blog\/2014\/01\/23\/fesi-permbi-uje-nga-muzafer-beljo-causi\/\"]}]},{\"@type\":\"BreadcrumbList\",\"@id\":\"https:\/\/www.visit-ulcinj.com\/blog\/2014\/01\/23\/fesi-permbi-uje-nga-muzafer-beljo-causi\/#breadcrumb\",\"itemListElement\":[{\"@type\":\"ListItem\",\"position\":1,\"name\":\"Fesi p\u00ebrmbi uj\u00eb nga Muzafer Beljo \u00c7ausi\"}]},{\"@type\":\"Person\",\"@id\":\"https:\/\/www.visit-ulcinj.com\/blog\/#\/schema\/person\/dcab619c614d3038751c63bc2aadc06d\",\"name\":\"ulqini\",\"sameAs\":[\"http:\/\/www.visit-ulcinj.com\"],\"url\":\"https:\/\/www.visit-ulcinj.com\/blog\/author\/admin\/\"}]}<\/script>\n<!-- \/ Yoast SEO plugin. -->","yoast_head_json":{"title":"Fesi p\u00ebrmbi uj\u00eb nga Muzafer Beljo \u00c7ausi - Lajme nga Ulqini","description":"Goj\u00ebn s\u2019e mbyll q\u00eb kur u ul, nd\u00ebrsa cigarja s\u2019i luan nga buza e poshtme. Si ia del, nuk e kam t\u00eb qart\u00eb, e aq m\u00eb pak, si mundet q\u00eb me sabah, t\u00eb bluaj\u00eb pa","robots":{"index":"index","follow":"follow","max-snippet":"max-snippet:-1","max-image-preview":"max-image-preview:large","max-video-preview":"max-video-preview:-1"},"canonical":"https:\/\/www.visit-ulcinj.com\/blog\/2014\/01\/23\/fesi-permbi-uje-nga-muzafer-beljo-causi\/","og_locale":"en_US","og_type":"article","og_title":"Fesi p\u00ebrmbi uj\u00eb nga Muzafer Beljo \u00c7ausi - Lajme nga Ulqini","og_description":"Goj\u00ebn s\u2019e mbyll q\u00eb kur u ul, nd\u00ebrsa cigarja s\u2019i luan nga buza e poshtme. Si ia del, nuk e kam t\u00eb qart\u00eb, e aq m\u00eb pak, si mundet q\u00eb me sabah, t\u00eb bluaj\u00eb pa","og_url":"https:\/\/www.visit-ulcinj.com\/blog\/2014\/01\/23\/fesi-permbi-uje-nga-muzafer-beljo-causi\/","og_site_name":"Lajme nga Ulqini","article_published_time":"2014-01-23T15:15:15+00:00","twitter_misc":{"Written by":"ulqini","Est. reading time":"7 minutes"},"schema":{"@context":"https:\/\/schema.org","@graph":[{"@type":"WebSite","@id":"https:\/\/www.visit-ulcinj.com\/blog\/#website","url":"https:\/\/www.visit-ulcinj.com\/blog\/","name":"Lajme nga Ulqini","description":"Lajme,Vijesti,Ulqini,Ulqin,Crna Gora,Mali i Zi","potentialAction":[{"@type":"SearchAction","target":{"@type":"EntryPoint","urlTemplate":"https:\/\/www.visit-ulcinj.com\/blog\/?s={search_term_string}"},"query-input":"required name=search_term_string"}],"inLanguage":"en-US"},{"@type":"WebPage","@id":"https:\/\/www.visit-ulcinj.com\/blog\/2014\/01\/23\/fesi-permbi-uje-nga-muzafer-beljo-causi\/#webpage","url":"https:\/\/www.visit-ulcinj.com\/blog\/2014\/01\/23\/fesi-permbi-uje-nga-muzafer-beljo-causi\/","name":"Fesi p\u00ebrmbi uj\u00eb nga Muzafer Beljo \u00c7ausi - Lajme nga Ulqini","isPartOf":{"@id":"https:\/\/www.visit-ulcinj.com\/blog\/#website"},"datePublished":"2014-01-23T15:15:15+00:00","dateModified":"2014-01-23T15:15:15+00:00","author":{"@id":"https:\/\/www.visit-ulcinj.com\/blog\/#\/schema\/person\/dcab619c614d3038751c63bc2aadc06d"},"description":"Goj\u00ebn s\u2019e mbyll q\u00eb kur u ul, nd\u00ebrsa cigarja s\u2019i luan nga buza e poshtme. Si ia del, nuk e kam t\u00eb qart\u00eb, e aq m\u00eb pak, si mundet q\u00eb me sabah, t\u00eb bluaj\u00eb pa","breadcrumb":{"@id":"https:\/\/www.visit-ulcinj.com\/blog\/2014\/01\/23\/fesi-permbi-uje-nga-muzafer-beljo-causi\/#breadcrumb"},"inLanguage":"en-US","potentialAction":[{"@type":"ReadAction","target":["https:\/\/www.visit-ulcinj.com\/blog\/2014\/01\/23\/fesi-permbi-uje-nga-muzafer-beljo-causi\/"]}]},{"@type":"BreadcrumbList","@id":"https:\/\/www.visit-ulcinj.com\/blog\/2014\/01\/23\/fesi-permbi-uje-nga-muzafer-beljo-causi\/#breadcrumb","itemListElement":[{"@type":"ListItem","position":1,"name":"Fesi p\u00ebrmbi uj\u00eb nga Muzafer Beljo \u00c7ausi"}]},{"@type":"Person","@id":"https:\/\/www.visit-ulcinj.com\/blog\/#\/schema\/person\/dcab619c614d3038751c63bc2aadc06d","name":"ulqini","sameAs":["http:\/\/www.visit-ulcinj.com"],"url":"https:\/\/www.visit-ulcinj.com\/blog\/author\/admin\/"}]}},"jetpack_featured_media_url":"","jetpack_sharing_enabled":true,"jetpack_shortlink":"https:\/\/wp.me\/pe6lTn-ks1","_links":{"self":[{"href":"https:\/\/www.visit-ulcinj.com\/blog\/wp-json\/wp\/v2\/posts\/78617"}],"collection":[{"href":"https:\/\/www.visit-ulcinj.com\/blog\/wp-json\/wp\/v2\/posts"}],"about":[{"href":"https:\/\/www.visit-ulcinj.com\/blog\/wp-json\/wp\/v2\/types\/post"}],"author":[{"embeddable":true,"href":"https:\/\/www.visit-ulcinj.com\/blog\/wp-json\/wp\/v2\/users\/1"}],"replies":[{"embeddable":true,"href":"https:\/\/www.visit-ulcinj.com\/blog\/wp-json\/wp\/v2\/comments?post=78617"}],"version-history":[{"count":1,"href":"https:\/\/www.visit-ulcinj.com\/blog\/wp-json\/wp\/v2\/posts\/78617\/revisions"}],"predecessor-version":[{"id":78619,"href":"https:\/\/www.visit-ulcinj.com\/blog\/wp-json\/wp\/v2\/posts\/78617\/revisions\/78619"}],"wp:attachment":[{"href":"https:\/\/www.visit-ulcinj.com\/blog\/wp-json\/wp\/v2\/media?parent=78617"}],"wp:term":[{"taxonomy":"category","embeddable":true,"href":"https:\/\/www.visit-ulcinj.com\/blog\/wp-json\/wp\/v2\/categories?post=78617"},{"taxonomy":"post_tag","embeddable":true,"href":"https:\/\/www.visit-ulcinj.com\/blog\/wp-json\/wp\/v2\/tags?post=78617"}],"curies":[{"name":"wp","href":"https:\/\/api.w.org\/{rel}","templated":true}]}}