{"id":78620,"date":"2014-01-23T16:21:04","date_gmt":"2014-01-23T15:21:04","guid":{"rendered":"http:\/\/www.visit-ulcinj.com\/blog\/?p=78620"},"modified":"2014-01-23T16:21:04","modified_gmt":"2014-01-23T15:21:04","slug":"kapa-navr-vode-muzafer-beljo-causi","status":"publish","type":"post","link":"https:\/\/www.visit-ulcinj.com\/blog\/2014\/01\/23\/kapa-navr-vode-muzafer-beljo-causi\/","title":{"rendered":"Kapa navr\u2019 vode &#8211; Muzafer-Beljo \u010cau\u0161i"},"content":{"rendered":"<p><a href=\"http:\/\/www.visit-ulcinj.com\/blog\/wp-content\/uploads\/2014\/01\/Fesi-p\u00ebrmbi-uj\u00eb.jpg\"><img loading=\"lazy\" class=\"alignleft  wp-image-78618\" alt=\"Fesi p\u00ebrmbi uj\u00eb\" src=\"http:\/\/www.visit-ulcinj.com\/blog\/wp-content\/uploads\/2014\/01\/Fesi-p\u00ebrmbi-uj\u00eb.jpg\" width=\"508\" height=\"360\" \/><\/a>Usta ne zatvara od kad je sjeo, a cigar mu ne mrda s donje usne. Kako to uspijeva nije mi jasno, a jo\u0161 manje kako mo\u017ee, ovako, na sabah, da melje bez prestanka. Pri\u010da Muho o ribolovu od prije tri godine, dok se grijemo oko \u0161poreta u kafani kod Bo\u0161ka, sa\u010dekuju\u0107i se da idemo dizat mre\u017ee.<br \/>\n-Salpam ja \u2013 frflja, guta rije\u010di \u2013 moju mre\u017eu, vira vira, leva, leva \u2013 govno! Ni\u0161ta, nema tiganj da ogaravi\u0161. Uze \u0106iro svoj \u0161omodor, uvati se mre\u017ee. Ladno, ruke modre, oni konci od mre\u017ee ko \u017eileti, da vri\u0161ti\u0161, a komada nema. Da pukne\u0161. Jebem ti sre\u0107u ovakvu, ko da smo Boga kr\u0161ima ga\u0111ali. Baru se sad njegova mre\u017ea i ne di\u017ee, vidi kod nas koliko je sati. Nego, \u0161to \u0107e, uze da \u010dini posa, da idemo doma. Vira, leva, &#8230;ni\u0161ta, ni\u0161ta kad &#8211; majko moja, \u0161to je ovo? Posko\u010di s prove Baro, uvu\u010de se u barku, prepao se, neko je \u010dudo u mre\u017ei &#8211; zafrflja Muho ja\u010de, sad ga jedva razumijemo. Onaj cigar poskakuje s usnom, ali ne daj bo\u017ee da \u0107e past.<br \/>\n-Avara, malo, avara, da vidim \u0161to je ovo, vi\u010de Baro, i \u0161to \u0107e\u0161 da vidi\u0161, maj\u010din sine &#8211; kuku, kolika je gruja bila \u2013 nastavi- \u010dasti mi deblja od moje noge, preko dva metra, takvu nisam nikada vidio. Ne ja, no niko od vas \u2013 preko dvajes kila, dvajes pet, vi\u0161e&#8230;<br \/>\nKarubu, daj karubu, vi\u010de Baro, dam ti kurac, vi\u010dem ja, ostavio si je na Skelu, hajvanu bo\u017eiji. Daj mi kuku da ubodem ovo \u010dudo, tra\u017ei, opet. Kukaj, kukaj, ma kuke nema, nismo je nikad u barci ni imali.<br \/>\nOna gruja se samo ustima dr\u017ei za mre\u017eu. A do\u0161la je bila, sigurno, da proguta \u0161pari\u0107a zapletenog u mre\u017ei, pa joj zalogaj zapao u grlo, jer ona ti se mre\u017eom ne lovi. Onako ljigavu i vi\u017eljastu ko zmiju, nju mre\u017ea ne ustavlja, bez kao ovo Barova, slu\u010dajno. Ne mo\u017ee je Baro nikako uba\u010dit u barku, otima se \u017eivotinja, mi\u0161i\u0107 \u017eivi, i \u010dim repom dota\u010de vrh prove, gruja se otr\u017ee. I\u0161\u010dupa se i pljusnu u vodu, zamlatara dvaput repom i zatvori se more nad njom, beznade\u017eno, za vazda. Stoji Baro na provi prazan, gleda ni\u0111e, samo duboko uzdi\u0161e. Uzdahnuh i ja \u2013zavr\u0161ava pri\u010du Muho \u2013 i rekoh: \u0161u\u0107ur! \u0160u\u0107ur \u0161to mu ode ta riba!<br \/>\n&#8211; Kako, jadan, &#8216;\u0161u\u0107ur&#8217;?! Kako mo\u0161 bit takva zla du\u0161a? \u2013 pita ga Bo\u0161ko.<br \/>\n-Tako, lijepo \u2013 \u0161to, bi l&#8217; nam ta fukara dala po komad te tolike ribe? Bi kurac, neka mu je utekla \u2013 mi ni\u0161ta, a on &#8230;<br \/>\n&#8211; Eee, pa se onda \u010dudi\u0161 \u0161to ni\u0161ta ne lovi\u0161, ima Boga \u2013 ne miruje Bo\u0161ko.<br \/>\n&#8211; Ma nemoj, nema u lovu Boga, Bo\u0161o, \u0111avolja je ovo rabota. Zna\u0161 li ti, jadan, koliko mi du\u0161a uzmemo na dan, a riba izdi\u0161u\u0107i, kad ono otvara usta, \u0161to \u010dini: kune! Kune nas, Bole. Prokleti smo po milion puta, pa, vidi\u0161, napredujemo ko mi\u0161 u rupi.<br \/>\n&#8211; A, \u0161to misli\u0161 da ti i dru\u0161tvo batalite ovu rabotu? Imate skupa preko dvjesta godina, jo\u0161 \u0107ete nam dat posla da vas tra\u017eimo i vadimo iz mora \u2013 ne da, opet, Bo\u0161ku \u0111avo mira.<br \/>\n&#8211; Jes, da me izvadite iz mora i ba\u010dite u zemlju, s ki\u0161e na grad \u2013 neka, fala, bolje da me jedu ribe no crvi. Nego, vidi jadan, kad mi do\u0111e ura na\u0107i \u0107e me i ovdje, i na moru i pod jorganom. Ne mo\u0161 se ti, Bole, od smrti sakrit iza \u0161anka, niti \u0107e\u0161 joj pobje\u0107 \u0111e god da ode\u0161. Ona ne dolazi niokle, niti tr\u010di za tobom, nju nosi\u0161 svu\u0111e u sebi samom. Zasa\u0111ena ti je jo\u0161 sa sjemenom koje te stvorilo i \u010du\u010di i vreba \u0111e \u0107e te na\u0107 slabog da te zasko\u010di.<br \/>\n&#8211; \u0160to si mi mudar ovako zorom, svaka ti je ka Njego\u0161eva.<br \/>\n&#8211; Nemoj ti mene poredit sa tim tvojim popom, ja sam, \u0161u\u0107ur Alahu, musliman.<br \/>\n&#8211; \u0160to \u0107e\u0161 moj Muho, ja ti se tu ni\u0161ta ne pitam, nego, zdravlje ti je najpre\u010de, \u010duvaj se ti promaje \u2013 namiguje Bo\u0161ko.<br \/>\nSvi se smiju, razbu\u0111eni, a Muho kvasi suvo grlo drugom kafom&#8230;<br \/>\nStigo\u0161e dva njegova stara, nikakva druga i njih se trojica odgega\u0161e do barke, a ve\u0107 se \u010darkaju, ve\u0107 sijeva. Vrati\u0107e se iz ribolova ko pretekne.<br \/>\n-Ajde \u2013 prate ih iz kafane \u2013 ostale vi kape navr&#8217; vode, dabogda, da vi ona \u010deljad kod ku\u0107e po\u010dinu.<br \/>\nHad\u017eira Muhova bi halvu veslom zamje\u0161ala da joj ko mu\u0161tuluk uvati. E \u0161to ti je \u017eivot, jebem ti sveca, \u010detrdeset godina ga je \u010dekala dok je plovio. \u010cetrdeset godina su se \u017eeljeli, \u010detvoro djece izrodilii, iz Aleksanderije joj je dimije i bo\u0161\u010de donosio, a sad se o\u010dima ne mogu gledat.<br \/>\nA pro\u0161le zime zbilja mu ostade kapa navr&#8217; vode. No, nije bio Muho pod njom, pa Had\u017eira ne okrenu halvu.<br \/>\nUhvatio mene i \u0106ema na Skeli gdje se spremamo u ribu i moli da mu, izme\u0111u na\u0161ih, bacimo mre\u017eu, kad ve\u0107 idemo put Valdanosa.<br \/>\n&#8211; Daj &#8211; ka\u017ee \u0106emo &#8211; mi \u0107emo ti je sjutra ujutro i izvadit i donijet.<br \/>\nA ne, kakvi, ho\u0107e i on ujutro da do\u0111e. I tako bi. Izvadismo \u0106emo i ja na\u0161e mre\u017ee, nije lo\u0161e: ima bijele korbe, neki sargovi, lijepa riba. U Muhovoj mre\u017ei ni\u0161ta, ma nema ru\u010dak ribe.<br \/>\n&#8211; Kako \u0107e bit \u2013 zeza ga moj ortak &#8211; ova ti je mre\u017ea starija od tebe, sva raspala. Bolje bi ulovio da si Had\u017eirine dimije prostro.<br \/>\nMrmlja, gun\u0111a. Krenusmo nazad, ja na krmi za pentom, on sjedi na sred barke, pu\u0161i, pljucka, a \u0106emo, da ne dangubi, na provi \u010disti mre\u017ee. U jednoj se zaplele desetine ra\u017ea, a \u0161to \u010dinjeti s njima &#8211; na pijaci nemaju cijenu, a mi smo ribe siti. I svaku koju izvadi \u0106emo baci u more. Ja gledam Muha: za svakom napravi pokret kao golman kad cima u pravcu lopte, puha, frk\u0107e. Podgu\u0161io me smijeh.<br \/>\nKad put vode pole\u0107e posljednja, najve\u0107a ra\u017ea, vi\u0161e ne izdr\u017ea, gotovo se baci za njom. U zadnji \u010das zadr\u017ea se da ne ode u vodu, ali mu kapu francuzicu uvati vjetar. Odeee!<br \/>\n-Da se vratim, Muho?<br \/>\n-Ne, nikako, vozi, nek kapa ide u pi\u010dku materinu, a ti \u2013 za\u0161kripi put \u0106ema \u2013 ba\u010daj ribu u more, ba\u010daj, mo\u017ee ti se, napunio si mre\u017ee. I ciganin kad je imao masla, guzicu je mazao.<\/p>\n<p><strong><a id=\"js_33\" href=\"https:\/\/www.facebook.com\/muzafer.caushi?hc_location=timeline\" data-hovercard=\"\/ajax\/hovercard\/user.php?id=100004977483151&amp;extragetparams=%7B%22hc_location%22%3A%22timeline%22%7D\">Muzafer Beljo Causi Facebook<\/a><\/strong><\/p>\n","protected":false},"excerpt":{"rendered":"<p>Usta ne zatvara od kad je sjeo, a cigar mu ne mrda s donje usne. Kako to uspijeva nije mi jasno, a jo\u0161 manje kako mo\u017ee, ovako, na sabah, da melje bez prestanka. Pri\u010da Muho o ribolovu od prije tri godine, dok se grijemo oko \u0161poreta u kafani kod Bo\u0161ka, sa\u010dekuju\u0107i se da idemo dizat [&hellip;]<\/p>\n","protected":false},"author":1,"featured_media":0,"comment_status":"closed","ping_status":"closed","sticky":false,"template":"","format":"standard","meta":{"spay_email":"","jetpack_publicize_message":"","jetpack_is_tweetstorm":false,"jetpack_publicize_feature_enabled":true},"categories":[8337],"tags":[],"jetpack_publicize_connections":[],"yoast_head":"<!-- This site is optimized with the Yoast SEO plugin v19.1 - https:\/\/yoast.com\/wordpress\/plugins\/seo\/ -->\n<title>Kapa navr\u2019 vode - Muzafer-Beljo \u010cau\u0161i - Lajme nga Ulqini<\/title>\n<meta name=\"description\" content=\"Usta ne zatvara od kad je sjeo, a cigar mu ne mrda s donje usne. Kako to uspijeva nije mi jasno, a jo\u0161 manje kako mo\u017ee, ovako, na sabah, da melje bez\" \/>\n<meta name=\"robots\" content=\"index, follow, max-snippet:-1, max-image-preview:large, max-video-preview:-1\" \/>\n<link rel=\"canonical\" href=\"https:\/\/www.visit-ulcinj.com\/blog\/2014\/01\/23\/kapa-navr-vode-muzafer-beljo-causi\/\" \/>\n<meta property=\"og:locale\" content=\"en_US\" \/>\n<meta property=\"og:type\" content=\"article\" \/>\n<meta property=\"og:title\" content=\"Kapa navr\u2019 vode - Muzafer-Beljo \u010cau\u0161i - Lajme nga Ulqini\" \/>\n<meta property=\"og:description\" content=\"Usta ne zatvara od kad je sjeo, a cigar mu ne mrda s donje usne. Kako to uspijeva nije mi jasno, a jo\u0161 manje kako mo\u017ee, ovako, na sabah, da melje bez\" \/>\n<meta property=\"og:url\" content=\"https:\/\/www.visit-ulcinj.com\/blog\/2014\/01\/23\/kapa-navr-vode-muzafer-beljo-causi\/\" \/>\n<meta property=\"og:site_name\" content=\"Lajme nga Ulqini\" \/>\n<meta property=\"article:published_time\" content=\"2014-01-23T15:21:04+00:00\" \/>\n<meta name=\"twitter:label1\" content=\"Written by\" \/>\n\t<meta name=\"twitter:data1\" content=\"ulqini\" \/>\n\t<meta name=\"twitter:label2\" content=\"Est. reading time\" \/>\n\t<meta name=\"twitter:data2\" content=\"6 minutes\" \/>\n<script type=\"application\/ld+json\" class=\"yoast-schema-graph\">{\"@context\":\"https:\/\/schema.org\",\"@graph\":[{\"@type\":\"WebSite\",\"@id\":\"https:\/\/www.visit-ulcinj.com\/blog\/#website\",\"url\":\"https:\/\/www.visit-ulcinj.com\/blog\/\",\"name\":\"Lajme nga Ulqini\",\"description\":\"Lajme,Vijesti,Ulqini,Ulqin,Crna Gora,Mali i Zi\",\"potentialAction\":[{\"@type\":\"SearchAction\",\"target\":{\"@type\":\"EntryPoint\",\"urlTemplate\":\"https:\/\/www.visit-ulcinj.com\/blog\/?s={search_term_string}\"},\"query-input\":\"required name=search_term_string\"}],\"inLanguage\":\"en-US\"},{\"@type\":\"WebPage\",\"@id\":\"https:\/\/www.visit-ulcinj.com\/blog\/2014\/01\/23\/kapa-navr-vode-muzafer-beljo-causi\/#webpage\",\"url\":\"https:\/\/www.visit-ulcinj.com\/blog\/2014\/01\/23\/kapa-navr-vode-muzafer-beljo-causi\/\",\"name\":\"Kapa navr\u2019 vode - Muzafer-Beljo \u010cau\u0161i - Lajme nga Ulqini\",\"isPartOf\":{\"@id\":\"https:\/\/www.visit-ulcinj.com\/blog\/#website\"},\"datePublished\":\"2014-01-23T15:21:04+00:00\",\"dateModified\":\"2014-01-23T15:21:04+00:00\",\"author\":{\"@id\":\"https:\/\/www.visit-ulcinj.com\/blog\/#\/schema\/person\/dcab619c614d3038751c63bc2aadc06d\"},\"description\":\"Usta ne zatvara od kad je sjeo, a cigar mu ne mrda s donje usne. Kako to uspijeva nije mi jasno, a jo\u0161 manje kako mo\u017ee, ovako, na sabah, da melje bez\",\"breadcrumb\":{\"@id\":\"https:\/\/www.visit-ulcinj.com\/blog\/2014\/01\/23\/kapa-navr-vode-muzafer-beljo-causi\/#breadcrumb\"},\"inLanguage\":\"en-US\",\"potentialAction\":[{\"@type\":\"ReadAction\",\"target\":[\"https:\/\/www.visit-ulcinj.com\/blog\/2014\/01\/23\/kapa-navr-vode-muzafer-beljo-causi\/\"]}]},{\"@type\":\"BreadcrumbList\",\"@id\":\"https:\/\/www.visit-ulcinj.com\/blog\/2014\/01\/23\/kapa-navr-vode-muzafer-beljo-causi\/#breadcrumb\",\"itemListElement\":[{\"@type\":\"ListItem\",\"position\":1,\"name\":\"Kapa navr\u2019 vode &#8211; Muzafer-Beljo \u010cau\u0161i\"}]},{\"@type\":\"Person\",\"@id\":\"https:\/\/www.visit-ulcinj.com\/blog\/#\/schema\/person\/dcab619c614d3038751c63bc2aadc06d\",\"name\":\"ulqini\",\"sameAs\":[\"http:\/\/www.visit-ulcinj.com\"],\"url\":\"https:\/\/www.visit-ulcinj.com\/blog\/author\/admin\/\"}]}<\/script>\n<!-- \/ Yoast SEO plugin. -->","yoast_head_json":{"title":"Kapa navr\u2019 vode - Muzafer-Beljo \u010cau\u0161i - Lajme nga Ulqini","description":"Usta ne zatvara od kad je sjeo, a cigar mu ne mrda s donje usne. Kako to uspijeva nije mi jasno, a jo\u0161 manje kako mo\u017ee, ovako, na sabah, da melje bez","robots":{"index":"index","follow":"follow","max-snippet":"max-snippet:-1","max-image-preview":"max-image-preview:large","max-video-preview":"max-video-preview:-1"},"canonical":"https:\/\/www.visit-ulcinj.com\/blog\/2014\/01\/23\/kapa-navr-vode-muzafer-beljo-causi\/","og_locale":"en_US","og_type":"article","og_title":"Kapa navr\u2019 vode - Muzafer-Beljo \u010cau\u0161i - Lajme nga Ulqini","og_description":"Usta ne zatvara od kad je sjeo, a cigar mu ne mrda s donje usne. Kako to uspijeva nije mi jasno, a jo\u0161 manje kako mo\u017ee, ovako, na sabah, da melje bez","og_url":"https:\/\/www.visit-ulcinj.com\/blog\/2014\/01\/23\/kapa-navr-vode-muzafer-beljo-causi\/","og_site_name":"Lajme nga Ulqini","article_published_time":"2014-01-23T15:21:04+00:00","twitter_misc":{"Written by":"ulqini","Est. reading time":"6 minutes"},"schema":{"@context":"https:\/\/schema.org","@graph":[{"@type":"WebSite","@id":"https:\/\/www.visit-ulcinj.com\/blog\/#website","url":"https:\/\/www.visit-ulcinj.com\/blog\/","name":"Lajme nga Ulqini","description":"Lajme,Vijesti,Ulqini,Ulqin,Crna Gora,Mali i Zi","potentialAction":[{"@type":"SearchAction","target":{"@type":"EntryPoint","urlTemplate":"https:\/\/www.visit-ulcinj.com\/blog\/?s={search_term_string}"},"query-input":"required name=search_term_string"}],"inLanguage":"en-US"},{"@type":"WebPage","@id":"https:\/\/www.visit-ulcinj.com\/blog\/2014\/01\/23\/kapa-navr-vode-muzafer-beljo-causi\/#webpage","url":"https:\/\/www.visit-ulcinj.com\/blog\/2014\/01\/23\/kapa-navr-vode-muzafer-beljo-causi\/","name":"Kapa navr\u2019 vode - Muzafer-Beljo \u010cau\u0161i - Lajme nga Ulqini","isPartOf":{"@id":"https:\/\/www.visit-ulcinj.com\/blog\/#website"},"datePublished":"2014-01-23T15:21:04+00:00","dateModified":"2014-01-23T15:21:04+00:00","author":{"@id":"https:\/\/www.visit-ulcinj.com\/blog\/#\/schema\/person\/dcab619c614d3038751c63bc2aadc06d"},"description":"Usta ne zatvara od kad je sjeo, a cigar mu ne mrda s donje usne. Kako to uspijeva nije mi jasno, a jo\u0161 manje kako mo\u017ee, ovako, na sabah, da melje bez","breadcrumb":{"@id":"https:\/\/www.visit-ulcinj.com\/blog\/2014\/01\/23\/kapa-navr-vode-muzafer-beljo-causi\/#breadcrumb"},"inLanguage":"en-US","potentialAction":[{"@type":"ReadAction","target":["https:\/\/www.visit-ulcinj.com\/blog\/2014\/01\/23\/kapa-navr-vode-muzafer-beljo-causi\/"]}]},{"@type":"BreadcrumbList","@id":"https:\/\/www.visit-ulcinj.com\/blog\/2014\/01\/23\/kapa-navr-vode-muzafer-beljo-causi\/#breadcrumb","itemListElement":[{"@type":"ListItem","position":1,"name":"Kapa navr\u2019 vode &#8211; Muzafer-Beljo \u010cau\u0161i"}]},{"@type":"Person","@id":"https:\/\/www.visit-ulcinj.com\/blog\/#\/schema\/person\/dcab619c614d3038751c63bc2aadc06d","name":"ulqini","sameAs":["http:\/\/www.visit-ulcinj.com"],"url":"https:\/\/www.visit-ulcinj.com\/blog\/author\/admin\/"}]}},"jetpack_featured_media_url":"","jetpack_sharing_enabled":true,"jetpack_shortlink":"https:\/\/wp.me\/pe6lTn-ks4","_links":{"self":[{"href":"https:\/\/www.visit-ulcinj.com\/blog\/wp-json\/wp\/v2\/posts\/78620"}],"collection":[{"href":"https:\/\/www.visit-ulcinj.com\/blog\/wp-json\/wp\/v2\/posts"}],"about":[{"href":"https:\/\/www.visit-ulcinj.com\/blog\/wp-json\/wp\/v2\/types\/post"}],"author":[{"embeddable":true,"href":"https:\/\/www.visit-ulcinj.com\/blog\/wp-json\/wp\/v2\/users\/1"}],"replies":[{"embeddable":true,"href":"https:\/\/www.visit-ulcinj.com\/blog\/wp-json\/wp\/v2\/comments?post=78620"}],"version-history":[{"count":1,"href":"https:\/\/www.visit-ulcinj.com\/blog\/wp-json\/wp\/v2\/posts\/78620\/revisions"}],"predecessor-version":[{"id":78621,"href":"https:\/\/www.visit-ulcinj.com\/blog\/wp-json\/wp\/v2\/posts\/78620\/revisions\/78621"}],"wp:attachment":[{"href":"https:\/\/www.visit-ulcinj.com\/blog\/wp-json\/wp\/v2\/media?parent=78620"}],"wp:term":[{"taxonomy":"category","embeddable":true,"href":"https:\/\/www.visit-ulcinj.com\/blog\/wp-json\/wp\/v2\/categories?post=78620"},{"taxonomy":"post_tag","embeddable":true,"href":"https:\/\/www.visit-ulcinj.com\/blog\/wp-json\/wp\/v2\/tags?post=78620"}],"curies":[{"name":"wp","href":"https:\/\/api.w.org\/{rel}","templated":true}]}}