{"id":78630,"date":"2014-01-23T17:42:38","date_gmt":"2014-01-23T16:42:38","guid":{"rendered":"http:\/\/www.visit-ulcinj.com\/blog\/?p=78630"},"modified":"2014-01-23T17:42:38","modified_gmt":"2014-01-23T16:42:38","slug":"mali-zi-gazetaret-malazese-sot-ne-proteste-video","status":"publish","type":"post","link":"https:\/\/www.visit-ulcinj.com\/blog\/2014\/01\/23\/mali-zi-gazetaret-malazese-sot-ne-proteste-video\/","title":{"rendered":"Mali i Zi: Gazetar\u00ebt malazes\u00eb sot n\u00eb protest\u00eb &#8211; Video"},"content":{"rendered":"<p><a href=\"http:\/\/www.visit-ulcinj.com\/blog\/wp-content\/uploads\/2014\/01\/grevaegazetareve.jpg\"><img loading=\"lazy\" class=\"alignleft  wp-image-78631\" alt=\"grevaegazetareve\" src=\"http:\/\/www.visit-ulcinj.com\/blog\/wp-content\/uploads\/2014\/01\/grevaegazetareve.jpg\" width=\"508\" height=\"343\" \/><\/a>Kryetarja e Sindikat\u00ebs p\u00ebr mediat, Marijana Camoviq, tha se protesa \u00ebsht\u00eb planifikuar p\u00ebr sot sepse mbahet edhe Dita e gazetar\u00ebve n\u00eb Malin e Zi.<\/p>\n<p>Sindikata e mediave n\u00eb Mal t\u00eb Zi sot n\u00eb Podgoric\u00eb do t\u00eb organizoj\u00eb protest\u00eb kund\u00ebr Qeveris\u00eb malazese, p\u00ebr shkak t\u00eb, si\u00e7 \u00ebsht\u00eb njoftuar, nj\u00eb numri t\u00eb madh t\u00eb sulmeve t\u00eb pandri\u00e7uara ndaj gazetar\u00ebve.<\/p>\n<p>Kryetarja e Sindikat\u00ebs p\u00ebr mediat, Marijana Camoviq, tha se protesa \u00ebsht\u00eb planifikuar p\u00ebr sot sepse mbahet edhe Dita e gazetar\u00ebve n\u00eb Malin e Zi.<\/p>\n<p>Ajo theksoi se t\u00eb pun\u00ebsurit n\u00eb mediat malazese nuk kan\u00eb arsye q\u00eb t\u00eb festojn\u00eb, sepse pozita e tyre n\u00eb m\u00ebnyr\u00eb konstante p\u00ebrkeq\u00ebsohet, nd\u00ebrsa profesioni degradohet.<\/p>\n<p>Sindikata e midiave m\u00eb 17 janar organizoi aksion &#8220;Ndal dhun\u00ebs ndaj gazetar\u00ebve&#8221;, q\u00ebllimi i s\u00eb cil\u00ebs ishte q\u00eb t\u00eb t\u00ebrhiqet v\u00ebmendja e opinionit p\u00ebr atmosfer\u00ebn n\u00eb t\u00eb cil\u00ebn ata jan\u00eb sh\u00ebnjest\u00ebr e shpesht\u00eb e sulmeve.<\/p>\n<p>Qeveria malazese m\u00eb 26 dhjetor t\u00eb vitit t\u00eb kaluar formoi komision i cili do t\u00eb merret me ndjekjen e vendosjes s\u00eb organeve shtet\u00ebrore n\u00eb hetim t\u00eb rasteve t\u00eb dhun\u00ebs dhe vrasjes s\u00eb gazetar\u00ebve.<\/p>\n<p>Yllipress<\/p>\n<p>[flv]http:\/\/www.monitor.co.me\/images\/stories\/videos\/film.mp4[\/flv]<\/p>\n","protected":false},"excerpt":{"rendered":"<p>Kryetarja e Sindikat\u00ebs p\u00ebr mediat, Marijana Camoviq, tha se protesa \u00ebsht\u00eb planifikuar p\u00ebr sot sepse mbahet edhe Dita e gazetar\u00ebve n\u00eb Malin e Zi. Sindikata e mediave n\u00eb Mal t\u00eb Zi sot n\u00eb Podgoric\u00eb do t\u00eb organizoj\u00eb protest\u00eb kund\u00ebr Qeveris\u00eb malazese, p\u00ebr shkak t\u00eb, si\u00e7 \u00ebsht\u00eb njoftuar, nj\u00eb numri t\u00eb madh t\u00eb sulmeve t\u00eb pandri\u00e7uara [&hellip;]<\/p>\n","protected":false},"author":1,"featured_media":0,"comment_status":"closed","ping_status":"closed","sticky":false,"template":"","format":"standard","meta":{"spay_email":"","jetpack_publicize_message":"","jetpack_is_tweetstorm":false,"jetpack_publicize_feature_enabled":true},"categories":[14],"tags":[],"jetpack_publicize_connections":[],"yoast_head":"<!-- This site is optimized with the Yoast SEO plugin v19.1 - https:\/\/yoast.com\/wordpress\/plugins\/seo\/ -->\n<title>Mali i Zi: Gazetar\u00ebt malazes\u00eb sot n\u00eb protest\u00eb - Video - Lajme nga Ulqini<\/title>\n<meta name=\"description\" content=\"Kryetarja e Sindikat\u00ebs p\u00ebr mediat, Marijana Camoviq, tha se protesa \u00ebsht\u00eb planifikuar p\u00ebr sot sepse mbahet edhe Dita e gazetar\u00ebve n\u00eb Malin e Zi. Sindikata\" \/>\n<meta name=\"robots\" content=\"index, follow, max-snippet:-1, max-image-preview:large, max-video-preview:-1\" \/>\n<link rel=\"canonical\" href=\"https:\/\/www.visit-ulcinj.com\/blog\/2014\/01\/23\/mali-zi-gazetaret-malazese-sot-ne-proteste-video\/\" \/>\n<meta property=\"og:locale\" content=\"en_US\" \/>\n<meta property=\"og:type\" content=\"article\" \/>\n<meta property=\"og:title\" content=\"Mali i Zi: Gazetar\u00ebt malazes\u00eb sot n\u00eb protest\u00eb - Video - Lajme nga Ulqini\" \/>\n<meta property=\"og:description\" content=\"Kryetarja e Sindikat\u00ebs p\u00ebr mediat, Marijana Camoviq, tha se protesa \u00ebsht\u00eb planifikuar p\u00ebr sot sepse mbahet edhe Dita e gazetar\u00ebve n\u00eb Malin e Zi. Sindikata\" \/>\n<meta property=\"og:url\" content=\"https:\/\/www.visit-ulcinj.com\/blog\/2014\/01\/23\/mali-zi-gazetaret-malazese-sot-ne-proteste-video\/\" \/>\n<meta property=\"og:site_name\" content=\"Lajme nga Ulqini\" \/>\n<meta property=\"article:published_time\" content=\"2014-01-23T16:42:38+00:00\" \/>\n<meta property=\"og:image\" content=\"http:\/\/www.visit-ulcinj.com\/blog\/wp-content\/uploads\/2014\/01\/grevaegazetareve.jpg\" \/>\n<meta name=\"twitter:label1\" content=\"Written by\" \/>\n\t<meta name=\"twitter:data1\" content=\"ulqini\" \/>\n\t<meta name=\"twitter:label2\" content=\"Est. reading time\" \/>\n\t<meta name=\"twitter:data2\" content=\"1 minute\" \/>\n<script type=\"application\/ld+json\" class=\"yoast-schema-graph\">{\"@context\":\"https:\/\/schema.org\",\"@graph\":[{\"@type\":\"WebSite\",\"@id\":\"https:\/\/www.visit-ulcinj.com\/blog\/#website\",\"url\":\"https:\/\/www.visit-ulcinj.com\/blog\/\",\"name\":\"Lajme nga Ulqini\",\"description\":\"Lajme,Vijesti,Ulqini,Ulqin,Crna Gora,Mali i Zi\",\"potentialAction\":[{\"@type\":\"SearchAction\",\"target\":{\"@type\":\"EntryPoint\",\"urlTemplate\":\"https:\/\/www.visit-ulcinj.com\/blog\/?s={search_term_string}\"},\"query-input\":\"required name=search_term_string\"}],\"inLanguage\":\"en-US\"},{\"@type\":\"ImageObject\",\"inLanguage\":\"en-US\",\"@id\":\"https:\/\/www.visit-ulcinj.com\/blog\/2014\/01\/23\/mali-zi-gazetaret-malazese-sot-ne-proteste-video\/#primaryimage\",\"url\":\"https:\/\/www.visit-ulcinj.com\/blog\/wp-content\/uploads\/2014\/01\/grevaegazetareve.jpg\",\"contentUrl\":\"https:\/\/www.visit-ulcinj.com\/blog\/wp-content\/uploads\/2014\/01\/grevaegazetareve.jpg\",\"width\":610,\"height\":343},{\"@type\":\"WebPage\",\"@id\":\"https:\/\/www.visit-ulcinj.com\/blog\/2014\/01\/23\/mali-zi-gazetaret-malazese-sot-ne-proteste-video\/#webpage\",\"url\":\"https:\/\/www.visit-ulcinj.com\/blog\/2014\/01\/23\/mali-zi-gazetaret-malazese-sot-ne-proteste-video\/\",\"name\":\"Mali i Zi: Gazetar\u00ebt malazes\u00eb sot n\u00eb protest\u00eb - Video - Lajme nga Ulqini\",\"isPartOf\":{\"@id\":\"https:\/\/www.visit-ulcinj.com\/blog\/#website\"},\"primaryImageOfPage\":{\"@id\":\"https:\/\/www.visit-ulcinj.com\/blog\/2014\/01\/23\/mali-zi-gazetaret-malazese-sot-ne-proteste-video\/#primaryimage\"},\"datePublished\":\"2014-01-23T16:42:38+00:00\",\"dateModified\":\"2014-01-23T16:42:38+00:00\",\"author\":{\"@id\":\"https:\/\/www.visit-ulcinj.com\/blog\/#\/schema\/person\/dcab619c614d3038751c63bc2aadc06d\"},\"description\":\"Kryetarja e Sindikat\u00ebs p\u00ebr mediat, Marijana Camoviq, tha se protesa \u00ebsht\u00eb planifikuar p\u00ebr sot sepse mbahet edhe Dita e gazetar\u00ebve n\u00eb Malin e Zi. Sindikata\",\"breadcrumb\":{\"@id\":\"https:\/\/www.visit-ulcinj.com\/blog\/2014\/01\/23\/mali-zi-gazetaret-malazese-sot-ne-proteste-video\/#breadcrumb\"},\"inLanguage\":\"en-US\",\"potentialAction\":[{\"@type\":\"ReadAction\",\"target\":[\"https:\/\/www.visit-ulcinj.com\/blog\/2014\/01\/23\/mali-zi-gazetaret-malazese-sot-ne-proteste-video\/\"]}]},{\"@type\":\"BreadcrumbList\",\"@id\":\"https:\/\/www.visit-ulcinj.com\/blog\/2014\/01\/23\/mali-zi-gazetaret-malazese-sot-ne-proteste-video\/#breadcrumb\",\"itemListElement\":[{\"@type\":\"ListItem\",\"position\":1,\"name\":\"Mali i Zi: Gazetar\u00ebt malazes\u00eb sot n\u00eb protest\u00eb &#8211; Video\"}]},{\"@type\":\"Person\",\"@id\":\"https:\/\/www.visit-ulcinj.com\/blog\/#\/schema\/person\/dcab619c614d3038751c63bc2aadc06d\",\"name\":\"ulqini\",\"sameAs\":[\"http:\/\/www.visit-ulcinj.com\"],\"url\":\"https:\/\/www.visit-ulcinj.com\/blog\/author\/admin\/\"}]}<\/script>\n<!-- \/ Yoast SEO plugin. -->","yoast_head_json":{"title":"Mali i Zi: Gazetar\u00ebt malazes\u00eb sot n\u00eb protest\u00eb - Video - Lajme nga Ulqini","description":"Kryetarja e Sindikat\u00ebs p\u00ebr mediat, Marijana Camoviq, tha se protesa \u00ebsht\u00eb planifikuar p\u00ebr sot sepse mbahet edhe Dita e gazetar\u00ebve n\u00eb Malin e Zi. Sindikata","robots":{"index":"index","follow":"follow","max-snippet":"max-snippet:-1","max-image-preview":"max-image-preview:large","max-video-preview":"max-video-preview:-1"},"canonical":"https:\/\/www.visit-ulcinj.com\/blog\/2014\/01\/23\/mali-zi-gazetaret-malazese-sot-ne-proteste-video\/","og_locale":"en_US","og_type":"article","og_title":"Mali i Zi: Gazetar\u00ebt malazes\u00eb sot n\u00eb protest\u00eb - Video - Lajme nga Ulqini","og_description":"Kryetarja e Sindikat\u00ebs p\u00ebr mediat, Marijana Camoviq, tha se protesa \u00ebsht\u00eb planifikuar p\u00ebr sot sepse mbahet edhe Dita e gazetar\u00ebve n\u00eb Malin e Zi. Sindikata","og_url":"https:\/\/www.visit-ulcinj.com\/blog\/2014\/01\/23\/mali-zi-gazetaret-malazese-sot-ne-proteste-video\/","og_site_name":"Lajme nga Ulqini","article_published_time":"2014-01-23T16:42:38+00:00","og_image":[{"url":"http:\/\/www.visit-ulcinj.com\/blog\/wp-content\/uploads\/2014\/01\/grevaegazetareve.jpg"}],"twitter_misc":{"Written by":"ulqini","Est. reading time":"1 minute"},"schema":{"@context":"https:\/\/schema.org","@graph":[{"@type":"WebSite","@id":"https:\/\/www.visit-ulcinj.com\/blog\/#website","url":"https:\/\/www.visit-ulcinj.com\/blog\/","name":"Lajme nga Ulqini","description":"Lajme,Vijesti,Ulqini,Ulqin,Crna Gora,Mali i Zi","potentialAction":[{"@type":"SearchAction","target":{"@type":"EntryPoint","urlTemplate":"https:\/\/www.visit-ulcinj.com\/blog\/?s={search_term_string}"},"query-input":"required name=search_term_string"}],"inLanguage":"en-US"},{"@type":"ImageObject","inLanguage":"en-US","@id":"https:\/\/www.visit-ulcinj.com\/blog\/2014\/01\/23\/mali-zi-gazetaret-malazese-sot-ne-proteste-video\/#primaryimage","url":"https:\/\/www.visit-ulcinj.com\/blog\/wp-content\/uploads\/2014\/01\/grevaegazetareve.jpg","contentUrl":"https:\/\/www.visit-ulcinj.com\/blog\/wp-content\/uploads\/2014\/01\/grevaegazetareve.jpg","width":610,"height":343},{"@type":"WebPage","@id":"https:\/\/www.visit-ulcinj.com\/blog\/2014\/01\/23\/mali-zi-gazetaret-malazese-sot-ne-proteste-video\/#webpage","url":"https:\/\/www.visit-ulcinj.com\/blog\/2014\/01\/23\/mali-zi-gazetaret-malazese-sot-ne-proteste-video\/","name":"Mali i Zi: Gazetar\u00ebt malazes\u00eb sot n\u00eb protest\u00eb - Video - Lajme nga Ulqini","isPartOf":{"@id":"https:\/\/www.visit-ulcinj.com\/blog\/#website"},"primaryImageOfPage":{"@id":"https:\/\/www.visit-ulcinj.com\/blog\/2014\/01\/23\/mali-zi-gazetaret-malazese-sot-ne-proteste-video\/#primaryimage"},"datePublished":"2014-01-23T16:42:38+00:00","dateModified":"2014-01-23T16:42:38+00:00","author":{"@id":"https:\/\/www.visit-ulcinj.com\/blog\/#\/schema\/person\/dcab619c614d3038751c63bc2aadc06d"},"description":"Kryetarja e Sindikat\u00ebs p\u00ebr mediat, Marijana Camoviq, tha se protesa \u00ebsht\u00eb planifikuar p\u00ebr sot sepse mbahet edhe Dita e gazetar\u00ebve n\u00eb Malin e Zi. Sindikata","breadcrumb":{"@id":"https:\/\/www.visit-ulcinj.com\/blog\/2014\/01\/23\/mali-zi-gazetaret-malazese-sot-ne-proteste-video\/#breadcrumb"},"inLanguage":"en-US","potentialAction":[{"@type":"ReadAction","target":["https:\/\/www.visit-ulcinj.com\/blog\/2014\/01\/23\/mali-zi-gazetaret-malazese-sot-ne-proteste-video\/"]}]},{"@type":"BreadcrumbList","@id":"https:\/\/www.visit-ulcinj.com\/blog\/2014\/01\/23\/mali-zi-gazetaret-malazese-sot-ne-proteste-video\/#breadcrumb","itemListElement":[{"@type":"ListItem","position":1,"name":"Mali i Zi: Gazetar\u00ebt malazes\u00eb sot n\u00eb protest\u00eb &#8211; Video"}]},{"@type":"Person","@id":"https:\/\/www.visit-ulcinj.com\/blog\/#\/schema\/person\/dcab619c614d3038751c63bc2aadc06d","name":"ulqini","sameAs":["http:\/\/www.visit-ulcinj.com"],"url":"https:\/\/www.visit-ulcinj.com\/blog\/author\/admin\/"}]}},"jetpack_featured_media_url":"","jetpack_sharing_enabled":true,"jetpack_shortlink":"https:\/\/wp.me\/pe6lTn-kse","_links":{"self":[{"href":"https:\/\/www.visit-ulcinj.com\/blog\/wp-json\/wp\/v2\/posts\/78630"}],"collection":[{"href":"https:\/\/www.visit-ulcinj.com\/blog\/wp-json\/wp\/v2\/posts"}],"about":[{"href":"https:\/\/www.visit-ulcinj.com\/blog\/wp-json\/wp\/v2\/types\/post"}],"author":[{"embeddable":true,"href":"https:\/\/www.visit-ulcinj.com\/blog\/wp-json\/wp\/v2\/users\/1"}],"replies":[{"embeddable":true,"href":"https:\/\/www.visit-ulcinj.com\/blog\/wp-json\/wp\/v2\/comments?post=78630"}],"version-history":[{"count":1,"href":"https:\/\/www.visit-ulcinj.com\/blog\/wp-json\/wp\/v2\/posts\/78630\/revisions"}],"predecessor-version":[{"id":78632,"href":"https:\/\/www.visit-ulcinj.com\/blog\/wp-json\/wp\/v2\/posts\/78630\/revisions\/78632"}],"wp:attachment":[{"href":"https:\/\/www.visit-ulcinj.com\/blog\/wp-json\/wp\/v2\/media?parent=78630"}],"wp:term":[{"taxonomy":"category","embeddable":true,"href":"https:\/\/www.visit-ulcinj.com\/blog\/wp-json\/wp\/v2\/categories?post=78630"},{"taxonomy":"post_tag","embeddable":true,"href":"https:\/\/www.visit-ulcinj.com\/blog\/wp-json\/wp\/v2\/tags?post=78630"}],"curies":[{"name":"wp","href":"https:\/\/api.w.org\/{rel}","templated":true}]}}