{"id":78636,"date":"2014-01-24T12:09:58","date_gmt":"2014-01-24T11:09:58","guid":{"rendered":"http:\/\/www.visit-ulcinj.com\/blog\/?p=78636"},"modified":"2014-01-25T12:56:19","modified_gmt":"2014-01-25T11:56:19","slug":"tregu-roberve-nga-dritan-abazoviqi","status":"publish","type":"post","link":"https:\/\/www.visit-ulcinj.com\/blog\/2014\/01\/24\/tregu-roberve-nga-dritan-abazoviqi\/","title":{"rendered":"Tregu i rob\u00ebrve nga Dritan Abazoviqi"},"content":{"rendered":"<p><a href=\"http:\/\/www.visit-ulcinj.com\/blog\/wp-content\/uploads\/2014\/01\/Rruga-ne-ulqin.jpg\"><img loading=\"lazy\" class=\"alignleft  wp-image-78637\" alt=\"Rruga ne ulqin\" src=\"http:\/\/www.visit-ulcinj.com\/blog\/wp-content\/uploads\/2014\/01\/Rruga-ne-ulqin.jpg\" width=\"508\" height=\"360\" \/><\/a>,,M\u00eb ndihmo edhe k\u00ebsaj her\u00eb\u201d- \u00ebshte vet\u00ebm nj\u00eb nga fjalit e cila shpesh p\u00ebrdoret nga politikan\u00ebt lokal q\u00eb t\u2019i bindin qytetar\u00ebt q\u00eb t\u00eb votojn pers\u00ebri p\u00ebr to. I pranojn ata edhe gabimet\u00a0 e veta,i p\u00ebrs\u00ebrisin premtimet, milion\u00ebt, kamion\u00ebt, aeroplan\u00ebt&#8230;por pushtetin e kan m\u00eb prioritar se dinjitetin, e p\u00ebr\u00a0 t\u00eb v\u00ebrtet\u00ebn as mos t\u00eb flasim.E pyes vehten pse \u00ebsht\u00eb kjo k\u00ebshtu? Sepse \u00ebsht\u00eb e mundur q\u00eb e kan at\u00eb vullnet t\u00eb jen pjes\u00eb e pushtetit edhe pse vet\u00eb e pranojn qe komuna \u00ebshte ne probleme tejet t\u00eb m\u00ebdha. Nuk ka tjet\u00ebr p\u00ebrgjigje logjike p\u00ebrpos q\u00eb di\u00e7ka p\u00ebrziejn dhe q\u00eb dojn vehtes t\u2019i sjellin ndonj\u00eb fitim personal.N\u00eb t\u00eb kund\u00ebrt\u00ebn zgjedhjeve do t\u00eb ishin qasur m\u00eb lirsh\u00ebm, t\u00eb bindur q\u00eb qytetar\u00ebt do t\u2019i shp\u00ebblejn n\u00ebse kan punuar mir\u00eb n\u00eb periudh\u00ebn paraprake, si dhe do te veprojn ndryshe n\u00ebse nuk i kan permbush pritjet e tyre.<\/p>\n<p>Por, ata e dijn \u00a0mir\u00eb q\u00eb depozitimi( p\u00ebr perffitim) \u00ebshte di\u00e7ka m\u00eb i madh, mos t\u00eb them vendimtar. Nuk ka kjo lidhje me mbrojtjen e interesit publik,sespe\u00a0 ta kishin mbrojt ate bile 5% ne krahasim me ate se \u00e7ka kane paralajmruar derisa ishin opozit, nuk u kishin dashur as te b\u00ebjne kampanj\u00eb. Kishin fituar bindsh\u00ebm dhe pa konkurenc. Por,Ulqini n\u00eb k\u00ebto dy vitetet e kaluara ka fituar edhe nj\u00eb zhg\u00ebnjim, Zoti e di se cilin me radh\u00a0 n\u00eb k\u00ebto dy dekadat e fundit. Nga ekspert\u00ebt e premtuar Ulqini ka fituar udh\u00ebheq\u00ebsin m\u00eb t\u00eb pa zhd\u00ebrvjellt\u00eb ndonjh\u00ebher\u00eb,vendimet m\u00eb t\u00eb r\u00ebnd\u00ebsishme t\u00eb\u00a0 s\u00eb cil\u00ebs kan\u00eb mbet t\u00eb kontestushme ose jan hedhur posht\u00eb ne gjygjin Drejtues dhe t\u00eb cil\u00ebt e kan \u00e7uar ne falementim t\u00eb\u00a0 quajtur Plani i Qeveris per rim\u00ebk\u00ebmbjen. Margaritar ka pasur me t\u00eb v\u00ebrtet shum\u00eb.Ulqini ka pasur nj\u00eb vit\u00eb dy drejtora t\u00eb Organizat\u00ebs Turistike,sepse pushteti i ri nuk ka dit\u00eb t\u2019a nd\u00ebrroj t\u00eb vjetrin, kurse i riu nuk ka dasht t\u00eb pres. K\u00ebtu ka ndodhur q\u00eb kryetari (\u00a0 paligjsh\u00ebm) ta nd\u00ebrroj n\u00ebnkryetarin, e ky t\u00eb mbes ne koalicionin n\u00eb pushtet edhe pse ky i pari qart\u00eb nuk e d\u00ebshiron.<\/p>\n<p>Por kjo nuk \u00ebsht\u00eb e t\u00ebra. Ka pasur raste q\u00eb sekretar\u00ebt kan konkuruar q\u00eb vetvehtes t\u2019i b\u00ebhen k\u00ebshlltar ne rasoret e veta. Njeriun t\u2019a kaplojn thjesht \u00a0drith\u00ebrimat nga kjo. Nga vendet \u00a0e reja \u00a0pun\u00ebs t\u00eb premtuara, jan\u00eb hapur vet\u00ebm ata p\u00ebrpara zgjedhjeve, kurse nga investimet kan mbet vet\u00ebm p\u00ebralla dhe 3D animime.N\u00ebse k\u00ebsaj i\u2019a shtojm q\u00eb gj\u00ebrat kapitale sikur kthimi Ullisht\u00ebs ne Valdanos ose T\u00eb mirat detare fare kan r\u00ebn\u00eb n\u00eb harres(sepse n\u00eb koalicion me DPS-in n\u00eb nivel shtet\u00ebror kjo m\u00eb nuk \u00ebsht\u00eb n\u00eb interes t\u00eb p\u00ebrmendet), at\u00ebher \u00ebsht\u00eb e qart se deri te votat mund t\u00eb vihet vet\u00ebm duke lypur,lutur me t\u00eb madhe,duke b\u00ebr\u00eb presione ose duke bler\u00eb vota. Teza t\u00eb cil\u00ebn e p\u00ebrdor partia m\u00eb e fort\u00eb lokale, q\u00eb ata nuk jan ideal, por m\u00eb t\u00eb mir\u00eb se ata nuk ka, nuk \u00ebsht\u00eb edhe aq kreative. N\u00eb t\u00eb v\u00ebrtet ajo \u00ebsht\u00eb\u00a0 tez e kopjuar nga DPS-i nga niveli shtet\u00ebror, e cila e ka kushtuar k\u00ebt\u00eb shtet shum\u00eb, e k\u00ebto jan vet\u00ebm nx\u00ebn\u00ebsa t\u00eb mir\u00eb ,t\u00eb cil\u00ebt i nd\u00ebgjojn prind\u00ebrit e tyre. Por k\u00ebtu nuk \u00ebsht\u00eb fundi i marrive lokale.<\/p>\n<p>M\u00eb s\u00eb pari nd\u00ebgjuam se ne Komun\u00eb \u00ebsht\u00eb \u00e7rr\u00ebnjosur korupsioni ,e pastaj kemi rastin t\u00eb shohim se si kryetari dhe n\u00ebnkryetari i Komun\u00ebs e akuzojn nj\u00ebri tjetrin p\u00ebr korupsion , dhe ate t\u00eb p\u00ebrmasave t\u00eb m\u00ebdha?!\u00a0 Prandaj nuk \u00ebsht\u00eb e \u00e7udit\u00ebshme at\u00ebher\u00eb q\u00eb askush nuk guxon publikisht t\u00eb thoj q\u00eb nuk don me DPS-in pas zgjedhjeve. Don! N\u00eb te v\u00ebrtet nuk \u00ebsht\u00eb k\u00ebtu i r\u00ebnd\u00ebsish\u00ebm zhvillimi i qytetit sa \u00ebsht\u00eb strehimi i sigurt,e ngjajsh\u00ebm \u00a0me ate q\u00eb ve\u00e7 e ka nj\u00eb nga lider\u00ebt lokal i cili ulet n\u00eb Kuvendin e Malit t\u00eb Zi, dhe ka m\u00eb tep\u00ebr akt\u00ebpadi penale. Njeriu \u00ebsht\u00eb kampion i papar\u00eb, p\u00ebr nj\u00eb vit ka krijuar borxhe milionash, ka pun\u00ebsuar me dhjet\u00ebra pun\u00ebtor, ka fituar mandatin e deputetit, ka z\u00ebn\u00eb imuntitet dhe ka th\u00ebn\u00eb-mir\u00ebupafshim . Nuk habit as ajo q\u00eb ne periudh\u00ebn e kalume nuk \u00ebsht\u00eb b\u00ebr\u00eb asgj\u00eb p\u00ebr qytet,udh\u00ebheq\u00ebsit, m\u00eb se e qart\u00eb ishin t\u00eb preokupuar me pun\u00ebt e tyre personale, me planifikimin e nd\u00ebrtesave, parcelave,kurse \u00a0p\u00ebr\u00a0 t\u00eb mir\u00ebn publike gjithmon ka mbet\u00eb pak koh\u00eb. E koha edhe ashtu fluturon, p\u00ebr k\u00ebt\u00eb k\u00ebrkohet m\u00eb ndonj\u00eb mandat.<\/p>\n<p>Qytetar\u00ebt e Ulqinit edhe karshi t\u00eb gjitha ndodhive n\u00eb periudhen\u00a0 e kalume, t\u00eb cil\u00ebn e karakterizon shkat\u00ebrrimi i ekonomis turistike t\u00eb tij,r\u00ebnies\u00a0 ekonomis dhe p\u00ebruljes sistematike,megjithat\u00eb e kan rujt shpirtin opozitar. Kan nd\u00ebrruar shume her\u00eb deri tash, si anj\u00eb qytet ne Mal t\u00eb Zi, kan zgjedhur kombinime t\u00eb ndryshme, kan forcuar shum\u00eb subjekte te reja dhe individ. Besojm se ashtu do t\u00eb jet\u00eb edhe k\u00ebsaj her\u00eb. Nuk \u00ebsht\u00eb aq e r\u00ebnd\u00ebsishme t\u00eb b\u00ebhet nd\u00ebrrimi,sa \u00ebsht\u00eb me r\u00ebnd\u00ebsi t\u00eb kihet besim q\u00eb ajo me t\u00eb v\u00ebrtet mund mund t\u00eb ndodh\u00eb. Ky qytet n\u00eb asnj\u00eb menyr\u00eb nuk e ka merituar k\u00ebt\u00eb, ai vet\u00ebm don pak dashuri. Subjektet politike te pushtetit duhet t\u00eb ndalen t\u00eb b\u00ebjn\u00eb pazarlleqe me fatet njerzore dhe duhen\u00a0 t\u2019i bindin njerzit q\u00eb liria \u00ebsht\u00eb e arritshme dhe p\u00ebr ate duhet t\u00eb luftohet me mjete demokratike. Ai \u00ebsht\u00eb misioni i politik\u00ebs s\u00eb sh\u00ebndosht\u00eb. P\u00ebr k\u00ebt\u00eb, qytetar\u00eb t\u00eb dashur, kur t\u00eb ju startoj\u00a0 her\u00ebn tjet\u00ebr ndonj\u00eb politikan me ,,m\u00eb ndihmo edhe k\u00ebsaj her\u00eb\u201d, p\u00ebrgjigjuni\u00a0 ,,koha \u00ebsht\u00eb q\u00eb t\u2019i ndihmoj qytetit, kur ti nuk don\u201d, dhe p\u00ebr k\u00ebt\u00eb do t\u00eb votoj lir\u00eb dhe sipas ndergjegjes sime\u201d.<\/p>\n<p>Mos e lejoni q\u00eb krejt qyteti t\u00eb sh\u00ebnd\u00ebrrohet n\u00eb ,,Treg t\u00eb rob\u00ebrve\u201d, kurse krejt popullata ne mas\u00ebn e cila ka \u00e7mimin e vet. Koha \u00ebsht\u00eb t\u00eb ngrihemi nga hiri, q\u00eb \u00e7do kuj q\u00eb i\u2019a d\u00ebshiron t\u00eb mir\u00ebn k\u00ebtij qyteti\u00a0 t\u00eb i\u2019a shtrijm\u00eb dor\u00ebn. Q\u00eb Uliqnit \u00a0t\u00eb i\u2019a kthejm ndri\u00e7imin e rr\u00ebmbyer dhe ta lirojm shpirtin e shtypur. T\u00eb i\u2019a kthejm ulisht\u00ebn e tij,token e tij dhe fam\u00ebn. P\u00ebr k\u00ebt\u00eb ju mendoni mir\u00eb para se ta b\u00ebni obligimin e juaj qytetar, sepse fuqia reale \u00ebshte n\u00eb \u00e7do nj\u00ebrin nga ne\u00a0 individualisht. Zgjedhje , normalisht do t\u00eb ket\u00eb edhe shum\u00eb,me ket\u00eb nuk duhet ngarkuar, por duhemi t\u00eb besojm ne fjal\u00ebt e Hali Xhubranit :,,Un\u00eb i them atyre N\u00ebse e shihni rob\u00ebn ku flen\u00eb,zgjoheni ate dhe spjegojani lirin\u00eb\u201d. Ndoshta di\u00e7ka na ka m\u00ebsuar historia jon\u00eb e famshme!<br \/>\n<!--YouTube Error: bad URL entered--><br \/>\n<a href=\"http:\/\/www.visit-ulcinj.com\/blog\/wp-content\/uploads\/2014\/01\/Kush-duhet-t\u00eb-na-udh\u00ebheq\u00eb-Ulqinin.jpg\"><img loading=\"lazy\" class=\"alignleft  wp-image-78608\" alt=\"Kush duhet t\u00eb na udh\u00ebheq\u00eb Ulqinin\" src=\"http:\/\/www.visit-ulcinj.com\/blog\/wp-content\/uploads\/2014\/01\/Kush-duhet-t\u00eb-na-udh\u00ebheq\u00eb-Ulqinin.jpg\" width=\"508\" height=\"360\" \/><\/a><\/p>\n","protected":false},"excerpt":{"rendered":"<p>,,M\u00eb ndihmo edhe k\u00ebsaj her\u00eb\u201d- \u00ebshte vet\u00ebm nj\u00eb nga fjalit e cila shpesh p\u00ebrdoret nga politikan\u00ebt lokal q\u00eb t\u2019i bindin qytetar\u00ebt q\u00eb t\u00eb votojn pers\u00ebri p\u00ebr to. I pranojn ata edhe gabimet\u00a0 e veta,i p\u00ebrs\u00ebrisin premtimet, milion\u00ebt, kamion\u00ebt, aeroplan\u00ebt&#8230;por pushtetin e kan m\u00eb prioritar se dinjitetin, e p\u00ebr\u00a0 t\u00eb v\u00ebrtet\u00ebn as mos t\u00eb flasim.E pyes [&hellip;]<\/p>\n","protected":false},"author":1,"featured_media":0,"comment_status":"closed","ping_status":"closed","sticky":false,"template":"","format":"standard","meta":{"spay_email":"","jetpack_publicize_message":"","jetpack_is_tweetstorm":false,"jetpack_publicize_feature_enabled":true},"categories":[1,11],"tags":[],"jetpack_publicize_connections":[],"yoast_head":"<!-- This site is optimized with the Yoast SEO plugin v19.1 - https:\/\/yoast.com\/wordpress\/plugins\/seo\/ -->\n<title>Tregu i rob\u00ebrve nga Dritan Abazoviqi - Lajme nga Ulqini<\/title>\n<meta name=\"description\" content=\",,M\u00eb ndihmo edhe k\u00ebsaj her\u00eb\u201d- \u00ebshte vet\u00ebm nj\u00eb nga fjalit e cila shpesh p\u00ebrdoret nga politikan\u00ebt lokal q\u00eb t\u2019i bindin qytetar\u00ebt q\u00eb t\u00eb votojn pers\u00ebri p\u00ebr to.\" \/>\n<meta name=\"robots\" content=\"index, follow, max-snippet:-1, max-image-preview:large, max-video-preview:-1\" \/>\n<link rel=\"canonical\" href=\"https:\/\/www.visit-ulcinj.com\/blog\/2014\/01\/24\/tregu-roberve-nga-dritan-abazoviqi\/\" \/>\n<meta property=\"og:locale\" content=\"en_US\" \/>\n<meta property=\"og:type\" content=\"article\" \/>\n<meta property=\"og:title\" content=\"Tregu i rob\u00ebrve nga Dritan Abazoviqi - Lajme nga Ulqini\" \/>\n<meta property=\"og:description\" content=\",,M\u00eb ndihmo edhe k\u00ebsaj her\u00eb\u201d- \u00ebshte vet\u00ebm nj\u00eb nga fjalit e cila shpesh p\u00ebrdoret nga politikan\u00ebt lokal q\u00eb t\u2019i bindin qytetar\u00ebt q\u00eb t\u00eb votojn pers\u00ebri p\u00ebr to.\" \/>\n<meta property=\"og:url\" content=\"https:\/\/www.visit-ulcinj.com\/blog\/2014\/01\/24\/tregu-roberve-nga-dritan-abazoviqi\/\" \/>\n<meta property=\"og:site_name\" content=\"Lajme nga Ulqini\" \/>\n<meta property=\"article:published_time\" content=\"2014-01-24T11:09:58+00:00\" \/>\n<meta property=\"article:modified_time\" content=\"2014-01-25T11:56:19+00:00\" \/>\n<meta property=\"og:image\" content=\"http:\/\/www.visit-ulcinj.com\/blog\/wp-content\/uploads\/2014\/01\/Rruga-ne-ulqin.jpg\" \/>\n<meta name=\"twitter:label1\" content=\"Written by\" \/>\n\t<meta name=\"twitter:data1\" content=\"ulqini\" \/>\n\t<meta name=\"twitter:label2\" content=\"Est. reading time\" \/>\n\t<meta name=\"twitter:data2\" content=\"6 minutes\" \/>\n<script type=\"application\/ld+json\" class=\"yoast-schema-graph\">{\"@context\":\"https:\/\/schema.org\",\"@graph\":[{\"@type\":\"WebSite\",\"@id\":\"https:\/\/www.visit-ulcinj.com\/blog\/#website\",\"url\":\"https:\/\/www.visit-ulcinj.com\/blog\/\",\"name\":\"Lajme nga Ulqini\",\"description\":\"Lajme,Vijesti,Ulqini,Ulqin,Crna Gora,Mali i Zi\",\"potentialAction\":[{\"@type\":\"SearchAction\",\"target\":{\"@type\":\"EntryPoint\",\"urlTemplate\":\"https:\/\/www.visit-ulcinj.com\/blog\/?s={search_term_string}\"},\"query-input\":\"required name=search_term_string\"}],\"inLanguage\":\"en-US\"},{\"@type\":\"ImageObject\",\"inLanguage\":\"en-US\",\"@id\":\"https:\/\/www.visit-ulcinj.com\/blog\/2014\/01\/24\/tregu-roberve-nga-dritan-abazoviqi\/#primaryimage\",\"url\":\"https:\/\/www.visit-ulcinj.com\/blog\/wp-content\/uploads\/2014\/01\/Rruga-ne-ulqin.jpg\",\"contentUrl\":\"https:\/\/www.visit-ulcinj.com\/blog\/wp-content\/uploads\/2014\/01\/Rruga-ne-ulqin.jpg\",\"width\":999,\"height\":617},{\"@type\":\"WebPage\",\"@id\":\"https:\/\/www.visit-ulcinj.com\/blog\/2014\/01\/24\/tregu-roberve-nga-dritan-abazoviqi\/#webpage\",\"url\":\"https:\/\/www.visit-ulcinj.com\/blog\/2014\/01\/24\/tregu-roberve-nga-dritan-abazoviqi\/\",\"name\":\"Tregu i rob\u00ebrve nga Dritan Abazoviqi - Lajme nga Ulqini\",\"isPartOf\":{\"@id\":\"https:\/\/www.visit-ulcinj.com\/blog\/#website\"},\"primaryImageOfPage\":{\"@id\":\"https:\/\/www.visit-ulcinj.com\/blog\/2014\/01\/24\/tregu-roberve-nga-dritan-abazoviqi\/#primaryimage\"},\"datePublished\":\"2014-01-24T11:09:58+00:00\",\"dateModified\":\"2014-01-25T11:56:19+00:00\",\"author\":{\"@id\":\"https:\/\/www.visit-ulcinj.com\/blog\/#\/schema\/person\/dcab619c614d3038751c63bc2aadc06d\"},\"description\":\",,M\u00eb ndihmo edhe k\u00ebsaj her\u00eb\u201d- \u00ebshte vet\u00ebm nj\u00eb nga fjalit e cila shpesh p\u00ebrdoret nga politikan\u00ebt lokal q\u00eb t\u2019i bindin qytetar\u00ebt q\u00eb t\u00eb votojn pers\u00ebri p\u00ebr to.\",\"breadcrumb\":{\"@id\":\"https:\/\/www.visit-ulcinj.com\/blog\/2014\/01\/24\/tregu-roberve-nga-dritan-abazoviqi\/#breadcrumb\"},\"inLanguage\":\"en-US\",\"potentialAction\":[{\"@type\":\"ReadAction\",\"target\":[\"https:\/\/www.visit-ulcinj.com\/blog\/2014\/01\/24\/tregu-roberve-nga-dritan-abazoviqi\/\"]}]},{\"@type\":\"BreadcrumbList\",\"@id\":\"https:\/\/www.visit-ulcinj.com\/blog\/2014\/01\/24\/tregu-roberve-nga-dritan-abazoviqi\/#breadcrumb\",\"itemListElement\":[{\"@type\":\"ListItem\",\"position\":1,\"name\":\"Tregu i rob\u00ebrve nga Dritan Abazoviqi\"}]},{\"@type\":\"Person\",\"@id\":\"https:\/\/www.visit-ulcinj.com\/blog\/#\/schema\/person\/dcab619c614d3038751c63bc2aadc06d\",\"name\":\"ulqini\",\"sameAs\":[\"http:\/\/www.visit-ulcinj.com\"],\"url\":\"https:\/\/www.visit-ulcinj.com\/blog\/author\/admin\/\"}]}<\/script>\n<!-- \/ Yoast SEO plugin. -->","yoast_head_json":{"title":"Tregu i rob\u00ebrve nga Dritan Abazoviqi - Lajme nga Ulqini","description":",,M\u00eb ndihmo edhe k\u00ebsaj her\u00eb\u201d- \u00ebshte vet\u00ebm nj\u00eb nga fjalit e cila shpesh p\u00ebrdoret nga politikan\u00ebt lokal q\u00eb t\u2019i bindin qytetar\u00ebt q\u00eb t\u00eb votojn pers\u00ebri p\u00ebr to.","robots":{"index":"index","follow":"follow","max-snippet":"max-snippet:-1","max-image-preview":"max-image-preview:large","max-video-preview":"max-video-preview:-1"},"canonical":"https:\/\/www.visit-ulcinj.com\/blog\/2014\/01\/24\/tregu-roberve-nga-dritan-abazoviqi\/","og_locale":"en_US","og_type":"article","og_title":"Tregu i rob\u00ebrve nga Dritan Abazoviqi - Lajme nga Ulqini","og_description":",,M\u00eb ndihmo edhe k\u00ebsaj her\u00eb\u201d- \u00ebshte vet\u00ebm nj\u00eb nga fjalit e cila shpesh p\u00ebrdoret nga politikan\u00ebt lokal q\u00eb t\u2019i bindin qytetar\u00ebt q\u00eb t\u00eb votojn pers\u00ebri p\u00ebr to.","og_url":"https:\/\/www.visit-ulcinj.com\/blog\/2014\/01\/24\/tregu-roberve-nga-dritan-abazoviqi\/","og_site_name":"Lajme nga Ulqini","article_published_time":"2014-01-24T11:09:58+00:00","article_modified_time":"2014-01-25T11:56:19+00:00","og_image":[{"url":"http:\/\/www.visit-ulcinj.com\/blog\/wp-content\/uploads\/2014\/01\/Rruga-ne-ulqin.jpg"}],"twitter_misc":{"Written by":"ulqini","Est. reading time":"6 minutes"},"schema":{"@context":"https:\/\/schema.org","@graph":[{"@type":"WebSite","@id":"https:\/\/www.visit-ulcinj.com\/blog\/#website","url":"https:\/\/www.visit-ulcinj.com\/blog\/","name":"Lajme nga Ulqini","description":"Lajme,Vijesti,Ulqini,Ulqin,Crna Gora,Mali i Zi","potentialAction":[{"@type":"SearchAction","target":{"@type":"EntryPoint","urlTemplate":"https:\/\/www.visit-ulcinj.com\/blog\/?s={search_term_string}"},"query-input":"required name=search_term_string"}],"inLanguage":"en-US"},{"@type":"ImageObject","inLanguage":"en-US","@id":"https:\/\/www.visit-ulcinj.com\/blog\/2014\/01\/24\/tregu-roberve-nga-dritan-abazoviqi\/#primaryimage","url":"https:\/\/www.visit-ulcinj.com\/blog\/wp-content\/uploads\/2014\/01\/Rruga-ne-ulqin.jpg","contentUrl":"https:\/\/www.visit-ulcinj.com\/blog\/wp-content\/uploads\/2014\/01\/Rruga-ne-ulqin.jpg","width":999,"height":617},{"@type":"WebPage","@id":"https:\/\/www.visit-ulcinj.com\/blog\/2014\/01\/24\/tregu-roberve-nga-dritan-abazoviqi\/#webpage","url":"https:\/\/www.visit-ulcinj.com\/blog\/2014\/01\/24\/tregu-roberve-nga-dritan-abazoviqi\/","name":"Tregu i rob\u00ebrve nga Dritan Abazoviqi - Lajme nga Ulqini","isPartOf":{"@id":"https:\/\/www.visit-ulcinj.com\/blog\/#website"},"primaryImageOfPage":{"@id":"https:\/\/www.visit-ulcinj.com\/blog\/2014\/01\/24\/tregu-roberve-nga-dritan-abazoviqi\/#primaryimage"},"datePublished":"2014-01-24T11:09:58+00:00","dateModified":"2014-01-25T11:56:19+00:00","author":{"@id":"https:\/\/www.visit-ulcinj.com\/blog\/#\/schema\/person\/dcab619c614d3038751c63bc2aadc06d"},"description":",,M\u00eb ndihmo edhe k\u00ebsaj her\u00eb\u201d- \u00ebshte vet\u00ebm nj\u00eb nga fjalit e cila shpesh p\u00ebrdoret nga politikan\u00ebt lokal q\u00eb t\u2019i bindin qytetar\u00ebt q\u00eb t\u00eb votojn pers\u00ebri p\u00ebr to.","breadcrumb":{"@id":"https:\/\/www.visit-ulcinj.com\/blog\/2014\/01\/24\/tregu-roberve-nga-dritan-abazoviqi\/#breadcrumb"},"inLanguage":"en-US","potentialAction":[{"@type":"ReadAction","target":["https:\/\/www.visit-ulcinj.com\/blog\/2014\/01\/24\/tregu-roberve-nga-dritan-abazoviqi\/"]}]},{"@type":"BreadcrumbList","@id":"https:\/\/www.visit-ulcinj.com\/blog\/2014\/01\/24\/tregu-roberve-nga-dritan-abazoviqi\/#breadcrumb","itemListElement":[{"@type":"ListItem","position":1,"name":"Tregu i rob\u00ebrve nga Dritan Abazoviqi"}]},{"@type":"Person","@id":"https:\/\/www.visit-ulcinj.com\/blog\/#\/schema\/person\/dcab619c614d3038751c63bc2aadc06d","name":"ulqini","sameAs":["http:\/\/www.visit-ulcinj.com"],"url":"https:\/\/www.visit-ulcinj.com\/blog\/author\/admin\/"}]}},"jetpack_featured_media_url":"","jetpack_sharing_enabled":true,"jetpack_shortlink":"https:\/\/wp.me\/pe6lTn-ksk","_links":{"self":[{"href":"https:\/\/www.visit-ulcinj.com\/blog\/wp-json\/wp\/v2\/posts\/78636"}],"collection":[{"href":"https:\/\/www.visit-ulcinj.com\/blog\/wp-json\/wp\/v2\/posts"}],"about":[{"href":"https:\/\/www.visit-ulcinj.com\/blog\/wp-json\/wp\/v2\/types\/post"}],"author":[{"embeddable":true,"href":"https:\/\/www.visit-ulcinj.com\/blog\/wp-json\/wp\/v2\/users\/1"}],"replies":[{"embeddable":true,"href":"https:\/\/www.visit-ulcinj.com\/blog\/wp-json\/wp\/v2\/comments?post=78636"}],"version-history":[{"count":3,"href":"https:\/\/www.visit-ulcinj.com\/blog\/wp-json\/wp\/v2\/posts\/78636\/revisions"}],"predecessor-version":[{"id":78695,"href":"https:\/\/www.visit-ulcinj.com\/blog\/wp-json\/wp\/v2\/posts\/78636\/revisions\/78695"}],"wp:attachment":[{"href":"https:\/\/www.visit-ulcinj.com\/blog\/wp-json\/wp\/v2\/media?parent=78636"}],"wp:term":[{"taxonomy":"category","embeddable":true,"href":"https:\/\/www.visit-ulcinj.com\/blog\/wp-json\/wp\/v2\/categories?post=78636"},{"taxonomy":"post_tag","embeddable":true,"href":"https:\/\/www.visit-ulcinj.com\/blog\/wp-json\/wp\/v2\/tags?post=78636"}],"curies":[{"name":"wp","href":"https:\/\/api.w.org\/{rel}","templated":true}]}}