{"id":78640,"date":"2014-01-24T17:12:04","date_gmt":"2014-01-24T16:12:04","guid":{"rendered":"http:\/\/www.visit-ulcinj.com\/blog\/?p=78640"},"modified":"2014-01-24T17:12:04","modified_gmt":"2014-01-24T16:12:04","slug":"zeneli-ana-e-malit-treve-e-ngjarjeve-te-rendesishme-historike-dhe-kombetare","status":"publish","type":"post","link":"https:\/\/www.visit-ulcinj.com\/blog\/2014\/01\/24\/zeneli-ana-e-malit-treve-e-ngjarjeve-te-rendesishme-historike-dhe-kombetare\/","title":{"rendered":"Zeneli: Ana e Malit &#8211; Trev\u00eb e ngjarjeve t\u00eb r\u00ebnd\u00ebsishme historike dhe komb\u00ebtare"},"content":{"rendered":"<p><a href=\"http:\/\/www.visit-ulcinj.com\/blog\/wp-content\/uploads\/2009\/09\/harta-e-vjeter-e-ulqinit-deri-te-lumi-buna.jpg\"><img loading=\"lazy\" class=\"alignleft  wp-image-25776\" alt=\"harta-e-vjeter-e-ulqinit-deri-te-lumi-buna\" src=\"http:\/\/www.visit-ulcinj.com\/blog\/wp-content\/uploads\/2009\/09\/harta-e-vjeter-e-ulqinit-deri-te-lumi-buna.jpg\" width=\"508\" height=\"360\" \/><\/a>Ana e Malit,ashtu si edhe shum\u00eb vendbanime t\u00eb tjera shqiptare,me vendimet e Kongresit t\u00eb Berlinit (1878), Konferenc\u00ebs s\u00eb Ambasador\u00ebve n\u00eb Lond\u00ebr (1913) si dhe asaj t\u00eb Parisit (1919) u ndan\u00eb padrejt\u00ebsisht nga trungu i shtetit t\u00eb tyre am\u00eb-Shqip\u00ebris\u00eb dhe iu bashkangjiten Malit t\u00eb Zi.<\/p>\n<div>\u00a0 \u00a0 \u00a0 Si pasoj\u00eb e k\u00ebsaj sot kemi krahin\u00ebn e An\u00ebs s\u00eb Malit t\u00eb ndar\u00eb n\u00eb dy pjes\u00eb: nj\u00eb An\u00eb t\u00eb Malit brenda kufij\u00ebve t\u00eb republik\u00ebs s\u00eb Shqip\u00ebris\u00eb dhe nj\u00eb An\u00eb t\u00eb Malit \u00a0brenda kufirit administrativ t\u00eb republik\u00ebs s\u00eb Malit t\u00eb Zi,<\/div>\n<div>nd\u00ebrsa para aneksimit nga Malit i Zi,treva e An\u00ebs s\u00eb Malit ishte nj\u00eb trev\u00eb kompakte \u00a0dhe territor i pandar\u00eb shqiptar.<\/div>\n<div>\u00a0 \u00a0 \u00a0 \u00a0Q\u00eb nga viti 1880 kur ky vendbanim iu bashkangjit Malit t\u00eb Zi kund\u00ebr vullnetit dhe d\u00ebshir\u00ebs s\u00eb popullit t\u00eb tij,jan\u00eb b\u00ebr\u00eb p\u00ebrpjekje t\u00eb shumta si p\u00ebr ndalimin e aneksimit nga ana e Malit t\u00eb Zi me ndihm\u00ebn e Fuqive t\u00eb M\u00ebdha dhe perandoris\u00eb osmane.Kurse m\u00eb von\u00eb ,gjat\u00eb luft\u00ebs s\u00eb dyt\u00eb Bot\u00ebrore,jan\u00eb b\u00ebr\u00eb p\u00ebrpjekje q\u00eb treva e An\u00ebs s\u00eb Malit ti bashkangjitet shtetit am\u00eb,Shqip\u00ebris\u00eb.<\/div>\n<div>\u00a0 \u00a0 \u00a0 \u00a0Moment vendimtar dhe i r\u00ebnd\u00ebsish\u00ebm \u00a0historik q\u00eb pat p\u0113r q\u0113llim mbrotjen nga coptimi t\u0113 trojeve shqiptare nga ana e shteteve fqinje,padyshim q\u00eb ishte themelimi i Lidhjes Shqiptare t\u00eb Prizrenit , me 10 \u00a0Qershor 1878. Lidhja e Prizrenit ,p\u00ebrmes deg\u00ebve dhe komiteteve t\u0113 veta ishte shtrir\u00eb n\u00eb shum\u00eb qendra shqiptare t\u0113 koh\u00ebs.Lidhja.gjithashtu n\u00eb p\u00ebrb\u00ebrjen e vet kishte edhe forcat e armatosura t\u00eb p\u00ebrb\u00ebr\u00eb nga luft\u00ebtar\u00eb vullnetar\u00eb shqiptar nga t\u00eb gjitha trevat etnike t\u00eb cil\u00ebt ishin t\u00eb gatsh\u00ebm q\u00eb t\u00eb mbrojn\u00eb edhe me gjak vendin e t\u00eb par\u00ebve t\u00eb tyre,pra tok\u00ebn shqiptare.<\/div>\n<div>\u00a0 \u00a0 \u00a0 \u00a0 Nj\u00eb nd\u00ebr k\u0113to komitete ishte edhe Komiteti Nd\u00ebrkrahinor i Shkodr\u00ebs i cili muar p\u00ebrsip\u00ebr mbrojtjen e Ulqinit me rrethe. Pas vendimeve t\u00eb Fuqive t\u0113 M\u00ebdha t\u00eb koh\u00ebs, p\u00ebr dor\u00ebzimin e Ulqinit<\/div>\n<div>\u00a0Malit t\u00eb Zi,nj\u00eb nd\u00ebr betejat e p\u00ebrgjakshme p\u00ebr mbrojtjen e Ulqinit u zhvillua te Kodra e Kuqe (pran\u00eb fshatit Kllez\u00ebn) n\u00eb An\u00eb t\u00eb Malit, me 22 N\u00ebntor 1880 e cila ndryshe njihet edhe si Beteja e Shkallmushk\u00ebs, n\u00eb mes t\u00eb forcave shqiptare dhe atyre turke.N\u00eb\u00a0\u00a0fillim vullnetar\u00ebt shqiptar\u00eb arrit\u00ebn t\u00eb p\u00ebrballojn\u00eb ushtrin\u00eb turke dhe turqit pat\u00ebn shum\u00eb t\u00eb vrar\u00eb, por m\u00eb von\u00eb pasi arrit\u00ebn p\u00ebrforcime t\u00eb m\u00ebdha t\u00eb ushtris\u00eb turke t\u00eb pajisura \u00a0me artileri moderne, forcat vullnetare shqiptare e pat\u00ebn t\u00eb v\u00ebshtir\u00eb t\u00eb p\u00ebrballonin ep\u00ebrsin\u00eb e armikut, k\u00ebshtu q\u00eb si rezulltat edhe u thyen .N\u00eb k\u00ebt\u00eb betej\u00eb \u00a0komandanti i forcave vullnetare shqiptare, Isuf Sokoli,u plagos \u00a0r\u00ebnd\u00eb dhe \u00a0vdiq m\u00eb von\u00eb \u00a0nga plag\u00ebt e marra.<\/div>\n<div>\u00a0 \u00a0 \u00a0 \u00a0 \u00a0 \u00a0Kjo betej\u00eb,megjith\u00ebse zgjati p\u00ebr nj\u00eb koh\u00eb t\u00eb shkurt\u00eb, ka hyr\u00eb n\u00eb histori si nj\u00eb nd\u00ebr betejat e para t\u00eb shqiptar\u00ebve t\u00eb kytyre an\u00ebve q\u00eb \u00a0rezistuan n\u00eb m\u00ebnyr\u00eb t\u00eb armatusur kund\u00ebr dor\u00ebzimit t\u00eb Ulqinit, Malit t\u00eb Zi.<\/div>\n<div><\/div>\n<div>\u00a0 \u00a0 \u00a0 \u00a0<b>Historia e An\u00ebs s\u00eb Malit e lidhur ngusht me historin\u00eb \u00a0e Shkodr\u00ebs<\/b><\/div>\n<div><\/div>\n<div>\u00a0 \u00a0 \u00a0 \u00a0Nj\u00eb nd\u00ebr q\u00eblllimet kryesore t\u00eb politik\u00ebs ekspanizoniste t\u00eb Malit t\u00eb Zi, ve\u00e7an\u00ebrisht gjat\u00eb periudh\u00ebs s\u00eb mbretit Nikoll\u00eb,ka qen\u00eb pushtimi dhe p\u00ebrfshirja e qytetit t\u00eb Shkodr\u00ebs n\u00ebn territorin e shtetit malazez i cili synonte t\u00eb zgjerohej n\u00eb d\u00ebm t\u00eb territorit shqiptar. Jan\u00eb t\u00eb njohur kat\u00ebr tentime t\u00eb Malit t\u00eb Zi p\u00ebr t\u00eb pushtuar Shkodr\u00ebn. E para, gjat\u00eb viteve 1875-1878, e dyta gjat\u00eb Luft\u00ebs s\u00eb Par\u00eb Ballkanike ( 1912-1913), e treta gjat\u00eb Luft\u00ebs s\u00eb Par\u00eb Bot\u00ebrore ( 1914-1918) dhe e kat\u00ebrta gjat\u00eb viteve 1919, 1920, 1921.Dhe sa her\u00eb q\u00eb Mali i Zi dhe Serbia, me forcat e veta ushtarake,jan\u00eb v\u00ebrsulur p\u00ebr t\u00eb okupuar qytetin e Shkodr\u00ebs, kan\u00eb hasur n\u00eb rezistenc\u00eb n\u00eb krahinat p\u00ebrreth Shkodr\u00ebs dhe nj\u00eb nd\u00ebr k\u00ebto krahina ishte edhe krahina e An\u00ebs s\u00eb Malit, n\u00eb dy an\u00ebt e kufirit t\u00eb sot\u00ebm shqiptaro-shqiptar.<\/div>\n<div>\u00a0 \u00a0 \u00a0 \u00a0 Historian\u00ebt flasim p\u00ebr nj\u00eb betej\u00eb t\u00eb zhvilluar n\u00eb An\u00eb t\u00eb Malit me 19 N\u00ebntor 1877 ku forcat malazeze ( me 6 batalione) kishin tentuar t\u00eb marrin Ur\u00ebn e lumit Buna dhe pastaj t\u00eb vazhdonin rrug\u00ebn p\u00ebr n\u00eb Shkod\u00ebr.Luft\u00ebtar\u00ebt nga Ana e Malit e Lezha t\u00eb komanduar nga Mehmet Mlika e thyen ushtrin\u00eb malazeze n\u00eb vendin e quajtur Rrezigaqe. Edhe pse me num\u00ebr m\u00eb t\u00eb madh dhe me ep\u00ebrsi ushtarake, megjithate malazez\u00ebt humb\u00ebn betej\u00ebn dhe u detyruan t\u00eb kthehen mrapa dhe u vendos\u00ebn n\u00eb fshatin Dobrovod\u00eb ( Uj\u00ebmir\u00eb), af\u00ebr Tivarit.<\/div>\n<div>\u00a0 \u00a0 \u00a0 \u00a0 35 vite m\u00eb von\u00eb, respektivisht me 11 tetor 1912 zhvillohet nj\u00eb nd\u00ebr betejat m\u00eb t\u00eb p\u00ebrgjakshme p\u00ebr marrjen e Shkodr\u00ebs nga ana e Malit t\u00eb Zi.B\u00ebh\u00ebt fjal\u00eb, pra p\u00ebr Luft\u00ebn e Taraboshit . P\u00ebr pushtimin e Shkodr\u00ebs, p\u00ebrmes maj\u00ebs s\u00eb Taraboshit, Mali i Zi angazhoi 8 brigada me 36 batalione dhe 74 topa. Para se t\u00eb arrinin n\u00eb Tarabosh ,p\u00ebr dy dit\u00eb me radh\u00eb u zhvilluan \u00a0luftime paraprake n\u00eb fshatrat p\u00ebr rreth \u00a0lumit Buna n\u00eb mes forcave malazeze dhe banor\u00ebve shqiptar vendas t\u00eb cil\u00ebt kishin p\u00ebr q\u00eblllim t\u00eb ngadalsonin apo pengonin marshimin e malazez\u00ebve drejt Shkodr\u00ebs. Mirpo,forcat malazeze filluan t\u00eb djegin fshatra t\u00eb t\u00ebr\u00eb dhe shkatrronin \u00e7do gj\u00eb q\u00eb iu dilte p\u00ebrpara . Sjelljet e tyre barbare ndikuan q\u00eb p\u00ebrqindja m\u00eb e madhe e popullsis\u00eb s\u00eb vendbanimeve af\u00ebr Shkodr\u00ebs, duke p\u00ebrfshir\u00eb edhe An\u00ebn e Malit, t\u00eb ikin nga tmerret e luft\u00ebs dhe t\u00eb strehohen n\u00eb Shkod\u00ebr. Malazez\u00ebt kishin p\u00ebrshtypjen se do t&#8217;a marrin Shkodr\u00ebn brenda dit\u00ebs. Por n\u00eb malin e Taraboshit iu hasi &#8221; sharra n\u00eb gozhd\u00eb&#8221; me \u00e7&#8217;rast ata p\u00ebsuan humbje t\u00eb m\u00ebdha n\u00eb njer\u00ebz. Vendi i k\u00ebsaj beteje t\u00eb p\u00ebrgjakshme ( pra, \u00a0mali i Taraboshit ) ,shpesh\u00ebher\u00eb quhet edhe &#8221; mali i p\u00ebrgjakur&#8221;. Sakrificat dhe flijimin e shqiptar\u00ebve p\u00ebr mbrojtjen e Shkodr\u00ebs si dhe humbjet e armiq\u00ebve, populli i ka p\u00ebrshkruar me k\u00ebto vargje:<\/div>\n<div>\n<div><\/div>\n<\/div>\n<div>\n<div>N\u00ebp\u00ebr mal, n\u00ebp\u00ebr Rumi,<\/div>\n<div>Shkon asqeri talimxhi,<\/div>\n<div>N\u00eb Shkod\u00ebr po don me hi,<\/div>\n<div>N\u00eb Shkod\u00ebr, e kah Shteg-Vasha,<\/div>\n<div>Kah Shteg-Vasha, n\u00ebn fajlet\u00eb,<\/div>\n<div>Shum asqeri pos ka met\u00eb,<\/div>\n<div>Kat\u00ebrqin e tetdhet vet\u00eb,<\/div>\n<div>Bajn\u00eb me mushka ka tre vet\u00eb,<\/div>\n<div>Ka tre vet\u00eb i kan\u00eb ngarkue,<\/div>\n<div>N&#8217;Arbanesh po dojn\u00eb me i \u00e7ue;<\/div>\n<div>Arbaneshi gropa-gropa,<\/div>\n<div>Plot me vorre u mush toka.<\/div>\n<div>Rreth e rreth po rri Evropa,<\/div>\n<div>Rreth e rreth Evropa mar\u00eb,<\/div>\n<div>Po luftojn\u00eb s\u00ebrb e shqiptar-\u00eb&#8230;.<\/div>\n<div><\/div>\n<div>\u00a0 \u00a0 \u00a0 Si\u00e7 dihet, lufta p\u00ebr Shkodr\u00ebn vazhdoi edhe p\u00ebr gjasht\u00eb muaj t\u00eb tjer\u00eb ( deri n\u00eb Prill t\u00eb vitit 1913) dhe sikurse mos t\u00eb ishte tradh\u00ebtia e Esat Pash\u00ebs, malazez\u00ebt asnj\u00ebher\u00eb nuk do t\u00eb kishin mundur t\u00eb pushtojn\u00eb Shkodr\u00ebn, qoft\u00eb ajo edhe p\u00ebrkoh\u00ebsisht.<\/div>\n<div><\/div>\n<\/div>\n<div><\/div>\n<div>\u00a0 \u00a0 \u00a0 \u00a0 \u00a0 \u00a0 \u00a0<b>Kongresi i Kat\u00ebrkoll\u00ebs p\u00ebr mbrojtjen e tokave shqiptare<\/b><\/div>\n<div><\/div>\n<div>\u00a0 \u00a0 \u00a0 Me fillimin e Luft\u00ebs s\u00eb Dyt\u00eb Bot\u00ebrore dhe me aneksimin e Shqip\u00ebris\u00eb nga ana e Italis\u00eb dhe viseve shqiptare q\u00eb administroheshin nga Mali i Zi nd\u00ebrroi duksh\u00ebm situata politike n\u00eb rajon. Dual n\u00eb sip\u00ebrfaqe rishqyrtimi i kufij\u00ebve administartiv dhe shqiptar\u00ebt q\u00eb jetonin n\u00ebn pushtetin malazez, p\u00ebrmes delegacioneve \u00a0pran\u00eb qeveris\u00eb s\u00eb at\u00ebhershme t\u00eb Tiran\u00ebs, memorandumeve t\u00eb ndryshme,por edhe me rezistenc\u00eb t\u00eb armatosur k\u00ebrkonin nj\u00ebz\u00ebri bashkimin me Shqip\u00ebrin\u00eb.Me p\u00ebrkrahjen e Italis\u00eb, n\u00eb vitin 1940 u muar vendimi q\u00eb Ulqini t\u00eb vet\u00ebqeveriset nga Shqip\u00ebria dhe t\u00eb jen\u00eb n\u00ebn prefektur\u00ebn e Shkodr\u00ebs.Me k\u00ebt\u00eb rast filloi administrimi i ri n\u00eb Ulqin ku kryetar i bashkis\u00eb u zgjodh, personalitetit i njohur i asaj kohe, Cafo Beg Ulqini i cili sh\u00ebrbeu n\u00eb k\u00ebt\u00eb detyr\u00eb deri n\u00eb vitin 1942, kur u zgjodh deputet i Parlamentit t\u00eb Shqip\u00ebris\u00eb.<\/div>\n<div>\u00a0 \u00a0 \u00a0 \u00a0 \u00a0 Gjat\u00eb k\u00ebsaj periudhe vlen t\u00eb p\u00ebrmendet nj\u00eb ngjarje e r\u00ebnd\u00ebsishme komb\u00ebtare ,pra b\u00ebhet fjal\u00eb p\u00ebr ngritjen e flamurit shqiptar me 14 Qershor 1941 n\u00eb Kish\u00ebn e Sh\u00ebn Zefit n\u00eb Ulqin,ku ishin prezent me mij\u00ebra shqiptar nga Ulqini, Ana e Malit, Shtoji,Zogaj etj. t\u00eb t\u00eb gjitha konfesisoneve fetare. Vet\u00eb fakti q\u00eb nj\u00eb \u00a0manifestim i till\u00eb komb\u00ebtar u mbajt n\u00eb nj\u00eb objekt t\u00eb konfesionit katolik, por q\u00eb pjes\u00ebmarr\u00ebsit ishin nga t\u00eb gjitha konfesisonet e tjera,d\u00ebshmon p\u00ebr ndjenj\u00ebn dhe vet\u00ebdij\u00ebn e lart\u00eb komb\u00ebtar\u00eb t\u00eb banor\u00ebve t\u00eb at\u00ebher\u00ebsh\u00ebm shqiptar t\u00eb k\u00ebsaj treve.<\/div>\n<div>\u00a0 \u00a0 \u00a0 \u00a0 \u00a0 \u00a0Pasi q\u00eb komunist\u00ebt sllav(serbo-malazez) synonin q\u00eb p\u00ebrmes luft\u00ebs s\u00eb ashtuquajtur nacional-\u00e7lirimtare,t\u00eb ripushtojn\u00eb \u00a0trevat shqiptare dhe t&#8217;ja bashkangjesin shtetit t\u00eb at\u00ebrhersh\u00ebm t\u00eb Jugosllavis\u00eb, tre vite m\u00eb von\u00eb,af\u00ebr p\u00ebrvjetorit t\u00eb tret\u00eb t\u00eb ngritjes s\u00eb flamurit shqiptar n\u00eb Ulqin, me 11 Qershor 1944,n\u00eb Kat\u00ebrkoll\u00eb t\u00eb An\u00ebs s\u00eb Malit, mbahet Kongresi p\u00ebr Mbrojtjen e Kufijve t\u00eb tokave shqiptare.N\u00eb librin &#8220;Cafo Beg Ulqini&#8221; t\u00eb autorit Fahri Bu\u00e7inca ( 2009) k\u00ebshtu p\u00ebrshkruhet ky tubim historik:&#8221; N\u00eb k\u00ebt\u00eb Kongres t\u00eb p\u00ebrgjithsh\u00ebm kishin ardhur p\u00ebrfaq\u00ebsuesit e autoriteteve civile t\u00eb Ulqinit. Mir\u00ebpo shiheshin edhe disa personalitete nga Tivari dhe Shkodra.Kishin ardhur p\u00ebrfaq\u00ebsuesit nga t\u00eb gjitha trevat e rretheve t\u00eb n\u00ebnprefektur\u00ebs s\u00eb Ulqinit. N\u00eb Kongres nuk munguan as p\u00ebrfaq\u00ebsuesit ushtarak t\u00eb Ulqinit&#8221;.N\u00eb k\u00ebt\u00eb Kongres u zgjodh Komiteti p\u00ebr Mbrojtjen e tokave shqiptare me n\u00eb krye Cafo Beg Ulqinin. Jo rastsisht Kongresi u mbajt n\u00eb An\u00eb t\u00eb Malit duke pasur parasysh nj\u00eb ambient me ndjenja t\u00eb fuqishme kund\u00ebr sllavo-komunist\u00ebve t\u00eb koh\u00ebs.Gjithashtu,kjo ishte koha kur n\u00eb k\u00ebt\u00eb trev\u00eb vepronte \u00e7eta e Hasan Isufit( personalitet i dalluar p\u00ebr trim\u00ebri) e cila rezistonte me luft\u00eb p\u00ebr mbrojtjen e territoreve shqiptare ndaj serbo-malazez\u00ebve dhe kishte p\u00ebrkrahje t\u00eb madhe nga banor\u00ebt e k\u00ebsai treve t\u00eb cil\u00ebt iu bashkangjiten atij me nj\u00eb num\u00ebr t\u00eb madh.<\/div>\n<div>\u00a0 \u00a0 \u00a0 \u00a0 \u00a0Karakterin atdhetar \u00a0t\u00eb anamal\u00ebsve t\u00eb asaj kohe, m\u00eb s\u00eb miri e p\u00ebrshkruan vet\u00eb Cafo Beg Ulqini n\u00eb sh\u00ebnimet e tia p\u00ebrmes nj\u00eb vargu<\/div>\n<div>( \u00a0F.Bu\u00e7inca , faqe 161, &#8221; Cafo Beg Ulqini&#8221;) ku thuhet:<\/div>\n<div>&#8220;Sillu Zan\u00eb,shko n\u00eb An\u00eb t\u00eb Malit,<\/div>\n<div>Aty ka le pika e djalit.<\/div>\n<div>Disa her\u00eb k&#8217;ta jan\u00eb diftue,<\/div>\n<div>Gjithmon&#8217; gati me luftue<\/div>\n<div>Pa prites\u00eb jet\u00ebn me dhan\u00eb,<\/div>\n<div>P\u00ebr atdhe e p\u00ebr vatan.<\/div>\n<div>Prej robnie m&#8217;u lirue,<\/div>\n<div>Me atdhen&#8217; me u bashkue.<\/div>\n<div>Sikur pleqt dhe masa e re,<\/div>\n<div>E bajn&#8217; deken si me le&#8230;&#8221;.<\/div>\n<div><\/div>\n<div><\/div>\n<div>\u00a0 \u00a0 \u00a0 \u00a0 \u00a0 \u00a0<b>Ana e Malit sot, trev\u00eb e anashkaluar n\u00eb m\u00ebnyr\u00eb t\u00eb dyfisht\u00eb<\/b><\/div>\n<div><\/div>\n<div>\u00a0 \u00a0 \u00a0 \u00a0Treva e An\u00ebs s\u00eb Malit,si trev\u00eb autoktone ,gjithmon\u00eb ka qen\u00eb n\u00eb shenjest\u00ebr t\u00eb qarqeve shoveniste serbo-malazeze. Gjat\u00eb monizmit pushteti i at\u00ebhersh\u00ebm malazez e konsideronte kete trev\u00eb si baz\u00eb e \u201cnacionalizmit\u201d dhe \u201cirredentenzmit\u201d shqiptar.Mjafton t\u00eb p\u00ebrmend\u00ebt vet\u00ebm fillimi i viteve \u201980-ta t\u00eb shekullit t\u00eb kaluar( periudha e pas demonstratave n\u00eb Kosov\u00eb t\u00eb vitit 1981) , ku u p\u00ebrndjek\u00ebn politikisht apo u burgos\u00ebn \u00a0nj\u00eb num\u00ebr i konsideruesh\u00ebm i intelektualve dhe i veprimtar\u00ebve atdhetar\u00eb \u00a0n\u00eb An\u00eb t\u00eb Malit.\u00a0Kurse me vendosjen e pluralizmit politik dhe me themelimin e partis\u00eb s\u00eb par\u00eb shqiptare n\u00eb Mal t\u00eb Zi n\u00eb vitin 1990 ( pra Lidhjes Demokratike n\u00eb Mal t\u00eb Zi), treva e An\u00ebs s\u00eb Malit sh\u00ebrbeu si bastion i veprimtaris\u00eb s\u00eb k\u00ebtij subjekti politik i cili n\u00eb at\u00eb koh\u00eb konsiderohej , jo thjesht\u00eb si \u00a0parti politike ,por si l\u00ebvizje gjith\u00eb popullore p\u00ebr t\u00eb drejtat e shqiptar\u00ebve n\u00eb Mal t\u00eb Zi.<\/div>\n<div>\u00a0 \u00a0 \u00a0 \u00a0 \u00a0\u00a0 Ana e Malit,ashtu si \u00ebsht\u00eb anashkaluar gjat\u00eb koh\u00ebs s\u00eb monizmit,gjithnj\u00eb po vazhdon t\u00eb anashkalohet edhe gjat\u00eb pluralizmit si nga pushteti qendror n\u00eb Podgoric\u00eb poashtu edhe nga pushteti lokal i Komun\u00ebs s\u00eb Ulqinit,pjes\u00eb asministrative e s\u00eb cil\u00ebs \u00ebsht\u00eb. Edhe p\u00ebrkund\u00ebr resurseve t\u00eb pasura natyrore q\u00eb posedon kjo trev\u00eb, nuk ka pasur investime t\u00eb tilla q\u00eb do t\u00eb pun\u00ebsonin banor\u00ebt e k\u00ebsaj treve dhe q\u00eb \u00a0do t\u00eb ndikonte n\u00eb zbutjen e \u00a0papun\u00ebsin\u00eb.<\/div>\n<div>\n<div>\u00a0 \u00a0 \u00a0 \u00a0 \u00a0 \u00cbsht\u00eb tep\u00ebr d\u00ebshprues fakti se e gjith\u00eb kjo histori e lart\u00ebp\u00ebrmendur \u00a0komb\u00ebtare e An\u00ebs s\u00eb Malit nuk iu m\u00ebsohet nx\u00ebn\u00ebsve shqiptar n\u00eb shkolla.Sot,n\u00eb shkollat fillore n\u00eb An\u00eb t\u00eb Malit si dhe n\u00eb ate t\u00eb mesmen n\u00eb Ulqin,nx\u00ebn\u00ebsve shqiptar \u00a0iu m\u00ebsohet historia e shum\u00eb popujve t\u00eb bot\u00ebs,por jo edhe historia e vendit,e baballar\u00ebve dhe e t\u00eb st\u00ebrgjysh\u00ebrve t\u00eb tyre. M\u00ebnyra m\u00eb e mir\u00eb e asimilimit t\u00eb nj\u00eb populli \u00ebsht\u00eb q\u00eb duke ia mohuar t\u00eb kaluar\u00ebn i mohon identitetin dhe krenarin\u00eb e tij komb\u00ebtare.K\u00ebt\u00eb po b\u00ebn edhe pushteti i tanish\u00ebm i Malit t\u00eb Zi i cili p\u00ebrmes programeve dhe teksteve shkollore ,respektivisht teksteve t\u00eb l\u00ebnd\u00ebs s\u00eb historis\u00eb ku m\u00ebsohet shum\u00eb pak histori komb\u00ebtare shqiptare, filllon asimilimin e popullsis\u00eb \u00a0q\u00eb n\u00eb bankat shkollore.<\/div>\n<\/div>\n<div><\/div>\n<div><\/div>\n<div>\u00a0 \u00a0 \u00a0 \u00a0 \u00a0 \u00a0 \u00a0 \u00a0 \u00a0 \u00a0 \u00a0 \u00a0 <b>\u00a0 \u00a0 \u00a0 \u00a0 \u00a0 \u00a0 \u00a0N\u00eb vend t\u00eb p\u00ebrfundimit<\/b><\/div>\n<div><\/div>\n<div>\u00a0 \u00a0 \u00a0 \u00a0 Gjat\u00eb t\u00ebr\u00eb historis\u00eb s\u00eb vet treva e An\u00ebs s\u00eb Malit ,edhe p\u00ebrkund\u00ebr tentimeve t\u00eb vazhdueshme t\u00eb regjimeve t\u00eb ndryshme malazeze ( apo jugosllave) p\u00ebr t&#8217;a \u00e7&#8217;komb\u00ebtarizuar apo asimiluar k\u00ebt\u00eb trev\u00eb,megjithate anamalasit kan\u00eb arritur q\u00eb t\u00eb ruajn\u00eb identitetin dhe homogjenitetin e vet komb\u00ebtar. Sot \u00ebsht\u00eb e vetmja trev\u00eb shqiptare n\u00eb Mal t\u00eb Zi me p\u00ebrb\u00ebrjen komb\u00ebtare 100% shqiptare,megjith\u00ebse shp\u00ebrngulja e popullsis\u00eb ka ndikuar deri diku n\u00eb zvog\u00eblimin e numrit t\u00eb popullsis\u00eb s\u00eb p\u00ebrgjith\u00ebshme t\u00eb k\u00ebsaj treve por gjith\u00ebnj\u00eb,jo edhe n\u00eb at\u00eb mas\u00eb sa ka ndikuar n\u00eb trevat tjera shqiptare n\u00eb Mal t\u00eb Zi.<\/div>\n<div>\u00a0 \u00a0 \u00a0 \u00a0 \u00a0Jam i bindur se kjo trev\u00eb me kaq tradit\u00eb, trashigimi t\u00eb pasur kulturore si dhe me nj\u00eb t\u00eb kaluar kaq t\u00eb lavdishme do t\u00eb jet\u00eb n\u00eb gjendje q\u00eb t\u00eb p\u00ebrballoj\u00eb edhe sfidat e tjera q\u00eb do t&#8217;i sjell\u00eb e ardhmja.<\/div>\n<div><\/div>\n<div><\/div>\n<div>\n<div>Xheladin Zeneli<\/div>\n<div>Janar 2014<\/div>\n<div><\/div>\n<\/div>\n<div><\/div>\n<div>Literatura e shfryt\u00ebzuar:<\/div>\n<div><\/div>\n<div>1) &#8221; Ulqini n\u00eb vitet e Lidhjes Shqiptare t\u00eb Prizrenit 1878-1881&#8243; &#8211;<\/div>\n<div>\u00a0 \u00a0 \u00a0Mr. Riza \u00a0Rexha<\/div>\n<div>2) \u00a0&#8221; Cafo Beg Ulqini&#8221; &#8211; Fahri Bu\u00e7inca<\/div>\n<p>3) <a href=\"http:\/\/www.albaniapress.com\/lajme\/10314\/Lufta-e-Lidhjes-\" target=\"_blank\">http:\/\/www.albaniapress.com\/<wbr \/>lajme\/10314\/Lufta-e-Lidhjes-<\/a> \u00a0 Shqiptare-te-Prizrenit-per-<wbr \/>mbrojtjen-e-teresise-<wbr \/>territoriale-te-Shqiperise.<\/p>\n","protected":false},"excerpt":{"rendered":"<p>Ana e Malit,ashtu si edhe shum\u00eb vendbanime t\u00eb tjera shqiptare,me vendimet e Kongresit t\u00eb Berlinit (1878), Konferenc\u00ebs s\u00eb Ambasador\u00ebve n\u00eb Lond\u00ebr (1913) si dhe asaj t\u00eb Parisit (1919) u ndan\u00eb padrejt\u00ebsisht nga trungu i shtetit t\u00eb tyre am\u00eb-Shqip\u00ebris\u00eb dhe iu bashkangjiten Malit t\u00eb Zi. \u00a0 \u00a0 \u00a0 Si pasoj\u00eb e k\u00ebsaj sot kemi krahin\u00ebn e [&hellip;]<\/p>\n","protected":false},"author":1,"featured_media":0,"comment_status":"closed","ping_status":"closed","sticky":false,"template":"","format":"standard","meta":{"spay_email":"","jetpack_publicize_message":"","jetpack_is_tweetstorm":false,"jetpack_publicize_feature_enabled":true},"categories":[7],"tags":[],"jetpack_publicize_connections":[],"yoast_head":"<!-- This site is optimized with the Yoast SEO plugin v19.1 - https:\/\/yoast.com\/wordpress\/plugins\/seo\/ -->\n<title>Zeneli: Ana e Malit - Trev\u00eb e ngjarjeve t\u00eb r\u00ebnd\u00ebsishme historike dhe komb\u00ebtare - Lajme nga Ulqini<\/title>\n<meta name=\"description\" content=\"Ana e Malit,ashtu si edhe shum\u00eb vendbanime t\u00eb tjera shqiptare,me vendimet e Kongresit t\u00eb Berlinit (1878), Konferenc\u00ebs s\u00eb Ambasador\u00ebve n\u00eb Lond\u00ebr (1913) si\" \/>\n<meta name=\"robots\" content=\"index, follow, max-snippet:-1, max-image-preview:large, max-video-preview:-1\" \/>\n<link rel=\"canonical\" href=\"https:\/\/www.visit-ulcinj.com\/blog\/2014\/01\/24\/zeneli-ana-e-malit-treve-e-ngjarjeve-te-rendesishme-historike-dhe-kombetare\/\" \/>\n<meta property=\"og:locale\" content=\"en_US\" \/>\n<meta property=\"og:type\" content=\"article\" \/>\n<meta property=\"og:title\" content=\"Zeneli: Ana e Malit - Trev\u00eb e ngjarjeve t\u00eb r\u00ebnd\u00ebsishme historike dhe komb\u00ebtare - Lajme nga Ulqini\" \/>\n<meta property=\"og:description\" content=\"Ana e Malit,ashtu si edhe shum\u00eb vendbanime t\u00eb tjera shqiptare,me vendimet e Kongresit t\u00eb Berlinit (1878), Konferenc\u00ebs s\u00eb Ambasador\u00ebve n\u00eb Lond\u00ebr (1913) si\" \/>\n<meta property=\"og:url\" content=\"https:\/\/www.visit-ulcinj.com\/blog\/2014\/01\/24\/zeneli-ana-e-malit-treve-e-ngjarjeve-te-rendesishme-historike-dhe-kombetare\/\" \/>\n<meta property=\"og:site_name\" content=\"Lajme nga Ulqini\" \/>\n<meta property=\"article:published_time\" content=\"2014-01-24T16:12:04+00:00\" \/>\n<meta property=\"og:image\" content=\"http:\/\/www.visit-ulcinj.com\/blog\/wp-content\/uploads\/2009\/09\/harta-e-vjeter-e-ulqinit-deri-te-lumi-buna.jpg\" \/>\n<meta name=\"twitter:label1\" content=\"Written by\" \/>\n\t<meta name=\"twitter:data1\" content=\"ulqini\" \/>\n\t<meta name=\"twitter:label2\" content=\"Est. reading time\" \/>\n\t<meta name=\"twitter:data2\" content=\"12 minutes\" \/>\n<script type=\"application\/ld+json\" class=\"yoast-schema-graph\">{\"@context\":\"https:\/\/schema.org\",\"@graph\":[{\"@type\":\"WebSite\",\"@id\":\"https:\/\/www.visit-ulcinj.com\/blog\/#website\",\"url\":\"https:\/\/www.visit-ulcinj.com\/blog\/\",\"name\":\"Lajme nga Ulqini\",\"description\":\"Lajme,Vijesti,Ulqini,Ulqin,Crna Gora,Mali i Zi\",\"potentialAction\":[{\"@type\":\"SearchAction\",\"target\":{\"@type\":\"EntryPoint\",\"urlTemplate\":\"https:\/\/www.visit-ulcinj.com\/blog\/?s={search_term_string}\"},\"query-input\":\"required name=search_term_string\"}],\"inLanguage\":\"en-US\"},{\"@type\":\"ImageObject\",\"inLanguage\":\"en-US\",\"@id\":\"https:\/\/www.visit-ulcinj.com\/blog\/2014\/01\/24\/zeneli-ana-e-malit-treve-e-ngjarjeve-te-rendesishme-historike-dhe-kombetare\/#primaryimage\",\"url\":\"https:\/\/www.visit-ulcinj.com\/blog\/wp-content\/uploads\/2009\/09\/harta-e-vjeter-e-ulqinit-deri-te-lumi-buna.jpg\",\"contentUrl\":\"https:\/\/www.visit-ulcinj.com\/blog\/wp-content\/uploads\/2009\/09\/harta-e-vjeter-e-ulqinit-deri-te-lumi-buna.jpg\",\"width\":\"985\",\"height\":\"703\"},{\"@type\":\"WebPage\",\"@id\":\"https:\/\/www.visit-ulcinj.com\/blog\/2014\/01\/24\/zeneli-ana-e-malit-treve-e-ngjarjeve-te-rendesishme-historike-dhe-kombetare\/#webpage\",\"url\":\"https:\/\/www.visit-ulcinj.com\/blog\/2014\/01\/24\/zeneli-ana-e-malit-treve-e-ngjarjeve-te-rendesishme-historike-dhe-kombetare\/\",\"name\":\"Zeneli: Ana e Malit - Trev\u00eb e ngjarjeve t\u00eb r\u00ebnd\u00ebsishme historike dhe komb\u00ebtare - Lajme nga Ulqini\",\"isPartOf\":{\"@id\":\"https:\/\/www.visit-ulcinj.com\/blog\/#website\"},\"primaryImageOfPage\":{\"@id\":\"https:\/\/www.visit-ulcinj.com\/blog\/2014\/01\/24\/zeneli-ana-e-malit-treve-e-ngjarjeve-te-rendesishme-historike-dhe-kombetare\/#primaryimage\"},\"datePublished\":\"2014-01-24T16:12:04+00:00\",\"dateModified\":\"2014-01-24T16:12:04+00:00\",\"author\":{\"@id\":\"https:\/\/www.visit-ulcinj.com\/blog\/#\/schema\/person\/dcab619c614d3038751c63bc2aadc06d\"},\"description\":\"Ana e Malit,ashtu si edhe shum\u00eb vendbanime t\u00eb tjera shqiptare,me vendimet e Kongresit t\u00eb Berlinit (1878), Konferenc\u00ebs s\u00eb Ambasador\u00ebve n\u00eb Lond\u00ebr (1913) si\",\"breadcrumb\":{\"@id\":\"https:\/\/www.visit-ulcinj.com\/blog\/2014\/01\/24\/zeneli-ana-e-malit-treve-e-ngjarjeve-te-rendesishme-historike-dhe-kombetare\/#breadcrumb\"},\"inLanguage\":\"en-US\",\"potentialAction\":[{\"@type\":\"ReadAction\",\"target\":[\"https:\/\/www.visit-ulcinj.com\/blog\/2014\/01\/24\/zeneli-ana-e-malit-treve-e-ngjarjeve-te-rendesishme-historike-dhe-kombetare\/\"]}]},{\"@type\":\"BreadcrumbList\",\"@id\":\"https:\/\/www.visit-ulcinj.com\/blog\/2014\/01\/24\/zeneli-ana-e-malit-treve-e-ngjarjeve-te-rendesishme-historike-dhe-kombetare\/#breadcrumb\",\"itemListElement\":[{\"@type\":\"ListItem\",\"position\":1,\"name\":\"Zeneli: Ana e Malit &#8211; Trev\u00eb e ngjarjeve t\u00eb r\u00ebnd\u00ebsishme historike dhe komb\u00ebtare\"}]},{\"@type\":\"Person\",\"@id\":\"https:\/\/www.visit-ulcinj.com\/blog\/#\/schema\/person\/dcab619c614d3038751c63bc2aadc06d\",\"name\":\"ulqini\",\"sameAs\":[\"http:\/\/www.visit-ulcinj.com\"],\"url\":\"https:\/\/www.visit-ulcinj.com\/blog\/author\/admin\/\"}]}<\/script>\n<!-- \/ Yoast SEO plugin. -->","yoast_head_json":{"title":"Zeneli: Ana e Malit - Trev\u00eb e ngjarjeve t\u00eb r\u00ebnd\u00ebsishme historike dhe komb\u00ebtare - Lajme nga Ulqini","description":"Ana e Malit,ashtu si edhe shum\u00eb vendbanime t\u00eb tjera shqiptare,me vendimet e Kongresit t\u00eb Berlinit (1878), Konferenc\u00ebs s\u00eb Ambasador\u00ebve n\u00eb Lond\u00ebr (1913) si","robots":{"index":"index","follow":"follow","max-snippet":"max-snippet:-1","max-image-preview":"max-image-preview:large","max-video-preview":"max-video-preview:-1"},"canonical":"https:\/\/www.visit-ulcinj.com\/blog\/2014\/01\/24\/zeneli-ana-e-malit-treve-e-ngjarjeve-te-rendesishme-historike-dhe-kombetare\/","og_locale":"en_US","og_type":"article","og_title":"Zeneli: Ana e Malit - Trev\u00eb e ngjarjeve t\u00eb r\u00ebnd\u00ebsishme historike dhe komb\u00ebtare - Lajme nga Ulqini","og_description":"Ana e Malit,ashtu si edhe shum\u00eb vendbanime t\u00eb tjera shqiptare,me vendimet e Kongresit t\u00eb Berlinit (1878), Konferenc\u00ebs s\u00eb Ambasador\u00ebve n\u00eb Lond\u00ebr (1913) si","og_url":"https:\/\/www.visit-ulcinj.com\/blog\/2014\/01\/24\/zeneli-ana-e-malit-treve-e-ngjarjeve-te-rendesishme-historike-dhe-kombetare\/","og_site_name":"Lajme nga Ulqini","article_published_time":"2014-01-24T16:12:04+00:00","og_image":[{"url":"http:\/\/www.visit-ulcinj.com\/blog\/wp-content\/uploads\/2009\/09\/harta-e-vjeter-e-ulqinit-deri-te-lumi-buna.jpg"}],"twitter_misc":{"Written by":"ulqini","Est. reading time":"12 minutes"},"schema":{"@context":"https:\/\/schema.org","@graph":[{"@type":"WebSite","@id":"https:\/\/www.visit-ulcinj.com\/blog\/#website","url":"https:\/\/www.visit-ulcinj.com\/blog\/","name":"Lajme nga Ulqini","description":"Lajme,Vijesti,Ulqini,Ulqin,Crna Gora,Mali i Zi","potentialAction":[{"@type":"SearchAction","target":{"@type":"EntryPoint","urlTemplate":"https:\/\/www.visit-ulcinj.com\/blog\/?s={search_term_string}"},"query-input":"required name=search_term_string"}],"inLanguage":"en-US"},{"@type":"ImageObject","inLanguage":"en-US","@id":"https:\/\/www.visit-ulcinj.com\/blog\/2014\/01\/24\/zeneli-ana-e-malit-treve-e-ngjarjeve-te-rendesishme-historike-dhe-kombetare\/#primaryimage","url":"https:\/\/www.visit-ulcinj.com\/blog\/wp-content\/uploads\/2009\/09\/harta-e-vjeter-e-ulqinit-deri-te-lumi-buna.jpg","contentUrl":"https:\/\/www.visit-ulcinj.com\/blog\/wp-content\/uploads\/2009\/09\/harta-e-vjeter-e-ulqinit-deri-te-lumi-buna.jpg","width":"985","height":"703"},{"@type":"WebPage","@id":"https:\/\/www.visit-ulcinj.com\/blog\/2014\/01\/24\/zeneli-ana-e-malit-treve-e-ngjarjeve-te-rendesishme-historike-dhe-kombetare\/#webpage","url":"https:\/\/www.visit-ulcinj.com\/blog\/2014\/01\/24\/zeneli-ana-e-malit-treve-e-ngjarjeve-te-rendesishme-historike-dhe-kombetare\/","name":"Zeneli: Ana e Malit - Trev\u00eb e ngjarjeve t\u00eb r\u00ebnd\u00ebsishme historike dhe komb\u00ebtare - Lajme nga Ulqini","isPartOf":{"@id":"https:\/\/www.visit-ulcinj.com\/blog\/#website"},"primaryImageOfPage":{"@id":"https:\/\/www.visit-ulcinj.com\/blog\/2014\/01\/24\/zeneli-ana-e-malit-treve-e-ngjarjeve-te-rendesishme-historike-dhe-kombetare\/#primaryimage"},"datePublished":"2014-01-24T16:12:04+00:00","dateModified":"2014-01-24T16:12:04+00:00","author":{"@id":"https:\/\/www.visit-ulcinj.com\/blog\/#\/schema\/person\/dcab619c614d3038751c63bc2aadc06d"},"description":"Ana e Malit,ashtu si edhe shum\u00eb vendbanime t\u00eb tjera shqiptare,me vendimet e Kongresit t\u00eb Berlinit (1878), Konferenc\u00ebs s\u00eb Ambasador\u00ebve n\u00eb Lond\u00ebr (1913) si","breadcrumb":{"@id":"https:\/\/www.visit-ulcinj.com\/blog\/2014\/01\/24\/zeneli-ana-e-malit-treve-e-ngjarjeve-te-rendesishme-historike-dhe-kombetare\/#breadcrumb"},"inLanguage":"en-US","potentialAction":[{"@type":"ReadAction","target":["https:\/\/www.visit-ulcinj.com\/blog\/2014\/01\/24\/zeneli-ana-e-malit-treve-e-ngjarjeve-te-rendesishme-historike-dhe-kombetare\/"]}]},{"@type":"BreadcrumbList","@id":"https:\/\/www.visit-ulcinj.com\/blog\/2014\/01\/24\/zeneli-ana-e-malit-treve-e-ngjarjeve-te-rendesishme-historike-dhe-kombetare\/#breadcrumb","itemListElement":[{"@type":"ListItem","position":1,"name":"Zeneli: Ana e Malit &#8211; Trev\u00eb e ngjarjeve t\u00eb r\u00ebnd\u00ebsishme historike dhe komb\u00ebtare"}]},{"@type":"Person","@id":"https:\/\/www.visit-ulcinj.com\/blog\/#\/schema\/person\/dcab619c614d3038751c63bc2aadc06d","name":"ulqini","sameAs":["http:\/\/www.visit-ulcinj.com"],"url":"https:\/\/www.visit-ulcinj.com\/blog\/author\/admin\/"}]}},"jetpack_featured_media_url":"","jetpack_sharing_enabled":true,"jetpack_shortlink":"https:\/\/wp.me\/pe6lTn-kso","_links":{"self":[{"href":"https:\/\/www.visit-ulcinj.com\/blog\/wp-json\/wp\/v2\/posts\/78640"}],"collection":[{"href":"https:\/\/www.visit-ulcinj.com\/blog\/wp-json\/wp\/v2\/posts"}],"about":[{"href":"https:\/\/www.visit-ulcinj.com\/blog\/wp-json\/wp\/v2\/types\/post"}],"author":[{"embeddable":true,"href":"https:\/\/www.visit-ulcinj.com\/blog\/wp-json\/wp\/v2\/users\/1"}],"replies":[{"embeddable":true,"href":"https:\/\/www.visit-ulcinj.com\/blog\/wp-json\/wp\/v2\/comments?post=78640"}],"version-history":[{"count":1,"href":"https:\/\/www.visit-ulcinj.com\/blog\/wp-json\/wp\/v2\/posts\/78640\/revisions"}],"predecessor-version":[{"id":78641,"href":"https:\/\/www.visit-ulcinj.com\/blog\/wp-json\/wp\/v2\/posts\/78640\/revisions\/78641"}],"wp:attachment":[{"href":"https:\/\/www.visit-ulcinj.com\/blog\/wp-json\/wp\/v2\/media?parent=78640"}],"wp:term":[{"taxonomy":"category","embeddable":true,"href":"https:\/\/www.visit-ulcinj.com\/blog\/wp-json\/wp\/v2\/categories?post=78640"},{"taxonomy":"post_tag","embeddable":true,"href":"https:\/\/www.visit-ulcinj.com\/blog\/wp-json\/wp\/v2\/tags?post=78640"}],"curies":[{"name":"wp","href":"https:\/\/api.w.org\/{rel}","templated":true}]}}