{"id":78648,"date":"2014-01-24T22:29:12","date_gmt":"2014-01-24T21:29:12","guid":{"rendered":"http:\/\/www.visit-ulcinj.com\/blog\/?p=78648"},"modified":"2014-01-26T19:39:17","modified_gmt":"2014-01-26T18:39:17","slug":"koncert-humanitar-ne-shba-per-ndihme-medina-drages","status":"publish","type":"post","link":"https:\/\/www.visit-ulcinj.com\/blog\/2014\/01\/24\/koncert-humanitar-ne-shba-per-ndihme-medina-drages\/","title":{"rendered":"Koncert Humanitar ne SHBA p\u00ebr ndihm\u00eb Medina Drag\u00ebs"},"content":{"rendered":"<p><strong><a href=\"http:\/\/www.visit-ulcinj.com\/blog\/wp-content\/uploads\/2014\/01\/medina-draga-ulqin.jpg\"><img loading=\"lazy\" class=\"alignleft size-full wp-image-78649\" alt=\"medina draga-ulqin\" src=\"http:\/\/www.visit-ulcinj.com\/blog\/wp-content\/uploads\/2014\/01\/medina-draga-ulqin.jpg\" width=\"395\" height=\"395\" srcset=\"https:\/\/www.visit-ulcinj.com\/blog\/wp-content\/uploads\/2014\/01\/medina-draga-ulqin.jpg 395w, https:\/\/www.visit-ulcinj.com\/blog\/wp-content\/uploads\/2014\/01\/medina-draga-ulqin-150x150.jpg 150w, https:\/\/www.visit-ulcinj.com\/blog\/wp-content\/uploads\/2014\/01\/medina-draga-ulqin-300x300.jpg 300w\" sizes=\"(max-width: 395px) 100vw, 395px\" \/><\/a>B\u00ebmiresia juaj nuk mungoi kurr\u00eb n\u00eb rastet kur ajo ishte shum\u00eb e nevojshme p\u00ebr njer\u00ebz n\u00eb nevoj\u00eb p\u00ebr ju. Ndihma juaj \u00ebsht\u00eb gjithmon\u00eb shum\u00eb dometh\u00ebnese p\u00ebr bashk\u00ebvendasit ton\u00eb n\u00eb nevoj\u00eb.<\/strong><\/p>\n<p>Te nderuar miq dhe shok, Hoxha Studio, Osman Kanaqi, Ismet Hoxha, Hasan Hoxha, Isejn Marku, Hejdi Mehmeti, Besim Marku, dhe disa shoke te tjere do te organizojne nje koncer humanitar per mbledhjen e fondeve per sherimin e vogelushes Medina Draga nga Kraja.<\/p>\n<p>Medina Draga eshte 4 vjece dhe gjendet ne spitalin e Beogradit e cila vuan nga semundja e leukemise\u00a0 ndersa familja e saj ka nevoj financiare per sherimin e saj. Koncerti do te mbahet me daten 8 Shkurt prej ores 7 te mbremjes deri ne oren 1 te pas nates, ne restoranin 5 star ne Long Island City,<\/p>\n<p>Do te ju argetojn:<br \/>\nVesel Pelinku<br \/>\nHajro Ceka,<br \/>\nValdet Luka<br \/>\nAgim Gerbeshi,<br \/>\nHejdi Mehmeti,<br \/>\nDiana Vajushi.<br \/>\nMevlyd Boli,<br \/>\nZaim Xhaferi.<br \/>\nSait Gjenashi<br \/>\nFran Vulaj<br \/>\nBesim Muriqi,<br \/>\nAmir Pelinku,<br \/>\nSammy Ceka<br \/>\ndhe disa kengetar tjer te cilet jemi duke u munduar ti kontaktojm.<\/p>\n<p>Hyrja eshte vetem 30 Dollare per njeri, Ju lutemi qe te merrni pjes me familjet tuaja.<\/p>\n<p>Me shum informacione to ti shpallim se shpejti.<\/p>\n<p>Nese keni nevoje apo deshironi te dhuroni mundeni te kontaktoni:<br \/>\nHejdi Mehemeti (646) 302-8159<br \/>\nOsman Kanaqi (347)-277-0066<br \/>\nHasan Hoxha (718)926-5226<br \/>\nOse per mes te Facebook<\/p>\n<p>Te gjitha parate qe do te mblidhen do te cohen direkt te familja e saj.<\/p>\n<p><strong>Ju faleminderit ,dhe ju mirpresim me 8 Shkurt.<\/strong><\/p>\n","protected":false},"excerpt":{"rendered":"<p>B\u00ebmiresia juaj nuk mungoi kurr\u00eb n\u00eb rastet kur ajo ishte shum\u00eb e nevojshme p\u00ebr njer\u00ebz n\u00eb nevoj\u00eb p\u00ebr ju. Ndihma juaj \u00ebsht\u00eb gjithmon\u00eb shum\u00eb dometh\u00ebnese p\u00ebr bashk\u00ebvendasit ton\u00eb n\u00eb nevoj\u00eb. Te nderuar miq dhe shok, Hoxha Studio, Osman Kanaqi, Ismet Hoxha, Hasan Hoxha, Isejn Marku, Hejdi Mehmeti, Besim Marku, dhe disa shoke te tjere do [&hellip;]<\/p>\n","protected":false},"author":1,"featured_media":0,"comment_status":"closed","ping_status":"closed","sticky":false,"template":"","format":"standard","meta":{"spay_email":"","jetpack_publicize_message":"","jetpack_is_tweetstorm":false,"jetpack_publicize_feature_enabled":true},"categories":[5],"tags":[],"jetpack_publicize_connections":[],"yoast_head":"<!-- This site is optimized with the Yoast SEO plugin v19.1 - https:\/\/yoast.com\/wordpress\/plugins\/seo\/ -->\n<title>Koncert Humanitar ne SHBA p\u00ebr ndihm\u00eb Medina Drag\u00ebs - Lajme nga Ulqini<\/title>\n<meta name=\"description\" content=\"B\u00ebmiresia juaj nuk mungoi kurr\u00eb n\u00eb rastet kur ajo ishte shum\u00eb e nevojshme p\u00ebr njer\u00ebz n\u00eb nevoj\u00eb p\u00ebr ju. Ndihma juaj \u00ebsht\u00eb gjithmon\u00eb shum\u00eb dometh\u00ebnese p\u00ebr\" \/>\n<meta name=\"robots\" content=\"index, follow, max-snippet:-1, max-image-preview:large, max-video-preview:-1\" \/>\n<link rel=\"canonical\" href=\"https:\/\/www.visit-ulcinj.com\/blog\/2014\/01\/24\/koncert-humanitar-ne-shba-per-ndihme-medina-drages\/\" \/>\n<meta property=\"og:locale\" content=\"en_US\" \/>\n<meta property=\"og:type\" content=\"article\" \/>\n<meta property=\"og:title\" content=\"Koncert Humanitar ne SHBA p\u00ebr ndihm\u00eb Medina Drag\u00ebs - Lajme nga Ulqini\" \/>\n<meta property=\"og:description\" content=\"B\u00ebmiresia juaj nuk mungoi kurr\u00eb n\u00eb rastet kur ajo ishte shum\u00eb e nevojshme p\u00ebr njer\u00ebz n\u00eb nevoj\u00eb p\u00ebr ju. Ndihma juaj \u00ebsht\u00eb gjithmon\u00eb shum\u00eb dometh\u00ebnese p\u00ebr\" \/>\n<meta property=\"og:url\" content=\"https:\/\/www.visit-ulcinj.com\/blog\/2014\/01\/24\/koncert-humanitar-ne-shba-per-ndihme-medina-drages\/\" \/>\n<meta property=\"og:site_name\" content=\"Lajme nga Ulqini\" \/>\n<meta property=\"article:published_time\" content=\"2014-01-24T21:29:12+00:00\" \/>\n<meta property=\"article:modified_time\" content=\"2014-01-26T18:39:17+00:00\" \/>\n<meta property=\"og:image\" content=\"http:\/\/www.visit-ulcinj.com\/blog\/wp-content\/uploads\/2014\/01\/medina-draga-ulqin.jpg\" \/>\n<meta name=\"twitter:label1\" content=\"Written by\" \/>\n\t<meta name=\"twitter:data1\" content=\"ulqini\" \/>\n\t<meta name=\"twitter:label2\" content=\"Est. reading time\" \/>\n\t<meta name=\"twitter:data2\" content=\"1 minute\" \/>\n<script type=\"application\/ld+json\" class=\"yoast-schema-graph\">{\"@context\":\"https:\/\/schema.org\",\"@graph\":[{\"@type\":\"WebSite\",\"@id\":\"https:\/\/www.visit-ulcinj.com\/blog\/#website\",\"url\":\"https:\/\/www.visit-ulcinj.com\/blog\/\",\"name\":\"Lajme nga Ulqini\",\"description\":\"Lajme,Vijesti,Ulqini,Ulqin,Crna Gora,Mali i Zi\",\"potentialAction\":[{\"@type\":\"SearchAction\",\"target\":{\"@type\":\"EntryPoint\",\"urlTemplate\":\"https:\/\/www.visit-ulcinj.com\/blog\/?s={search_term_string}\"},\"query-input\":\"required name=search_term_string\"}],\"inLanguage\":\"en-US\"},{\"@type\":\"ImageObject\",\"inLanguage\":\"en-US\",\"@id\":\"https:\/\/www.visit-ulcinj.com\/blog\/2014\/01\/24\/koncert-humanitar-ne-shba-per-ndihme-medina-drages\/#primaryimage\",\"url\":\"https:\/\/www.visit-ulcinj.com\/blog\/wp-content\/uploads\/2014\/01\/medina-draga-ulqin.jpg\",\"contentUrl\":\"https:\/\/www.visit-ulcinj.com\/blog\/wp-content\/uploads\/2014\/01\/medina-draga-ulqin.jpg\",\"width\":395,\"height\":395},{\"@type\":\"WebPage\",\"@id\":\"https:\/\/www.visit-ulcinj.com\/blog\/2014\/01\/24\/koncert-humanitar-ne-shba-per-ndihme-medina-drages\/#webpage\",\"url\":\"https:\/\/www.visit-ulcinj.com\/blog\/2014\/01\/24\/koncert-humanitar-ne-shba-per-ndihme-medina-drages\/\",\"name\":\"Koncert Humanitar ne SHBA p\u00ebr ndihm\u00eb Medina Drag\u00ebs - Lajme nga Ulqini\",\"isPartOf\":{\"@id\":\"https:\/\/www.visit-ulcinj.com\/blog\/#website\"},\"primaryImageOfPage\":{\"@id\":\"https:\/\/www.visit-ulcinj.com\/blog\/2014\/01\/24\/koncert-humanitar-ne-shba-per-ndihme-medina-drages\/#primaryimage\"},\"datePublished\":\"2014-01-24T21:29:12+00:00\",\"dateModified\":\"2014-01-26T18:39:17+00:00\",\"author\":{\"@id\":\"https:\/\/www.visit-ulcinj.com\/blog\/#\/schema\/person\/dcab619c614d3038751c63bc2aadc06d\"},\"description\":\"B\u00ebmiresia juaj nuk mungoi kurr\u00eb n\u00eb rastet kur ajo ishte shum\u00eb e nevojshme p\u00ebr njer\u00ebz n\u00eb nevoj\u00eb p\u00ebr ju. Ndihma juaj \u00ebsht\u00eb gjithmon\u00eb shum\u00eb dometh\u00ebnese p\u00ebr\",\"breadcrumb\":{\"@id\":\"https:\/\/www.visit-ulcinj.com\/blog\/2014\/01\/24\/koncert-humanitar-ne-shba-per-ndihme-medina-drages\/#breadcrumb\"},\"inLanguage\":\"en-US\",\"potentialAction\":[{\"@type\":\"ReadAction\",\"target\":[\"https:\/\/www.visit-ulcinj.com\/blog\/2014\/01\/24\/koncert-humanitar-ne-shba-per-ndihme-medina-drages\/\"]}]},{\"@type\":\"BreadcrumbList\",\"@id\":\"https:\/\/www.visit-ulcinj.com\/blog\/2014\/01\/24\/koncert-humanitar-ne-shba-per-ndihme-medina-drages\/#breadcrumb\",\"itemListElement\":[{\"@type\":\"ListItem\",\"position\":1,\"name\":\"Koncert Humanitar ne SHBA p\u00ebr ndihm\u00eb Medina Drag\u00ebs\"}]},{\"@type\":\"Person\",\"@id\":\"https:\/\/www.visit-ulcinj.com\/blog\/#\/schema\/person\/dcab619c614d3038751c63bc2aadc06d\",\"name\":\"ulqini\",\"sameAs\":[\"http:\/\/www.visit-ulcinj.com\"],\"url\":\"https:\/\/www.visit-ulcinj.com\/blog\/author\/admin\/\"}]}<\/script>\n<!-- \/ Yoast SEO plugin. -->","yoast_head_json":{"title":"Koncert Humanitar ne SHBA p\u00ebr ndihm\u00eb Medina Drag\u00ebs - Lajme nga Ulqini","description":"B\u00ebmiresia juaj nuk mungoi kurr\u00eb n\u00eb rastet kur ajo ishte shum\u00eb e nevojshme p\u00ebr njer\u00ebz n\u00eb nevoj\u00eb p\u00ebr ju. Ndihma juaj \u00ebsht\u00eb gjithmon\u00eb shum\u00eb dometh\u00ebnese p\u00ebr","robots":{"index":"index","follow":"follow","max-snippet":"max-snippet:-1","max-image-preview":"max-image-preview:large","max-video-preview":"max-video-preview:-1"},"canonical":"https:\/\/www.visit-ulcinj.com\/blog\/2014\/01\/24\/koncert-humanitar-ne-shba-per-ndihme-medina-drages\/","og_locale":"en_US","og_type":"article","og_title":"Koncert Humanitar ne SHBA p\u00ebr ndihm\u00eb Medina Drag\u00ebs - Lajme nga Ulqini","og_description":"B\u00ebmiresia juaj nuk mungoi kurr\u00eb n\u00eb rastet kur ajo ishte shum\u00eb e nevojshme p\u00ebr njer\u00ebz n\u00eb nevoj\u00eb p\u00ebr ju. Ndihma juaj \u00ebsht\u00eb gjithmon\u00eb shum\u00eb dometh\u00ebnese p\u00ebr","og_url":"https:\/\/www.visit-ulcinj.com\/blog\/2014\/01\/24\/koncert-humanitar-ne-shba-per-ndihme-medina-drages\/","og_site_name":"Lajme nga Ulqini","article_published_time":"2014-01-24T21:29:12+00:00","article_modified_time":"2014-01-26T18:39:17+00:00","og_image":[{"url":"http:\/\/www.visit-ulcinj.com\/blog\/wp-content\/uploads\/2014\/01\/medina-draga-ulqin.jpg"}],"twitter_misc":{"Written by":"ulqini","Est. reading time":"1 minute"},"schema":{"@context":"https:\/\/schema.org","@graph":[{"@type":"WebSite","@id":"https:\/\/www.visit-ulcinj.com\/blog\/#website","url":"https:\/\/www.visit-ulcinj.com\/blog\/","name":"Lajme nga Ulqini","description":"Lajme,Vijesti,Ulqini,Ulqin,Crna Gora,Mali i Zi","potentialAction":[{"@type":"SearchAction","target":{"@type":"EntryPoint","urlTemplate":"https:\/\/www.visit-ulcinj.com\/blog\/?s={search_term_string}"},"query-input":"required name=search_term_string"}],"inLanguage":"en-US"},{"@type":"ImageObject","inLanguage":"en-US","@id":"https:\/\/www.visit-ulcinj.com\/blog\/2014\/01\/24\/koncert-humanitar-ne-shba-per-ndihme-medina-drages\/#primaryimage","url":"https:\/\/www.visit-ulcinj.com\/blog\/wp-content\/uploads\/2014\/01\/medina-draga-ulqin.jpg","contentUrl":"https:\/\/www.visit-ulcinj.com\/blog\/wp-content\/uploads\/2014\/01\/medina-draga-ulqin.jpg","width":395,"height":395},{"@type":"WebPage","@id":"https:\/\/www.visit-ulcinj.com\/blog\/2014\/01\/24\/koncert-humanitar-ne-shba-per-ndihme-medina-drages\/#webpage","url":"https:\/\/www.visit-ulcinj.com\/blog\/2014\/01\/24\/koncert-humanitar-ne-shba-per-ndihme-medina-drages\/","name":"Koncert Humanitar ne SHBA p\u00ebr ndihm\u00eb Medina Drag\u00ebs - Lajme nga Ulqini","isPartOf":{"@id":"https:\/\/www.visit-ulcinj.com\/blog\/#website"},"primaryImageOfPage":{"@id":"https:\/\/www.visit-ulcinj.com\/blog\/2014\/01\/24\/koncert-humanitar-ne-shba-per-ndihme-medina-drages\/#primaryimage"},"datePublished":"2014-01-24T21:29:12+00:00","dateModified":"2014-01-26T18:39:17+00:00","author":{"@id":"https:\/\/www.visit-ulcinj.com\/blog\/#\/schema\/person\/dcab619c614d3038751c63bc2aadc06d"},"description":"B\u00ebmiresia juaj nuk mungoi kurr\u00eb n\u00eb rastet kur ajo ishte shum\u00eb e nevojshme p\u00ebr njer\u00ebz n\u00eb nevoj\u00eb p\u00ebr ju. Ndihma juaj \u00ebsht\u00eb gjithmon\u00eb shum\u00eb dometh\u00ebnese p\u00ebr","breadcrumb":{"@id":"https:\/\/www.visit-ulcinj.com\/blog\/2014\/01\/24\/koncert-humanitar-ne-shba-per-ndihme-medina-drages\/#breadcrumb"},"inLanguage":"en-US","potentialAction":[{"@type":"ReadAction","target":["https:\/\/www.visit-ulcinj.com\/blog\/2014\/01\/24\/koncert-humanitar-ne-shba-per-ndihme-medina-drages\/"]}]},{"@type":"BreadcrumbList","@id":"https:\/\/www.visit-ulcinj.com\/blog\/2014\/01\/24\/koncert-humanitar-ne-shba-per-ndihme-medina-drages\/#breadcrumb","itemListElement":[{"@type":"ListItem","position":1,"name":"Koncert Humanitar ne SHBA p\u00ebr ndihm\u00eb Medina Drag\u00ebs"}]},{"@type":"Person","@id":"https:\/\/www.visit-ulcinj.com\/blog\/#\/schema\/person\/dcab619c614d3038751c63bc2aadc06d","name":"ulqini","sameAs":["http:\/\/www.visit-ulcinj.com"],"url":"https:\/\/www.visit-ulcinj.com\/blog\/author\/admin\/"}]}},"jetpack_featured_media_url":"","jetpack_sharing_enabled":true,"jetpack_shortlink":"https:\/\/wp.me\/pe6lTn-ksw","_links":{"self":[{"href":"https:\/\/www.visit-ulcinj.com\/blog\/wp-json\/wp\/v2\/posts\/78648"}],"collection":[{"href":"https:\/\/www.visit-ulcinj.com\/blog\/wp-json\/wp\/v2\/posts"}],"about":[{"href":"https:\/\/www.visit-ulcinj.com\/blog\/wp-json\/wp\/v2\/types\/post"}],"author":[{"embeddable":true,"href":"https:\/\/www.visit-ulcinj.com\/blog\/wp-json\/wp\/v2\/users\/1"}],"replies":[{"embeddable":true,"href":"https:\/\/www.visit-ulcinj.com\/blog\/wp-json\/wp\/v2\/comments?post=78648"}],"version-history":[{"count":1,"href":"https:\/\/www.visit-ulcinj.com\/blog\/wp-json\/wp\/v2\/posts\/78648\/revisions"}],"predecessor-version":[{"id":78650,"href":"https:\/\/www.visit-ulcinj.com\/blog\/wp-json\/wp\/v2\/posts\/78648\/revisions\/78650"}],"wp:attachment":[{"href":"https:\/\/www.visit-ulcinj.com\/blog\/wp-json\/wp\/v2\/media?parent=78648"}],"wp:term":[{"taxonomy":"category","embeddable":true,"href":"https:\/\/www.visit-ulcinj.com\/blog\/wp-json\/wp\/v2\/categories?post=78648"},{"taxonomy":"post_tag","embeddable":true,"href":"https:\/\/www.visit-ulcinj.com\/blog\/wp-json\/wp\/v2\/tags?post=78648"}],"curies":[{"name":"wp","href":"https:\/\/api.w.org\/{rel}","templated":true}]}}