{"id":78651,"date":"2014-01-24T23:01:17","date_gmt":"2014-01-24T22:01:17","guid":{"rendered":"http:\/\/www.visit-ulcinj.com\/blog\/?p=78651"},"modified":"2014-01-24T23:01:17","modified_gmt":"2014-01-24T22:01:17","slug":"u-ulcinj-u-ponoc-pocinje-predizborna-tisina","status":"publish","type":"post","link":"https:\/\/www.visit-ulcinj.com\/blog\/2014\/01\/24\/u-ulcinj-u-ponoc-pocinje-predizborna-tisina\/","title":{"rendered":"U Ulcinj u pono\u0107 po\u010dinje predizborna ti\u0161ina"},"content":{"rendered":"<p><em><a href=\"http:\/\/www.visit-ulcinj.com\/blog\/wp-content\/uploads\/2014\/01\/Slijedi-borba-za-svaki-glas-u-Ulcinj.jpg\"><img loading=\"lazy\" class=\"alignleft  wp-image-78542\" alt=\"Slijedi borba za svaki glas u Ulcinj\" src=\"http:\/\/www.visit-ulcinj.com\/blog\/wp-content\/uploads\/2014\/01\/Slijedi-borba-za-svaki-glas-u-Ulcinj.jpg\" width=\"508\" height=\"360\" \/><\/a>Politi\u010dka situacija u Ulcinju bila je komplikovana i prije po\u010detka kampanje, a tokom nje me\u0111upartijski sukobi su kulminirali, pa su neki \u010dak zavr\u0161ili i na sudu. Kampanja je bila o\u0161tra, u kojoj je pored te\u0161kih optu\u017ebi bilo i internet obra\u010duna, cijepanja plakata, kafanskih sva\u0111a\u2026 Ipak, bitka za glasa\u010de najvi\u0161e se vodila preko medija<\/em><\/p>\n<p><em><strong>Pi\u0161e: Ana \u017divanovi\u0107<\/strong><\/em><\/p>\n<p><strong>ULCINJ \u2013 Izbori za odbornike u Ulcinju odr\u017ea\u0107e se u nedjelju, 26. januara, a predizborna \u0107utnja po\u010dinje u pono\u0107 izme\u0111u petka i subote. <\/strong><strong>Bira\u010dka mjesta se otvaraju u nedjelju u sedam, a zatvaraju u 20 \u010dasova<\/strong><strong>.<\/strong><strong> U izbornoj trci za odbornike u\u010destvuje osam politi\u010dkih stranaka i jedna koalicija. Na dan izbora bi\u0107e otvoreno 36 glasa\u010dkih mjesta, a pravo glasa ima <\/strong><strong>19.169<\/strong><strong> gra\u0111ana. U odborni\u010dkim klupama i nakon ovih izbora sjedje\u0107e 33 odbornika. <\/strong><\/p>\n<p>Ve\u0107ina partija koja u\u010destvuje na izborima ve\u0107 je u\u010destvovala i u vlasti. Gotovo je izvjesno da ni jedna izborna lista ni ovoga puta ne\u0107e osvojiti apsolutnu ve\u0107inu, odnosno 17 odborni\u010dkih mjesta koliko je potrebno za formiranje vlasti.<\/p>\n<p><strong>Borba preko medija<\/strong><\/p>\n<p>Kako je Ulcinj jedina op\u0161tina u kojoj se u januaru odr\u017eavaju izbori, sva medijska pa\u017enja javnosti bila je usmjerena na najju\u017eniji crnogorski grad. Politi\u010dka situacija u Ulcinju je bila komplikovana i zao\u0161trena i prije po\u010detka predizborne kampanje, a tokom kampanje me\u0111upartijski sukobi su do\u017eivjeli kulminaciju, pa neki \u010dak zavr\u0161ili i na sudu. Svjedoci smo veoma o\u0161tre kampanje, u kojoj je pored te\u0161kih optu\u017ebi do\u0161lo do i internet obra\u010duna, cijepanja plakata, kafanskih sva\u0111a\u2026 Ipak, bitka za glasa\u010de najvi\u0161e se vodila preko medija. Samo \u010detiri partije organizovale su konvenciju.<\/p>\n<p>DPS-ova konvencija, koja je okupila oko 1.500 ljudi, ujedno je bila i najmasovniji politi\u010dki doga\u0111aj odr\u017ean ikada u Ulcinju.<\/p>\n<p>Forca i Koalicija \u201eZajedno za budu\u0107nost\u201c organizuju po dvije konvencije \u2013 jednu u Ulcinju, a drugu u Vladimiru. Demokratski front je organizovao zavr\u0161nu konvenciju \u2013 u nedjelju. SNP za svoje simpatizere priprema koncert Ane Bebi\u0107 u petak ve\u010de u diskoteci na Pristanu.\u00a0 SDP nije organizovala klasi\u010dnu konvenciju, ve\u0107 posjetu najvi\u0161ih funkcionera partije Ulcinju i dru\u017eenje sa aktivistima i obilazak anamalskog podru\u010dja. Ni ostale partije koje u\u010destvuju na izborima nijesu organizovale zavr\u0161ne konvencije.<\/p>\n<p><strong>Matematika<\/strong><\/p>\n<p>Gotovo su svi sigurni u jedno \u2013 niko ne\u0107e osvojiti apsolutnu vlast i mora\u0107e u postizborne koalicije. Iako se jo\u0161 uvijek ne zna ko s kim mo\u017ee, jer \u0107e to biti jasno tek kad budu zavr\u0161eni izbori i \u201esve karte budu na stolu\u201c, izvjesno je ko s kim \u2013 ne mo\u017ee. Nakon posljednjeg sukoba u televizijskoj debati \u010delnika ulcinjskog SDP-a i Force Selima Resulbegovi\u0107a i Nazifa Cungua, koalicija ove dvije partije te\u0161ko da \u0107e biti mogu\u0107a. Lider DF Milan Rolovi\u0107 je izjavio da jedina partija sa kojom ne\u0107e i\u0107i u koaliciju iz principijelnih razloga je DPS.<\/p>\n<p>DPS, Forca, DUA, SDP i Koalicija \u201eZajedno za budu\u0107nost\u201c javno su se izjasnili kako su otvoreni za pregovore sa svim partijama koje imaju sli\u010dne programske ciljeve. U Bo\u0161nja\u010dkoj stranci se nadaju ulasku u parlament i u eventualnu koaliciju sa najja\u010dim partijama. U SNP-u su saop\u0161tili da mogu razgovarati o postizbornim koalicijama samo sa onima koji prihvate njen program za Ulcinj.<\/p>\n<p>Obi\u010dni gra\u0111ani u Ulcinju ne vole da se medijski izja\u0161njavaju o izborima. O politici u Ulcinju predvi\u0111anjima izbornog rezultata i analizama kampanje javno govore samo partijski aktivisti.<\/p>\n<h4><strong>Glasa\u010dki listi\u0107<\/strong><\/h4>\n<p>Na glasa\u010dkom listi\u0107u pod brojem 1 je Pozitivna Crna Gora, broj 2 \u0107e biti Demokratski front, Bo\u0161nja\u010dka stranka broj 3, Socijalisti\u010dka narodna partija 4, Forca je broj 5, Demokratska unija Albanaca DUA 6, Demokratska partija socijalista 7,\u00a0 Koalicija \u201eZajedno za budu\u0107nost Ulcinja\u201c 8 i Socijaldemokratska partija 9.<\/p>\n<h4><strong>Kako je do\u0161lo do izbora<\/strong><\/h4>\n<p>Do raspisivanja izbora u Ulcinju jer su ulcinjski odbornici, nakon vi\u0161e od 100 dana nezasijedanja skup\u0161tine, na vanrednoj sjednici skratili mandate.<\/p>\n<p>Raspored mandata odbornicina nakon posljednjih\u00a0 izbora u Ulcinju odr\u017eanih u oktobru 2010. godine bio je sledje\u0107i: Forca 11 odborni\u010dkih mjesta, DUA-PDP 10 , DPS 7, koalicija Bolji Ulcinj \u2013 bolja Crna Gora 2, SDP 2 i Perspektiva 1. Za formiranje parlamentarne ve\u0107ine bilo je potrebno 17 odborni\u010dkih mjesta.<\/p>\n<p>Prvu vlast nakon oktobarskih izbora \u010dinile su partije DPS i koalicija DUA-PDP, a izdvajanjem Demokratske partije Fatmira \u0110eke iz partije Demokratske unije Albanaca, i DPS i DUA su postale opozicione stranke nakon prekompozicije vlasti koja se dogodila u avgustu 2011. Od tada su vlast u Ulcinju vr\u0161ile partije Forca, SDP, Perspektiva i\u00a0 Demokratska partija.<\/p>\n<p>Da je do\u0161lo do raskola u vladaju\u0107oj koaliciji, postalo je o\u010digledno na posljednjem redovnom zasijedanju Skup\u0161tine, koje je odr\u017eano u julu pro\u0161le godine, kada je Forca u Skup\u0161tini napravila kvorum sa opozicionim DPS-om i kada su uslijedile prve optu\u017ebe izme\u0111u Resulbegovi\u0107a i Cungua.<\/p>\n<p><strong>Izvor: Pobjeda<\/strong><\/p>\n","protected":false},"excerpt":{"rendered":"<p>Politi\u010dka situacija u Ulcinju bila je komplikovana i prije po\u010detka kampanje, a tokom nje me\u0111upartijski sukobi su kulminirali, pa su neki \u010dak zavr\u0161ili i na sudu. Kampanja je bila o\u0161tra, u kojoj je pored te\u0161kih optu\u017ebi bilo i internet obra\u010duna, cijepanja plakata, kafanskih sva\u0111a\u2026 Ipak, bitka za glasa\u010de najvi\u0161e se vodila preko medija Pi\u0161e: Ana [&hellip;]<\/p>\n","protected":false},"author":1,"featured_media":0,"comment_status":"closed","ping_status":"closed","sticky":false,"template":"","format":"standard","meta":{"spay_email":"","jetpack_publicize_message":"","jetpack_is_tweetstorm":false,"jetpack_publicize_feature_enabled":true},"categories":[8337],"tags":[],"jetpack_publicize_connections":[],"yoast_head":"<!-- This site is optimized with the Yoast SEO plugin v19.1 - https:\/\/yoast.com\/wordpress\/plugins\/seo\/ -->\n<title>U Ulcinj u pono\u0107 po\u010dinje predizborna ti\u0161ina - Lajme nga Ulqini<\/title>\n<meta name=\"description\" content=\"Politi\u010dka situacija u Ulcinju bila je komplikovana i prije po\u010detka kampanje, a tokom nje me\u0111upartijski sukobi su kulminirali, pa su neki \u010dak zavr\u0161ili i na\" \/>\n<meta name=\"robots\" content=\"index, follow, max-snippet:-1, max-image-preview:large, max-video-preview:-1\" \/>\n<link rel=\"canonical\" href=\"https:\/\/www.visit-ulcinj.com\/blog\/2014\/01\/24\/u-ulcinj-u-ponoc-pocinje-predizborna-tisina\/\" \/>\n<meta property=\"og:locale\" content=\"en_US\" \/>\n<meta property=\"og:type\" content=\"article\" \/>\n<meta property=\"og:title\" content=\"U Ulcinj u pono\u0107 po\u010dinje predizborna ti\u0161ina - Lajme nga Ulqini\" \/>\n<meta property=\"og:description\" content=\"Politi\u010dka situacija u Ulcinju bila je komplikovana i prije po\u010detka kampanje, a tokom nje me\u0111upartijski sukobi su kulminirali, pa su neki \u010dak zavr\u0161ili i na\" \/>\n<meta property=\"og:url\" content=\"https:\/\/www.visit-ulcinj.com\/blog\/2014\/01\/24\/u-ulcinj-u-ponoc-pocinje-predizborna-tisina\/\" \/>\n<meta property=\"og:site_name\" content=\"Lajme nga Ulqini\" \/>\n<meta property=\"article:published_time\" content=\"2014-01-24T22:01:17+00:00\" \/>\n<meta property=\"og:image\" content=\"http:\/\/www.visit-ulcinj.com\/blog\/wp-content\/uploads\/2014\/01\/Slijedi-borba-za-svaki-glas-u-Ulcinj.jpg\" \/>\n<meta name=\"twitter:label1\" content=\"Written by\" \/>\n\t<meta name=\"twitter:data1\" content=\"ulqini\" \/>\n\t<meta name=\"twitter:label2\" content=\"Est. reading time\" \/>\n\t<meta name=\"twitter:data2\" content=\"4 minutes\" \/>\n<script type=\"application\/ld+json\" class=\"yoast-schema-graph\">{\"@context\":\"https:\/\/schema.org\",\"@graph\":[{\"@type\":\"WebSite\",\"@id\":\"https:\/\/www.visit-ulcinj.com\/blog\/#website\",\"url\":\"https:\/\/www.visit-ulcinj.com\/blog\/\",\"name\":\"Lajme nga Ulqini\",\"description\":\"Lajme,Vijesti,Ulqini,Ulqin,Crna Gora,Mali i Zi\",\"potentialAction\":[{\"@type\":\"SearchAction\",\"target\":{\"@type\":\"EntryPoint\",\"urlTemplate\":\"https:\/\/www.visit-ulcinj.com\/blog\/?s={search_term_string}\"},\"query-input\":\"required name=search_term_string\"}],\"inLanguage\":\"en-US\"},{\"@type\":\"ImageObject\",\"inLanguage\":\"en-US\",\"@id\":\"https:\/\/www.visit-ulcinj.com\/blog\/2014\/01\/24\/u-ulcinj-u-ponoc-pocinje-predizborna-tisina\/#primaryimage\",\"url\":\"https:\/\/www.visit-ulcinj.com\/blog\/wp-content\/uploads\/2014\/01\/Slijedi-borba-za-svaki-glas-u-Ulcinj.jpg\",\"contentUrl\":\"https:\/\/www.visit-ulcinj.com\/blog\/wp-content\/uploads\/2014\/01\/Slijedi-borba-za-svaki-glas-u-Ulcinj.jpg\",\"width\":1024,\"height\":771},{\"@type\":\"WebPage\",\"@id\":\"https:\/\/www.visit-ulcinj.com\/blog\/2014\/01\/24\/u-ulcinj-u-ponoc-pocinje-predizborna-tisina\/#webpage\",\"url\":\"https:\/\/www.visit-ulcinj.com\/blog\/2014\/01\/24\/u-ulcinj-u-ponoc-pocinje-predizborna-tisina\/\",\"name\":\"U Ulcinj u pono\u0107 po\u010dinje predizborna ti\u0161ina - Lajme nga Ulqini\",\"isPartOf\":{\"@id\":\"https:\/\/www.visit-ulcinj.com\/blog\/#website\"},\"primaryImageOfPage\":{\"@id\":\"https:\/\/www.visit-ulcinj.com\/blog\/2014\/01\/24\/u-ulcinj-u-ponoc-pocinje-predizborna-tisina\/#primaryimage\"},\"datePublished\":\"2014-01-24T22:01:17+00:00\",\"dateModified\":\"2014-01-24T22:01:17+00:00\",\"author\":{\"@id\":\"https:\/\/www.visit-ulcinj.com\/blog\/#\/schema\/person\/dcab619c614d3038751c63bc2aadc06d\"},\"description\":\"Politi\u010dka situacija u Ulcinju bila je komplikovana i prije po\u010detka kampanje, a tokom nje me\u0111upartijski sukobi su kulminirali, pa su neki \u010dak zavr\u0161ili i na\",\"breadcrumb\":{\"@id\":\"https:\/\/www.visit-ulcinj.com\/blog\/2014\/01\/24\/u-ulcinj-u-ponoc-pocinje-predizborna-tisina\/#breadcrumb\"},\"inLanguage\":\"en-US\",\"potentialAction\":[{\"@type\":\"ReadAction\",\"target\":[\"https:\/\/www.visit-ulcinj.com\/blog\/2014\/01\/24\/u-ulcinj-u-ponoc-pocinje-predizborna-tisina\/\"]}]},{\"@type\":\"BreadcrumbList\",\"@id\":\"https:\/\/www.visit-ulcinj.com\/blog\/2014\/01\/24\/u-ulcinj-u-ponoc-pocinje-predizborna-tisina\/#breadcrumb\",\"itemListElement\":[{\"@type\":\"ListItem\",\"position\":1,\"name\":\"U Ulcinj u pono\u0107 po\u010dinje predizborna ti\u0161ina\"}]},{\"@type\":\"Person\",\"@id\":\"https:\/\/www.visit-ulcinj.com\/blog\/#\/schema\/person\/dcab619c614d3038751c63bc2aadc06d\",\"name\":\"ulqini\",\"sameAs\":[\"http:\/\/www.visit-ulcinj.com\"],\"url\":\"https:\/\/www.visit-ulcinj.com\/blog\/author\/admin\/\"}]}<\/script>\n<!-- \/ Yoast SEO plugin. -->","yoast_head_json":{"title":"U Ulcinj u pono\u0107 po\u010dinje predizborna ti\u0161ina - Lajme nga Ulqini","description":"Politi\u010dka situacija u Ulcinju bila je komplikovana i prije po\u010detka kampanje, a tokom nje me\u0111upartijski sukobi su kulminirali, pa su neki \u010dak zavr\u0161ili i na","robots":{"index":"index","follow":"follow","max-snippet":"max-snippet:-1","max-image-preview":"max-image-preview:large","max-video-preview":"max-video-preview:-1"},"canonical":"https:\/\/www.visit-ulcinj.com\/blog\/2014\/01\/24\/u-ulcinj-u-ponoc-pocinje-predizborna-tisina\/","og_locale":"en_US","og_type":"article","og_title":"U Ulcinj u pono\u0107 po\u010dinje predizborna ti\u0161ina - Lajme nga Ulqini","og_description":"Politi\u010dka situacija u Ulcinju bila je komplikovana i prije po\u010detka kampanje, a tokom nje me\u0111upartijski sukobi su kulminirali, pa su neki \u010dak zavr\u0161ili i na","og_url":"https:\/\/www.visit-ulcinj.com\/blog\/2014\/01\/24\/u-ulcinj-u-ponoc-pocinje-predizborna-tisina\/","og_site_name":"Lajme nga Ulqini","article_published_time":"2014-01-24T22:01:17+00:00","og_image":[{"url":"http:\/\/www.visit-ulcinj.com\/blog\/wp-content\/uploads\/2014\/01\/Slijedi-borba-za-svaki-glas-u-Ulcinj.jpg"}],"twitter_misc":{"Written by":"ulqini","Est. reading time":"4 minutes"},"schema":{"@context":"https:\/\/schema.org","@graph":[{"@type":"WebSite","@id":"https:\/\/www.visit-ulcinj.com\/blog\/#website","url":"https:\/\/www.visit-ulcinj.com\/blog\/","name":"Lajme nga Ulqini","description":"Lajme,Vijesti,Ulqini,Ulqin,Crna Gora,Mali i Zi","potentialAction":[{"@type":"SearchAction","target":{"@type":"EntryPoint","urlTemplate":"https:\/\/www.visit-ulcinj.com\/blog\/?s={search_term_string}"},"query-input":"required name=search_term_string"}],"inLanguage":"en-US"},{"@type":"ImageObject","inLanguage":"en-US","@id":"https:\/\/www.visit-ulcinj.com\/blog\/2014\/01\/24\/u-ulcinj-u-ponoc-pocinje-predizborna-tisina\/#primaryimage","url":"https:\/\/www.visit-ulcinj.com\/blog\/wp-content\/uploads\/2014\/01\/Slijedi-borba-za-svaki-glas-u-Ulcinj.jpg","contentUrl":"https:\/\/www.visit-ulcinj.com\/blog\/wp-content\/uploads\/2014\/01\/Slijedi-borba-za-svaki-glas-u-Ulcinj.jpg","width":1024,"height":771},{"@type":"WebPage","@id":"https:\/\/www.visit-ulcinj.com\/blog\/2014\/01\/24\/u-ulcinj-u-ponoc-pocinje-predizborna-tisina\/#webpage","url":"https:\/\/www.visit-ulcinj.com\/blog\/2014\/01\/24\/u-ulcinj-u-ponoc-pocinje-predizborna-tisina\/","name":"U Ulcinj u pono\u0107 po\u010dinje predizborna ti\u0161ina - Lajme nga Ulqini","isPartOf":{"@id":"https:\/\/www.visit-ulcinj.com\/blog\/#website"},"primaryImageOfPage":{"@id":"https:\/\/www.visit-ulcinj.com\/blog\/2014\/01\/24\/u-ulcinj-u-ponoc-pocinje-predizborna-tisina\/#primaryimage"},"datePublished":"2014-01-24T22:01:17+00:00","dateModified":"2014-01-24T22:01:17+00:00","author":{"@id":"https:\/\/www.visit-ulcinj.com\/blog\/#\/schema\/person\/dcab619c614d3038751c63bc2aadc06d"},"description":"Politi\u010dka situacija u Ulcinju bila je komplikovana i prije po\u010detka kampanje, a tokom nje me\u0111upartijski sukobi su kulminirali, pa su neki \u010dak zavr\u0161ili i na","breadcrumb":{"@id":"https:\/\/www.visit-ulcinj.com\/blog\/2014\/01\/24\/u-ulcinj-u-ponoc-pocinje-predizborna-tisina\/#breadcrumb"},"inLanguage":"en-US","potentialAction":[{"@type":"ReadAction","target":["https:\/\/www.visit-ulcinj.com\/blog\/2014\/01\/24\/u-ulcinj-u-ponoc-pocinje-predizborna-tisina\/"]}]},{"@type":"BreadcrumbList","@id":"https:\/\/www.visit-ulcinj.com\/blog\/2014\/01\/24\/u-ulcinj-u-ponoc-pocinje-predizborna-tisina\/#breadcrumb","itemListElement":[{"@type":"ListItem","position":1,"name":"U Ulcinj u pono\u0107 po\u010dinje predizborna ti\u0161ina"}]},{"@type":"Person","@id":"https:\/\/www.visit-ulcinj.com\/blog\/#\/schema\/person\/dcab619c614d3038751c63bc2aadc06d","name":"ulqini","sameAs":["http:\/\/www.visit-ulcinj.com"],"url":"https:\/\/www.visit-ulcinj.com\/blog\/author\/admin\/"}]}},"jetpack_featured_media_url":"","jetpack_sharing_enabled":true,"jetpack_shortlink":"https:\/\/wp.me\/pe6lTn-ksz","_links":{"self":[{"href":"https:\/\/www.visit-ulcinj.com\/blog\/wp-json\/wp\/v2\/posts\/78651"}],"collection":[{"href":"https:\/\/www.visit-ulcinj.com\/blog\/wp-json\/wp\/v2\/posts"}],"about":[{"href":"https:\/\/www.visit-ulcinj.com\/blog\/wp-json\/wp\/v2\/types\/post"}],"author":[{"embeddable":true,"href":"https:\/\/www.visit-ulcinj.com\/blog\/wp-json\/wp\/v2\/users\/1"}],"replies":[{"embeddable":true,"href":"https:\/\/www.visit-ulcinj.com\/blog\/wp-json\/wp\/v2\/comments?post=78651"}],"version-history":[{"count":1,"href":"https:\/\/www.visit-ulcinj.com\/blog\/wp-json\/wp\/v2\/posts\/78651\/revisions"}],"predecessor-version":[{"id":78652,"href":"https:\/\/www.visit-ulcinj.com\/blog\/wp-json\/wp\/v2\/posts\/78651\/revisions\/78652"}],"wp:attachment":[{"href":"https:\/\/www.visit-ulcinj.com\/blog\/wp-json\/wp\/v2\/media?parent=78651"}],"wp:term":[{"taxonomy":"category","embeddable":true,"href":"https:\/\/www.visit-ulcinj.com\/blog\/wp-json\/wp\/v2\/categories?post=78651"},{"taxonomy":"post_tag","embeddable":true,"href":"https:\/\/www.visit-ulcinj.com\/blog\/wp-json\/wp\/v2\/tags?post=78651"}],"curies":[{"name":"wp","href":"https:\/\/api.w.org\/{rel}","templated":true}]}}