{"id":78677,"date":"2014-01-25T10:44:29","date_gmt":"2014-01-25T09:44:29","guid":{"rendered":"http:\/\/www.visit-ulcinj.com\/blog\/?p=78677"},"modified":"2014-01-26T10:59:23","modified_gmt":"2014-01-26T09:59:23","slug":"sot-heshtje-zgjedhore-ne-ulqin","status":"publish","type":"post","link":"https:\/\/www.visit-ulcinj.com\/blog\/2014\/01\/25\/sot-heshtje-zgjedhore-ne-ulqin\/","title":{"rendered":"Sot heshtje zgjedhore n\u00eb Ulqin"},"content":{"rendered":"<p><a href=\"http:\/\/www.visit-ulcinj.com\/blog\/wp-content\/uploads\/2014\/01\/Sot-heshtje-zgjedhore-n\u00eb-Ulqin.jpg\"><img loading=\"lazy\" class=\"alignleft  wp-image-78678\" alt=\"Sot heshtje zgjedhore n\u00eb Ulqin\" src=\"http:\/\/www.visit-ulcinj.com\/blog\/wp-content\/uploads\/2014\/01\/Sot-heshtje-zgjedhore-n\u00eb-Ulqin.jpg\" width=\"508\" height=\"400\" \/><\/a>Mbr\u00ebm\u00eb n\u00eb mesnat\u00eb partit\u00eb politike n\u00eb Ulqin e kan\u00eb p\u00ebrmbyllur fushat\u00ebn zgjedhore. Gjat\u00eb k\u00ebsaj fushate qytetar\u00ebt kan\u00eb d\u00ebgjuar premtime prej m\u00eb t\u00eb ndryshm\u00ebve nga kandidat\u00ebt q\u00eb synojn\u00eb postet e lider\u00ebve t\u00eb listave zgjedhore.<br \/>\nSot n\u00eb gjith\u00eb vendin e komu\u00ebs s\u00eb Ulqinit \u00ebsht\u00eb heshtje parazgjedhore, nd\u00ebrsa nes\u00ebr, t\u00eb diel\u00ebn do t\u00eb mbahet zgjedhjet, t\u00eb cilet do t\u2019i legjitimoj\u00eb 33 k\u00ebshilltar\u00eb t\u00eb komun\u00ebs s\u00eb Ulqinit .<\/p>\n<p>N\u00eb zgjedhjet lokale n\u00eb Ulqin t\u00eb cilat do t\u00eb mbahen t\u00eb diel\u00ebn do t\u00eb marrin pjes\u00eb 9 lista , kurse t\u00eb drejt\u00eb vote do t\u00eb ken\u00eb 19 mij\u00eb e 169 votues , ka theksuar kryetari i Komisionit zgjedhor komunal\u00a0 Jakup Murati<\/p>\n<p>Murati ka b\u00eb me dije\u00a0 \u00ebsht\u00eb ndar\u00eb materiali zgjedhor k\u00ebshillave zgjedhore , k\u00ebshtu q\u00eb pritet se \u00e7do gj\u00eb do t\u00eb jet\u00eb n\u00eb pajtim me rregullt ligjore , ka theksuar Murati p\u00ebr agjencin\u00eb MINA. Vendvotimet do t\u00eb hapen n\u00eb ora 7 dhe do t\u00eb mbyllen n\u00eb ora 20 t\u00eb mbr\u00ebmjes. Komisioni zgjedhor komunal ka caktuar me short renditjen e listave zgjedhore n\u00eb flet\u00ebvotim. N\u00eb vend t\u00eb par\u00eb \u00ebsht\u00eb Mali i Zi Pozitiv, pastaj Fronti Demokratik, kurse n\u00eb vendin e tret\u00eb Partia Boshnjake. N\u00eb numrin 4 \u00ebsht\u00eb PSP ,kurse pasojn\u00eb forca dhe UDSH. N\u00eb vend t\u00eb 7 \u00ebsht\u00eb PDS , n\u00eb t\u00eb tetin Koalicioni s\u00eb bashku p\u00ebr t\u00eb ardhmen e Ulqinit, kurse n\u00eb vendin e 9-t\u00eb Partia Social demokratike. Kuvendi komunal i Ulqinit num\u00ebron 33 k\u00ebshilltar\u00eb.<\/p>\n","protected":false},"excerpt":{"rendered":"<p>Mbr\u00ebm\u00eb n\u00eb mesnat\u00eb partit\u00eb politike n\u00eb Ulqin e kan\u00eb p\u00ebrmbyllur fushat\u00ebn zgjedhore. Gjat\u00eb k\u00ebsaj fushate qytetar\u00ebt kan\u00eb d\u00ebgjuar premtime prej m\u00eb t\u00eb ndryshm\u00ebve nga kandidat\u00ebt q\u00eb synojn\u00eb postet e lider\u00ebve t\u00eb listave zgjedhore. Sot n\u00eb gjith\u00eb vendin e komu\u00ebs s\u00eb Ulqinit \u00ebsht\u00eb heshtje parazgjedhore, nd\u00ebrsa nes\u00ebr, t\u00eb diel\u00ebn do t\u00eb mbahet zgjedhjet, t\u00eb cilet do [&hellip;]<\/p>\n","protected":false},"author":1,"featured_media":0,"comment_status":"closed","ping_status":"closed","sticky":false,"template":"","format":"standard","meta":{"spay_email":"","jetpack_publicize_message":"","jetpack_is_tweetstorm":false,"jetpack_publicize_feature_enabled":true},"categories":[1,6950],"tags":[],"jetpack_publicize_connections":[],"yoast_head":"<!-- This site is optimized with the Yoast SEO plugin v19.1 - https:\/\/yoast.com\/wordpress\/plugins\/seo\/ -->\n<title>Sot heshtje zgjedhore n\u00eb Ulqin - Lajme nga Ulqini<\/title>\n<meta name=\"description\" content=\"Mbr\u00ebm\u00eb n\u00eb mesnat\u00eb partit\u00eb politike n\u00eb Ulqin e kan\u00eb p\u00ebrmbyllur fushat\u00ebn zgjedhore. Gjat\u00eb k\u00ebsaj fushate qytetar\u00ebt kan\u00eb d\u00ebgjuar premtime prej m\u00eb t\u00eb\" \/>\n<meta name=\"robots\" content=\"index, follow, max-snippet:-1, max-image-preview:large, max-video-preview:-1\" \/>\n<link rel=\"canonical\" href=\"https:\/\/www.visit-ulcinj.com\/blog\/2014\/01\/25\/sot-heshtje-zgjedhore-ne-ulqin\/\" \/>\n<meta property=\"og:locale\" content=\"en_US\" \/>\n<meta property=\"og:type\" content=\"article\" \/>\n<meta property=\"og:title\" content=\"Sot heshtje zgjedhore n\u00eb Ulqin - Lajme nga Ulqini\" \/>\n<meta property=\"og:description\" content=\"Mbr\u00ebm\u00eb n\u00eb mesnat\u00eb partit\u00eb politike n\u00eb Ulqin e kan\u00eb p\u00ebrmbyllur fushat\u00ebn zgjedhore. Gjat\u00eb k\u00ebsaj fushate qytetar\u00ebt kan\u00eb d\u00ebgjuar premtime prej m\u00eb t\u00eb\" \/>\n<meta property=\"og:url\" content=\"https:\/\/www.visit-ulcinj.com\/blog\/2014\/01\/25\/sot-heshtje-zgjedhore-ne-ulqin\/\" \/>\n<meta property=\"og:site_name\" content=\"Lajme nga Ulqini\" \/>\n<meta property=\"article:published_time\" content=\"2014-01-25T09:44:29+00:00\" \/>\n<meta property=\"article:modified_time\" content=\"2014-01-26T09:59:23+00:00\" \/>\n<meta name=\"twitter:label1\" content=\"Written by\" \/>\n\t<meta name=\"twitter:data1\" content=\"ulqini\" \/>\n\t<meta name=\"twitter:label2\" content=\"Est. reading time\" \/>\n\t<meta name=\"twitter:data2\" content=\"1 minute\" \/>\n<script type=\"application\/ld+json\" class=\"yoast-schema-graph\">{\"@context\":\"https:\/\/schema.org\",\"@graph\":[{\"@type\":\"WebSite\",\"@id\":\"https:\/\/www.visit-ulcinj.com\/blog\/#website\",\"url\":\"https:\/\/www.visit-ulcinj.com\/blog\/\",\"name\":\"Lajme nga Ulqini\",\"description\":\"Lajme,Vijesti,Ulqini,Ulqin,Crna Gora,Mali i Zi\",\"potentialAction\":[{\"@type\":\"SearchAction\",\"target\":{\"@type\":\"EntryPoint\",\"urlTemplate\":\"https:\/\/www.visit-ulcinj.com\/blog\/?s={search_term_string}\"},\"query-input\":\"required name=search_term_string\"}],\"inLanguage\":\"en-US\"},{\"@type\":\"WebPage\",\"@id\":\"https:\/\/www.visit-ulcinj.com\/blog\/2014\/01\/25\/sot-heshtje-zgjedhore-ne-ulqin\/#webpage\",\"url\":\"https:\/\/www.visit-ulcinj.com\/blog\/2014\/01\/25\/sot-heshtje-zgjedhore-ne-ulqin\/\",\"name\":\"Sot heshtje zgjedhore n\u00eb Ulqin - Lajme nga Ulqini\",\"isPartOf\":{\"@id\":\"https:\/\/www.visit-ulcinj.com\/blog\/#website\"},\"datePublished\":\"2014-01-25T09:44:29+00:00\",\"dateModified\":\"2014-01-26T09:59:23+00:00\",\"author\":{\"@id\":\"https:\/\/www.visit-ulcinj.com\/blog\/#\/schema\/person\/dcab619c614d3038751c63bc2aadc06d\"},\"description\":\"Mbr\u00ebm\u00eb n\u00eb mesnat\u00eb partit\u00eb politike n\u00eb Ulqin e kan\u00eb p\u00ebrmbyllur fushat\u00ebn zgjedhore. Gjat\u00eb k\u00ebsaj fushate qytetar\u00ebt kan\u00eb d\u00ebgjuar premtime prej m\u00eb t\u00eb\",\"breadcrumb\":{\"@id\":\"https:\/\/www.visit-ulcinj.com\/blog\/2014\/01\/25\/sot-heshtje-zgjedhore-ne-ulqin\/#breadcrumb\"},\"inLanguage\":\"en-US\",\"potentialAction\":[{\"@type\":\"ReadAction\",\"target\":[\"https:\/\/www.visit-ulcinj.com\/blog\/2014\/01\/25\/sot-heshtje-zgjedhore-ne-ulqin\/\"]}]},{\"@type\":\"BreadcrumbList\",\"@id\":\"https:\/\/www.visit-ulcinj.com\/blog\/2014\/01\/25\/sot-heshtje-zgjedhore-ne-ulqin\/#breadcrumb\",\"itemListElement\":[{\"@type\":\"ListItem\",\"position\":1,\"name\":\"Sot heshtje zgjedhore n\u00eb Ulqin\"}]},{\"@type\":\"Person\",\"@id\":\"https:\/\/www.visit-ulcinj.com\/blog\/#\/schema\/person\/dcab619c614d3038751c63bc2aadc06d\",\"name\":\"ulqini\",\"sameAs\":[\"http:\/\/www.visit-ulcinj.com\"],\"url\":\"https:\/\/www.visit-ulcinj.com\/blog\/author\/admin\/\"}]}<\/script>\n<!-- \/ Yoast SEO plugin. -->","yoast_head_json":{"title":"Sot heshtje zgjedhore n\u00eb Ulqin - Lajme nga Ulqini","description":"Mbr\u00ebm\u00eb n\u00eb mesnat\u00eb partit\u00eb politike n\u00eb Ulqin e kan\u00eb p\u00ebrmbyllur fushat\u00ebn zgjedhore. Gjat\u00eb k\u00ebsaj fushate qytetar\u00ebt kan\u00eb d\u00ebgjuar premtime prej m\u00eb t\u00eb","robots":{"index":"index","follow":"follow","max-snippet":"max-snippet:-1","max-image-preview":"max-image-preview:large","max-video-preview":"max-video-preview:-1"},"canonical":"https:\/\/www.visit-ulcinj.com\/blog\/2014\/01\/25\/sot-heshtje-zgjedhore-ne-ulqin\/","og_locale":"en_US","og_type":"article","og_title":"Sot heshtje zgjedhore n\u00eb Ulqin - Lajme nga Ulqini","og_description":"Mbr\u00ebm\u00eb n\u00eb mesnat\u00eb partit\u00eb politike n\u00eb Ulqin e kan\u00eb p\u00ebrmbyllur fushat\u00ebn zgjedhore. Gjat\u00eb k\u00ebsaj fushate qytetar\u00ebt kan\u00eb d\u00ebgjuar premtime prej m\u00eb t\u00eb","og_url":"https:\/\/www.visit-ulcinj.com\/blog\/2014\/01\/25\/sot-heshtje-zgjedhore-ne-ulqin\/","og_site_name":"Lajme nga Ulqini","article_published_time":"2014-01-25T09:44:29+00:00","article_modified_time":"2014-01-26T09:59:23+00:00","twitter_misc":{"Written by":"ulqini","Est. reading time":"1 minute"},"schema":{"@context":"https:\/\/schema.org","@graph":[{"@type":"WebSite","@id":"https:\/\/www.visit-ulcinj.com\/blog\/#website","url":"https:\/\/www.visit-ulcinj.com\/blog\/","name":"Lajme nga Ulqini","description":"Lajme,Vijesti,Ulqini,Ulqin,Crna Gora,Mali i Zi","potentialAction":[{"@type":"SearchAction","target":{"@type":"EntryPoint","urlTemplate":"https:\/\/www.visit-ulcinj.com\/blog\/?s={search_term_string}"},"query-input":"required name=search_term_string"}],"inLanguage":"en-US"},{"@type":"WebPage","@id":"https:\/\/www.visit-ulcinj.com\/blog\/2014\/01\/25\/sot-heshtje-zgjedhore-ne-ulqin\/#webpage","url":"https:\/\/www.visit-ulcinj.com\/blog\/2014\/01\/25\/sot-heshtje-zgjedhore-ne-ulqin\/","name":"Sot heshtje zgjedhore n\u00eb Ulqin - Lajme nga Ulqini","isPartOf":{"@id":"https:\/\/www.visit-ulcinj.com\/blog\/#website"},"datePublished":"2014-01-25T09:44:29+00:00","dateModified":"2014-01-26T09:59:23+00:00","author":{"@id":"https:\/\/www.visit-ulcinj.com\/blog\/#\/schema\/person\/dcab619c614d3038751c63bc2aadc06d"},"description":"Mbr\u00ebm\u00eb n\u00eb mesnat\u00eb partit\u00eb politike n\u00eb Ulqin e kan\u00eb p\u00ebrmbyllur fushat\u00ebn zgjedhore. Gjat\u00eb k\u00ebsaj fushate qytetar\u00ebt kan\u00eb d\u00ebgjuar premtime prej m\u00eb t\u00eb","breadcrumb":{"@id":"https:\/\/www.visit-ulcinj.com\/blog\/2014\/01\/25\/sot-heshtje-zgjedhore-ne-ulqin\/#breadcrumb"},"inLanguage":"en-US","potentialAction":[{"@type":"ReadAction","target":["https:\/\/www.visit-ulcinj.com\/blog\/2014\/01\/25\/sot-heshtje-zgjedhore-ne-ulqin\/"]}]},{"@type":"BreadcrumbList","@id":"https:\/\/www.visit-ulcinj.com\/blog\/2014\/01\/25\/sot-heshtje-zgjedhore-ne-ulqin\/#breadcrumb","itemListElement":[{"@type":"ListItem","position":1,"name":"Sot heshtje zgjedhore n\u00eb Ulqin"}]},{"@type":"Person","@id":"https:\/\/www.visit-ulcinj.com\/blog\/#\/schema\/person\/dcab619c614d3038751c63bc2aadc06d","name":"ulqini","sameAs":["http:\/\/www.visit-ulcinj.com"],"url":"https:\/\/www.visit-ulcinj.com\/blog\/author\/admin\/"}]}},"jetpack_featured_media_url":"","jetpack_sharing_enabled":true,"jetpack_shortlink":"https:\/\/wp.me\/pe6lTn-ksZ","_links":{"self":[{"href":"https:\/\/www.visit-ulcinj.com\/blog\/wp-json\/wp\/v2\/posts\/78677"}],"collection":[{"href":"https:\/\/www.visit-ulcinj.com\/blog\/wp-json\/wp\/v2\/posts"}],"about":[{"href":"https:\/\/www.visit-ulcinj.com\/blog\/wp-json\/wp\/v2\/types\/post"}],"author":[{"embeddable":true,"href":"https:\/\/www.visit-ulcinj.com\/blog\/wp-json\/wp\/v2\/users\/1"}],"replies":[{"embeddable":true,"href":"https:\/\/www.visit-ulcinj.com\/blog\/wp-json\/wp\/v2\/comments?post=78677"}],"version-history":[{"count":5,"href":"https:\/\/www.visit-ulcinj.com\/blog\/wp-json\/wp\/v2\/posts\/78677\/revisions"}],"predecessor-version":[{"id":78719,"href":"https:\/\/www.visit-ulcinj.com\/blog\/wp-json\/wp\/v2\/posts\/78677\/revisions\/78719"}],"wp:attachment":[{"href":"https:\/\/www.visit-ulcinj.com\/blog\/wp-json\/wp\/v2\/media?parent=78677"}],"wp:term":[{"taxonomy":"category","embeddable":true,"href":"https:\/\/www.visit-ulcinj.com\/blog\/wp-json\/wp\/v2\/categories?post=78677"},{"taxonomy":"post_tag","embeddable":true,"href":"https:\/\/www.visit-ulcinj.com\/blog\/wp-json\/wp\/v2\/tags?post=78677"}],"curies":[{"name":"wp","href":"https:\/\/api.w.org\/{rel}","templated":true}]}}