{"id":78686,"date":"2014-01-25T11:35:46","date_gmt":"2014-01-25T10:35:46","guid":{"rendered":"http:\/\/www.visit-ulcinj.com\/blog\/?p=78686"},"modified":"2014-01-25T11:37:40","modified_gmt":"2014-01-25T10:37:40","slug":"bushati-kerkon-rruget-lidhese-ulqin-velipoje","status":"publish","type":"post","link":"https:\/\/www.visit-ulcinj.com\/blog\/2014\/01\/25\/bushati-kerkon-rruget-lidhese-ulqin-velipoje\/","title":{"rendered":"Bushati k\u00ebrkon rrug\u00ebt lidh\u00ebse Ulqin &#8211; Velipoj\u00eb"},"content":{"rendered":"<p><strong><a href=\"http:\/\/www.visit-ulcinj.com\/blog\/wp-content\/uploads\/2014\/01\/Bushati-Lukshiq.jpg\"><img loading=\"lazy\" class=\"alignleft  wp-image-78687\" alt=\"Bushati-Lukshiq\" src=\"http:\/\/www.visit-ulcinj.com\/blog\/wp-content\/uploads\/2014\/01\/Bushati-Lukshiq.jpg\" width=\"508\" height=\"360\" \/><\/a>Projektet e p\u00ebrbashk\u00ebta mes Shqip\u00ebris\u00eb e Malit t\u00eb Zi <\/strong><\/p>\n<p>Ministri i Jasht\u00ebm, Ditmir Bushati zhvilloi nj\u00eb vizit\u00eb zyrtare n\u00eb Mal t\u00eb Zi, ku u takua me presidentin malazez Filip Vujanovi\u00e7, kryetarin e Kuvendit, Ranko Krivokapi\u00e7, dhe me z\u00ebvend\u00ebskryeministrin dhe ministrin e Pun\u00ebve t\u00eb Jashtme e Integrimit Evropian t\u00eb Malit t\u00eb Zi, Igor Lukshiq.<br \/>\nGjithashtu ministri Bushati u takua me drejtuesit kryesor\u00eb t\u00eb partive parlamentare shqiptare dhe me p\u00ebrfaq\u00ebsues t\u00eb K\u00ebshillit Nacional Shqiptar.<br \/>\nN\u00eb takimin zyrtar me Ministrin Lukshiq u diskutua mbi marr\u00ebdh\u00ebniet dypal\u00ebshe dhe sidomos p\u00ebr bashk\u00ebpunimin ekonomik dhe projektet konkrete n\u00eb infrastruktur\u00eb, energjetike, turiz\u00ebm; p\u00ebr bashk\u00ebpunimin nd\u00ebrkufitar dhe at\u00eb rajonal, si dhe proceset integruese evropiane dhe euroatlantike.<br \/>\nMinistri Bushati rikonfirmoi mb\u00ebshtetjen e Shqip\u00ebris\u00eb p\u00ebr an\u00ebtar\u00ebsimin e Malit t\u00eb Zi n\u00eb NATO.<br \/>\nBushati tha se infrastruktura mbetet nj\u00eb prioritet p\u00ebr bashk\u00ebpunimin dypal\u00ebsh. Nd\u00ebr projektet konkrete u diskutuan: Rrug\u00ebt lidh\u00ebse n\u00eb t\u00eb dy an\u00ebt e kufirit, ve\u00e7an\u00ebrisht ajo Velipoj\u00eb-Ulqin, Korridori Adriatiko-Jonian, rruga Plav\u00eb-Podgoric\u00eb n\u00ebp\u00ebrmjet territorit shqiptar, projekte t\u00eb liqenit t\u00eb Shkodr\u00ebs dhe lumit Buna. N\u00eb energjetik\u00eb u ve\u00e7ua gazsjell\u00ebsi Trans Adriatik dhe lidhja e tij me TAP, p\u00ebr t\u00eb cilin dy bashk\u00ebbiseduesit shpreh\u00ebn mb\u00ebshtetjen e plot\u00eb dhe u angazhuan p\u00ebr t\u00eb bashk\u00ebpunuar n\u00eb t\u00eb ardhmen.<br \/>\nN\u00eb kuad\u00ebr t\u00eb l\u00ebvizjes s\u00eb lir\u00eb dhe t\u00eb plot\u00ebsimit t\u00eb paket\u00ebs p\u00ebr t\u2019i b\u00ebr\u00eb kufijt\u00eb t\u00eb paduksh\u00ebm duke eliminuar barrierat jofizike, pal\u00ebt ran\u00eb dakord p\u00ebr n\u00ebnshkrimin s\u00eb af\u00ebrmi t\u00eb marr\u00ebveshjes p\u00ebr \u201cNjohjen e Lejeve t\u00eb Drejtimit t\u00eb Automjeteve\u201d dhe diskutuan p\u00ebr hapjen e nj\u00eb pike t\u00eb re t\u00eb kalimit kufitar n\u00eb Zogaj-Hutaj.<br \/>\nMinistri Bushati n\u00ebnvizoi nevoj\u00ebn e ratifikimit nga pala malazeze t\u00eb marr\u00ebveshjes s\u00eb firmosur n\u00eb fush\u00ebn e arsimit, me q\u00ebllim q\u00eb t\u2019i hapet rruga n\u00ebnshkrimit t\u00eb Protokollit p\u00ebr njohjen reciproke t\u00eb diplomave universitare.<br \/>\nGjat\u00eb bisedimeve u shk\u00ebmbyen gjithashtu pik\u00ebpamje p\u00ebr bashk\u00ebpunimin rajonal. Ministri Bushati theksoi se, bashk\u00ebpunimi n\u00eb kuad\u00ebr t\u00eb nismave rajonale \u00ebsht\u00eb nj\u00eb proces komplementar dhe n\u00eb funksion t\u00eb integrimit evropian dhe atij euro-atlantik. Shqip\u00ebria ka presidenc\u00ebn e nism\u00ebs Adriatiko-Joniane dhe t\u00eb Kart\u00ebs s\u00eb Adriatikut (A5) dhe pret t\u00eb marr\u00eb presidenc\u00ebn e radh\u00ebs s\u00eb SEECP-s\u00eb<br \/>\nMinistri Bushati theksoi se, shqiptar\u00ebt q\u00eb jetojn\u00eb n\u00eb Mal t\u00eb Zi jan\u00eb nj\u00eb ur\u00eb miq\u00ebsie dhe baz\u00eb e sigurt p\u00ebr marr\u00ebdh\u00ebniet midis dy vendeve. Ata kan\u00eb kontribuar p\u00ebr pavar\u00ebsin\u00eb e Malit t\u00eb Zi dhe kontribuojn\u00eb sot p\u00ebr proceset integruese n\u00eb NATO dhe BE. Ministri Bushati k\u00ebrkoi trajtimin e \u00e7\u00ebshtjeve t\u00eb decentralizimit t\u00eb pushtetit vendor, ve\u00e7an\u00ebrisht zgjidhjen e statusit t\u00eb komun\u00ebs s\u00eb Tuzit me konsensus dhe frym\u00eb evropiane. Gjithashtu ministri Bushati shprehu nevoj\u00ebn p\u00ebr nj\u00eb p\u00ebrfaq\u00ebsim me t\u00eb denj\u00eb t\u00eb shqiptar\u00ebve n\u00eb t\u00eb gjitha institucionet kushtetuese t\u00eb vendit.<br \/>\nMinistri Bushati vler\u00ebsoi q\u00ebndrimin konstruktiv t\u00eb qeveris\u00eb s\u00eb Malit t\u00eb Zi n\u00eb rajon, dhe p\u00ebr Kosov\u00ebn, duke shprehur bindjen se nj\u00eb Kosov\u00eb e pavarur dhe demokratike dhe e p\u00ebrfshir\u00eb n\u00eb t\u00eb gjith\u00eb nismat rajonale i jep m\u00eb shum\u00eb sinergji e dinamiz\u00ebm marr\u00ebdh\u00ebnieve t\u00eb fqinj\u00ebsis\u00eb s\u00eb mir\u00eb dhe stabilitetit n\u00eb rajon.<\/p>\n<p><strong><strong>\/Shekulli Online\/ E.L.\/<\/strong><\/strong><\/p>\n","protected":false},"excerpt":{"rendered":"<p>Projektet e p\u00ebrbashk\u00ebta mes Shqip\u00ebris\u00eb e Malit t\u00eb Zi Ministri i Jasht\u00ebm, Ditmir Bushati zhvilloi nj\u00eb vizit\u00eb zyrtare n\u00eb Mal t\u00eb Zi, ku u takua me presidentin malazez Filip Vujanovi\u00e7, kryetarin e Kuvendit, Ranko Krivokapi\u00e7, dhe me z\u00ebvend\u00ebskryeministrin dhe ministrin e Pun\u00ebve t\u00eb Jashtme e Integrimit Evropian t\u00eb Malit t\u00eb Zi, Igor Lukshiq. Gjithashtu ministri [&hellip;]<\/p>\n","protected":false},"author":1,"featured_media":0,"comment_status":"closed","ping_status":"closed","sticky":false,"template":"","format":"standard","meta":{"spay_email":"","jetpack_publicize_message":"","jetpack_is_tweetstorm":false,"jetpack_publicize_feature_enabled":true},"categories":[14],"tags":[],"jetpack_publicize_connections":[],"yoast_head":"<!-- This site is optimized with the Yoast SEO plugin v19.1 - https:\/\/yoast.com\/wordpress\/plugins\/seo\/ -->\n<title>Bushati k\u00ebrkon rrug\u00ebt lidh\u00ebse Ulqin - Velipoj\u00eb - Lajme nga Ulqini<\/title>\n<meta name=\"description\" content=\"Projektet e p\u00ebrbashk\u00ebta mes Shqip\u00ebris\u00eb e Malit t\u00eb Zi Ministri i Jasht\u00ebm, Ditmir Bushati zhvilloi nj\u00eb vizit\u00eb zyrtare n\u00eb Mal t\u00eb Zi, ku u takua me\" \/>\n<meta name=\"robots\" content=\"index, follow, max-snippet:-1, max-image-preview:large, max-video-preview:-1\" \/>\n<link rel=\"canonical\" href=\"https:\/\/www.visit-ulcinj.com\/blog\/2014\/01\/25\/bushati-kerkon-rruget-lidhese-ulqin-velipoje\/\" \/>\n<meta property=\"og:locale\" content=\"en_US\" \/>\n<meta property=\"og:type\" content=\"article\" \/>\n<meta property=\"og:title\" content=\"Bushati k\u00ebrkon rrug\u00ebt lidh\u00ebse Ulqin - Velipoj\u00eb - Lajme nga Ulqini\" \/>\n<meta property=\"og:description\" content=\"Projektet e p\u00ebrbashk\u00ebta mes Shqip\u00ebris\u00eb e Malit t\u00eb Zi Ministri i Jasht\u00ebm, Ditmir Bushati zhvilloi nj\u00eb vizit\u00eb zyrtare n\u00eb Mal t\u00eb Zi, ku u takua me\" \/>\n<meta property=\"og:url\" content=\"https:\/\/www.visit-ulcinj.com\/blog\/2014\/01\/25\/bushati-kerkon-rruget-lidhese-ulqin-velipoje\/\" \/>\n<meta property=\"og:site_name\" content=\"Lajme nga Ulqini\" \/>\n<meta property=\"article:published_time\" content=\"2014-01-25T10:35:46+00:00\" \/>\n<meta property=\"article:modified_time\" content=\"2014-01-25T10:37:40+00:00\" \/>\n<meta property=\"og:image\" content=\"http:\/\/www.visit-ulcinj.com\/blog\/wp-content\/uploads\/2014\/01\/Bushati-Lukshiq.jpg\" \/>\n<meta name=\"twitter:label1\" content=\"Written by\" \/>\n\t<meta name=\"twitter:data1\" content=\"ulqini\" \/>\n\t<meta name=\"twitter:label2\" content=\"Est. reading time\" \/>\n\t<meta name=\"twitter:data2\" content=\"3 minutes\" \/>\n<script type=\"application\/ld+json\" class=\"yoast-schema-graph\">{\"@context\":\"https:\/\/schema.org\",\"@graph\":[{\"@type\":\"WebSite\",\"@id\":\"https:\/\/www.visit-ulcinj.com\/blog\/#website\",\"url\":\"https:\/\/www.visit-ulcinj.com\/blog\/\",\"name\":\"Lajme nga Ulqini\",\"description\":\"Lajme,Vijesti,Ulqini,Ulqin,Crna Gora,Mali i Zi\",\"potentialAction\":[{\"@type\":\"SearchAction\",\"target\":{\"@type\":\"EntryPoint\",\"urlTemplate\":\"https:\/\/www.visit-ulcinj.com\/blog\/?s={search_term_string}\"},\"query-input\":\"required name=search_term_string\"}],\"inLanguage\":\"en-US\"},{\"@type\":\"ImageObject\",\"inLanguage\":\"en-US\",\"@id\":\"https:\/\/www.visit-ulcinj.com\/blog\/2014\/01\/25\/bushati-kerkon-rruget-lidhese-ulqin-velipoje\/#primaryimage\",\"url\":\"https:\/\/www.visit-ulcinj.com\/blog\/wp-content\/uploads\/2014\/01\/Bushati-Lukshiq.jpg\",\"contentUrl\":\"https:\/\/www.visit-ulcinj.com\/blog\/wp-content\/uploads\/2014\/01\/Bushati-Lukshiq.jpg\",\"width\":793,\"height\":524},{\"@type\":\"WebPage\",\"@id\":\"https:\/\/www.visit-ulcinj.com\/blog\/2014\/01\/25\/bushati-kerkon-rruget-lidhese-ulqin-velipoje\/#webpage\",\"url\":\"https:\/\/www.visit-ulcinj.com\/blog\/2014\/01\/25\/bushati-kerkon-rruget-lidhese-ulqin-velipoje\/\",\"name\":\"Bushati k\u00ebrkon rrug\u00ebt lidh\u00ebse Ulqin - Velipoj\u00eb - Lajme nga Ulqini\",\"isPartOf\":{\"@id\":\"https:\/\/www.visit-ulcinj.com\/blog\/#website\"},\"primaryImageOfPage\":{\"@id\":\"https:\/\/www.visit-ulcinj.com\/blog\/2014\/01\/25\/bushati-kerkon-rruget-lidhese-ulqin-velipoje\/#primaryimage\"},\"datePublished\":\"2014-01-25T10:35:46+00:00\",\"dateModified\":\"2014-01-25T10:37:40+00:00\",\"author\":{\"@id\":\"https:\/\/www.visit-ulcinj.com\/blog\/#\/schema\/person\/dcab619c614d3038751c63bc2aadc06d\"},\"description\":\"Projektet e p\u00ebrbashk\u00ebta mes Shqip\u00ebris\u00eb e Malit t\u00eb Zi Ministri i Jasht\u00ebm, Ditmir Bushati zhvilloi nj\u00eb vizit\u00eb zyrtare n\u00eb Mal t\u00eb Zi, ku u takua me\",\"breadcrumb\":{\"@id\":\"https:\/\/www.visit-ulcinj.com\/blog\/2014\/01\/25\/bushati-kerkon-rruget-lidhese-ulqin-velipoje\/#breadcrumb\"},\"inLanguage\":\"en-US\",\"potentialAction\":[{\"@type\":\"ReadAction\",\"target\":[\"https:\/\/www.visit-ulcinj.com\/blog\/2014\/01\/25\/bushati-kerkon-rruget-lidhese-ulqin-velipoje\/\"]}]},{\"@type\":\"BreadcrumbList\",\"@id\":\"https:\/\/www.visit-ulcinj.com\/blog\/2014\/01\/25\/bushati-kerkon-rruget-lidhese-ulqin-velipoje\/#breadcrumb\",\"itemListElement\":[{\"@type\":\"ListItem\",\"position\":1,\"name\":\"Bushati k\u00ebrkon rrug\u00ebt lidh\u00ebse Ulqin &#8211; Velipoj\u00eb\"}]},{\"@type\":\"Person\",\"@id\":\"https:\/\/www.visit-ulcinj.com\/blog\/#\/schema\/person\/dcab619c614d3038751c63bc2aadc06d\",\"name\":\"ulqini\",\"sameAs\":[\"http:\/\/www.visit-ulcinj.com\"],\"url\":\"https:\/\/www.visit-ulcinj.com\/blog\/author\/admin\/\"}]}<\/script>\n<!-- \/ Yoast SEO plugin. -->","yoast_head_json":{"title":"Bushati k\u00ebrkon rrug\u00ebt lidh\u00ebse Ulqin - Velipoj\u00eb - Lajme nga Ulqini","description":"Projektet e p\u00ebrbashk\u00ebta mes Shqip\u00ebris\u00eb e Malit t\u00eb Zi Ministri i Jasht\u00ebm, Ditmir Bushati zhvilloi nj\u00eb vizit\u00eb zyrtare n\u00eb Mal t\u00eb Zi, ku u takua me","robots":{"index":"index","follow":"follow","max-snippet":"max-snippet:-1","max-image-preview":"max-image-preview:large","max-video-preview":"max-video-preview:-1"},"canonical":"https:\/\/www.visit-ulcinj.com\/blog\/2014\/01\/25\/bushati-kerkon-rruget-lidhese-ulqin-velipoje\/","og_locale":"en_US","og_type":"article","og_title":"Bushati k\u00ebrkon rrug\u00ebt lidh\u00ebse Ulqin - Velipoj\u00eb - Lajme nga Ulqini","og_description":"Projektet e p\u00ebrbashk\u00ebta mes Shqip\u00ebris\u00eb e Malit t\u00eb Zi Ministri i Jasht\u00ebm, Ditmir Bushati zhvilloi nj\u00eb vizit\u00eb zyrtare n\u00eb Mal t\u00eb Zi, ku u takua me","og_url":"https:\/\/www.visit-ulcinj.com\/blog\/2014\/01\/25\/bushati-kerkon-rruget-lidhese-ulqin-velipoje\/","og_site_name":"Lajme nga Ulqini","article_published_time":"2014-01-25T10:35:46+00:00","article_modified_time":"2014-01-25T10:37:40+00:00","og_image":[{"url":"http:\/\/www.visit-ulcinj.com\/blog\/wp-content\/uploads\/2014\/01\/Bushati-Lukshiq.jpg"}],"twitter_misc":{"Written by":"ulqini","Est. reading time":"3 minutes"},"schema":{"@context":"https:\/\/schema.org","@graph":[{"@type":"WebSite","@id":"https:\/\/www.visit-ulcinj.com\/blog\/#website","url":"https:\/\/www.visit-ulcinj.com\/blog\/","name":"Lajme nga Ulqini","description":"Lajme,Vijesti,Ulqini,Ulqin,Crna Gora,Mali i Zi","potentialAction":[{"@type":"SearchAction","target":{"@type":"EntryPoint","urlTemplate":"https:\/\/www.visit-ulcinj.com\/blog\/?s={search_term_string}"},"query-input":"required name=search_term_string"}],"inLanguage":"en-US"},{"@type":"ImageObject","inLanguage":"en-US","@id":"https:\/\/www.visit-ulcinj.com\/blog\/2014\/01\/25\/bushati-kerkon-rruget-lidhese-ulqin-velipoje\/#primaryimage","url":"https:\/\/www.visit-ulcinj.com\/blog\/wp-content\/uploads\/2014\/01\/Bushati-Lukshiq.jpg","contentUrl":"https:\/\/www.visit-ulcinj.com\/blog\/wp-content\/uploads\/2014\/01\/Bushati-Lukshiq.jpg","width":793,"height":524},{"@type":"WebPage","@id":"https:\/\/www.visit-ulcinj.com\/blog\/2014\/01\/25\/bushati-kerkon-rruget-lidhese-ulqin-velipoje\/#webpage","url":"https:\/\/www.visit-ulcinj.com\/blog\/2014\/01\/25\/bushati-kerkon-rruget-lidhese-ulqin-velipoje\/","name":"Bushati k\u00ebrkon rrug\u00ebt lidh\u00ebse Ulqin - Velipoj\u00eb - Lajme nga Ulqini","isPartOf":{"@id":"https:\/\/www.visit-ulcinj.com\/blog\/#website"},"primaryImageOfPage":{"@id":"https:\/\/www.visit-ulcinj.com\/blog\/2014\/01\/25\/bushati-kerkon-rruget-lidhese-ulqin-velipoje\/#primaryimage"},"datePublished":"2014-01-25T10:35:46+00:00","dateModified":"2014-01-25T10:37:40+00:00","author":{"@id":"https:\/\/www.visit-ulcinj.com\/blog\/#\/schema\/person\/dcab619c614d3038751c63bc2aadc06d"},"description":"Projektet e p\u00ebrbashk\u00ebta mes Shqip\u00ebris\u00eb e Malit t\u00eb Zi Ministri i Jasht\u00ebm, Ditmir Bushati zhvilloi nj\u00eb vizit\u00eb zyrtare n\u00eb Mal t\u00eb Zi, ku u takua me","breadcrumb":{"@id":"https:\/\/www.visit-ulcinj.com\/blog\/2014\/01\/25\/bushati-kerkon-rruget-lidhese-ulqin-velipoje\/#breadcrumb"},"inLanguage":"en-US","potentialAction":[{"@type":"ReadAction","target":["https:\/\/www.visit-ulcinj.com\/blog\/2014\/01\/25\/bushati-kerkon-rruget-lidhese-ulqin-velipoje\/"]}]},{"@type":"BreadcrumbList","@id":"https:\/\/www.visit-ulcinj.com\/blog\/2014\/01\/25\/bushati-kerkon-rruget-lidhese-ulqin-velipoje\/#breadcrumb","itemListElement":[{"@type":"ListItem","position":1,"name":"Bushati k\u00ebrkon rrug\u00ebt lidh\u00ebse Ulqin &#8211; Velipoj\u00eb"}]},{"@type":"Person","@id":"https:\/\/www.visit-ulcinj.com\/blog\/#\/schema\/person\/dcab619c614d3038751c63bc2aadc06d","name":"ulqini","sameAs":["http:\/\/www.visit-ulcinj.com"],"url":"https:\/\/www.visit-ulcinj.com\/blog\/author\/admin\/"}]}},"jetpack_featured_media_url":"","jetpack_sharing_enabled":true,"jetpack_shortlink":"https:\/\/wp.me\/pe6lTn-kt8","_links":{"self":[{"href":"https:\/\/www.visit-ulcinj.com\/blog\/wp-json\/wp\/v2\/posts\/78686"}],"collection":[{"href":"https:\/\/www.visit-ulcinj.com\/blog\/wp-json\/wp\/v2\/posts"}],"about":[{"href":"https:\/\/www.visit-ulcinj.com\/blog\/wp-json\/wp\/v2\/types\/post"}],"author":[{"embeddable":true,"href":"https:\/\/www.visit-ulcinj.com\/blog\/wp-json\/wp\/v2\/users\/1"}],"replies":[{"embeddable":true,"href":"https:\/\/www.visit-ulcinj.com\/blog\/wp-json\/wp\/v2\/comments?post=78686"}],"version-history":[{"count":2,"href":"https:\/\/www.visit-ulcinj.com\/blog\/wp-json\/wp\/v2\/posts\/78686\/revisions"}],"predecessor-version":[{"id":78689,"href":"https:\/\/www.visit-ulcinj.com\/blog\/wp-json\/wp\/v2\/posts\/78686\/revisions\/78689"}],"wp:attachment":[{"href":"https:\/\/www.visit-ulcinj.com\/blog\/wp-json\/wp\/v2\/media?parent=78686"}],"wp:term":[{"taxonomy":"category","embeddable":true,"href":"https:\/\/www.visit-ulcinj.com\/blog\/wp-json\/wp\/v2\/categories?post=78686"},{"taxonomy":"post_tag","embeddable":true,"href":"https:\/\/www.visit-ulcinj.com\/blog\/wp-json\/wp\/v2\/tags?post=78686"}],"curies":[{"name":"wp","href":"https:\/\/api.w.org\/{rel}","templated":true}]}}