{"id":78690,"date":"2014-01-25T12:28:28","date_gmt":"2014-01-25T11:28:28","guid":{"rendered":"http:\/\/www.visit-ulcinj.com\/blog\/?p=78690"},"modified":"2014-01-25T23:56:36","modified_gmt":"2014-01-25T22:56:36","slug":"zgjerohet-harta-e-permbytjeve-ne-shkoder-video","status":"publish","type":"post","link":"https:\/\/www.visit-ulcinj.com\/blog\/2014\/01\/25\/zgjerohet-harta-e-permbytjeve-ne-shkoder-video\/","title":{"rendered":"Zgjerohet harta e p\u00ebrmbytjeve ne Shkoder &#8211; Video"},"content":{"rendered":"<p><a href=\"http:\/\/www.visit-ulcinj.com\/blog\/wp-content\/uploads\/2014\/01\/permbytjet-ne-shkoder.jpg\"><img loading=\"lazy\" class=\"alignleft  wp-image-78691\" alt=\"permbytjet ne shkoder\" src=\"http:\/\/www.visit-ulcinj.com\/blog\/wp-content\/uploads\/2014\/01\/permbytjet-ne-shkoder.jpg\" width=\"508\" height=\"360\" \/><\/a>Reshjet e shiut t\u00eb nisura dy-tre dit\u00eb m\u00eb par\u00eb q\u00eb vazhdojn\u00eb t\u00eb bien edhe n\u00eb k\u00ebto sot kan\u00eb ndikuar n\u00eb p\u00ebrkeq\u00ebsimin e situat\u00ebs s\u00eb p\u00ebrmbytjeve n\u00eb territorin e qarkut t\u00eb Shkodr\u00ebs. Burime zyrtare nga prefektura b\u00ebjn\u00eb t\u00eb ditur se m\u00eb t\u00eb r\u00ebnduara jane komunat e Bushatit, Daj\u00e7it e Bregut t\u00eb Bun\u00ebs, nderkohe qe nga mesdita e s\u00eb premtes hart\u00ebs s\u00eb p\u00ebrmbytjes i \u00ebsht\u00eb shtuar edhe komuna e An\u00ebs s\u00eb Malit.<\/p>\n<p>N\u00eb shkall\u00eb qarku, nga 2100 q\u00eb ishin n\u00eb or\u00ebt e paradites, sip\u00ebrfaqja e tok\u00ebs s\u00eb p\u00ebrmbytur n\u00eb or\u00ebt e pasdites ka shkuar n\u00eb mbi 3 mij\u00eb ha. Sipas specialist\u00ebve p\u00ebrkat\u00ebs pran\u00eb komisionit t\u00eb emergjences civile t\u00eb qarkut Shkod\u00ebr, n\u00ebse reshjet e shiut do t\u00eb vijojn\u00eb t\u00eb jen\u00eb prezente me intensitet t\u00eb lart\u00eb edhe gjat\u00eb or\u00ebve t\u00eb nat\u00ebs, sip\u00ebrfaqja e tok\u00ebs s\u00eb p\u00ebrmbytur ka gjasa t\u00eb rritet s\u00ebrishmi.<\/p>\n<p>Krahas k\u00ebtyre tre komunave q\u00eb shoq\u00ebrohen me problemet m\u00eb t\u00eb m\u00ebdha, shqet\u00ebsime jan\u00eb v\u00ebrejtur edhe n\u00eb komunat e Berdices, Gurit t\u00eb Zi dhe Velipoj\u00ebs, sidomos n\u00eb fshatrat Ku\u00e7 dhe Beltoj\u00eb.<\/p>\n<!--YouTube Error: bad URL entered-->\n<p><strong>Mospastrimi i shtratit t\u00eb lumit Gjad\u00ebr prej disa dekadash dhe bllokimi i kanaleve t\u00eb kullimit n\u00eb Lezh\u00eb, Shkod\u00ebr e Kruj\u00eb, kan\u00eb shkaktuar p\u00ebrmbytjen e mbi 5 mij\u00eb hektar\u00eb tok\u00eb. <\/strong><\/p>\n<p>Zona m\u00eb e goditur nga p\u00ebrmbytjet, pas reshjeve t\u00eb mbr\u00ebmjes s\u00eb t\u00eb mart\u00ebs, \u00ebsht\u00eb Zadrima, ku 1500 hektar\u00eb tok\u00eb jan\u00eb n\u00ebn uj\u00eb nga dalja e lumit Gjad\u00ebr nga shtrati.<\/p>\n<p>Sipas Shtabit t\u00eb Emergjencave, situata \u00ebsht\u00eb e v\u00ebshtir\u00eb dhe n\u00eb 24 or\u00ebt e fundit kan\u00eb r\u00ebn\u00eb 120 milimetra shi.<\/p>\n<p>Banor\u00ebt e zon\u00ebs, nga ana tjet\u00ebr, tregojn\u00eb se kjo fryrje e Gjadrit nuk \u00ebsht\u00eb par\u00eb q\u00eb n\u00eb vitin 1963, nd\u00ebrsa b\u00ebjn\u00eb apel p\u00ebr nd\u00ebrhyrje, pasi rrezikohet e gjith\u00eb pasuria e tyre.<\/p>\n<p>Edhe n\u00eb komunat Daj\u00e7 e Balldre ka probleme dhe kryekomunar\u00ebt k\u00ebrkojn\u00eb nd\u00ebrhyrje t\u00eb shpejt\u00eb.<\/p>\n<p>Sipas Shtabit t\u00eb Emergjencave, probleme ka n\u00eb lagjen af\u00ebr portit n\u00eb Sh\u00ebngjin dhe n\u00eb fshatin Troshan, ku rrezikohet thyerja e argjinatur\u00ebs dhe dalja e p\u00ebrroit t\u00eb k\u00ebsaj zone.<\/p>\n<p>Zona e goditur nga p\u00ebrmbytjet n\u00eb Lezh\u00eb \u00ebsht\u00eb vizituar edhe nga ministri i Bujq\u00ebsis\u00eb Panariti, q\u00eb \u00ebsht\u00eb takuar edhe me Shtabin e Emergjenc\u00ebs.<br \/>\n<em><br \/>\n<\/em><strong>P\u00ebrmbytje n\u00eb N\u00ebnshkod\u00ebr<\/strong><em><br \/>\nShkak mospastrimi i kanalizimeve, rrezikohen banesa<\/em><\/p>\n<p>Reshjet e shiut, q\u00eb vazhdojn\u00eb t\u00eb bien n\u00eb zon\u00ebn e Shkodr\u00ebs, kan\u00eb p\u00ebrmbytur me dhjetra hektar\u00eb toka bujq\u00ebsore, nd\u00ebrsa shum\u00eb banesa jan\u00eb t\u00eb rrethuara nga uji.<\/p>\n<p>N\u00ebnshkodra e Shkodr\u00ebs ka marr\u00eb pamjen e nj\u00eb liqeni. Mosfunksionimi i kanaleve kulluese n\u00eb parcelat e fermer\u00ebve ka b\u00ebr\u00eb q\u00eb i gjith\u00eb uji i reshjeve t\u00eb shiut t\u00eb p\u00ebrmbyt\u00eb tokat.<\/p>\n<p>Situata m\u00eb problematike duket n\u00eb zon\u00ebn e Malit t\u00eb Jushit, n\u00eb kufi me Lezh\u00ebn, ku uji ka dal\u00eb n\u00eb rrug\u00ebn kryesore q\u00eb lidh k\u00ebt\u00eb zon\u00eb me pjes\u00ebn tjet\u00ebr t\u00eb vendit.<\/p>\n<p>Shum\u00eb banesa n\u00eb k\u00ebt\u00eb zon\u00eb jan\u00eb rrethuar nga uji dhe, n\u00eb rast t\u00eb vazhdimit t\u00eb reshjeve, k\u00ebrc\u00ebnohen me p\u00ebrmbytje n\u00eb sht\u00ebpit\u00eb e tyre. Situat\u00eb t\u00eb ngjashme raportojn\u00eb edhe banor\u00ebt n\u00eb Hajmel dhe Nara\u00e7.<\/p>\n<p><strong>P\u00ebrmbytje nga Erzeni e Ishmi<\/strong><\/p>\n<p>Reshjet e dendura t\u00eb shiut, n\u00eb pak or\u00eb, kan\u00eb rikthyer p\u00ebrmbytjet edhe n\u00eb qarkun e Durr\u00ebsit. Zona m\u00eb e d\u00ebmtuar \u00ebsht\u00eb komuna e Bubqit n\u00eb rrethin e Kruj\u00ebs, ku 300 hektar\u00eb tok\u00eb gjenden n\u00ebn uj\u00eb.<\/p>\n<p>Dalja nga shtrati e lumenjve Ish\u00ebm dhe Erzen ka p\u00ebrmbytur sip\u00ebrfaqe t\u00eb t\u00ebra me tok\u00eb bujq\u00ebsore dhe n\u00eb komunat Thuman\u00eb e Nik\u00ebl t\u00eb Kruj\u00ebs, si dhe n\u00eb Hamallaj t\u00eb Sukthit.<\/p>\n<p>E nd\u00ebrsa hidrovor\u00ebt, si\u00e7 deklarohet nga Shtabi i Emergjencave, po punojn\u00eb me intensitet t\u00eb plot\u00eb, situata n\u00eb gryk\u00ebderdhjen e lumit Ish\u00ebm paraqitet e ngarkuar, p\u00ebr shkak t\u00eb prurjeve t\u00eb shumta t\u00eb lumenjve dhe moris\u00eb s\u00eb mbeturinave urbane, q\u00eb r\u00ebndom depozitohen n\u00eb to.<\/p>\n<p>N\u00eb Fush\u00eb-Kruj\u00eb dhe Nik\u00ebl ka nisur nd\u00ebrhyrja me mjetet e Bordit t\u00eb Kullimit, nd\u00ebrsa t\u00eb gjitha nj\u00ebsive vendore t\u00eb prekura nga p\u00ebrmbytjet u \u00ebsht\u00eb k\u00ebrkuar t\u00eb parandalojn\u00eb n\u00eb koh\u00eb dhe p\u00ebrmes evakuimit, rrezikun nga p\u00ebrmbytja e disa banesave.<\/p>\n<p>Kryetari i Shtabit t\u00eb Emergjencave n\u00eb qark, prefekti Roland Xhelilaj, thot\u00eb se situata \u00ebsht\u00eb n\u00ebn kontroll.<\/p>\n<p><strong>Panariti n\u00eb zonat e p\u00ebrmbytura<\/strong><\/p>\n<p><em>Ministri: Disa hidrovore mbet\u00ebn pa energji<\/em><\/p>\n<p><!--YouTube Error: bad URL entered--><br \/>\nMinistri i Bujq\u00ebsis\u00eb, Edmond Panariti, q\u00eb inspektoi zonat e p\u00ebrmbytura n\u00eb Lezh\u00eb, deklaroi se shtabi i emergjenc\u00ebs do hartoj\u00eb nj\u00eb plan urgjent nd\u00ebrhyrjeje n\u00eb 12 kilometra t\u00eb lumit Gjad\u00ebr q\u00eb ka dal\u00eb nga shtrati, duke nisur me pastrimin e kanalizimeve.<\/p>\n<p>\u201cDo synojm\u00eb q\u00eb k\u00ebto 12 KM t\u00eb pastrohen q\u00eb uhi t\u00eb evadohet. Por nd\u00ebrhyrjet jan\u00eb komplekse pasi duhet t\u00eb jen\u00eb n\u00eb gjith\u00eb basenin, edhe n\u00eb Drin. Do nisim me k\u00ebt\u00eb zon\u00eb, q\u00eb k\u00ebrkon pastrimin e brigjeve dhe argjinatur\u00ebs\u201d, deklaroi Panariti.<\/p>\n<p>Ministri k\u00ebrkoi q\u00eb edhe banor\u00ebt t\u00eb punojn\u00eb p\u00ebr hapjen e kanalizimeve n\u00eb tokat e tyre, nd\u00ebrsa tha se n\u00eb disa raste hidrovoret nuk kan\u00eb funksionuar p\u00ebr munges\u00eb energjie.<\/p>\n<p>\/ Top Channel\/<\/p>\n<p>[flv]http:\/\/av.voanews.com\/Videoroot\/Pangeavideo\/2014\/01\/5\/56\/56db92d6-cd3e-4607-a0eb-0a98c5809e70.mp4[\/flv]<\/p>\n","protected":false},"excerpt":{"rendered":"<p>Reshjet e shiut t\u00eb nisura dy-tre dit\u00eb m\u00eb par\u00eb q\u00eb vazhdojn\u00eb t\u00eb bien edhe n\u00eb k\u00ebto sot kan\u00eb ndikuar n\u00eb p\u00ebrkeq\u00ebsimin e situat\u00ebs s\u00eb p\u00ebrmbytjeve n\u00eb territorin e qarkut t\u00eb Shkodr\u00ebs. Burime zyrtare nga prefektura b\u00ebjn\u00eb t\u00eb ditur se m\u00eb t\u00eb r\u00ebnduara jane komunat e Bushatit, Daj\u00e7it e Bregut t\u00eb Bun\u00ebs, nderkohe qe nga mesdita [&hellip;]<\/p>\n","protected":false},"author":1,"featured_media":0,"comment_status":"closed","ping_status":"closed","sticky":false,"template":"","format":"standard","meta":{"spay_email":"","jetpack_publicize_message":"","jetpack_is_tweetstorm":false,"jetpack_publicize_feature_enabled":true},"categories":[1,14],"tags":[],"jetpack_publicize_connections":[],"yoast_head":"<!-- This site is optimized with the Yoast SEO plugin v19.1 - https:\/\/yoast.com\/wordpress\/plugins\/seo\/ -->\n<title>Zgjerohet harta e p\u00ebrmbytjeve ne Shkoder - Video - Lajme nga Ulqini<\/title>\n<meta name=\"description\" content=\"Reshjet e shiut t\u00eb nisura dy-tre dit\u00eb m\u00eb par\u00eb q\u00eb vazhdojn\u00eb t\u00eb bien edhe n\u00eb k\u00ebto sot kan\u00eb ndikuar n\u00eb p\u00ebrkeq\u00ebsimin e situat\u00ebs s\u00eb p\u00ebrmbytjeve n\u00eb territorin e\" \/>\n<meta name=\"robots\" content=\"index, follow, max-snippet:-1, max-image-preview:large, max-video-preview:-1\" \/>\n<link rel=\"canonical\" href=\"https:\/\/www.visit-ulcinj.com\/blog\/2014\/01\/25\/zgjerohet-harta-e-permbytjeve-ne-shkoder-video\/\" \/>\n<meta property=\"og:locale\" content=\"en_US\" \/>\n<meta property=\"og:type\" content=\"article\" \/>\n<meta property=\"og:title\" content=\"Zgjerohet harta e p\u00ebrmbytjeve ne Shkoder - Video - Lajme nga Ulqini\" \/>\n<meta property=\"og:description\" content=\"Reshjet e shiut t\u00eb nisura dy-tre dit\u00eb m\u00eb par\u00eb q\u00eb vazhdojn\u00eb t\u00eb bien edhe n\u00eb k\u00ebto sot kan\u00eb ndikuar n\u00eb p\u00ebrkeq\u00ebsimin e situat\u00ebs s\u00eb p\u00ebrmbytjeve n\u00eb territorin e\" \/>\n<meta property=\"og:url\" content=\"https:\/\/www.visit-ulcinj.com\/blog\/2014\/01\/25\/zgjerohet-harta-e-permbytjeve-ne-shkoder-video\/\" \/>\n<meta property=\"og:site_name\" content=\"Lajme nga Ulqini\" \/>\n<meta property=\"article:published_time\" content=\"2014-01-25T11:28:28+00:00\" \/>\n<meta property=\"article:modified_time\" content=\"2014-01-25T22:56:36+00:00\" \/>\n<meta property=\"og:image\" content=\"http:\/\/www.visit-ulcinj.com\/blog\/wp-content\/uploads\/2014\/01\/permbytjet-ne-shkoder.jpg\" \/>\n<meta name=\"twitter:label1\" content=\"Written by\" \/>\n\t<meta name=\"twitter:data1\" content=\"ulqini\" \/>\n\t<meta name=\"twitter:label2\" content=\"Est. reading time\" \/>\n\t<meta name=\"twitter:data2\" content=\"5 minutes\" \/>\n<script type=\"application\/ld+json\" class=\"yoast-schema-graph\">{\"@context\":\"https:\/\/schema.org\",\"@graph\":[{\"@type\":\"WebSite\",\"@id\":\"https:\/\/www.visit-ulcinj.com\/blog\/#website\",\"url\":\"https:\/\/www.visit-ulcinj.com\/blog\/\",\"name\":\"Lajme nga Ulqini\",\"description\":\"Lajme,Vijesti,Ulqini,Ulqin,Crna Gora,Mali i Zi\",\"potentialAction\":[{\"@type\":\"SearchAction\",\"target\":{\"@type\":\"EntryPoint\",\"urlTemplate\":\"https:\/\/www.visit-ulcinj.com\/blog\/?s={search_term_string}\"},\"query-input\":\"required name=search_term_string\"}],\"inLanguage\":\"en-US\"},{\"@type\":\"ImageObject\",\"inLanguage\":\"en-US\",\"@id\":\"https:\/\/www.visit-ulcinj.com\/blog\/2014\/01\/25\/zgjerohet-harta-e-permbytjeve-ne-shkoder-video\/#primaryimage\",\"url\":\"https:\/\/www.visit-ulcinj.com\/blog\/wp-content\/uploads\/2014\/01\/permbytjet-ne-shkoder.jpg\",\"contentUrl\":\"https:\/\/www.visit-ulcinj.com\/blog\/wp-content\/uploads\/2014\/01\/permbytjet-ne-shkoder.jpg\",\"width\":640,\"height\":360},{\"@type\":\"WebPage\",\"@id\":\"https:\/\/www.visit-ulcinj.com\/blog\/2014\/01\/25\/zgjerohet-harta-e-permbytjeve-ne-shkoder-video\/#webpage\",\"url\":\"https:\/\/www.visit-ulcinj.com\/blog\/2014\/01\/25\/zgjerohet-harta-e-permbytjeve-ne-shkoder-video\/\",\"name\":\"Zgjerohet harta e p\u00ebrmbytjeve ne Shkoder - Video - Lajme nga Ulqini\",\"isPartOf\":{\"@id\":\"https:\/\/www.visit-ulcinj.com\/blog\/#website\"},\"primaryImageOfPage\":{\"@id\":\"https:\/\/www.visit-ulcinj.com\/blog\/2014\/01\/25\/zgjerohet-harta-e-permbytjeve-ne-shkoder-video\/#primaryimage\"},\"datePublished\":\"2014-01-25T11:28:28+00:00\",\"dateModified\":\"2014-01-25T22:56:36+00:00\",\"author\":{\"@id\":\"https:\/\/www.visit-ulcinj.com\/blog\/#\/schema\/person\/dcab619c614d3038751c63bc2aadc06d\"},\"description\":\"Reshjet e shiut t\u00eb nisura dy-tre dit\u00eb m\u00eb par\u00eb q\u00eb vazhdojn\u00eb t\u00eb bien edhe n\u00eb k\u00ebto sot kan\u00eb ndikuar n\u00eb p\u00ebrkeq\u00ebsimin e situat\u00ebs s\u00eb p\u00ebrmbytjeve n\u00eb territorin e\",\"breadcrumb\":{\"@id\":\"https:\/\/www.visit-ulcinj.com\/blog\/2014\/01\/25\/zgjerohet-harta-e-permbytjeve-ne-shkoder-video\/#breadcrumb\"},\"inLanguage\":\"en-US\",\"potentialAction\":[{\"@type\":\"ReadAction\",\"target\":[\"https:\/\/www.visit-ulcinj.com\/blog\/2014\/01\/25\/zgjerohet-harta-e-permbytjeve-ne-shkoder-video\/\"]}]},{\"@type\":\"BreadcrumbList\",\"@id\":\"https:\/\/www.visit-ulcinj.com\/blog\/2014\/01\/25\/zgjerohet-harta-e-permbytjeve-ne-shkoder-video\/#breadcrumb\",\"itemListElement\":[{\"@type\":\"ListItem\",\"position\":1,\"name\":\"Zgjerohet harta e p\u00ebrmbytjeve ne Shkoder &#8211; Video\"}]},{\"@type\":\"Person\",\"@id\":\"https:\/\/www.visit-ulcinj.com\/blog\/#\/schema\/person\/dcab619c614d3038751c63bc2aadc06d\",\"name\":\"ulqini\",\"sameAs\":[\"http:\/\/www.visit-ulcinj.com\"],\"url\":\"https:\/\/www.visit-ulcinj.com\/blog\/author\/admin\/\"}]}<\/script>\n<!-- \/ Yoast SEO plugin. -->","yoast_head_json":{"title":"Zgjerohet harta e p\u00ebrmbytjeve ne Shkoder - Video - Lajme nga Ulqini","description":"Reshjet e shiut t\u00eb nisura dy-tre dit\u00eb m\u00eb par\u00eb q\u00eb vazhdojn\u00eb t\u00eb bien edhe n\u00eb k\u00ebto sot kan\u00eb ndikuar n\u00eb p\u00ebrkeq\u00ebsimin e situat\u00ebs s\u00eb p\u00ebrmbytjeve n\u00eb territorin e","robots":{"index":"index","follow":"follow","max-snippet":"max-snippet:-1","max-image-preview":"max-image-preview:large","max-video-preview":"max-video-preview:-1"},"canonical":"https:\/\/www.visit-ulcinj.com\/blog\/2014\/01\/25\/zgjerohet-harta-e-permbytjeve-ne-shkoder-video\/","og_locale":"en_US","og_type":"article","og_title":"Zgjerohet harta e p\u00ebrmbytjeve ne Shkoder - Video - Lajme nga Ulqini","og_description":"Reshjet e shiut t\u00eb nisura dy-tre dit\u00eb m\u00eb par\u00eb q\u00eb vazhdojn\u00eb t\u00eb bien edhe n\u00eb k\u00ebto sot kan\u00eb ndikuar n\u00eb p\u00ebrkeq\u00ebsimin e situat\u00ebs s\u00eb p\u00ebrmbytjeve n\u00eb territorin e","og_url":"https:\/\/www.visit-ulcinj.com\/blog\/2014\/01\/25\/zgjerohet-harta-e-permbytjeve-ne-shkoder-video\/","og_site_name":"Lajme nga Ulqini","article_published_time":"2014-01-25T11:28:28+00:00","article_modified_time":"2014-01-25T22:56:36+00:00","og_image":[{"url":"http:\/\/www.visit-ulcinj.com\/blog\/wp-content\/uploads\/2014\/01\/permbytjet-ne-shkoder.jpg"}],"twitter_misc":{"Written by":"ulqini","Est. reading time":"5 minutes"},"schema":{"@context":"https:\/\/schema.org","@graph":[{"@type":"WebSite","@id":"https:\/\/www.visit-ulcinj.com\/blog\/#website","url":"https:\/\/www.visit-ulcinj.com\/blog\/","name":"Lajme nga Ulqini","description":"Lajme,Vijesti,Ulqini,Ulqin,Crna Gora,Mali i Zi","potentialAction":[{"@type":"SearchAction","target":{"@type":"EntryPoint","urlTemplate":"https:\/\/www.visit-ulcinj.com\/blog\/?s={search_term_string}"},"query-input":"required name=search_term_string"}],"inLanguage":"en-US"},{"@type":"ImageObject","inLanguage":"en-US","@id":"https:\/\/www.visit-ulcinj.com\/blog\/2014\/01\/25\/zgjerohet-harta-e-permbytjeve-ne-shkoder-video\/#primaryimage","url":"https:\/\/www.visit-ulcinj.com\/blog\/wp-content\/uploads\/2014\/01\/permbytjet-ne-shkoder.jpg","contentUrl":"https:\/\/www.visit-ulcinj.com\/blog\/wp-content\/uploads\/2014\/01\/permbytjet-ne-shkoder.jpg","width":640,"height":360},{"@type":"WebPage","@id":"https:\/\/www.visit-ulcinj.com\/blog\/2014\/01\/25\/zgjerohet-harta-e-permbytjeve-ne-shkoder-video\/#webpage","url":"https:\/\/www.visit-ulcinj.com\/blog\/2014\/01\/25\/zgjerohet-harta-e-permbytjeve-ne-shkoder-video\/","name":"Zgjerohet harta e p\u00ebrmbytjeve ne Shkoder - Video - Lajme nga Ulqini","isPartOf":{"@id":"https:\/\/www.visit-ulcinj.com\/blog\/#website"},"primaryImageOfPage":{"@id":"https:\/\/www.visit-ulcinj.com\/blog\/2014\/01\/25\/zgjerohet-harta-e-permbytjeve-ne-shkoder-video\/#primaryimage"},"datePublished":"2014-01-25T11:28:28+00:00","dateModified":"2014-01-25T22:56:36+00:00","author":{"@id":"https:\/\/www.visit-ulcinj.com\/blog\/#\/schema\/person\/dcab619c614d3038751c63bc2aadc06d"},"description":"Reshjet e shiut t\u00eb nisura dy-tre dit\u00eb m\u00eb par\u00eb q\u00eb vazhdojn\u00eb t\u00eb bien edhe n\u00eb k\u00ebto sot kan\u00eb ndikuar n\u00eb p\u00ebrkeq\u00ebsimin e situat\u00ebs s\u00eb p\u00ebrmbytjeve n\u00eb territorin e","breadcrumb":{"@id":"https:\/\/www.visit-ulcinj.com\/blog\/2014\/01\/25\/zgjerohet-harta-e-permbytjeve-ne-shkoder-video\/#breadcrumb"},"inLanguage":"en-US","potentialAction":[{"@type":"ReadAction","target":["https:\/\/www.visit-ulcinj.com\/blog\/2014\/01\/25\/zgjerohet-harta-e-permbytjeve-ne-shkoder-video\/"]}]},{"@type":"BreadcrumbList","@id":"https:\/\/www.visit-ulcinj.com\/blog\/2014\/01\/25\/zgjerohet-harta-e-permbytjeve-ne-shkoder-video\/#breadcrumb","itemListElement":[{"@type":"ListItem","position":1,"name":"Zgjerohet harta e p\u00ebrmbytjeve ne Shkoder &#8211; Video"}]},{"@type":"Person","@id":"https:\/\/www.visit-ulcinj.com\/blog\/#\/schema\/person\/dcab619c614d3038751c63bc2aadc06d","name":"ulqini","sameAs":["http:\/\/www.visit-ulcinj.com"],"url":"https:\/\/www.visit-ulcinj.com\/blog\/author\/admin\/"}]}},"jetpack_featured_media_url":"","jetpack_sharing_enabled":true,"jetpack_shortlink":"https:\/\/wp.me\/pe6lTn-ktc","_links":{"self":[{"href":"https:\/\/www.visit-ulcinj.com\/blog\/wp-json\/wp\/v2\/posts\/78690"}],"collection":[{"href":"https:\/\/www.visit-ulcinj.com\/blog\/wp-json\/wp\/v2\/posts"}],"about":[{"href":"https:\/\/www.visit-ulcinj.com\/blog\/wp-json\/wp\/v2\/types\/post"}],"author":[{"embeddable":true,"href":"https:\/\/www.visit-ulcinj.com\/blog\/wp-json\/wp\/v2\/users\/1"}],"replies":[{"embeddable":true,"href":"https:\/\/www.visit-ulcinj.com\/blog\/wp-json\/wp\/v2\/comments?post=78690"}],"version-history":[{"count":2,"href":"https:\/\/www.visit-ulcinj.com\/blog\/wp-json\/wp\/v2\/posts\/78690\/revisions"}],"predecessor-version":[{"id":78693,"href":"https:\/\/www.visit-ulcinj.com\/blog\/wp-json\/wp\/v2\/posts\/78690\/revisions\/78693"}],"wp:attachment":[{"href":"https:\/\/www.visit-ulcinj.com\/blog\/wp-json\/wp\/v2\/media?parent=78690"}],"wp:term":[{"taxonomy":"category","embeddable":true,"href":"https:\/\/www.visit-ulcinj.com\/blog\/wp-json\/wp\/v2\/categories?post=78690"},{"taxonomy":"post_tag","embeddable":true,"href":"https:\/\/www.visit-ulcinj.com\/blog\/wp-json\/wp\/v2\/tags?post=78690"}],"curies":[{"name":"wp","href":"https:\/\/api.w.org\/{rel}","templated":true}]}}