{"id":78724,"date":"2014-01-26T15:13:46","date_gmt":"2014-01-26T14:13:46","guid":{"rendered":"http:\/\/www.visit-ulcinj.com\/blog\/?p=78724"},"modified":"2014-01-27T17:29:11","modified_gmt":"2014-01-27T16:29:11","slug":"zgjedhjet-lokale-2014-ne-ulqin","status":"publish","type":"post","link":"https:\/\/www.visit-ulcinj.com\/blog\/2014\/01\/26\/zgjedhjet-lokale-2014-ne-ulqin\/","title":{"rendered":"Zgjedhjet lokale 2014 ne Ulqin &#8211; Video"},"content":{"rendered":"<p>N\u00eb ora 7 t\u00eb m\u00ebngjesit jan\u00eb hapur 36 vend votime me \u00e7ka kan\u00eb nisur zgjedhjet \u00a0lokale ku qytetar\u00ebt sot do t\u00eb zgjedhin 33 k\u00ebshilltar\u00eb t\u00eb Kuvendit Komunal t\u00eb Ulqinit q\u00eb do t\u00eb qeverisin Komunen e Ulqinit p\u00ebr kat\u00ebr vitet e ardhshme.<\/p>\n<p><strong>N\u00eb konferenc\u00ebn p\u00ebr media t\u00eb mbajtur n\u00eb or\u00ebn 09.00, kryetari i Komisionit komunal zgjedhor t\u00eb Ulqinit z.Jakup Muratit raportoi t\u00eb dh\u00ebnat t\u00eb daljes s\u00eb qytetar\u00ebve n\u00eb votim , duke th\u00ebn\u00eb se sipas Komisionit Komunal Zgjedhor n\u00eb Ulqin, n\u00eb votime deri n\u00eb ora 09:00 kan\u00eb dal\u00eb 450 votues, apo 2 p\u00ebr qind.<\/strong><\/p>\n<p><a href=\"http:\/\/www.visit-ulcinj.com\/blog\/wp-content\/uploads\/2014\/01\/Zgjedhjet-Lokale-2014-Ulqin-Ulqini-Lokalni-Izbori-Ulcinj.jpg\"><img loading=\"lazy\" class=\"alignleft size-full wp-image-78725\" alt=\"Zgjedhjet-Lokale-2014-Ulqin-Ulqini-Lokalni-Izbori-Ulcinj\" src=\"http:\/\/www.visit-ulcinj.com\/blog\/wp-content\/uploads\/2014\/01\/Zgjedhjet-Lokale-2014-Ulqin-Ulqini-Lokalni-Izbori-Ulcinj.jpg\" width=\"508\" height=\"497\" srcset=\"https:\/\/www.visit-ulcinj.com\/blog\/wp-content\/uploads\/2014\/01\/Zgjedhjet-Lokale-2014-Ulqin-Ulqini-Lokalni-Izbori-Ulcinj.jpg 508w, https:\/\/www.visit-ulcinj.com\/blog\/wp-content\/uploads\/2014\/01\/Zgjedhjet-Lokale-2014-Ulqin-Ulqini-Lokalni-Izbori-Ulcinj-300x293.jpg 300w\" sizes=\"(max-width: 508px) 100vw, 508px\" \/><\/a>P\u00ebr 33 vende t\u00eb k\u00ebshilltar\u00ebve sa num\u00ebron Kuvendi Komunale\u00a0 i Ulqinit konkurrojn\u00eb tet\u00eb parti politike dhe nj\u00eb koalicione. Sipas kryetarit te komisionit komunal ne Ulqin Jakup Muratit, deri tani \u00e7do gj\u00eb \u00ebsht\u00eb duke shkuar mbar, dhe nuk esht\u00eb shenuar asnje incident.<\/p>\n<p><strong>N\u00eb konferenc\u00ebn p\u00ebr media t\u00eb mbajtur n\u00eb or\u00ebn 12.00, kryetari i Komisionit komunal zgjedhor t\u00eb Ulqinit z.Jakup Muratit raportoi t\u00eb dh\u00ebnat t\u00eb daljes s\u00eb qytetar\u00ebve n\u00eb votim , duke th\u00ebn\u00eb se sipas Komisionit Komunal Zgjedhor n\u00eb Ulqin, n\u00eb votime deri n\u00eb ora 12:00 kan\u00eb dal\u00eb 2.600 votues, apo 13,5 p\u00ebr qind.<\/strong><\/p>\n<p><a href=\"http:\/\/www.visit-ulcinj.com\/blog\/wp-content\/uploads\/2014\/01\/Jakup-Murati.jpg\"><img loading=\"lazy\" class=\"alignleft  wp-image-78726\" alt=\"Jakup-Murati\" src=\"http:\/\/www.visit-ulcinj.com\/blog\/wp-content\/uploads\/2014\/01\/Jakup-Murati.jpg\" width=\"508\" height=\"360\" \/><\/a><\/p>\n<p>Gjithsej ne territorin e komun\u00ebs s\u00eb \u00a0jan\u00eb 35 qendra votimi, nd\u00ebrkoh\u00eb q\u00eb komisioni zgjedhor num\u00ebron 19,169 qytetar\u00eb me t\u00eb drejt\u00eb vote. N\u00eb zgjedhjet e kaluara \u00a0lokale asnj\u00ebra nga listat nuk mundi t\u00eb formoj\u00eb shumic\u00ebn.<br \/>\nK\u00ebto zgjedhje jan\u00eb t\u00eb nj\u00eb r\u00ebnd\u00ebsie t\u00eb ve\u00e7ant\u00eb p\u00ebr komun\u00ebn e Ulqinit, jo vet\u00ebm p\u00ebr shkak t\u00eb vendimeve t\u00eb r\u00ebnd\u00ebsishme q\u00eb pritet t\u00eb sjell parlamenti lokal p\u00ebr zhvillimin e k\u00ebsaj komune.<\/p>\n<p>Vendvotimet n\u00eb Komun\u00ebn e Ulqinit u hapen n\u00eb ora 7 dhe do t\u00eb mbyllen n\u00eb ora 20 t\u00eb mbr\u00ebmjes. Komisioni zgjedhor komunal ka caktuar me short renditjen e listave zgjedhore n\u00eb flet\u00ebvotim.<\/p>\n<p><a href=\"http:\/\/www.visit-ulcinj.com\/blog\/wp-content\/uploads\/2014\/01\/Zgjedhjet-Lokale-2014-Ulqin-Ulqini-Lokalni-Izbori-Ulcinj-1.jpg\"><img loading=\"lazy\" class=\"alignleft  wp-image-78727\" alt=\"Zgjedhjet-Lokale-2014-Ulqin-Ulqini-Lokalni-Izbori-Ulcinj-1\" src=\"http:\/\/www.visit-ulcinj.com\/blog\/wp-content\/uploads\/2014\/01\/Zgjedhjet-Lokale-2014-Ulqin-Ulqini-Lokalni-Izbori-Ulcinj-1.jpg\" width=\"508\" height=\"360\" \/><\/a><\/p>\n<p>N\u00eb vend t\u00eb par\u00eb t\u00eb flet\u00ebs s\u00eb votimit \u00ebsht\u00eb Mali i Zi Pozitiv, pastaj Fronti Demokratik, kurse n\u00eb vendin e tret\u00eb Partia Boshnjake, \u00a0nd\u00ebrsa n\u00eb vend t\u00eb kat\u00ebrt Partia socialiste popullore.<br \/>\nDuke vazhduar vend t\u00eb pest\u00eb \u00ebsht\u00eb Forca e re demokratike, n\u00eb vend t\u00eb gjasht\u00eb Unioni demokratik i Shqiptar\u00ebve, n\u00eb vend t\u00eb shtat\u00eb Partia demokratike e socialist\u00ebve, n\u00eb vend t\u00eb tet\u00eb Koalicioni \u201cBashk\u00eb p\u00ebr t\u00eb ardhmen e Ulqinit\u201d, dhe e fundit n\u00eb list\u00eb n\u00eb vend t\u00eb n\u00ebnt\u00eb \u00ebsht\u00eb Partia socialdemokrate.<\/p>\n<p><strong>N\u00eb konferenc\u00ebn p\u00ebr media t\u00eb mbajtur n\u00eb or\u00ebn 16.00, kryetari i Komisionit komunal zgjedhor t\u00eb Ulqinit z.Jakup Muratit raportoi t\u00eb dh\u00ebnat t\u00eb daljes s\u00eb qytetar\u00ebve n\u00eb votim , duke th\u00ebn\u00eb se sipas Komisionit Komunal Zgjedhor n\u00eb Ulqin, n\u00eb votime deri n\u00eb ora 16:00 kan\u00eb dal\u00eb 7 300 votues, apo\u00a0<strong>38%<\/strong> p\u00ebr qind.<\/strong><\/p>\n<p>Pas p\u00ebrfundimit t\u00eb procesit t\u00eb Num\u00ebrimit n\u00eb Vendvotime do t\u00eb Trasnmetohen Rezultatet Preliminare n\u00eb koh\u00eb Reale prej ores 00:00.<\/p>\n<p><strong>N\u00eb konferenc\u00ebn p\u00ebr media t\u00eb mbajtur n\u00eb or\u00ebn 18.00, kryetari i Komisionit komunal zgjedhor t\u00eb Ulqinit z.Jakup Muratit raportoi t\u00eb dh\u00ebnat t\u00eb daljes s\u00eb qytetar\u00ebve n\u00eb votim , duke th\u00ebn\u00eb se sipas Komisionit Komunal Zgjedhor n\u00eb Ulqin, n\u00eb votime deri n\u00eb ora 18:00 kan\u00eb dal\u00eb 9 770 votues, apo 50.19<strong>%<\/strong> p\u00ebr qind.<\/strong><\/p>\n<p>Rezultatet Preliminare do t\u00eb transmetohen LIVE n\u00eb webfaqen e jon\u00eb<br \/>\n\/Lajme nga Ulqini\/<\/p>\n<p>[flv]http:\/\/av.voanews.com\/kaltura-test\/VOA\/Albanian\/mp4\/2014\/01\/1_jtkzpf3q_1_elh7f4bt.mp4[\/flv]<\/p>\n","protected":false},"excerpt":{"rendered":"<p>N\u00eb ora 7 t\u00eb m\u00ebngjesit jan\u00eb hapur 36 vend votime me \u00e7ka kan\u00eb nisur zgjedhjet \u00a0lokale ku qytetar\u00ebt sot do t\u00eb zgjedhin 33 k\u00ebshilltar\u00eb t\u00eb Kuvendit Komunal t\u00eb Ulqinit q\u00eb do t\u00eb qeverisin Komunen e Ulqinit p\u00ebr kat\u00ebr vitet e ardhshme. N\u00eb konferenc\u00ebn p\u00ebr media t\u00eb mbajtur n\u00eb or\u00ebn 09.00, kryetari i Komisionit komunal zgjedhor [&hellip;]<\/p>\n","protected":false},"author":1,"featured_media":0,"comment_status":"closed","ping_status":"closed","sticky":false,"template":"","format":"standard","meta":{"spay_email":"","jetpack_publicize_message":"","jetpack_is_tweetstorm":false,"jetpack_publicize_feature_enabled":true},"categories":[1,6],"tags":[],"jetpack_publicize_connections":[],"yoast_head":"<!-- This site is optimized with the Yoast SEO plugin v19.1 - https:\/\/yoast.com\/wordpress\/plugins\/seo\/ -->\n<title>Zgjedhjet lokale 2014 ne Ulqin - Video - Lajme nga Ulqini<\/title>\n<meta name=\"description\" content=\"N\u00eb ora 7 t\u00eb m\u00ebngjesit jan\u00eb hapur 36 vend votime me \u00e7ka kan\u00eb nisur zgjedhjet \u00a0lokale ku qytetar\u00ebt sot do t\u00eb zgjedhin 33 k\u00ebshilltar\u00eb t\u00eb Kuvendit Komunal t\u00eb\" \/>\n<meta name=\"robots\" content=\"index, follow, max-snippet:-1, max-image-preview:large, max-video-preview:-1\" \/>\n<link rel=\"canonical\" href=\"https:\/\/www.visit-ulcinj.com\/blog\/2014\/01\/26\/zgjedhjet-lokale-2014-ne-ulqin\/\" \/>\n<meta property=\"og:locale\" content=\"en_US\" \/>\n<meta property=\"og:type\" content=\"article\" \/>\n<meta property=\"og:title\" content=\"Zgjedhjet lokale 2014 ne Ulqin - Video - Lajme nga Ulqini\" \/>\n<meta property=\"og:description\" content=\"N\u00eb ora 7 t\u00eb m\u00ebngjesit jan\u00eb hapur 36 vend votime me \u00e7ka kan\u00eb nisur zgjedhjet \u00a0lokale ku qytetar\u00ebt sot do t\u00eb zgjedhin 33 k\u00ebshilltar\u00eb t\u00eb Kuvendit Komunal t\u00eb\" \/>\n<meta property=\"og:url\" content=\"https:\/\/www.visit-ulcinj.com\/blog\/2014\/01\/26\/zgjedhjet-lokale-2014-ne-ulqin\/\" \/>\n<meta property=\"og:site_name\" content=\"Lajme nga Ulqini\" \/>\n<meta property=\"article:published_time\" content=\"2014-01-26T14:13:46+00:00\" \/>\n<meta property=\"article:modified_time\" content=\"2014-01-27T16:29:11+00:00\" \/>\n<meta property=\"og:image\" content=\"http:\/\/www.visit-ulcinj.com\/blog\/wp-content\/uploads\/2014\/01\/Zgjedhjet-Lokale-2014-Ulqin-Ulqini-Lokalni-Izbori-Ulcinj.jpg\" \/>\n<meta name=\"twitter:label1\" content=\"Written by\" \/>\n\t<meta name=\"twitter:data1\" content=\"ulqini\" \/>\n\t<meta name=\"twitter:label2\" content=\"Est. reading time\" \/>\n\t<meta name=\"twitter:data2\" content=\"3 minutes\" \/>\n<script type=\"application\/ld+json\" class=\"yoast-schema-graph\">{\"@context\":\"https:\/\/schema.org\",\"@graph\":[{\"@type\":\"WebSite\",\"@id\":\"https:\/\/www.visit-ulcinj.com\/blog\/#website\",\"url\":\"https:\/\/www.visit-ulcinj.com\/blog\/\",\"name\":\"Lajme nga Ulqini\",\"description\":\"Lajme,Vijesti,Ulqini,Ulqin,Crna Gora,Mali i Zi\",\"potentialAction\":[{\"@type\":\"SearchAction\",\"target\":{\"@type\":\"EntryPoint\",\"urlTemplate\":\"https:\/\/www.visit-ulcinj.com\/blog\/?s={search_term_string}\"},\"query-input\":\"required name=search_term_string\"}],\"inLanguage\":\"en-US\"},{\"@type\":\"ImageObject\",\"inLanguage\":\"en-US\",\"@id\":\"https:\/\/www.visit-ulcinj.com\/blog\/2014\/01\/26\/zgjedhjet-lokale-2014-ne-ulqin\/#primaryimage\",\"url\":\"https:\/\/www.visit-ulcinj.com\/blog\/wp-content\/uploads\/2014\/01\/Zgjedhjet-Lokale-2014-Ulqin-Ulqini-Lokalni-Izbori-Ulcinj.jpg\",\"contentUrl\":\"https:\/\/www.visit-ulcinj.com\/blog\/wp-content\/uploads\/2014\/01\/Zgjedhjet-Lokale-2014-Ulqin-Ulqini-Lokalni-Izbori-Ulcinj.jpg\",\"width\":508,\"height\":497},{\"@type\":\"WebPage\",\"@id\":\"https:\/\/www.visit-ulcinj.com\/blog\/2014\/01\/26\/zgjedhjet-lokale-2014-ne-ulqin\/#webpage\",\"url\":\"https:\/\/www.visit-ulcinj.com\/blog\/2014\/01\/26\/zgjedhjet-lokale-2014-ne-ulqin\/\",\"name\":\"Zgjedhjet lokale 2014 ne Ulqin - Video - Lajme nga Ulqini\",\"isPartOf\":{\"@id\":\"https:\/\/www.visit-ulcinj.com\/blog\/#website\"},\"primaryImageOfPage\":{\"@id\":\"https:\/\/www.visit-ulcinj.com\/blog\/2014\/01\/26\/zgjedhjet-lokale-2014-ne-ulqin\/#primaryimage\"},\"datePublished\":\"2014-01-26T14:13:46+00:00\",\"dateModified\":\"2014-01-27T16:29:11+00:00\",\"author\":{\"@id\":\"https:\/\/www.visit-ulcinj.com\/blog\/#\/schema\/person\/dcab619c614d3038751c63bc2aadc06d\"},\"description\":\"N\u00eb ora 7 t\u00eb m\u00ebngjesit jan\u00eb hapur 36 vend votime me \u00e7ka kan\u00eb nisur zgjedhjet \u00a0lokale ku qytetar\u00ebt sot do t\u00eb zgjedhin 33 k\u00ebshilltar\u00eb t\u00eb Kuvendit Komunal t\u00eb\",\"breadcrumb\":{\"@id\":\"https:\/\/www.visit-ulcinj.com\/blog\/2014\/01\/26\/zgjedhjet-lokale-2014-ne-ulqin\/#breadcrumb\"},\"inLanguage\":\"en-US\",\"potentialAction\":[{\"@type\":\"ReadAction\",\"target\":[\"https:\/\/www.visit-ulcinj.com\/blog\/2014\/01\/26\/zgjedhjet-lokale-2014-ne-ulqin\/\"]}]},{\"@type\":\"BreadcrumbList\",\"@id\":\"https:\/\/www.visit-ulcinj.com\/blog\/2014\/01\/26\/zgjedhjet-lokale-2014-ne-ulqin\/#breadcrumb\",\"itemListElement\":[{\"@type\":\"ListItem\",\"position\":1,\"name\":\"Zgjedhjet lokale 2014 ne Ulqin &#8211; Video\"}]},{\"@type\":\"Person\",\"@id\":\"https:\/\/www.visit-ulcinj.com\/blog\/#\/schema\/person\/dcab619c614d3038751c63bc2aadc06d\",\"name\":\"ulqini\",\"sameAs\":[\"http:\/\/www.visit-ulcinj.com\"],\"url\":\"https:\/\/www.visit-ulcinj.com\/blog\/author\/admin\/\"}]}<\/script>\n<!-- \/ Yoast SEO plugin. -->","yoast_head_json":{"title":"Zgjedhjet lokale 2014 ne Ulqin - Video - Lajme nga Ulqini","description":"N\u00eb ora 7 t\u00eb m\u00ebngjesit jan\u00eb hapur 36 vend votime me \u00e7ka kan\u00eb nisur zgjedhjet \u00a0lokale ku qytetar\u00ebt sot do t\u00eb zgjedhin 33 k\u00ebshilltar\u00eb t\u00eb Kuvendit Komunal t\u00eb","robots":{"index":"index","follow":"follow","max-snippet":"max-snippet:-1","max-image-preview":"max-image-preview:large","max-video-preview":"max-video-preview:-1"},"canonical":"https:\/\/www.visit-ulcinj.com\/blog\/2014\/01\/26\/zgjedhjet-lokale-2014-ne-ulqin\/","og_locale":"en_US","og_type":"article","og_title":"Zgjedhjet lokale 2014 ne Ulqin - Video - Lajme nga Ulqini","og_description":"N\u00eb ora 7 t\u00eb m\u00ebngjesit jan\u00eb hapur 36 vend votime me \u00e7ka kan\u00eb nisur zgjedhjet \u00a0lokale ku qytetar\u00ebt sot do t\u00eb zgjedhin 33 k\u00ebshilltar\u00eb t\u00eb Kuvendit Komunal t\u00eb","og_url":"https:\/\/www.visit-ulcinj.com\/blog\/2014\/01\/26\/zgjedhjet-lokale-2014-ne-ulqin\/","og_site_name":"Lajme nga Ulqini","article_published_time":"2014-01-26T14:13:46+00:00","article_modified_time":"2014-01-27T16:29:11+00:00","og_image":[{"url":"http:\/\/www.visit-ulcinj.com\/blog\/wp-content\/uploads\/2014\/01\/Zgjedhjet-Lokale-2014-Ulqin-Ulqini-Lokalni-Izbori-Ulcinj.jpg"}],"twitter_misc":{"Written by":"ulqini","Est. reading time":"3 minutes"},"schema":{"@context":"https:\/\/schema.org","@graph":[{"@type":"WebSite","@id":"https:\/\/www.visit-ulcinj.com\/blog\/#website","url":"https:\/\/www.visit-ulcinj.com\/blog\/","name":"Lajme nga Ulqini","description":"Lajme,Vijesti,Ulqini,Ulqin,Crna Gora,Mali i Zi","potentialAction":[{"@type":"SearchAction","target":{"@type":"EntryPoint","urlTemplate":"https:\/\/www.visit-ulcinj.com\/blog\/?s={search_term_string}"},"query-input":"required name=search_term_string"}],"inLanguage":"en-US"},{"@type":"ImageObject","inLanguage":"en-US","@id":"https:\/\/www.visit-ulcinj.com\/blog\/2014\/01\/26\/zgjedhjet-lokale-2014-ne-ulqin\/#primaryimage","url":"https:\/\/www.visit-ulcinj.com\/blog\/wp-content\/uploads\/2014\/01\/Zgjedhjet-Lokale-2014-Ulqin-Ulqini-Lokalni-Izbori-Ulcinj.jpg","contentUrl":"https:\/\/www.visit-ulcinj.com\/blog\/wp-content\/uploads\/2014\/01\/Zgjedhjet-Lokale-2014-Ulqin-Ulqini-Lokalni-Izbori-Ulcinj.jpg","width":508,"height":497},{"@type":"WebPage","@id":"https:\/\/www.visit-ulcinj.com\/blog\/2014\/01\/26\/zgjedhjet-lokale-2014-ne-ulqin\/#webpage","url":"https:\/\/www.visit-ulcinj.com\/blog\/2014\/01\/26\/zgjedhjet-lokale-2014-ne-ulqin\/","name":"Zgjedhjet lokale 2014 ne Ulqin - Video - Lajme nga Ulqini","isPartOf":{"@id":"https:\/\/www.visit-ulcinj.com\/blog\/#website"},"primaryImageOfPage":{"@id":"https:\/\/www.visit-ulcinj.com\/blog\/2014\/01\/26\/zgjedhjet-lokale-2014-ne-ulqin\/#primaryimage"},"datePublished":"2014-01-26T14:13:46+00:00","dateModified":"2014-01-27T16:29:11+00:00","author":{"@id":"https:\/\/www.visit-ulcinj.com\/blog\/#\/schema\/person\/dcab619c614d3038751c63bc2aadc06d"},"description":"N\u00eb ora 7 t\u00eb m\u00ebngjesit jan\u00eb hapur 36 vend votime me \u00e7ka kan\u00eb nisur zgjedhjet \u00a0lokale ku qytetar\u00ebt sot do t\u00eb zgjedhin 33 k\u00ebshilltar\u00eb t\u00eb Kuvendit Komunal t\u00eb","breadcrumb":{"@id":"https:\/\/www.visit-ulcinj.com\/blog\/2014\/01\/26\/zgjedhjet-lokale-2014-ne-ulqin\/#breadcrumb"},"inLanguage":"en-US","potentialAction":[{"@type":"ReadAction","target":["https:\/\/www.visit-ulcinj.com\/blog\/2014\/01\/26\/zgjedhjet-lokale-2014-ne-ulqin\/"]}]},{"@type":"BreadcrumbList","@id":"https:\/\/www.visit-ulcinj.com\/blog\/2014\/01\/26\/zgjedhjet-lokale-2014-ne-ulqin\/#breadcrumb","itemListElement":[{"@type":"ListItem","position":1,"name":"Zgjedhjet lokale 2014 ne Ulqin &#8211; Video"}]},{"@type":"Person","@id":"https:\/\/www.visit-ulcinj.com\/blog\/#\/schema\/person\/dcab619c614d3038751c63bc2aadc06d","name":"ulqini","sameAs":["http:\/\/www.visit-ulcinj.com"],"url":"https:\/\/www.visit-ulcinj.com\/blog\/author\/admin\/"}]}},"jetpack_featured_media_url":"","jetpack_sharing_enabled":true,"jetpack_shortlink":"https:\/\/wp.me\/pe6lTn-ktK","_links":{"self":[{"href":"https:\/\/www.visit-ulcinj.com\/blog\/wp-json\/wp\/v2\/posts\/78724"}],"collection":[{"href":"https:\/\/www.visit-ulcinj.com\/blog\/wp-json\/wp\/v2\/posts"}],"about":[{"href":"https:\/\/www.visit-ulcinj.com\/blog\/wp-json\/wp\/v2\/types\/post"}],"author":[{"embeddable":true,"href":"https:\/\/www.visit-ulcinj.com\/blog\/wp-json\/wp\/v2\/users\/1"}],"replies":[{"embeddable":true,"href":"https:\/\/www.visit-ulcinj.com\/blog\/wp-json\/wp\/v2\/comments?post=78724"}],"version-history":[{"count":10,"href":"https:\/\/www.visit-ulcinj.com\/blog\/wp-json\/wp\/v2\/posts\/78724\/revisions"}],"predecessor-version":[{"id":78802,"href":"https:\/\/www.visit-ulcinj.com\/blog\/wp-json\/wp\/v2\/posts\/78724\/revisions\/78802"}],"wp:attachment":[{"href":"https:\/\/www.visit-ulcinj.com\/blog\/wp-json\/wp\/v2\/media?parent=78724"}],"wp:term":[{"taxonomy":"category","embeddable":true,"href":"https:\/\/www.visit-ulcinj.com\/blog\/wp-json\/wp\/v2\/categories?post=78724"},{"taxonomy":"post_tag","embeddable":true,"href":"https:\/\/www.visit-ulcinj.com\/blog\/wp-json\/wp\/v2\/tags?post=78724"}],"curies":[{"name":"wp","href":"https:\/\/api.w.org\/{rel}","templated":true}]}}