{"id":78772,"date":"2014-01-27T16:00:40","date_gmt":"2014-01-27T15:00:40","guid":{"rendered":"http:\/\/www.visit-ulcinj.com\/blog\/?p=78772"},"modified":"2014-01-27T16:00:40","modified_gmt":"2014-01-27T15:00:40","slug":"deklaratat-e-mediave-zgjedhje-ne-malin-e-zi-shqiptaret-humbasin-ulqinin","status":"publish","type":"post","link":"https:\/\/www.visit-ulcinj.com\/blog\/2014\/01\/27\/deklaratat-e-mediave-zgjedhje-ne-malin-e-zi-shqiptaret-humbasin-ulqinin\/","title":{"rendered":"Deklaratat e Mediave: Zgjedhje n\u00eb Malin e Zi: Shqiptar\u00ebt humbasin Ulqinin"},"content":{"rendered":"<p><a href=\"http:\/\/www.visit-ulcinj.com\/blog\/wp-content\/uploads\/2014\/01\/Fitorja-e-malazezeve-me-flamur-shqiptar.jpg\"><img loading=\"lazy\" class=\"alignleft  wp-image-78763\" alt=\"Fitorja-e-malazezeve-me-flamur-shqiptar\" src=\"http:\/\/www.visit-ulcinj.com\/blog\/wp-content\/uploads\/2014\/01\/Fitorja-e-malazezeve-me-flamur-shqiptar.jpg\" width=\"508\" height=\"360\" \/><\/a>Partia e kryeministrit Milo Gjukanovi\u00e7 ka dal\u00eb fitimtare n\u00eb zgjedhjet lokale t\u00eb Ulqinit. Pas p\u00ebrfundimit t\u00eb votave DPS ka marr\u00eb 9 vende, Forca 8, \u201cS\u00eb Bashku p\u00ebr nj\u00eb Ulqin M\u00eb t\u00eb Mir\u00eb\u201d 7, DUA 3, SDP 2, CG 2 nd\u00ebrsa SNP dhe DF nga nj\u00eb vend. K\u00ebshilli i Komun\u00ebs ka 33 vende.<br \/>\nDPS ka b\u00ebr\u00eb k\u00ebshtu \u00e7udin\u00eb duke ia kaluar p\u00ebr her\u00eb t\u00eb par\u00eb n\u00eb histori Forc\u00ebs s\u00eb shqiptar\u00ebve. M\u00eb shum\u00eb se 3,100 vet\u00eb (nga 19,169 n\u00eb total) votuan p\u00ebr partin\u00eb malazeze q\u00eb g\u00ebzon edhe pushtetin qendror. Mbase 30% m\u00eb shum\u00eb se n\u00eb zgjedhjet e fundit.<br \/>\n\u00c7far\u00eb zhgnjimi nga ana tjet\u00ebr p\u00ebr shqiptar\u00ebt. Forca ka mbetur vet\u00ebm me 8 vende n\u00eb K\u00ebshillin e Komun\u00ebs nga 11 q\u00eb kishte p\u00ebrpara zgjedhjeve.<br \/>\nNazif Cungu kryetari i Forc\u00ebs pranoi publikisht se partia e tij kishte marr\u00eb vet\u00ebm tet\u00eb vende n\u00eb K\u00ebshill, nga t\u00eb pakt\u00ebn 10 q\u00eb shpresonte. Ai faj\u00ebsoi rolin e luajtur nga qeveria qendrore dhe nuk pranoi t\u00eb fliste p\u00ebr nj\u00eb koalicion t\u00eb mundsh\u00ebm me partin\u00eb kryesore malazeze p\u00ebr t\u00eb qeverisur s\u00eb bashku qytetin e shqiptar\u00ebve.<br \/>\nDUA (Unioni Demokratik i Shqiptar\u00ebve) priste shum\u00eb m\u00eb tep\u00ebr vota. Me vet\u00ebm 3 vende n\u00eb K\u00ebshill zhg\u00ebnjimi ishte i madh.<br \/>\nP\u00ebr krahasim rezultatet e zgjedhjeve t\u00eb vitit 2010 n\u00eb Ulqin ishin: (Forca \u2013 11 , DUA \u2013 PDP \u2013 10 DPS \u2013 7 , Koalicioni S\u00eb Bashku p\u00ebr Ulqinin\u2026 2, SDP \u2013 2 etj).<br \/>\nZgjedhjet e parakohshme, p\u00ebr\u00e7arja mes shqiptar\u00ebve dhe ndihma e pabarabart\u00eb nga qeveria qendrore ndikuan t\u00eb gjitha n\u00eb humbjen e shqiptar\u00ebve.<br \/>\nN\u00eb fotografi e Krajl Nikoll\u00ebs \u00ebsht\u00eb duke qarkulluar mes shqiptar\u00ebve n\u00eb Facebook, me sh\u00ebnimin: \u201cUn\u00eb v\u00ebrtet\u00eb e mora Ulqinin me luft\u00eb n\u00eb vitin 1880, por pasardh\u00ebsit e mi, nj\u00eb dit\u00eb do ta marrin me votat e shqiptar\u00ebve!\u201d<br \/>\n\u00cbsht\u00eb megjithat\u00eb interesante q\u00eb nj\u00eb fotografi e shtypit lokal tregonte fest\u00ebn e mb\u00ebshtet\u00ebsve t\u00eb partis\u00eb s\u00eb kryeministrit, nj\u00eb automjet nga val\u00ebvitej jo vet\u00ebm flamuri malazez por edhe ai i shqiptar\u00ebve.<br \/>\n<strong>(Illyria Press \u2013 Sipas medias lokale)<\/strong><\/p>\n","protected":false},"excerpt":{"rendered":"<p>Partia e kryeministrit Milo Gjukanovi\u00e7 ka dal\u00eb fitimtare n\u00eb zgjedhjet lokale t\u00eb Ulqinit. Pas p\u00ebrfundimit t\u00eb votave DPS ka marr\u00eb 9 vende, Forca 8, \u201cS\u00eb Bashku p\u00ebr nj\u00eb Ulqin M\u00eb t\u00eb Mir\u00eb\u201d 7, DUA 3, SDP 2, CG 2 nd\u00ebrsa SNP dhe DF nga nj\u00eb vend. K\u00ebshilli i Komun\u00ebs ka 33 vende. DPS ka b\u00ebr\u00eb [&hellip;]<\/p>\n","protected":false},"author":1,"featured_media":0,"comment_status":"closed","ping_status":"closed","sticky":false,"template":"","format":"standard","meta":{"spay_email":"","jetpack_publicize_message":"","jetpack_is_tweetstorm":false,"jetpack_publicize_feature_enabled":true},"categories":[11],"tags":[],"jetpack_publicize_connections":[],"yoast_head":"<!-- This site is optimized with the Yoast SEO plugin v19.1 - https:\/\/yoast.com\/wordpress\/plugins\/seo\/ -->\n<title>Deklaratat e Mediave: Zgjedhje n\u00eb Malin e Zi: Shqiptar\u00ebt humbasin Ulqinin - Lajme nga Ulqini<\/title>\n<meta name=\"description\" content=\"Partia e kryeministrit Milo Gjukanovi\u00e7 ka dal\u00eb fitimtare n\u00eb zgjedhjet lokale t\u00eb Ulqinit. Pas p\u00ebrfundimit t\u00eb votave DPS ka marr\u00eb 9 vende, Forca 8, \u201cS\u00eb\" \/>\n<meta name=\"robots\" content=\"index, follow, max-snippet:-1, max-image-preview:large, max-video-preview:-1\" \/>\n<link rel=\"canonical\" href=\"https:\/\/www.visit-ulcinj.com\/blog\/2014\/01\/27\/deklaratat-e-mediave-zgjedhje-ne-malin-e-zi-shqiptaret-humbasin-ulqinin\/\" \/>\n<meta property=\"og:locale\" content=\"en_US\" \/>\n<meta property=\"og:type\" content=\"article\" \/>\n<meta property=\"og:title\" content=\"Deklaratat e Mediave: Zgjedhje n\u00eb Malin e Zi: Shqiptar\u00ebt humbasin Ulqinin - Lajme nga Ulqini\" \/>\n<meta property=\"og:description\" content=\"Partia e kryeministrit Milo Gjukanovi\u00e7 ka dal\u00eb fitimtare n\u00eb zgjedhjet lokale t\u00eb Ulqinit. Pas p\u00ebrfundimit t\u00eb votave DPS ka marr\u00eb 9 vende, Forca 8, \u201cS\u00eb\" \/>\n<meta property=\"og:url\" content=\"https:\/\/www.visit-ulcinj.com\/blog\/2014\/01\/27\/deklaratat-e-mediave-zgjedhje-ne-malin-e-zi-shqiptaret-humbasin-ulqinin\/\" \/>\n<meta property=\"og:site_name\" content=\"Lajme nga Ulqini\" \/>\n<meta property=\"article:published_time\" content=\"2014-01-27T15:00:40+00:00\" \/>\n<meta property=\"og:image\" content=\"http:\/\/www.visit-ulcinj.com\/blog\/wp-content\/uploads\/2014\/01\/Fitorja-e-malazezeve-me-flamur-shqiptar.jpg\" \/>\n<meta name=\"twitter:label1\" content=\"Written by\" \/>\n\t<meta name=\"twitter:data1\" content=\"ulqini\" \/>\n\t<meta name=\"twitter:label2\" content=\"Est. reading time\" \/>\n\t<meta name=\"twitter:data2\" content=\"2 minutes\" \/>\n<script type=\"application\/ld+json\" class=\"yoast-schema-graph\">{\"@context\":\"https:\/\/schema.org\",\"@graph\":[{\"@type\":\"WebSite\",\"@id\":\"https:\/\/www.visit-ulcinj.com\/blog\/#website\",\"url\":\"https:\/\/www.visit-ulcinj.com\/blog\/\",\"name\":\"Lajme nga Ulqini\",\"description\":\"Lajme,Vijesti,Ulqini,Ulqin,Crna Gora,Mali i Zi\",\"potentialAction\":[{\"@type\":\"SearchAction\",\"target\":{\"@type\":\"EntryPoint\",\"urlTemplate\":\"https:\/\/www.visit-ulcinj.com\/blog\/?s={search_term_string}\"},\"query-input\":\"required name=search_term_string\"}],\"inLanguage\":\"en-US\"},{\"@type\":\"ImageObject\",\"inLanguage\":\"en-US\",\"@id\":\"https:\/\/www.visit-ulcinj.com\/blog\/2014\/01\/27\/deklaratat-e-mediave-zgjedhje-ne-malin-e-zi-shqiptaret-humbasin-ulqinin\/#primaryimage\",\"url\":\"https:\/\/www.visit-ulcinj.com\/blog\/wp-content\/uploads\/2014\/01\/Fitorja-e-malazezeve-me-flamur-shqiptar.jpg\",\"contentUrl\":\"https:\/\/www.visit-ulcinj.com\/blog\/wp-content\/uploads\/2014\/01\/Fitorja-e-malazezeve-me-flamur-shqiptar.jpg\",\"width\":640,\"height\":425},{\"@type\":\"WebPage\",\"@id\":\"https:\/\/www.visit-ulcinj.com\/blog\/2014\/01\/27\/deklaratat-e-mediave-zgjedhje-ne-malin-e-zi-shqiptaret-humbasin-ulqinin\/#webpage\",\"url\":\"https:\/\/www.visit-ulcinj.com\/blog\/2014\/01\/27\/deklaratat-e-mediave-zgjedhje-ne-malin-e-zi-shqiptaret-humbasin-ulqinin\/\",\"name\":\"Deklaratat e Mediave: Zgjedhje n\u00eb Malin e Zi: Shqiptar\u00ebt humbasin Ulqinin - Lajme nga Ulqini\",\"isPartOf\":{\"@id\":\"https:\/\/www.visit-ulcinj.com\/blog\/#website\"},\"primaryImageOfPage\":{\"@id\":\"https:\/\/www.visit-ulcinj.com\/blog\/2014\/01\/27\/deklaratat-e-mediave-zgjedhje-ne-malin-e-zi-shqiptaret-humbasin-ulqinin\/#primaryimage\"},\"datePublished\":\"2014-01-27T15:00:40+00:00\",\"dateModified\":\"2014-01-27T15:00:40+00:00\",\"author\":{\"@id\":\"https:\/\/www.visit-ulcinj.com\/blog\/#\/schema\/person\/dcab619c614d3038751c63bc2aadc06d\"},\"description\":\"Partia e kryeministrit Milo Gjukanovi\u00e7 ka dal\u00eb fitimtare n\u00eb zgjedhjet lokale t\u00eb Ulqinit. Pas p\u00ebrfundimit t\u00eb votave DPS ka marr\u00eb 9 vende, Forca 8, \u201cS\u00eb\",\"breadcrumb\":{\"@id\":\"https:\/\/www.visit-ulcinj.com\/blog\/2014\/01\/27\/deklaratat-e-mediave-zgjedhje-ne-malin-e-zi-shqiptaret-humbasin-ulqinin\/#breadcrumb\"},\"inLanguage\":\"en-US\",\"potentialAction\":[{\"@type\":\"ReadAction\",\"target\":[\"https:\/\/www.visit-ulcinj.com\/blog\/2014\/01\/27\/deklaratat-e-mediave-zgjedhje-ne-malin-e-zi-shqiptaret-humbasin-ulqinin\/\"]}]},{\"@type\":\"BreadcrumbList\",\"@id\":\"https:\/\/www.visit-ulcinj.com\/blog\/2014\/01\/27\/deklaratat-e-mediave-zgjedhje-ne-malin-e-zi-shqiptaret-humbasin-ulqinin\/#breadcrumb\",\"itemListElement\":[{\"@type\":\"ListItem\",\"position\":1,\"name\":\"Deklaratat e Mediave: Zgjedhje n\u00eb Malin e Zi: Shqiptar\u00ebt humbasin Ulqinin\"}]},{\"@type\":\"Person\",\"@id\":\"https:\/\/www.visit-ulcinj.com\/blog\/#\/schema\/person\/dcab619c614d3038751c63bc2aadc06d\",\"name\":\"ulqini\",\"sameAs\":[\"http:\/\/www.visit-ulcinj.com\"],\"url\":\"https:\/\/www.visit-ulcinj.com\/blog\/author\/admin\/\"}]}<\/script>\n<!-- \/ Yoast SEO plugin. -->","yoast_head_json":{"title":"Deklaratat e Mediave: Zgjedhje n\u00eb Malin e Zi: Shqiptar\u00ebt humbasin Ulqinin - Lajme nga Ulqini","description":"Partia e kryeministrit Milo Gjukanovi\u00e7 ka dal\u00eb fitimtare n\u00eb zgjedhjet lokale t\u00eb Ulqinit. Pas p\u00ebrfundimit t\u00eb votave DPS ka marr\u00eb 9 vende, Forca 8, \u201cS\u00eb","robots":{"index":"index","follow":"follow","max-snippet":"max-snippet:-1","max-image-preview":"max-image-preview:large","max-video-preview":"max-video-preview:-1"},"canonical":"https:\/\/www.visit-ulcinj.com\/blog\/2014\/01\/27\/deklaratat-e-mediave-zgjedhje-ne-malin-e-zi-shqiptaret-humbasin-ulqinin\/","og_locale":"en_US","og_type":"article","og_title":"Deklaratat e Mediave: Zgjedhje n\u00eb Malin e Zi: Shqiptar\u00ebt humbasin Ulqinin - Lajme nga Ulqini","og_description":"Partia e kryeministrit Milo Gjukanovi\u00e7 ka dal\u00eb fitimtare n\u00eb zgjedhjet lokale t\u00eb Ulqinit. Pas p\u00ebrfundimit t\u00eb votave DPS ka marr\u00eb 9 vende, Forca 8, \u201cS\u00eb","og_url":"https:\/\/www.visit-ulcinj.com\/blog\/2014\/01\/27\/deklaratat-e-mediave-zgjedhje-ne-malin-e-zi-shqiptaret-humbasin-ulqinin\/","og_site_name":"Lajme nga Ulqini","article_published_time":"2014-01-27T15:00:40+00:00","og_image":[{"url":"http:\/\/www.visit-ulcinj.com\/blog\/wp-content\/uploads\/2014\/01\/Fitorja-e-malazezeve-me-flamur-shqiptar.jpg"}],"twitter_misc":{"Written by":"ulqini","Est. reading time":"2 minutes"},"schema":{"@context":"https:\/\/schema.org","@graph":[{"@type":"WebSite","@id":"https:\/\/www.visit-ulcinj.com\/blog\/#website","url":"https:\/\/www.visit-ulcinj.com\/blog\/","name":"Lajme nga Ulqini","description":"Lajme,Vijesti,Ulqini,Ulqin,Crna Gora,Mali i Zi","potentialAction":[{"@type":"SearchAction","target":{"@type":"EntryPoint","urlTemplate":"https:\/\/www.visit-ulcinj.com\/blog\/?s={search_term_string}"},"query-input":"required name=search_term_string"}],"inLanguage":"en-US"},{"@type":"ImageObject","inLanguage":"en-US","@id":"https:\/\/www.visit-ulcinj.com\/blog\/2014\/01\/27\/deklaratat-e-mediave-zgjedhje-ne-malin-e-zi-shqiptaret-humbasin-ulqinin\/#primaryimage","url":"https:\/\/www.visit-ulcinj.com\/blog\/wp-content\/uploads\/2014\/01\/Fitorja-e-malazezeve-me-flamur-shqiptar.jpg","contentUrl":"https:\/\/www.visit-ulcinj.com\/blog\/wp-content\/uploads\/2014\/01\/Fitorja-e-malazezeve-me-flamur-shqiptar.jpg","width":640,"height":425},{"@type":"WebPage","@id":"https:\/\/www.visit-ulcinj.com\/blog\/2014\/01\/27\/deklaratat-e-mediave-zgjedhje-ne-malin-e-zi-shqiptaret-humbasin-ulqinin\/#webpage","url":"https:\/\/www.visit-ulcinj.com\/blog\/2014\/01\/27\/deklaratat-e-mediave-zgjedhje-ne-malin-e-zi-shqiptaret-humbasin-ulqinin\/","name":"Deklaratat e Mediave: Zgjedhje n\u00eb Malin e Zi: Shqiptar\u00ebt humbasin Ulqinin - Lajme nga Ulqini","isPartOf":{"@id":"https:\/\/www.visit-ulcinj.com\/blog\/#website"},"primaryImageOfPage":{"@id":"https:\/\/www.visit-ulcinj.com\/blog\/2014\/01\/27\/deklaratat-e-mediave-zgjedhje-ne-malin-e-zi-shqiptaret-humbasin-ulqinin\/#primaryimage"},"datePublished":"2014-01-27T15:00:40+00:00","dateModified":"2014-01-27T15:00:40+00:00","author":{"@id":"https:\/\/www.visit-ulcinj.com\/blog\/#\/schema\/person\/dcab619c614d3038751c63bc2aadc06d"},"description":"Partia e kryeministrit Milo Gjukanovi\u00e7 ka dal\u00eb fitimtare n\u00eb zgjedhjet lokale t\u00eb Ulqinit. Pas p\u00ebrfundimit t\u00eb votave DPS ka marr\u00eb 9 vende, Forca 8, \u201cS\u00eb","breadcrumb":{"@id":"https:\/\/www.visit-ulcinj.com\/blog\/2014\/01\/27\/deklaratat-e-mediave-zgjedhje-ne-malin-e-zi-shqiptaret-humbasin-ulqinin\/#breadcrumb"},"inLanguage":"en-US","potentialAction":[{"@type":"ReadAction","target":["https:\/\/www.visit-ulcinj.com\/blog\/2014\/01\/27\/deklaratat-e-mediave-zgjedhje-ne-malin-e-zi-shqiptaret-humbasin-ulqinin\/"]}]},{"@type":"BreadcrumbList","@id":"https:\/\/www.visit-ulcinj.com\/blog\/2014\/01\/27\/deklaratat-e-mediave-zgjedhje-ne-malin-e-zi-shqiptaret-humbasin-ulqinin\/#breadcrumb","itemListElement":[{"@type":"ListItem","position":1,"name":"Deklaratat e Mediave: Zgjedhje n\u00eb Malin e Zi: Shqiptar\u00ebt humbasin Ulqinin"}]},{"@type":"Person","@id":"https:\/\/www.visit-ulcinj.com\/blog\/#\/schema\/person\/dcab619c614d3038751c63bc2aadc06d","name":"ulqini","sameAs":["http:\/\/www.visit-ulcinj.com"],"url":"https:\/\/www.visit-ulcinj.com\/blog\/author\/admin\/"}]}},"jetpack_featured_media_url":"","jetpack_sharing_enabled":true,"jetpack_shortlink":"https:\/\/wp.me\/pe6lTn-kuw","_links":{"self":[{"href":"https:\/\/www.visit-ulcinj.com\/blog\/wp-json\/wp\/v2\/posts\/78772"}],"collection":[{"href":"https:\/\/www.visit-ulcinj.com\/blog\/wp-json\/wp\/v2\/posts"}],"about":[{"href":"https:\/\/www.visit-ulcinj.com\/blog\/wp-json\/wp\/v2\/types\/post"}],"author":[{"embeddable":true,"href":"https:\/\/www.visit-ulcinj.com\/blog\/wp-json\/wp\/v2\/users\/1"}],"replies":[{"embeddable":true,"href":"https:\/\/www.visit-ulcinj.com\/blog\/wp-json\/wp\/v2\/comments?post=78772"}],"version-history":[{"count":1,"href":"https:\/\/www.visit-ulcinj.com\/blog\/wp-json\/wp\/v2\/posts\/78772\/revisions"}],"predecessor-version":[{"id":78773,"href":"https:\/\/www.visit-ulcinj.com\/blog\/wp-json\/wp\/v2\/posts\/78772\/revisions\/78773"}],"wp:attachment":[{"href":"https:\/\/www.visit-ulcinj.com\/blog\/wp-json\/wp\/v2\/media?parent=78772"}],"wp:term":[{"taxonomy":"category","embeddable":true,"href":"https:\/\/www.visit-ulcinj.com\/blog\/wp-json\/wp\/v2\/categories?post=78772"},{"taxonomy":"post_tag","embeddable":true,"href":"https:\/\/www.visit-ulcinj.com\/blog\/wp-json\/wp\/v2\/tags?post=78772"}],"curies":[{"name":"wp","href":"https:\/\/api.w.org\/{rel}","templated":true}]}}