{"id":78798,"date":"2014-01-27T17:22:18","date_gmt":"2014-01-27T16:22:18","guid":{"rendered":"http:\/\/www.visit-ulcinj.com\/blog\/?p=78798"},"modified":"2014-01-27T17:22:59","modified_gmt":"2014-01-27T16:22:59","slug":"mediat-pas-24-vitesh-ulqini-nuk-do-drejtohet-me-nga-shqiptaret","status":"publish","type":"post","link":"https:\/\/www.visit-ulcinj.com\/blog\/2014\/01\/27\/mediat-pas-24-vitesh-ulqini-nuk-do-drejtohet-me-nga-shqiptaret\/","title":{"rendered":"Mediat: Pas 24 vitesh, Ulqini nuk do drejtohet m\u00eb nga shqiptar\u00ebt"},"content":{"rendered":"<p><a href=\"http:\/\/www.visit-ulcinj.com\/blog\/wp-content\/uploads\/2014\/01\/Fitorja-e-malazezeve-me-flamur-shqiptar-1.jpg\"><img loading=\"lazy\" class=\"alignleft  wp-image-78799\" alt=\"Fitorja-e-malazezeve-me-flamur-shqiptar-1\" src=\"http:\/\/www.visit-ulcinj.com\/blog\/wp-content\/uploads\/2014\/01\/Fitorja-e-malazezeve-me-flamur-shqiptar-1.jpg\" width=\"508\" height=\"360\" \/><\/a>N\u00eb zgjedhjet lokale t\u00eb s\u00eb diel\u00ebs n\u00eb Mal t\u00eb Zi, partia e Milo Gjukanovi\u00e7 ka arritur t\u00eb marr\u00eb m\u00eb shum\u00eb mandate n\u00eb Asamblen\u00eb e Ulqinit.<\/p>\n<p>K\u00ebshtu, pas 24 vjet\u00ebsh, kjo komun\u00eb me shumic\u00eb shqiptare nuk do t\u00eb udh\u00ebhiqet nga nj\u00eb parti shqiptare.<\/p>\n<p>Kryetari i deritanish\u00ebm, Nazif Cungu, ka th\u00ebn\u00eb se nuk e ka pritur humbjen e partis\u00eb s\u00eb tij, Forca e Re Demokratike, e cila ka marr\u00eb tet\u00eb vende n\u00eb Asamble, nd\u00ebrsa partia e Gjukanovi\u00e7 ka marr\u00eb nj\u00eb m\u00eb shum\u00eb.<\/p>\n<p>N\u00eb nj\u00eb deklarat\u00eb t\u00eb partis\u00eb s\u00eb Nazif Cungut thuhet se e pranojn\u00eb humbjen, nd\u00ebrsa do t\u00eb punojn\u00eb q\u00eb n\u00eb zgjedhjet e ardhshme t\u00eb rimarrin pushtetin n\u00eb qytetin e Ulqinit.<\/p>\n<p><i>\u201cZ. Cungu shtoi se padyshim q\u00eb nuk e priste nj\u00eb r\u00ebnie t\u00eb till\u00eb n\u00eb k\u00ebto zgjedhje, por gjithsesi ky rezultat do t\u00eb sh\u00ebrbente si shkoll\u00eb p\u00ebr Forc\u00ebn dhe kjo parti do t\u00eb punonte m\u00eb shum\u00eb e m\u00eb mir\u00eb n\u00eb t\u00eb ardhmen. N\u00eb fund kryetari i Forc\u00ebs deklaroi se pavar\u00ebsisht nga kjo betej\u00eb, lufta e Forc\u00ebs n\u00eb mbrojtjen e interesave t\u00eb shqiptar\u00ebve dhe n\u00eb p\u00ebrmbushjen e programit t\u00eb vet politik nuk do t\u00eb ndalet, por do t\u00eb vazhdoj\u00eb edhe m\u00eb fuqish\u00ebm n\u00eb t\u00eb ardhmen\u201d,<\/i> thuhet n\u00eb deklarat\u00ebn e Forc\u00ebs s\u00eb Re Demokratike.<\/p>\n<p><strong>EXPRESS<\/strong><\/p>\n","protected":false},"excerpt":{"rendered":"<p>N\u00eb zgjedhjet lokale t\u00eb s\u00eb diel\u00ebs n\u00eb Mal t\u00eb Zi, partia e Milo Gjukanovi\u00e7 ka arritur t\u00eb marr\u00eb m\u00eb shum\u00eb mandate n\u00eb Asamblen\u00eb e Ulqinit. K\u00ebshtu, pas 24 vjet\u00ebsh, kjo komun\u00eb me shumic\u00eb shqiptare nuk do t\u00eb udh\u00ebhiqet nga nj\u00eb parti shqiptare. Kryetari i deritanish\u00ebm, Nazif Cungu, ka th\u00ebn\u00eb se nuk e ka pritur humbjen [&hellip;]<\/p>\n","protected":false},"author":1,"featured_media":0,"comment_status":"closed","ping_status":"closed","sticky":false,"template":"","format":"standard","meta":{"spay_email":"","jetpack_publicize_message":"","jetpack_is_tweetstorm":false,"jetpack_publicize_feature_enabled":true},"categories":[3],"tags":[],"jetpack_publicize_connections":[],"yoast_head":"<!-- This site is optimized with the Yoast SEO plugin v19.1 - https:\/\/yoast.com\/wordpress\/plugins\/seo\/ -->\n<title>Mediat: Pas 24 vitesh, Ulqini nuk do drejtohet m\u00eb nga shqiptar\u00ebt - Lajme nga Ulqini<\/title>\n<meta name=\"description\" content=\"N\u00eb zgjedhjet lokale t\u00eb s\u00eb diel\u00ebs n\u00eb Mal t\u00eb Zi, partia e Milo Gjukanovi\u00e7 ka arritur t\u00eb marr\u00eb m\u00eb shum\u00eb mandate n\u00eb Asamblen\u00eb e Ulqinit. K\u00ebshtu, pas 24\" \/>\n<meta name=\"robots\" content=\"index, follow, max-snippet:-1, max-image-preview:large, max-video-preview:-1\" \/>\n<link rel=\"canonical\" href=\"https:\/\/www.visit-ulcinj.com\/blog\/2014\/01\/27\/mediat-pas-24-vitesh-ulqini-nuk-do-drejtohet-me-nga-shqiptaret\/\" \/>\n<meta property=\"og:locale\" content=\"en_US\" \/>\n<meta property=\"og:type\" content=\"article\" \/>\n<meta property=\"og:title\" content=\"Mediat: Pas 24 vitesh, Ulqini nuk do drejtohet m\u00eb nga shqiptar\u00ebt - Lajme nga Ulqini\" \/>\n<meta property=\"og:description\" content=\"N\u00eb zgjedhjet lokale t\u00eb s\u00eb diel\u00ebs n\u00eb Mal t\u00eb Zi, partia e Milo Gjukanovi\u00e7 ka arritur t\u00eb marr\u00eb m\u00eb shum\u00eb mandate n\u00eb Asamblen\u00eb e Ulqinit. K\u00ebshtu, pas 24\" \/>\n<meta property=\"og:url\" content=\"https:\/\/www.visit-ulcinj.com\/blog\/2014\/01\/27\/mediat-pas-24-vitesh-ulqini-nuk-do-drejtohet-me-nga-shqiptaret\/\" \/>\n<meta property=\"og:site_name\" content=\"Lajme nga Ulqini\" \/>\n<meta property=\"article:published_time\" content=\"2014-01-27T16:22:18+00:00\" \/>\n<meta property=\"article:modified_time\" content=\"2014-01-27T16:22:59+00:00\" \/>\n<meta property=\"og:image\" content=\"http:\/\/www.visit-ulcinj.com\/blog\/wp-content\/uploads\/2014\/01\/Fitorja-e-malazezeve-me-flamur-shqiptar-1.jpg\" \/>\n<meta name=\"twitter:label1\" content=\"Written by\" \/>\n\t<meta name=\"twitter:data1\" content=\"ulqini\" \/>\n\t<meta name=\"twitter:label2\" content=\"Est. reading time\" \/>\n\t<meta name=\"twitter:data2\" content=\"1 minute\" \/>\n<script type=\"application\/ld+json\" class=\"yoast-schema-graph\">{\"@context\":\"https:\/\/schema.org\",\"@graph\":[{\"@type\":\"WebSite\",\"@id\":\"https:\/\/www.visit-ulcinj.com\/blog\/#website\",\"url\":\"https:\/\/www.visit-ulcinj.com\/blog\/\",\"name\":\"Lajme nga Ulqini\",\"description\":\"Lajme,Vijesti,Ulqini,Ulqin,Crna Gora,Mali i Zi\",\"potentialAction\":[{\"@type\":\"SearchAction\",\"target\":{\"@type\":\"EntryPoint\",\"urlTemplate\":\"https:\/\/www.visit-ulcinj.com\/blog\/?s={search_term_string}\"},\"query-input\":\"required name=search_term_string\"}],\"inLanguage\":\"en-US\"},{\"@type\":\"ImageObject\",\"inLanguage\":\"en-US\",\"@id\":\"https:\/\/www.visit-ulcinj.com\/blog\/2014\/01\/27\/mediat-pas-24-vitesh-ulqini-nuk-do-drejtohet-me-nga-shqiptaret\/#primaryimage\",\"url\":\"https:\/\/www.visit-ulcinj.com\/blog\/wp-content\/uploads\/2014\/01\/Fitorja-e-malazezeve-me-flamur-shqiptar-1.jpg\",\"contentUrl\":\"https:\/\/www.visit-ulcinj.com\/blog\/wp-content\/uploads\/2014\/01\/Fitorja-e-malazezeve-me-flamur-shqiptar-1.jpg\",\"width\":640,\"height\":425},{\"@type\":\"WebPage\",\"@id\":\"https:\/\/www.visit-ulcinj.com\/blog\/2014\/01\/27\/mediat-pas-24-vitesh-ulqini-nuk-do-drejtohet-me-nga-shqiptaret\/#webpage\",\"url\":\"https:\/\/www.visit-ulcinj.com\/blog\/2014\/01\/27\/mediat-pas-24-vitesh-ulqini-nuk-do-drejtohet-me-nga-shqiptaret\/\",\"name\":\"Mediat: Pas 24 vitesh, Ulqini nuk do drejtohet m\u00eb nga shqiptar\u00ebt - Lajme nga Ulqini\",\"isPartOf\":{\"@id\":\"https:\/\/www.visit-ulcinj.com\/blog\/#website\"},\"primaryImageOfPage\":{\"@id\":\"https:\/\/www.visit-ulcinj.com\/blog\/2014\/01\/27\/mediat-pas-24-vitesh-ulqini-nuk-do-drejtohet-me-nga-shqiptaret\/#primaryimage\"},\"datePublished\":\"2014-01-27T16:22:18+00:00\",\"dateModified\":\"2014-01-27T16:22:59+00:00\",\"author\":{\"@id\":\"https:\/\/www.visit-ulcinj.com\/blog\/#\/schema\/person\/dcab619c614d3038751c63bc2aadc06d\"},\"description\":\"N\u00eb zgjedhjet lokale t\u00eb s\u00eb diel\u00ebs n\u00eb Mal t\u00eb Zi, partia e Milo Gjukanovi\u00e7 ka arritur t\u00eb marr\u00eb m\u00eb shum\u00eb mandate n\u00eb Asamblen\u00eb e Ulqinit. K\u00ebshtu, pas 24\",\"breadcrumb\":{\"@id\":\"https:\/\/www.visit-ulcinj.com\/blog\/2014\/01\/27\/mediat-pas-24-vitesh-ulqini-nuk-do-drejtohet-me-nga-shqiptaret\/#breadcrumb\"},\"inLanguage\":\"en-US\",\"potentialAction\":[{\"@type\":\"ReadAction\",\"target\":[\"https:\/\/www.visit-ulcinj.com\/blog\/2014\/01\/27\/mediat-pas-24-vitesh-ulqini-nuk-do-drejtohet-me-nga-shqiptaret\/\"]}]},{\"@type\":\"BreadcrumbList\",\"@id\":\"https:\/\/www.visit-ulcinj.com\/blog\/2014\/01\/27\/mediat-pas-24-vitesh-ulqini-nuk-do-drejtohet-me-nga-shqiptaret\/#breadcrumb\",\"itemListElement\":[{\"@type\":\"ListItem\",\"position\":1,\"name\":\"Mediat: Pas 24 vitesh, Ulqini nuk do drejtohet m\u00eb nga shqiptar\u00ebt\"}]},{\"@type\":\"Person\",\"@id\":\"https:\/\/www.visit-ulcinj.com\/blog\/#\/schema\/person\/dcab619c614d3038751c63bc2aadc06d\",\"name\":\"ulqini\",\"sameAs\":[\"http:\/\/www.visit-ulcinj.com\"],\"url\":\"https:\/\/www.visit-ulcinj.com\/blog\/author\/admin\/\"}]}<\/script>\n<!-- \/ Yoast SEO plugin. -->","yoast_head_json":{"title":"Mediat: Pas 24 vitesh, Ulqini nuk do drejtohet m\u00eb nga shqiptar\u00ebt - Lajme nga Ulqini","description":"N\u00eb zgjedhjet lokale t\u00eb s\u00eb diel\u00ebs n\u00eb Mal t\u00eb Zi, partia e Milo Gjukanovi\u00e7 ka arritur t\u00eb marr\u00eb m\u00eb shum\u00eb mandate n\u00eb Asamblen\u00eb e Ulqinit. K\u00ebshtu, pas 24","robots":{"index":"index","follow":"follow","max-snippet":"max-snippet:-1","max-image-preview":"max-image-preview:large","max-video-preview":"max-video-preview:-1"},"canonical":"https:\/\/www.visit-ulcinj.com\/blog\/2014\/01\/27\/mediat-pas-24-vitesh-ulqini-nuk-do-drejtohet-me-nga-shqiptaret\/","og_locale":"en_US","og_type":"article","og_title":"Mediat: Pas 24 vitesh, Ulqini nuk do drejtohet m\u00eb nga shqiptar\u00ebt - Lajme nga Ulqini","og_description":"N\u00eb zgjedhjet lokale t\u00eb s\u00eb diel\u00ebs n\u00eb Mal t\u00eb Zi, partia e Milo Gjukanovi\u00e7 ka arritur t\u00eb marr\u00eb m\u00eb shum\u00eb mandate n\u00eb Asamblen\u00eb e Ulqinit. K\u00ebshtu, pas 24","og_url":"https:\/\/www.visit-ulcinj.com\/blog\/2014\/01\/27\/mediat-pas-24-vitesh-ulqini-nuk-do-drejtohet-me-nga-shqiptaret\/","og_site_name":"Lajme nga Ulqini","article_published_time":"2014-01-27T16:22:18+00:00","article_modified_time":"2014-01-27T16:22:59+00:00","og_image":[{"url":"http:\/\/www.visit-ulcinj.com\/blog\/wp-content\/uploads\/2014\/01\/Fitorja-e-malazezeve-me-flamur-shqiptar-1.jpg"}],"twitter_misc":{"Written by":"ulqini","Est. reading time":"1 minute"},"schema":{"@context":"https:\/\/schema.org","@graph":[{"@type":"WebSite","@id":"https:\/\/www.visit-ulcinj.com\/blog\/#website","url":"https:\/\/www.visit-ulcinj.com\/blog\/","name":"Lajme nga Ulqini","description":"Lajme,Vijesti,Ulqini,Ulqin,Crna Gora,Mali i Zi","potentialAction":[{"@type":"SearchAction","target":{"@type":"EntryPoint","urlTemplate":"https:\/\/www.visit-ulcinj.com\/blog\/?s={search_term_string}"},"query-input":"required name=search_term_string"}],"inLanguage":"en-US"},{"@type":"ImageObject","inLanguage":"en-US","@id":"https:\/\/www.visit-ulcinj.com\/blog\/2014\/01\/27\/mediat-pas-24-vitesh-ulqini-nuk-do-drejtohet-me-nga-shqiptaret\/#primaryimage","url":"https:\/\/www.visit-ulcinj.com\/blog\/wp-content\/uploads\/2014\/01\/Fitorja-e-malazezeve-me-flamur-shqiptar-1.jpg","contentUrl":"https:\/\/www.visit-ulcinj.com\/blog\/wp-content\/uploads\/2014\/01\/Fitorja-e-malazezeve-me-flamur-shqiptar-1.jpg","width":640,"height":425},{"@type":"WebPage","@id":"https:\/\/www.visit-ulcinj.com\/blog\/2014\/01\/27\/mediat-pas-24-vitesh-ulqini-nuk-do-drejtohet-me-nga-shqiptaret\/#webpage","url":"https:\/\/www.visit-ulcinj.com\/blog\/2014\/01\/27\/mediat-pas-24-vitesh-ulqini-nuk-do-drejtohet-me-nga-shqiptaret\/","name":"Mediat: Pas 24 vitesh, Ulqini nuk do drejtohet m\u00eb nga shqiptar\u00ebt - Lajme nga Ulqini","isPartOf":{"@id":"https:\/\/www.visit-ulcinj.com\/blog\/#website"},"primaryImageOfPage":{"@id":"https:\/\/www.visit-ulcinj.com\/blog\/2014\/01\/27\/mediat-pas-24-vitesh-ulqini-nuk-do-drejtohet-me-nga-shqiptaret\/#primaryimage"},"datePublished":"2014-01-27T16:22:18+00:00","dateModified":"2014-01-27T16:22:59+00:00","author":{"@id":"https:\/\/www.visit-ulcinj.com\/blog\/#\/schema\/person\/dcab619c614d3038751c63bc2aadc06d"},"description":"N\u00eb zgjedhjet lokale t\u00eb s\u00eb diel\u00ebs n\u00eb Mal t\u00eb Zi, partia e Milo Gjukanovi\u00e7 ka arritur t\u00eb marr\u00eb m\u00eb shum\u00eb mandate n\u00eb Asamblen\u00eb e Ulqinit. K\u00ebshtu, pas 24","breadcrumb":{"@id":"https:\/\/www.visit-ulcinj.com\/blog\/2014\/01\/27\/mediat-pas-24-vitesh-ulqini-nuk-do-drejtohet-me-nga-shqiptaret\/#breadcrumb"},"inLanguage":"en-US","potentialAction":[{"@type":"ReadAction","target":["https:\/\/www.visit-ulcinj.com\/blog\/2014\/01\/27\/mediat-pas-24-vitesh-ulqini-nuk-do-drejtohet-me-nga-shqiptaret\/"]}]},{"@type":"BreadcrumbList","@id":"https:\/\/www.visit-ulcinj.com\/blog\/2014\/01\/27\/mediat-pas-24-vitesh-ulqini-nuk-do-drejtohet-me-nga-shqiptaret\/#breadcrumb","itemListElement":[{"@type":"ListItem","position":1,"name":"Mediat: Pas 24 vitesh, Ulqini nuk do drejtohet m\u00eb nga shqiptar\u00ebt"}]},{"@type":"Person","@id":"https:\/\/www.visit-ulcinj.com\/blog\/#\/schema\/person\/dcab619c614d3038751c63bc2aadc06d","name":"ulqini","sameAs":["http:\/\/www.visit-ulcinj.com"],"url":"https:\/\/www.visit-ulcinj.com\/blog\/author\/admin\/"}]}},"jetpack_featured_media_url":"","jetpack_sharing_enabled":true,"jetpack_shortlink":"https:\/\/wp.me\/pe6lTn-kuW","_links":{"self":[{"href":"https:\/\/www.visit-ulcinj.com\/blog\/wp-json\/wp\/v2\/posts\/78798"}],"collection":[{"href":"https:\/\/www.visit-ulcinj.com\/blog\/wp-json\/wp\/v2\/posts"}],"about":[{"href":"https:\/\/www.visit-ulcinj.com\/blog\/wp-json\/wp\/v2\/types\/post"}],"author":[{"embeddable":true,"href":"https:\/\/www.visit-ulcinj.com\/blog\/wp-json\/wp\/v2\/users\/1"}],"replies":[{"embeddable":true,"href":"https:\/\/www.visit-ulcinj.com\/blog\/wp-json\/wp\/v2\/comments?post=78798"}],"version-history":[{"count":2,"href":"https:\/\/www.visit-ulcinj.com\/blog\/wp-json\/wp\/v2\/posts\/78798\/revisions"}],"predecessor-version":[{"id":78801,"href":"https:\/\/www.visit-ulcinj.com\/blog\/wp-json\/wp\/v2\/posts\/78798\/revisions\/78801"}],"wp:attachment":[{"href":"https:\/\/www.visit-ulcinj.com\/blog\/wp-json\/wp\/v2\/media?parent=78798"}],"wp:term":[{"taxonomy":"category","embeddable":true,"href":"https:\/\/www.visit-ulcinj.com\/blog\/wp-json\/wp\/v2\/categories?post=78798"},{"taxonomy":"post_tag","embeddable":true,"href":"https:\/\/www.visit-ulcinj.com\/blog\/wp-json\/wp\/v2\/tags?post=78798"}],"curies":[{"name":"wp","href":"https:\/\/api.w.org\/{rel}","templated":true}]}}