{"id":78817,"date":"2014-01-27T18:24:21","date_gmt":"2014-01-27T17:24:21","guid":{"rendered":"http:\/\/www.visit-ulcinj.com\/blog\/?p=78817"},"modified":"2014-01-27T20:33:34","modified_gmt":"2014-01-27T19:33:34","slug":"nimanbegu-vlast-u-ulcinju-moguca-bez-dps","status":"publish","type":"post","link":"https:\/\/www.visit-ulcinj.com\/blog\/2014\/01\/27\/nimanbegu-vlast-u-ulcinju-moguca-bez-dps\/","title":{"rendered":"Nimanbegu: Vlast u Ulcinju mogu\u0107a i bez DPS-a &#8211; Video"},"content":{"rendered":"<p><a href=\"http:\/\/www.visit-ulcinj.com\/blog\/wp-content\/uploads\/2014\/01\/GENCI-NIMANBEGU-FORCA.jpg\"><img loading=\"lazy\" class=\"alignleft  wp-image-78818\" alt=\"GENCI-NIMANBEGU-FORCA\" src=\"http:\/\/www.visit-ulcinj.com\/blog\/wp-content\/uploads\/2014\/01\/GENCI-NIMANBEGU-FORCA.jpg\" width=\"508\" height=\"360\" \/><\/a>Forca mo\u017ee da bude u koaliciji u Ulcinju sa partijama koje su uskla\u0111ene sa njenim programom i ciljevima, kazao je funkcioner Force, Genci Nimanbegu, navode\u0107i da je matemati\u010dki mogu\u0107e da albanske stranke formiraju vlast bez Demokratske partije socijalista (DPS).<\/p>\n<p>Prelimirni rezultati pokazuju da je na na izborima u Ulcinju DPS osvojio devet mandata, Forca osam, koalicija Zajedno za budu\u0107nost Ulcinja, koju \u010dine Demokratska partija-Demokratski savez i Perspektiva sedam, DUA tri, SDP i Pozitivna po dva, DF i SNP po mandat.<\/p>\n<p>Nimanbegu je kazao portalu RTCG da Forca nije o\u010dekivala takav izborni rezultat, podsje\u0107aju\u0107i da ta partija ima tri mandata manja u odnosu na prethodne lokalne izbore.<\/p>\n<p>On je ocijenio da je gubitak glasova uzrokovan te\u0161kom situacijom u Op\u0161tini koja je preuvali\u010davana preko nekih medija i politi\u010dkih struktura.<\/p>\n<p>\u201ePrikazivalo se kao da je Forca uzrok lo\u0161eg stanja u gradu, \u0161to nije bilo ta\u010dno i na\u0161 rad nije prepoznat od gra\u0111ana. U odnosu na parlamentarne izbore Forca ima 400 glasova manje, a sino\u0107 nam je falilo 100 glasova za deveti mandat, a razlog za taj manjak je vjerovatno rad drugih partija i raznih struktura na terenu koji su sve radili da Forca ne dobije ve\u0107e povjerenje od gra\u0111ana\u201c, rekao je Nimanbegu.<\/p>\n<p>Upitan da li vjeruje da \u0107e Forca biti dio nove vlasti, i da li su u toj stranci otvoreni za saradnju sa DPS-om, Nimanbegu je rekao da \u0107e Forca svaku budu\u0107u saradnju, pou\u010deni iskustvom iz protekle dvije godine, bazirati na osnovu partijskih ciljeva i programa.<\/p>\n<p>\u201eNe\u0107emo \u017euriti sa izjavama koji su podobni partneri za Forcu. Za nas su podobni svi partneri koji bi radili u skladu sa orjentacijom stranke\u201c, poru\u010dio je Nimanbegu.<\/p>\n<p>On je dodao da su albanske nacionalne partije izgubile \u010detiri mandata u odnosu na prethodni saziv lokalnog parlamenta.<\/p>\n<p>\u201eTo pokazuje da inicijativa partija koje su tra\u017eile da se lokalne izbori odr\u017ee u januaru nije bila korektna. Izbore je trebalo odr\u017eati u aprilu kada \u0107e vjerovatno biti odr\u017eani i u ostalim op\u0161tinama, i tada pritisak raznih struktura na Ulcinjane ne bi bio toliko jak\u201c, naveo je Nimanbegu.<\/p>\n<p>On je kazao i da albanske nacionalne partije, ako se posmatra ukupan broj mandata, mogu formirati vlast, dodaju\u0107i da o toj opciji nije bilo razgovora.<\/p>\n<p>\u201eO toj temi, ukoliko bude bilo potrebe, odlu\u010diva\u0107e organi Force\u201c,rekao je Nimanbegu.<\/p>\n<p><strong>Borislav Vi\u0161nji\u0107<\/strong><\/p>\n<p><strong>Izvor: RTCG<\/strong><\/p>\n<!--YouTube Error: bad URL entered-->\n","protected":false},"excerpt":{"rendered":"<p>Forca mo\u017ee da bude u koaliciji u Ulcinju sa partijama koje su uskla\u0111ene sa njenim programom i ciljevima, kazao je funkcioner Force, Genci Nimanbegu, navode\u0107i da je matemati\u010dki mogu\u0107e da albanske stranke formiraju vlast bez Demokratske partije socijalista (DPS). Prelimirni rezultati pokazuju da je na na izborima u Ulcinju DPS osvojio devet mandata, Forca osam, [&hellip;]<\/p>\n","protected":false},"author":1,"featured_media":0,"comment_status":"closed","ping_status":"closed","sticky":false,"template":"","format":"standard","meta":{"spay_email":"","jetpack_publicize_message":"","jetpack_is_tweetstorm":false,"jetpack_publicize_feature_enabled":true},"categories":[8337],"tags":[],"jetpack_publicize_connections":[],"yoast_head":"<!-- This site is optimized with the Yoast SEO plugin v19.1 - https:\/\/yoast.com\/wordpress\/plugins\/seo\/ -->\n<title>Nimanbegu: Vlast u Ulcinju mogu\u0107a i bez DPS-a - Video - Lajme nga Ulqini<\/title>\n<meta name=\"description\" content=\"Forca mo\u017ee da bude u koaliciji u Ulcinju sa partijama koje su uskla\u0111ene sa njenim programom i ciljevima, kazao je funkcioner Force, Genci Nimanbegu,\" \/>\n<meta name=\"robots\" content=\"index, follow, max-snippet:-1, max-image-preview:large, max-video-preview:-1\" \/>\n<link rel=\"canonical\" href=\"https:\/\/www.visit-ulcinj.com\/blog\/2014\/01\/27\/nimanbegu-vlast-u-ulcinju-moguca-bez-dps\/\" \/>\n<meta property=\"og:locale\" content=\"en_US\" \/>\n<meta property=\"og:type\" content=\"article\" \/>\n<meta property=\"og:title\" content=\"Nimanbegu: Vlast u Ulcinju mogu\u0107a i bez DPS-a - Video - Lajme nga Ulqini\" \/>\n<meta property=\"og:description\" content=\"Forca mo\u017ee da bude u koaliciji u Ulcinju sa partijama koje su uskla\u0111ene sa njenim programom i ciljevima, kazao je funkcioner Force, Genci Nimanbegu,\" \/>\n<meta property=\"og:url\" content=\"https:\/\/www.visit-ulcinj.com\/blog\/2014\/01\/27\/nimanbegu-vlast-u-ulcinju-moguca-bez-dps\/\" \/>\n<meta property=\"og:site_name\" content=\"Lajme nga Ulqini\" \/>\n<meta property=\"article:published_time\" content=\"2014-01-27T17:24:21+00:00\" \/>\n<meta property=\"article:modified_time\" content=\"2014-01-27T19:33:34+00:00\" \/>\n<meta property=\"og:image\" content=\"http:\/\/www.visit-ulcinj.com\/blog\/wp-content\/uploads\/2014\/01\/GENCI-NIMANBEGU-FORCA.jpg\" \/>\n<meta name=\"twitter:label1\" content=\"Written by\" \/>\n\t<meta name=\"twitter:data1\" content=\"ulqini\" \/>\n\t<meta name=\"twitter:label2\" content=\"Est. reading time\" \/>\n\t<meta name=\"twitter:data2\" content=\"2 minutes\" \/>\n<script type=\"application\/ld+json\" class=\"yoast-schema-graph\">{\"@context\":\"https:\/\/schema.org\",\"@graph\":[{\"@type\":\"WebSite\",\"@id\":\"https:\/\/www.visit-ulcinj.com\/blog\/#website\",\"url\":\"https:\/\/www.visit-ulcinj.com\/blog\/\",\"name\":\"Lajme nga Ulqini\",\"description\":\"Lajme,Vijesti,Ulqini,Ulqin,Crna Gora,Mali i Zi\",\"potentialAction\":[{\"@type\":\"SearchAction\",\"target\":{\"@type\":\"EntryPoint\",\"urlTemplate\":\"https:\/\/www.visit-ulcinj.com\/blog\/?s={search_term_string}\"},\"query-input\":\"required name=search_term_string\"}],\"inLanguage\":\"en-US\"},{\"@type\":\"ImageObject\",\"inLanguage\":\"en-US\",\"@id\":\"https:\/\/www.visit-ulcinj.com\/blog\/2014\/01\/27\/nimanbegu-vlast-u-ulcinju-moguca-bez-dps\/#primaryimage\",\"url\":\"https:\/\/www.visit-ulcinj.com\/blog\/wp-content\/uploads\/2014\/01\/GENCI-NIMANBEGU-FORCA.jpg\",\"contentUrl\":\"https:\/\/www.visit-ulcinj.com\/blog\/wp-content\/uploads\/2014\/01\/GENCI-NIMANBEGU-FORCA.jpg\",\"width\":639,\"height\":558},{\"@type\":\"WebPage\",\"@id\":\"https:\/\/www.visit-ulcinj.com\/blog\/2014\/01\/27\/nimanbegu-vlast-u-ulcinju-moguca-bez-dps\/#webpage\",\"url\":\"https:\/\/www.visit-ulcinj.com\/blog\/2014\/01\/27\/nimanbegu-vlast-u-ulcinju-moguca-bez-dps\/\",\"name\":\"Nimanbegu: Vlast u Ulcinju mogu\u0107a i bez DPS-a - Video - Lajme nga Ulqini\",\"isPartOf\":{\"@id\":\"https:\/\/www.visit-ulcinj.com\/blog\/#website\"},\"primaryImageOfPage\":{\"@id\":\"https:\/\/www.visit-ulcinj.com\/blog\/2014\/01\/27\/nimanbegu-vlast-u-ulcinju-moguca-bez-dps\/#primaryimage\"},\"datePublished\":\"2014-01-27T17:24:21+00:00\",\"dateModified\":\"2014-01-27T19:33:34+00:00\",\"author\":{\"@id\":\"https:\/\/www.visit-ulcinj.com\/blog\/#\/schema\/person\/dcab619c614d3038751c63bc2aadc06d\"},\"description\":\"Forca mo\u017ee da bude u koaliciji u Ulcinju sa partijama koje su uskla\u0111ene sa njenim programom i ciljevima, kazao je funkcioner Force, Genci Nimanbegu,\",\"breadcrumb\":{\"@id\":\"https:\/\/www.visit-ulcinj.com\/blog\/2014\/01\/27\/nimanbegu-vlast-u-ulcinju-moguca-bez-dps\/#breadcrumb\"},\"inLanguage\":\"en-US\",\"potentialAction\":[{\"@type\":\"ReadAction\",\"target\":[\"https:\/\/www.visit-ulcinj.com\/blog\/2014\/01\/27\/nimanbegu-vlast-u-ulcinju-moguca-bez-dps\/\"]}]},{\"@type\":\"BreadcrumbList\",\"@id\":\"https:\/\/www.visit-ulcinj.com\/blog\/2014\/01\/27\/nimanbegu-vlast-u-ulcinju-moguca-bez-dps\/#breadcrumb\",\"itemListElement\":[{\"@type\":\"ListItem\",\"position\":1,\"name\":\"Nimanbegu: Vlast u Ulcinju mogu\u0107a i bez DPS-a &#8211; Video\"}]},{\"@type\":\"Person\",\"@id\":\"https:\/\/www.visit-ulcinj.com\/blog\/#\/schema\/person\/dcab619c614d3038751c63bc2aadc06d\",\"name\":\"ulqini\",\"sameAs\":[\"http:\/\/www.visit-ulcinj.com\"],\"url\":\"https:\/\/www.visit-ulcinj.com\/blog\/author\/admin\/\"}]}<\/script>\n<!-- \/ Yoast SEO plugin. -->","yoast_head_json":{"title":"Nimanbegu: Vlast u Ulcinju mogu\u0107a i bez DPS-a - Video - Lajme nga Ulqini","description":"Forca mo\u017ee da bude u koaliciji u Ulcinju sa partijama koje su uskla\u0111ene sa njenim programom i ciljevima, kazao je funkcioner Force, Genci Nimanbegu,","robots":{"index":"index","follow":"follow","max-snippet":"max-snippet:-1","max-image-preview":"max-image-preview:large","max-video-preview":"max-video-preview:-1"},"canonical":"https:\/\/www.visit-ulcinj.com\/blog\/2014\/01\/27\/nimanbegu-vlast-u-ulcinju-moguca-bez-dps\/","og_locale":"en_US","og_type":"article","og_title":"Nimanbegu: Vlast u Ulcinju mogu\u0107a i bez DPS-a - Video - Lajme nga Ulqini","og_description":"Forca mo\u017ee da bude u koaliciji u Ulcinju sa partijama koje su uskla\u0111ene sa njenim programom i ciljevima, kazao je funkcioner Force, Genci Nimanbegu,","og_url":"https:\/\/www.visit-ulcinj.com\/blog\/2014\/01\/27\/nimanbegu-vlast-u-ulcinju-moguca-bez-dps\/","og_site_name":"Lajme nga Ulqini","article_published_time":"2014-01-27T17:24:21+00:00","article_modified_time":"2014-01-27T19:33:34+00:00","og_image":[{"url":"http:\/\/www.visit-ulcinj.com\/blog\/wp-content\/uploads\/2014\/01\/GENCI-NIMANBEGU-FORCA.jpg"}],"twitter_misc":{"Written by":"ulqini","Est. reading time":"2 minutes"},"schema":{"@context":"https:\/\/schema.org","@graph":[{"@type":"WebSite","@id":"https:\/\/www.visit-ulcinj.com\/blog\/#website","url":"https:\/\/www.visit-ulcinj.com\/blog\/","name":"Lajme nga Ulqini","description":"Lajme,Vijesti,Ulqini,Ulqin,Crna Gora,Mali i Zi","potentialAction":[{"@type":"SearchAction","target":{"@type":"EntryPoint","urlTemplate":"https:\/\/www.visit-ulcinj.com\/blog\/?s={search_term_string}"},"query-input":"required name=search_term_string"}],"inLanguage":"en-US"},{"@type":"ImageObject","inLanguage":"en-US","@id":"https:\/\/www.visit-ulcinj.com\/blog\/2014\/01\/27\/nimanbegu-vlast-u-ulcinju-moguca-bez-dps\/#primaryimage","url":"https:\/\/www.visit-ulcinj.com\/blog\/wp-content\/uploads\/2014\/01\/GENCI-NIMANBEGU-FORCA.jpg","contentUrl":"https:\/\/www.visit-ulcinj.com\/blog\/wp-content\/uploads\/2014\/01\/GENCI-NIMANBEGU-FORCA.jpg","width":639,"height":558},{"@type":"WebPage","@id":"https:\/\/www.visit-ulcinj.com\/blog\/2014\/01\/27\/nimanbegu-vlast-u-ulcinju-moguca-bez-dps\/#webpage","url":"https:\/\/www.visit-ulcinj.com\/blog\/2014\/01\/27\/nimanbegu-vlast-u-ulcinju-moguca-bez-dps\/","name":"Nimanbegu: Vlast u Ulcinju mogu\u0107a i bez DPS-a - Video - Lajme nga Ulqini","isPartOf":{"@id":"https:\/\/www.visit-ulcinj.com\/blog\/#website"},"primaryImageOfPage":{"@id":"https:\/\/www.visit-ulcinj.com\/blog\/2014\/01\/27\/nimanbegu-vlast-u-ulcinju-moguca-bez-dps\/#primaryimage"},"datePublished":"2014-01-27T17:24:21+00:00","dateModified":"2014-01-27T19:33:34+00:00","author":{"@id":"https:\/\/www.visit-ulcinj.com\/blog\/#\/schema\/person\/dcab619c614d3038751c63bc2aadc06d"},"description":"Forca mo\u017ee da bude u koaliciji u Ulcinju sa partijama koje su uskla\u0111ene sa njenim programom i ciljevima, kazao je funkcioner Force, Genci Nimanbegu,","breadcrumb":{"@id":"https:\/\/www.visit-ulcinj.com\/blog\/2014\/01\/27\/nimanbegu-vlast-u-ulcinju-moguca-bez-dps\/#breadcrumb"},"inLanguage":"en-US","potentialAction":[{"@type":"ReadAction","target":["https:\/\/www.visit-ulcinj.com\/blog\/2014\/01\/27\/nimanbegu-vlast-u-ulcinju-moguca-bez-dps\/"]}]},{"@type":"BreadcrumbList","@id":"https:\/\/www.visit-ulcinj.com\/blog\/2014\/01\/27\/nimanbegu-vlast-u-ulcinju-moguca-bez-dps\/#breadcrumb","itemListElement":[{"@type":"ListItem","position":1,"name":"Nimanbegu: Vlast u Ulcinju mogu\u0107a i bez DPS-a &#8211; Video"}]},{"@type":"Person","@id":"https:\/\/www.visit-ulcinj.com\/blog\/#\/schema\/person\/dcab619c614d3038751c63bc2aadc06d","name":"ulqini","sameAs":["http:\/\/www.visit-ulcinj.com"],"url":"https:\/\/www.visit-ulcinj.com\/blog\/author\/admin\/"}]}},"jetpack_featured_media_url":"","jetpack_sharing_enabled":true,"jetpack_shortlink":"https:\/\/wp.me\/pe6lTn-kvf","_links":{"self":[{"href":"https:\/\/www.visit-ulcinj.com\/blog\/wp-json\/wp\/v2\/posts\/78817"}],"collection":[{"href":"https:\/\/www.visit-ulcinj.com\/blog\/wp-json\/wp\/v2\/posts"}],"about":[{"href":"https:\/\/www.visit-ulcinj.com\/blog\/wp-json\/wp\/v2\/types\/post"}],"author":[{"embeddable":true,"href":"https:\/\/www.visit-ulcinj.com\/blog\/wp-json\/wp\/v2\/users\/1"}],"replies":[{"embeddable":true,"href":"https:\/\/www.visit-ulcinj.com\/blog\/wp-json\/wp\/v2\/comments?post=78817"}],"version-history":[{"count":2,"href":"https:\/\/www.visit-ulcinj.com\/blog\/wp-json\/wp\/v2\/posts\/78817\/revisions"}],"predecessor-version":[{"id":78838,"href":"https:\/\/www.visit-ulcinj.com\/blog\/wp-json\/wp\/v2\/posts\/78817\/revisions\/78838"}],"wp:attachment":[{"href":"https:\/\/www.visit-ulcinj.com\/blog\/wp-json\/wp\/v2\/media?parent=78817"}],"wp:term":[{"taxonomy":"category","embeddable":true,"href":"https:\/\/www.visit-ulcinj.com\/blog\/wp-json\/wp\/v2\/categories?post=78817"},{"taxonomy":"post_tag","embeddable":true,"href":"https:\/\/www.visit-ulcinj.com\/blog\/wp-json\/wp\/v2\/tags?post=78817"}],"curies":[{"name":"wp","href":"https:\/\/api.w.org\/{rel}","templated":true}]}}