{"id":7884,"date":"2008-12-30T19:32:19","date_gmt":"2008-12-30T18:32:19","guid":{"rendered":"http:\/\/www.visit-ulcinj.com\/blog\/?p=7884"},"modified":"2008-12-30T19:32:19","modified_gmt":"2008-12-30T18:32:19","slug":"ulcinj-porodice-rudovic-i-delic-odgovorile-lutovcu","status":"publish","type":"post","link":"https:\/\/www.visit-ulcinj.com\/blog\/2008\/12\/30\/ulcinj-porodice-rudovic-i-delic-odgovorile-lutovcu\/","title":{"rendered":"Ulcinj: Porodice Rudovi? i Deli? odgovorile Lutovcu"},"content":{"rendered":"<p><img loading=\"lazy\" class=\"alignleft size-full wp-image-2692\" title=\"Zef Deliqi\" src=\"http:\/\/www.visit-ulcinj.com\/blog\/wp-content\/uploads\/2008\/08\/zef-deliqi.jpg\" alt=\"Zef Deliqi\" width=\"308\" height=\"232\" \/>Ulcinj &#8211; Porodice Dede, ?oke i Marka Rudovi?a i Zefe Deli?a pozvale su \u201eUlcinjsku rivijeru\u201c da ne svojata njihovu imovinu oduzetu 1950. godine i da se ne mije\u0161a u spor koji povodom toga one vode sa dr\u017eavom.<br \/>\nU reagovanju na tekst \u201eArgumenti se iznose u institucijama\u201c objavljenom u \u201eVijestima\u201c u ponedjeljak, porodice mole ovla\u0161?ene i upravu \u201eUlcinjske rivijere\u201c \u201eda se ne bave neistinama\u201c.<\/p>\n<p>-Imovina na\u0161ih predaka ne vodi se na \u201eUlcinjsku rivijeru\u201c nego na dr\u017eavu. Stoga ta firma nema pravo na imovinu koju nikada nije kupila niti joj je neko poklonio, osim ako se to nije desilo u posljednjih nekoliko dana od kada je zastupa advokat Branislav Lutovac. To je istina i to znaju na\u0161e prve kom\u0161ije sa kojima nemamo spor, kao i svi mje\u0161tani koji nas podr\u017eavaju u naporima da vratimo znojem ste?enu imovinu na\u0161ih predaka- isti?e se u reagovanju.<br \/>\nPodsje?a se da su imovinu sa ku?om davne 1950. godine uzeli komunisti bez bilo kakve nov?ane nadoknade ili kompenzacije radi formiranja poljoprivredne zadruge \u201eDobro Jadrana\u201c.<\/p>\n<p>-Ideja je propala, a imovina nije privedena namjeni zbog koje je oduzeta. Na\u0161e familije vratile su se na dio posjeda 1968. godine, od kada vodimo spor sa dr\u017eavom. Dio zemlji\u0161ta dr\u017eava nam je vratila 1990. godine i tako djelimi?no ispravila nepravdu. Ostali, ve?i dio, rje\u0161enjem je stavljen je na \u201estand by\u201c do dono\u0161enja saveznih propisa &#8211; pi\u0161e u reagovanju.<\/p>\n<p>Rudovi?i i Deli?i isti?u puno povjerenje u dr\u017eavu i njene institucije i o?ekuju da komisija za povra?aj i obe\u0161te?enje profesionalno i u skladu sa zakonom donese pozitivno rje\u0161enje \u201ekao \u0161to su to uradile i komisije 1990. i 2007. godine\u201c.<br \/>\n&#8211; Svaka dalja prepiska sa \u201eUlcinjskom rivijerom\u201c bila bi suvi\u0161na, jer je o?igledno da oni ne raspola\u017eu pravom nad oduzetom imovinom. Na\u0161e porodice brani?e svoju ?edovinu i ne?e dozvoliti nikom da je otima. Za to imamo podr\u0161ku svih gra?ana, osim Lutovca i njegovih nalogodavaca- ka\u017ee se na kraju reagovanja.<strong><br \/>\nS.A.<br \/>\nIzvor \/ Vijesti<\/strong><\/p>\n<p><strong><!--YouTube Error: bad URL entered--><br \/>\n<\/strong><\/p>\n","protected":false},"excerpt":{"rendered":"<p>Ulcinj &#8211; Porodice Dede, ?oke i Marka Rudovi?a i Zefe Deli?a pozvale su \u201eUlcinjsku rivijeru\u201c da ne svojata njihovu imovinu oduzetu 1950. godine i da se ne mije\u0161a u spor koji povodom toga one vode sa dr\u017eavom. U reagovanju na tekst \u201eArgumenti se iznose u institucijama\u201c objavljenom u \u201eVijestima\u201c u ponedjeljak, porodice mole ovla\u0161?ene i [&hellip;]<\/p>\n","protected":false},"author":1,"featured_media":0,"comment_status":"open","ping_status":"closed","sticky":false,"template":"","format":"standard","meta":{"spay_email":"","jetpack_publicize_message":"","jetpack_is_tweetstorm":false,"jetpack_publicize_feature_enabled":true},"categories":[5],"tags":[5505,5280,20,5282,5507,5504,19,849,5506],"jetpack_publicize_connections":[],"yoast_head":"<!-- This site is optimized with the Yoast SEO plugin v19.1 - https:\/\/yoast.com\/wordpress\/plugins\/seo\/ -->\n<title>Ulcinj: Porodice Rudovi? i Deli? odgovorile Lutovcu - Lajme nga Ulqini<\/title>\n<meta name=\"description\" content=\"Ulcinj - Porodice Dede, ?oke i Marka Rudovi?a i Zefe Deli?a pozvale su \u201eUlcinjsku rivijeru\u201c da ne svojata njihovu imovinu oduzetu 1950. godine i da se ne\" \/>\n<meta name=\"robots\" content=\"index, follow, max-snippet:-1, max-image-preview:large, max-video-preview:-1\" \/>\n<link rel=\"canonical\" href=\"https:\/\/www.visit-ulcinj.com\/blog\/2008\/12\/30\/ulcinj-porodice-rudovic-i-delic-odgovorile-lutovcu\/\" \/>\n<meta property=\"og:locale\" content=\"en_US\" \/>\n<meta property=\"og:type\" content=\"article\" \/>\n<meta property=\"og:title\" content=\"Ulcinj: Porodice Rudovi? i Deli? odgovorile Lutovcu - Lajme nga Ulqini\" \/>\n<meta property=\"og:description\" content=\"Ulcinj - Porodice Dede, ?oke i Marka Rudovi?a i Zefe Deli?a pozvale su \u201eUlcinjsku rivijeru\u201c da ne svojata njihovu imovinu oduzetu 1950. godine i da se ne\" \/>\n<meta property=\"og:url\" content=\"https:\/\/www.visit-ulcinj.com\/blog\/2008\/12\/30\/ulcinj-porodice-rudovic-i-delic-odgovorile-lutovcu\/\" \/>\n<meta property=\"og:site_name\" content=\"Lajme nga Ulqini\" \/>\n<meta property=\"article:published_time\" content=\"2008-12-30T18:32:19+00:00\" \/>\n<meta property=\"og:image\" content=\"http:\/\/www.visit-ulcinj.com\/blog\/wp-content\/uploads\/2008\/08\/zef-deliqi.jpg\" \/>\n<meta name=\"twitter:label1\" content=\"Written by\" \/>\n\t<meta name=\"twitter:data1\" content=\"ulqini\" \/>\n\t<meta name=\"twitter:label2\" content=\"Est. reading time\" \/>\n\t<meta name=\"twitter:data2\" content=\"2 minutes\" \/>\n<script type=\"application\/ld+json\" class=\"yoast-schema-graph\">{\"@context\":\"https:\/\/schema.org\",\"@graph\":[{\"@type\":\"WebSite\",\"@id\":\"https:\/\/www.visit-ulcinj.com\/blog\/#website\",\"url\":\"https:\/\/www.visit-ulcinj.com\/blog\/\",\"name\":\"Lajme nga Ulqini\",\"description\":\"Lajme,Vijesti,Ulqini,Ulqin,Crna Gora,Mali i Zi\",\"potentialAction\":[{\"@type\":\"SearchAction\",\"target\":{\"@type\":\"EntryPoint\",\"urlTemplate\":\"https:\/\/www.visit-ulcinj.com\/blog\/?s={search_term_string}\"},\"query-input\":\"required name=search_term_string\"}],\"inLanguage\":\"en-US\"},{\"@type\":\"ImageObject\",\"inLanguage\":\"en-US\",\"@id\":\"https:\/\/www.visit-ulcinj.com\/blog\/2008\/12\/30\/ulcinj-porodice-rudovic-i-delic-odgovorile-lutovcu\/#primaryimage\",\"url\":\"http:\/\/www.visit-ulcinj.com\/blog\/wp-content\/uploads\/2008\/08\/zef-deliqi.jpg\",\"contentUrl\":\"http:\/\/www.visit-ulcinj.com\/blog\/wp-content\/uploads\/2008\/08\/zef-deliqi.jpg\"},{\"@type\":\"WebPage\",\"@id\":\"https:\/\/www.visit-ulcinj.com\/blog\/2008\/12\/30\/ulcinj-porodice-rudovic-i-delic-odgovorile-lutovcu\/#webpage\",\"url\":\"https:\/\/www.visit-ulcinj.com\/blog\/2008\/12\/30\/ulcinj-porodice-rudovic-i-delic-odgovorile-lutovcu\/\",\"name\":\"Ulcinj: Porodice Rudovi? i Deli? odgovorile Lutovcu - Lajme nga Ulqini\",\"isPartOf\":{\"@id\":\"https:\/\/www.visit-ulcinj.com\/blog\/#website\"},\"primaryImageOfPage\":{\"@id\":\"https:\/\/www.visit-ulcinj.com\/blog\/2008\/12\/30\/ulcinj-porodice-rudovic-i-delic-odgovorile-lutovcu\/#primaryimage\"},\"datePublished\":\"2008-12-30T18:32:19+00:00\",\"dateModified\":\"2008-12-30T18:32:19+00:00\",\"author\":{\"@id\":\"https:\/\/www.visit-ulcinj.com\/blog\/#\/schema\/person\/dcab619c614d3038751c63bc2aadc06d\"},\"description\":\"Ulcinj - Porodice Dede, ?oke i Marka Rudovi?a i Zefe Deli?a pozvale su \u201eUlcinjsku rivijeru\u201c da ne svojata njihovu imovinu oduzetu 1950. godine i da se ne\",\"breadcrumb\":{\"@id\":\"https:\/\/www.visit-ulcinj.com\/blog\/2008\/12\/30\/ulcinj-porodice-rudovic-i-delic-odgovorile-lutovcu\/#breadcrumb\"},\"inLanguage\":\"en-US\",\"potentialAction\":[{\"@type\":\"ReadAction\",\"target\":[\"https:\/\/www.visit-ulcinj.com\/blog\/2008\/12\/30\/ulcinj-porodice-rudovic-i-delic-odgovorile-lutovcu\/\"]}]},{\"@type\":\"BreadcrumbList\",\"@id\":\"https:\/\/www.visit-ulcinj.com\/blog\/2008\/12\/30\/ulcinj-porodice-rudovic-i-delic-odgovorile-lutovcu\/#breadcrumb\",\"itemListElement\":[{\"@type\":\"ListItem\",\"position\":1,\"name\":\"Ulcinj: Porodice Rudovi? i Deli? odgovorile Lutovcu\"}]},{\"@type\":\"Person\",\"@id\":\"https:\/\/www.visit-ulcinj.com\/blog\/#\/schema\/person\/dcab619c614d3038751c63bc2aadc06d\",\"name\":\"ulqini\",\"sameAs\":[\"http:\/\/www.visit-ulcinj.com\"],\"url\":\"https:\/\/www.visit-ulcinj.com\/blog\/author\/admin\/\"}]}<\/script>\n<!-- \/ Yoast SEO plugin. -->","yoast_head_json":{"title":"Ulcinj: Porodice Rudovi? i Deli? odgovorile Lutovcu - Lajme nga Ulqini","description":"Ulcinj - Porodice Dede, ?oke i Marka Rudovi?a i Zefe Deli?a pozvale su \u201eUlcinjsku rivijeru\u201c da ne svojata njihovu imovinu oduzetu 1950. godine i da se ne","robots":{"index":"index","follow":"follow","max-snippet":"max-snippet:-1","max-image-preview":"max-image-preview:large","max-video-preview":"max-video-preview:-1"},"canonical":"https:\/\/www.visit-ulcinj.com\/blog\/2008\/12\/30\/ulcinj-porodice-rudovic-i-delic-odgovorile-lutovcu\/","og_locale":"en_US","og_type":"article","og_title":"Ulcinj: Porodice Rudovi? i Deli? odgovorile Lutovcu - Lajme nga Ulqini","og_description":"Ulcinj - Porodice Dede, ?oke i Marka Rudovi?a i Zefe Deli?a pozvale su \u201eUlcinjsku rivijeru\u201c da ne svojata njihovu imovinu oduzetu 1950. godine i da se ne","og_url":"https:\/\/www.visit-ulcinj.com\/blog\/2008\/12\/30\/ulcinj-porodice-rudovic-i-delic-odgovorile-lutovcu\/","og_site_name":"Lajme nga Ulqini","article_published_time":"2008-12-30T18:32:19+00:00","og_image":[{"url":"http:\/\/www.visit-ulcinj.com\/blog\/wp-content\/uploads\/2008\/08\/zef-deliqi.jpg"}],"twitter_misc":{"Written by":"ulqini","Est. reading time":"2 minutes"},"schema":{"@context":"https:\/\/schema.org","@graph":[{"@type":"WebSite","@id":"https:\/\/www.visit-ulcinj.com\/blog\/#website","url":"https:\/\/www.visit-ulcinj.com\/blog\/","name":"Lajme nga Ulqini","description":"Lajme,Vijesti,Ulqini,Ulqin,Crna Gora,Mali i Zi","potentialAction":[{"@type":"SearchAction","target":{"@type":"EntryPoint","urlTemplate":"https:\/\/www.visit-ulcinj.com\/blog\/?s={search_term_string}"},"query-input":"required name=search_term_string"}],"inLanguage":"en-US"},{"@type":"ImageObject","inLanguage":"en-US","@id":"https:\/\/www.visit-ulcinj.com\/blog\/2008\/12\/30\/ulcinj-porodice-rudovic-i-delic-odgovorile-lutovcu\/#primaryimage","url":"http:\/\/www.visit-ulcinj.com\/blog\/wp-content\/uploads\/2008\/08\/zef-deliqi.jpg","contentUrl":"http:\/\/www.visit-ulcinj.com\/blog\/wp-content\/uploads\/2008\/08\/zef-deliqi.jpg"},{"@type":"WebPage","@id":"https:\/\/www.visit-ulcinj.com\/blog\/2008\/12\/30\/ulcinj-porodice-rudovic-i-delic-odgovorile-lutovcu\/#webpage","url":"https:\/\/www.visit-ulcinj.com\/blog\/2008\/12\/30\/ulcinj-porodice-rudovic-i-delic-odgovorile-lutovcu\/","name":"Ulcinj: Porodice Rudovi? i Deli? odgovorile Lutovcu - Lajme nga Ulqini","isPartOf":{"@id":"https:\/\/www.visit-ulcinj.com\/blog\/#website"},"primaryImageOfPage":{"@id":"https:\/\/www.visit-ulcinj.com\/blog\/2008\/12\/30\/ulcinj-porodice-rudovic-i-delic-odgovorile-lutovcu\/#primaryimage"},"datePublished":"2008-12-30T18:32:19+00:00","dateModified":"2008-12-30T18:32:19+00:00","author":{"@id":"https:\/\/www.visit-ulcinj.com\/blog\/#\/schema\/person\/dcab619c614d3038751c63bc2aadc06d"},"description":"Ulcinj - Porodice Dede, ?oke i Marka Rudovi?a i Zefe Deli?a pozvale su \u201eUlcinjsku rivijeru\u201c da ne svojata njihovu imovinu oduzetu 1950. godine i da se ne","breadcrumb":{"@id":"https:\/\/www.visit-ulcinj.com\/blog\/2008\/12\/30\/ulcinj-porodice-rudovic-i-delic-odgovorile-lutovcu\/#breadcrumb"},"inLanguage":"en-US","potentialAction":[{"@type":"ReadAction","target":["https:\/\/www.visit-ulcinj.com\/blog\/2008\/12\/30\/ulcinj-porodice-rudovic-i-delic-odgovorile-lutovcu\/"]}]},{"@type":"BreadcrumbList","@id":"https:\/\/www.visit-ulcinj.com\/blog\/2008\/12\/30\/ulcinj-porodice-rudovic-i-delic-odgovorile-lutovcu\/#breadcrumb","itemListElement":[{"@type":"ListItem","position":1,"name":"Ulcinj: Porodice Rudovi? i Deli? odgovorile Lutovcu"}]},{"@type":"Person","@id":"https:\/\/www.visit-ulcinj.com\/blog\/#\/schema\/person\/dcab619c614d3038751c63bc2aadc06d","name":"ulqini","sameAs":["http:\/\/www.visit-ulcinj.com"],"url":"https:\/\/www.visit-ulcinj.com\/blog\/author\/admin\/"}]}},"jetpack_featured_media_url":"","jetpack_sharing_enabled":true,"jetpack_shortlink":"https:\/\/wp.me\/pe6lTn-23a","_links":{"self":[{"href":"https:\/\/www.visit-ulcinj.com\/blog\/wp-json\/wp\/v2\/posts\/7884"}],"collection":[{"href":"https:\/\/www.visit-ulcinj.com\/blog\/wp-json\/wp\/v2\/posts"}],"about":[{"href":"https:\/\/www.visit-ulcinj.com\/blog\/wp-json\/wp\/v2\/types\/post"}],"author":[{"embeddable":true,"href":"https:\/\/www.visit-ulcinj.com\/blog\/wp-json\/wp\/v2\/users\/1"}],"replies":[{"embeddable":true,"href":"https:\/\/www.visit-ulcinj.com\/blog\/wp-json\/wp\/v2\/comments?post=7884"}],"version-history":[{"count":0,"href":"https:\/\/www.visit-ulcinj.com\/blog\/wp-json\/wp\/v2\/posts\/7884\/revisions"}],"wp:attachment":[{"href":"https:\/\/www.visit-ulcinj.com\/blog\/wp-json\/wp\/v2\/media?parent=7884"}],"wp:term":[{"taxonomy":"category","embeddable":true,"href":"https:\/\/www.visit-ulcinj.com\/blog\/wp-json\/wp\/v2\/categories?post=7884"},{"taxonomy":"post_tag","embeddable":true,"href":"https:\/\/www.visit-ulcinj.com\/blog\/wp-json\/wp\/v2\/tags?post=7884"}],"curies":[{"name":"wp","href":"https:\/\/api.w.org\/{rel}","templated":true}]}}