{"id":78843,"date":"2014-01-27T22:48:58","date_gmt":"2014-01-27T21:48:58","guid":{"rendered":"http:\/\/www.visit-ulcinj.com\/blog\/?p=78843"},"modified":"2014-01-28T19:27:18","modified_gmt":"2014-01-28T18:27:18","slug":"h-zeneli-gjerat-nuk-ndodhin-rastesisht","status":"publish","type":"post","link":"https:\/\/www.visit-ulcinj.com\/blog\/2014\/01\/27\/h-zeneli-gjerat-nuk-ndodhin-rastesisht\/","title":{"rendered":"Zeneli: Gj\u00ebrat nuk ndodhin Rast\u00ebsisht"},"content":{"rendered":"<p><b><i><a href=\"http:\/\/www.visit-ulcinj.com\/blog\/wp-content\/uploads\/2014\/01\/haxhi-zeneli.jpg\"><img loading=\"lazy\" class=\"alignleft  wp-image-78844\" alt=\"haxhi-zeneli\" src=\"http:\/\/www.visit-ulcinj.com\/blog\/wp-content\/uploads\/2014\/01\/haxhi-zeneli.jpg\" width=\"300\" height=\"250\" \/><\/a>Haxhi Zeneli<\/i><\/b><\/p>\n<p><b><i>Kush ishin t\u00eb paret tan\u00eb? kush jemi neve?<\/i><\/b><\/p>\n<p>P\u00ebr t\u00eb m\u00ebsuar di\u00e7ka nga e historia duhet q\u00eb t\u00eb shikoh\u00ebt mbrapa dhe t\u00eb krahasoh\u00ebt e kaluera me koh\u00ebn n\u00eb t\u00eb cil\u00ebn jetojm\u00eb sot,dhe me an\u00ebn e k\u00ebti krahasimi real mund t\u00eb m\u00ebsojm\u00eb di\u00e7ka.Kur flasim p\u00ebr baballar\u00ebt tan\u00eb ka rend\u00ebsi t\u00eb dime se kush ishin ata dhe medomos q\u00eb duhet t\u00eb p\u00ebrmend\u00ebn meritat e tyre t\u00eb pa mohueshme.T\u00eb par\u00ebt tan\u00eb me mjeshtrin e tyre t\u00eb koh\u00ebs,sot mund ta quejm politk\u00eb,kan\u00eb ditur t\u00eb ruejn traditat dhe identitetin e tyre komb\u00ebtar duke filluar prej aty ku ata e kan\u00eb pasur me af\u00ebr.Pra po fillojm\u00eb aty ku ata e kishin m\u00eb af\u00ebr vet\u00ebs i cili ishte identiteti i tyre personal,ku sllav\u00ebt u munduan t\u00eb tjet\u00ebrsojn identitenin e tyre kombtar por k\u00ebto njerz t\u00eb pa shkolluar \u00a0kan\u00eb gjetur m\u00ebnyr\u00ebn q\u00eb mos ti p\u00ebrdorin inlfuencat shtet\u00ebrore t\u00eb asaj kohe si\u00e7 ka qen\u00eb prapashtesa e mbiemrit-VIQ,por k\u00ebta shqiptar Anamalas e gjet\u00ebn m\u00ebnyr\u00ebn se si t\u00eb ju shmang\u00ebshin k\u00ebtyre grackave,duke mos i p\u00ebrdor\u00eb ato mbiemra n\u00eb jet\u00ebn e p\u00ebrdit\u00ebshme kur \u00a0s\u2019ka qen\u00eb nevoja,por i p\u00ebrdor\u00ebshin emrat e prind\u00ebrve t\u00eb tyre si p.sh.Can Meti,Selim Beqa,Pjet\u00ebr Marku,Mark Luca,Riza Heta,Sylo Isufi e keshtu me rradh\u00eb pra u identifikojshin n\u00eb k\u00ebt\u00eb m\u00ebnyr\u00eb,sepse nuk kishin d\u00ebshir\u00eb ta mbajshin pas vetes k\u00ebt prapashtes\u00eb apo bisht q\u00eb ju kishin ngjitur sllav\u00ebt,n\u00eb mbiemrat e tyre.<\/p>\n<p>Parimi kryesor i k\u00ebtyre prind\u00ebrve tan\u00eb ka qen\u00eb q\u00eb f\u00ebmive t\u00eb tyre pas vdekjes mos t\u00eb ju l\u00ebjn faqen e zez\u00eb,por t\u00eb trashigojn gjerat m\u00eb t\u00eb mira si\u00e7 d\u00ebshiron nj\u00eb \u00a0prind\u00ebr p\u00ebr f\u00ebmin e vet\u00eb.<\/p>\n<p>Un\u00eb p\u00ebrsonalisht kam\u00eb qen\u00eb dhe jam adhurues i fjal\u00ebve t\u00eb urta popullore q\u00eb ka l\u00ebn\u00eb populli pas tyre dhe jam munduar gjithmon\u00eb t\u00eb m\u00ebsoj nga k\u00ebto fjal\u00eb q\u00eb ata i kishin thurur pasi q\u00eb kan\u00eb pasur ndonj\u00eb p\u00ebrvoj\u00eb t\u00eb hidhur.<\/p>\n<p>Po e nisi me disa fjal\u00eb t\u00eb pleq\u00ebve tan\u00eb nga trevat tona shqiptare t\u0113 An\u00ebs s\u0113 Malit.<\/p>\n<p>Nj\u00eb plak\u00eb i trevave tona shum i njohur p\u00ebr at\u00eb koh\u00eb i quajtur Can Meti cili ka l\u00ebn\u00eb shum thenje t\u00eb urta por po citojm nj\u00eb nga k\u00ebto th\u00ebnje q\u00eb sot mund t\u00eb vih\u00ebn n\u00eb praktik\u00eb,p\u00ebr situat\u00ebn e krijuar n\u00eb trevat tona,p\u00ebr arsy se nganj\u00ebher\u00eb njerzit sa do q\u00eb ju shpjegoh\u00ebn gj\u00ebrat, p\u00ebrs\u00ebri kemi p\u00ebrshtypjen q\u00eb nuk I mbajn n\u00eb mend ose ju duket vetja shum t\u00eb men\u00e7ur sikurse jan\u00eb politikan\u00ebt shqiptar sikurse nuk marrin vesht,ku plaku ka th\u00ebn&#8221;<b><i>Nuk ka ma zori se me i mush mendjen t\u2019marrit&#8221;<\/i><\/b>(t&#8217;\u00e7mendurit).Sa her\u00eb duhet ti shpjegohet ketyre njerz\u00ebve,<b><i>q\u00eb pa bashkim nuk ka fuqi<\/i><\/b>,kurse disa prej tyre mendojn se mund ti b\u00ebjn gj\u00ebrat vetem,t\u00eb cil\u00ebt disa kan\u00eb interesat personale n\u00eb ball\u00eb t\u00eb \u00e7\u2019do agjende,p\u00ebr t\u00eb arritur aty ku ja kan\u00eb vu syrin,dhe kan\u00eb fituar nj\u00eb vet\u00ebbesim t\u00eb tepruar q\u00eb jan\u00eb shum t\u00eb men\u00e7ur dhe b\u00ebhen sikurse i njofin gj\u00ebrat dhe jan\u00eb b\u00ebr\u00eb ekspert n\u00eb fush\u00ebn \u00a0politike dhe nuk pranojn\u00eb k\u00ebshilla nga askush.<\/p>\n<p>M\u00eb kujtoh\u00ebt nj\u00eb th\u00ebnje babagjyshi tim Selim Beqa edhe ky nj\u00eb plak\u00eb i urt\u00eb i asaj kohe m\u00eb kujtohet prej q\u00eb kur\u00eb isha f\u00ebmi ai p\u00ebrcillte lajmet n\u00ebp\u00ebr mes t\u00eb radio val\u00ebve ku u fliste p\u00ebr politik\u00ebn e asaj kohe,dhe pastaj diskutonte duke b\u00ebr\u00eb bised\u00eb,kush do q\u00eb ishte i pranish\u00ebm po qofshin edhe f\u00ebmit,duke p\u00ebrmendur \u201carren\u201d nj\u00eb pem\u00eb n\u00eb qend\u00ebr t\u00eb Katerkoll\u00ebs ku u b\u00ebnte tregtia dhe thoshte:<b><i>&#8220;Po t\u00eb dalish tek Arra dit\u00ebn e Ejte me shit\u00eb mend edhe nese jan\u00eb p\u00ebr mu ble,nuk vjen askush me i ble,sepse t\u00eb gjith thon\u00eb kena boll e s&#8217;na duhen ma&#8221;<\/i><\/b>. Jo pa q\u00ebllim i p\u00ebrmenda k\u00ebto th\u00ebnje t\u00eb pleq\u00ebve tan\u00eb,ku kemi mjaft,sepse ishin me nj\u00eb p\u00ebrvoj\u00eb jet\u00ebsore m\u00eb t\u00eb madhe ku ata m\u00ebsuan shum\u00eb nga p\u00ebrvoja jet\u00ebsore e tyre,edhe pse ishin t\u00eb pa shkolluar,ata ishin nuhat\u00ebs t\u00eb mir\u00eb grackave e sht\u00ebrore t\u00eb atyre koh\u00ebrave.<\/p>\n<p>Shumica e k\u00ebsaj popullate ishin analfabet por me nj\u00eb nder\u00eb t\u00eb madh dhe faqe t\u00eb bardh\u00eb na i p\u00ebrcoll\u00ebn trevat tona t\u00eb past\u00ebrta gjeri n\u00eb dit\u00ebt tona me nj\u00eb shemb\u00eblltyr\u00eb q\u00eb ne duh\u00ebt t\u00eb mburremi me st\u00ebrgjysh\u00ebrit dhe gjysherit tan\u00eb,ku p\u00ebr fat\u00eb t\u00eb keq ne e injorojm\u00eb t\u00eb kaluar\u00ebn e tyre,q\u00eb mund t\u00eb m\u00ebsojm\u00eb shum\u00eb nga ajo.<\/p>\n<p>Baballar\u00ebt tan\u00eb n\u00eb m\u00ebnyr\u00ebn m\u00eb t\u00eb thjesht\u00eb ato identifikonin politik\u00ebn e asaj p\u00ebriudhe ku e queshin n\u00eb popullor\u00e7e \u2018rrena\u201ddhe nuk vazhdonin m\u00eb gjat\u00eb,kurse sot partit b\u00ebjn\u00eb politik\u00eb me popullin dhe i shkreti popull po i han\u00eb k\u00ebto rrena,m\u00eb mire se baballar\u00ebt e tyre,edhe pse i themi vet\u00ebs &#8220;intelektual&#8221;.Prandaj n\u00ebse ne duhet q\u00eb mos ti l\u00ebjm\u00eb faqen e zez\u00eb gjeneratave pas nesh\u00eb,t\u00eb gjith ne duhet t\u00eb brengodemi se \u00e7far\u00eb po ndodh\u00eb sot me popullin tone,patjet\u00ebr duhet t\u00eb b\u00ebjm\u00eb ate q\u00eb gjenaratat t\u00eb cilat vin\u00eb pas\u00eb nesh t\u00eb mburren me neve ashtu si\u00e7 mburremi ne sot me t\u00eb paret tan\u00eb q\u00eb edhe ata nuk e kishin leht\u00eb t\u00eb q\u00ebndronin \u00a0para stuhive t\u00eb atyre koh\u00ebrave.Faktet tregojn\u00eb se ata e kryen detyr\u00ebn e tyre me nder\u00eb dhe me faqe t\u00eb bardh\u00eb para historis komb\u00ebtare duke mos e shitur veht\u00ebn, token,gjuh\u00ebn dhe asnj\u00eb gj\u00eb t\u00eb shtrejt komb\u00ebtare.Pra si\u00e7 na rrjedhin sot\u00eb pun\u00ebt n\u00eb sken\u00ebn politike komb\u00ebtare n\u00eb trevat tona autoktone n\u00ebn administrimin e Podgoric\u00ebs,e theksoj se nuk kam\u00eb p\u00ebr q\u00ebllim t\u00eb b\u00ebj\u00eb analiz\u00eb t\u00eb gjendjes momentale sepse nuk jam\u00eb analist,por flas\u00eb me intuit\u00ebn e atyre fjal\u00ebve nga pleq\u00ebt tan\u00eb q\u00eb edhe pse nuk kan\u00eb qen\u00eb t\u00eb shkolluar,kan\u00eb dit\u00eb t\u00eb ndajn t\u00eb mir\u00ebn nga e keqa,por kjo se \u00e7ka ndodh\u00eb sot me shqiptar\u00ebt n\u00eb Mal t\u00eb Zi nuk \u00ebsht\u00eb e mir\u00eb,por \u00ebsht\u00eb edhe nj\u00eb rast i mir\u00eb p\u00ebr t\u00eb m\u00ebsuar nga e kaluera dhe gabimet q\u00eb b\u00ebhen nga t\u00eb ashtuquajturit politikan\u00ebt shqiptar,q\u00eb n\u00ebse nuk i ndajn\u00eb anash diferencat personale n\u00eb mes veti p\u00ebr tu bashkuar dhe p\u00ebr t\u00eb udh\u00ebhequr shqiptar\u00ebt ashtu si\u00e7 duhet dhe pa manipulime dhe kusht\u00ebzime t\u00eb llojeve t\u00eb ndryshme,gj\u00ebrat mund t\u00eb evulojn m\u00eb keq dhe topi i bor\u00ebs duke u rrokollisur do t\u00eb sh\u00ebndrrohet n\u00eb ortek vdekje prues per popullin tone i cili do jet\u00eb shkatrrimtar i kultur\u00ebs dhe vlerave tona komb\u00ebtare.<\/p>\n<p>Premtimet e Podgoric\u00ebs ku ishin deri m\u00eb tash?Ulqini u la pas dore tash nj\u00ebzet e ca vite p\u00ebrse prit\u00ebt deri m\u00eb tani?Premtimet e t\u00eb gjitha partive politike ishin po thuaj t\u00eb nj\u00ebjta,&#8221;sa p\u00ebr sy e faqe\u201d,ato ishin p\u00ebr\u00eb interesat p\u00ebrsonale dhe t\u00eb shoq\u00ebrive t\u00eb ngushta t\u00eb tyre.Pra edhe partia e cila fitoj edhe pse esht\u00eb parti e shtetit nuk do bejn\u00eb asgj\u00eb n\u00ebse shikojm\u00eb historin e s\u00eb t\u00eb kaluar\u00ebs s\u00eb tyre,por p\u00ebrs\u00ebri e them edhe kjo u deshte t\u00eb ndodhte,q\u00eb populli t\u00eb bind\u00ebt dhe t\u00eb m\u00ebsoj se s\u2019ka p\u00ebr t\u00eb ndodhur asgj\u00eb edhe tashti,por faji qendron mbi partit shqiptare t\u00eb cilat nuk din t\u00eb udh\u00ebheqin popullin t\u00eb cil\u00ebt nuk i ofruan atyre ate q\u00eb premtuan deri m\u00eb tani,k\u00ebshtu q\u00eb gj\u00ebrat nuk ndodhin rast\u00ebsisht di\u00e7ka patjet\u00ebr duhet t\u00eb dal\u00eb nga kjo.<\/p>\n<p>P\u00ebr ta kuptuar t\u00eb gjith popujt e Malit t\u00eb Zi jo vet\u00ebm shqiptar\u00ebt e theksoj se t\u00eb gjitha partit jan\u00eb nj\u00eb lloj.Mali i Zi \u00ebsht\u00eb n\u00eb kriz\u00eb ekonomike dhe shum pak\u00eb \u00a0mund t\u00eb b\u00ebjn\u00eb dhe pas k\u00ebsaj ata nuk kan\u00eb strategji t\u00eb zhvillimit ekonomik.Mali i Zi nuk ka potencial intelektual te mjaftuesh\u00ebm p\u00ebr ta b\u00ebr\u00eb k\u00ebte,ku \u00ebsht\u00eb p\u00ebr tu habitur q\u00eb nj\u00eb shtet me 650.000 banor\u00eb n\u00ebse krahasojm\u00eb \u00ebsht\u00eb nj\u00eb lagje e New Yorkut,ky shtet ka problem t\u00eb menaxhoh\u00ebt,dhe mund t\u00eb themi lirisht se ka resurse ekonomike,por arsyet e mos suksesit jan\u00eb prej ma t\u00eb nryshm\u00ebve,por m\u00eb kryesorja \u00ebsht\u00eb se ky shtet ka ngelur n\u00eb t\u00eb kaluaren socialo-komuniste t\u00eb cil\u00ebt nuk jan\u00eb zhveshur akoma nga petku komunist q\u00eb ka pasur gjithmon\u00eb si prioritet politik\u00ebn nacionaliste karshi ekonomis s\u00eb zhvillimit t\u00eb vendit.Por megjiate n\u00eb fund shpresojm q\u00eb votuesit shqiptar q\u00eb votuan k\u00ebto parti jo shqiptare kan\u00eb qen\u00eb t\u00eb vet\u00ebdijsh\u00ebm se ku e kan\u00eb dh\u00ebn\u00eb vot\u00ebn e tyre.<\/p>\n<p>Kjo \u00ebsht\u00eb loja politike n\u00eb em\u00ebr t\u00eb demokracis,q\u00eb p\u00ebr popujt t\u00eb ashtuquajtur pakica komb\u00ebtare mund edhe t\u00eb jen\u00eb fatale sepse si manipulim p\u00ebrdor\u00ebt vota e popullit q\u00eb edhe mund t\u00eb blihet p\u00ebr ta n\u00ebnshtruar at\u00eb popull me vet\u00eb vot\u00ebn e ti.Pra tani topi \u00ebsht\u00eb n\u00eb fush\u00ebn e tyre p\u00ebr t\u00eb na befasuar me t\u00eb mirat q\u00eb do ti sjellin popullit Shqiptar t\u00eb k\u00ebtyre trevave,sepse vet\u00ebm kjo do ti laj vot\u00ebn e tyre nga ?\u2026..<\/p>\n<p>&nbsp;<\/p>\n<p>Haxhi Zeneli<\/p>\n<p>Janar,27\/2014<\/p>\n<p>&nbsp;<\/p>\n","protected":false},"excerpt":{"rendered":"<p>Haxhi Zeneli Kush ishin t\u00eb paret tan\u00eb? kush jemi neve? P\u00ebr t\u00eb m\u00ebsuar di\u00e7ka nga e historia duhet q\u00eb t\u00eb shikoh\u00ebt mbrapa dhe t\u00eb krahasoh\u00ebt e kaluera me koh\u00ebn n\u00eb t\u00eb cil\u00ebn jetojm\u00eb sot,dhe me an\u00ebn e k\u00ebti krahasimi real mund t\u00eb m\u00ebsojm\u00eb di\u00e7ka.Kur flasim p\u00ebr baballar\u00ebt tan\u00eb ka rend\u00ebsi t\u00eb dime se kush ishin [&hellip;]<\/p>\n","protected":false},"author":1,"featured_media":0,"comment_status":"closed","ping_status":"closed","sticky":false,"template":"","format":"standard","meta":{"spay_email":"","jetpack_publicize_message":"","jetpack_is_tweetstorm":false,"jetpack_publicize_feature_enabled":true},"categories":[15],"tags":[],"jetpack_publicize_connections":[],"yoast_head":"<!-- This site is optimized with the Yoast SEO plugin v19.1 - https:\/\/yoast.com\/wordpress\/plugins\/seo\/ -->\n<title>Zeneli: Gj\u00ebrat nuk ndodhin Rast\u00ebsisht - Lajme nga Ulqini<\/title>\n<meta name=\"description\" content=\"Haxhi Zeneli Kush ishin t\u00eb paret tan\u00eb? kush jemi neve? P\u00ebr t\u00eb m\u00ebsuar di\u00e7ka nga e historia duhet q\u00eb t\u00eb shikoh\u00ebt mbrapa dhe t\u00eb krahasoh\u00ebt e kaluera me koh\u00ebn\" \/>\n<meta name=\"robots\" content=\"index, follow, max-snippet:-1, max-image-preview:large, max-video-preview:-1\" \/>\n<link rel=\"canonical\" href=\"https:\/\/www.visit-ulcinj.com\/blog\/2014\/01\/27\/h-zeneli-gjerat-nuk-ndodhin-rastesisht\/\" \/>\n<meta property=\"og:locale\" content=\"en_US\" \/>\n<meta property=\"og:type\" content=\"article\" \/>\n<meta property=\"og:title\" content=\"Zeneli: Gj\u00ebrat nuk ndodhin Rast\u00ebsisht - Lajme nga Ulqini\" \/>\n<meta property=\"og:description\" content=\"Haxhi Zeneli Kush ishin t\u00eb paret tan\u00eb? kush jemi neve? P\u00ebr t\u00eb m\u00ebsuar di\u00e7ka nga e historia duhet q\u00eb t\u00eb shikoh\u00ebt mbrapa dhe t\u00eb krahasoh\u00ebt e kaluera me koh\u00ebn\" \/>\n<meta property=\"og:url\" content=\"https:\/\/www.visit-ulcinj.com\/blog\/2014\/01\/27\/h-zeneli-gjerat-nuk-ndodhin-rastesisht\/\" \/>\n<meta property=\"og:site_name\" content=\"Lajme nga Ulqini\" \/>\n<meta property=\"article:published_time\" content=\"2014-01-27T21:48:58+00:00\" \/>\n<meta property=\"article:modified_time\" content=\"2014-01-28T18:27:18+00:00\" \/>\n<meta property=\"og:image\" content=\"http:\/\/www.visit-ulcinj.com\/blog\/wp-content\/uploads\/2014\/01\/haxhi-zeneli.jpg\" \/>\n<meta name=\"twitter:label1\" content=\"Written by\" \/>\n\t<meta name=\"twitter:data1\" content=\"ulqini\" \/>\n\t<meta name=\"twitter:label2\" content=\"Est. reading time\" \/>\n\t<meta name=\"twitter:data2\" content=\"8 minutes\" \/>\n<script type=\"application\/ld+json\" class=\"yoast-schema-graph\">{\"@context\":\"https:\/\/schema.org\",\"@graph\":[{\"@type\":\"WebSite\",\"@id\":\"https:\/\/www.visit-ulcinj.com\/blog\/#website\",\"url\":\"https:\/\/www.visit-ulcinj.com\/blog\/\",\"name\":\"Lajme nga Ulqini\",\"description\":\"Lajme,Vijesti,Ulqini,Ulqin,Crna Gora,Mali i Zi\",\"potentialAction\":[{\"@type\":\"SearchAction\",\"target\":{\"@type\":\"EntryPoint\",\"urlTemplate\":\"https:\/\/www.visit-ulcinj.com\/blog\/?s={search_term_string}\"},\"query-input\":\"required name=search_term_string\"}],\"inLanguage\":\"en-US\"},{\"@type\":\"ImageObject\",\"inLanguage\":\"en-US\",\"@id\":\"https:\/\/www.visit-ulcinj.com\/blog\/2014\/01\/27\/h-zeneli-gjerat-nuk-ndodhin-rastesisht\/#primaryimage\",\"url\":\"https:\/\/www.visit-ulcinj.com\/blog\/wp-content\/uploads\/2014\/01\/haxhi-zeneli.jpg\",\"contentUrl\":\"https:\/\/www.visit-ulcinj.com\/blog\/wp-content\/uploads\/2014\/01\/haxhi-zeneli.jpg\",\"width\":280,\"height\":236},{\"@type\":\"WebPage\",\"@id\":\"https:\/\/www.visit-ulcinj.com\/blog\/2014\/01\/27\/h-zeneli-gjerat-nuk-ndodhin-rastesisht\/#webpage\",\"url\":\"https:\/\/www.visit-ulcinj.com\/blog\/2014\/01\/27\/h-zeneli-gjerat-nuk-ndodhin-rastesisht\/\",\"name\":\"Zeneli: Gj\u00ebrat nuk ndodhin Rast\u00ebsisht - Lajme nga Ulqini\",\"isPartOf\":{\"@id\":\"https:\/\/www.visit-ulcinj.com\/blog\/#website\"},\"primaryImageOfPage\":{\"@id\":\"https:\/\/www.visit-ulcinj.com\/blog\/2014\/01\/27\/h-zeneli-gjerat-nuk-ndodhin-rastesisht\/#primaryimage\"},\"datePublished\":\"2014-01-27T21:48:58+00:00\",\"dateModified\":\"2014-01-28T18:27:18+00:00\",\"author\":{\"@id\":\"https:\/\/www.visit-ulcinj.com\/blog\/#\/schema\/person\/dcab619c614d3038751c63bc2aadc06d\"},\"description\":\"Haxhi Zeneli Kush ishin t\u00eb paret tan\u00eb? kush jemi neve? P\u00ebr t\u00eb m\u00ebsuar di\u00e7ka nga e historia duhet q\u00eb t\u00eb shikoh\u00ebt mbrapa dhe t\u00eb krahasoh\u00ebt e kaluera me koh\u00ebn\",\"breadcrumb\":{\"@id\":\"https:\/\/www.visit-ulcinj.com\/blog\/2014\/01\/27\/h-zeneli-gjerat-nuk-ndodhin-rastesisht\/#breadcrumb\"},\"inLanguage\":\"en-US\",\"potentialAction\":[{\"@type\":\"ReadAction\",\"target\":[\"https:\/\/www.visit-ulcinj.com\/blog\/2014\/01\/27\/h-zeneli-gjerat-nuk-ndodhin-rastesisht\/\"]}]},{\"@type\":\"BreadcrumbList\",\"@id\":\"https:\/\/www.visit-ulcinj.com\/blog\/2014\/01\/27\/h-zeneli-gjerat-nuk-ndodhin-rastesisht\/#breadcrumb\",\"itemListElement\":[{\"@type\":\"ListItem\",\"position\":1,\"name\":\"Zeneli: Gj\u00ebrat nuk ndodhin Rast\u00ebsisht\"}]},{\"@type\":\"Person\",\"@id\":\"https:\/\/www.visit-ulcinj.com\/blog\/#\/schema\/person\/dcab619c614d3038751c63bc2aadc06d\",\"name\":\"ulqini\",\"sameAs\":[\"http:\/\/www.visit-ulcinj.com\"],\"url\":\"https:\/\/www.visit-ulcinj.com\/blog\/author\/admin\/\"}]}<\/script>\n<!-- \/ Yoast SEO plugin. -->","yoast_head_json":{"title":"Zeneli: Gj\u00ebrat nuk ndodhin Rast\u00ebsisht - Lajme nga Ulqini","description":"Haxhi Zeneli Kush ishin t\u00eb paret tan\u00eb? kush jemi neve? P\u00ebr t\u00eb m\u00ebsuar di\u00e7ka nga e historia duhet q\u00eb t\u00eb shikoh\u00ebt mbrapa dhe t\u00eb krahasoh\u00ebt e kaluera me koh\u00ebn","robots":{"index":"index","follow":"follow","max-snippet":"max-snippet:-1","max-image-preview":"max-image-preview:large","max-video-preview":"max-video-preview:-1"},"canonical":"https:\/\/www.visit-ulcinj.com\/blog\/2014\/01\/27\/h-zeneli-gjerat-nuk-ndodhin-rastesisht\/","og_locale":"en_US","og_type":"article","og_title":"Zeneli: Gj\u00ebrat nuk ndodhin Rast\u00ebsisht - Lajme nga Ulqini","og_description":"Haxhi Zeneli Kush ishin t\u00eb paret tan\u00eb? kush jemi neve? P\u00ebr t\u00eb m\u00ebsuar di\u00e7ka nga e historia duhet q\u00eb t\u00eb shikoh\u00ebt mbrapa dhe t\u00eb krahasoh\u00ebt e kaluera me koh\u00ebn","og_url":"https:\/\/www.visit-ulcinj.com\/blog\/2014\/01\/27\/h-zeneli-gjerat-nuk-ndodhin-rastesisht\/","og_site_name":"Lajme nga Ulqini","article_published_time":"2014-01-27T21:48:58+00:00","article_modified_time":"2014-01-28T18:27:18+00:00","og_image":[{"url":"http:\/\/www.visit-ulcinj.com\/blog\/wp-content\/uploads\/2014\/01\/haxhi-zeneli.jpg"}],"twitter_misc":{"Written by":"ulqini","Est. reading time":"8 minutes"},"schema":{"@context":"https:\/\/schema.org","@graph":[{"@type":"WebSite","@id":"https:\/\/www.visit-ulcinj.com\/blog\/#website","url":"https:\/\/www.visit-ulcinj.com\/blog\/","name":"Lajme nga Ulqini","description":"Lajme,Vijesti,Ulqini,Ulqin,Crna Gora,Mali i Zi","potentialAction":[{"@type":"SearchAction","target":{"@type":"EntryPoint","urlTemplate":"https:\/\/www.visit-ulcinj.com\/blog\/?s={search_term_string}"},"query-input":"required name=search_term_string"}],"inLanguage":"en-US"},{"@type":"ImageObject","inLanguage":"en-US","@id":"https:\/\/www.visit-ulcinj.com\/blog\/2014\/01\/27\/h-zeneli-gjerat-nuk-ndodhin-rastesisht\/#primaryimage","url":"https:\/\/www.visit-ulcinj.com\/blog\/wp-content\/uploads\/2014\/01\/haxhi-zeneli.jpg","contentUrl":"https:\/\/www.visit-ulcinj.com\/blog\/wp-content\/uploads\/2014\/01\/haxhi-zeneli.jpg","width":280,"height":236},{"@type":"WebPage","@id":"https:\/\/www.visit-ulcinj.com\/blog\/2014\/01\/27\/h-zeneli-gjerat-nuk-ndodhin-rastesisht\/#webpage","url":"https:\/\/www.visit-ulcinj.com\/blog\/2014\/01\/27\/h-zeneli-gjerat-nuk-ndodhin-rastesisht\/","name":"Zeneli: Gj\u00ebrat nuk ndodhin Rast\u00ebsisht - Lajme nga Ulqini","isPartOf":{"@id":"https:\/\/www.visit-ulcinj.com\/blog\/#website"},"primaryImageOfPage":{"@id":"https:\/\/www.visit-ulcinj.com\/blog\/2014\/01\/27\/h-zeneli-gjerat-nuk-ndodhin-rastesisht\/#primaryimage"},"datePublished":"2014-01-27T21:48:58+00:00","dateModified":"2014-01-28T18:27:18+00:00","author":{"@id":"https:\/\/www.visit-ulcinj.com\/blog\/#\/schema\/person\/dcab619c614d3038751c63bc2aadc06d"},"description":"Haxhi Zeneli Kush ishin t\u00eb paret tan\u00eb? kush jemi neve? P\u00ebr t\u00eb m\u00ebsuar di\u00e7ka nga e historia duhet q\u00eb t\u00eb shikoh\u00ebt mbrapa dhe t\u00eb krahasoh\u00ebt e kaluera me koh\u00ebn","breadcrumb":{"@id":"https:\/\/www.visit-ulcinj.com\/blog\/2014\/01\/27\/h-zeneli-gjerat-nuk-ndodhin-rastesisht\/#breadcrumb"},"inLanguage":"en-US","potentialAction":[{"@type":"ReadAction","target":["https:\/\/www.visit-ulcinj.com\/blog\/2014\/01\/27\/h-zeneli-gjerat-nuk-ndodhin-rastesisht\/"]}]},{"@type":"BreadcrumbList","@id":"https:\/\/www.visit-ulcinj.com\/blog\/2014\/01\/27\/h-zeneli-gjerat-nuk-ndodhin-rastesisht\/#breadcrumb","itemListElement":[{"@type":"ListItem","position":1,"name":"Zeneli: Gj\u00ebrat nuk ndodhin Rast\u00ebsisht"}]},{"@type":"Person","@id":"https:\/\/www.visit-ulcinj.com\/blog\/#\/schema\/person\/dcab619c614d3038751c63bc2aadc06d","name":"ulqini","sameAs":["http:\/\/www.visit-ulcinj.com"],"url":"https:\/\/www.visit-ulcinj.com\/blog\/author\/admin\/"}]}},"jetpack_featured_media_url":"","jetpack_sharing_enabled":true,"jetpack_shortlink":"https:\/\/wp.me\/pe6lTn-kvF","_links":{"self":[{"href":"https:\/\/www.visit-ulcinj.com\/blog\/wp-json\/wp\/v2\/posts\/78843"}],"collection":[{"href":"https:\/\/www.visit-ulcinj.com\/blog\/wp-json\/wp\/v2\/posts"}],"about":[{"href":"https:\/\/www.visit-ulcinj.com\/blog\/wp-json\/wp\/v2\/types\/post"}],"author":[{"embeddable":true,"href":"https:\/\/www.visit-ulcinj.com\/blog\/wp-json\/wp\/v2\/users\/1"}],"replies":[{"embeddable":true,"href":"https:\/\/www.visit-ulcinj.com\/blog\/wp-json\/wp\/v2\/comments?post=78843"}],"version-history":[{"count":2,"href":"https:\/\/www.visit-ulcinj.com\/blog\/wp-json\/wp\/v2\/posts\/78843\/revisions"}],"predecessor-version":[{"id":78846,"href":"https:\/\/www.visit-ulcinj.com\/blog\/wp-json\/wp\/v2\/posts\/78843\/revisions\/78846"}],"wp:attachment":[{"href":"https:\/\/www.visit-ulcinj.com\/blog\/wp-json\/wp\/v2\/media?parent=78843"}],"wp:term":[{"taxonomy":"category","embeddable":true,"href":"https:\/\/www.visit-ulcinj.com\/blog\/wp-json\/wp\/v2\/categories?post=78843"},{"taxonomy":"post_tag","embeddable":true,"href":"https:\/\/www.visit-ulcinj.com\/blog\/wp-json\/wp\/v2\/tags?post=78843"}],"curies":[{"name":"wp","href":"https:\/\/api.w.org\/{rel}","templated":true}]}}