{"id":78857,"date":"2014-01-28T09:39:31","date_gmt":"2014-01-28T08:39:31","guid":{"rendered":"http:\/\/www.visit-ulcinj.com\/blog\/?p=78857"},"modified":"2014-01-28T09:39:31","modified_gmt":"2014-01-28T08:39:31","slug":"tuna-pershendet-ngritje-gishtit-te-mesem","status":"publish","type":"post","link":"https:\/\/www.visit-ulcinj.com\/blog\/2014\/01\/28\/tuna-pershendet-ngritje-gishtit-te-mesem\/","title":{"rendered":"Tuna p\u00ebrsh\u00ebndet me ngritje gishtit te mes\u00ebm"},"content":{"rendered":"<p>Zogu i Tun\u00ebs ka filluar t\u00eb harrohet, por k\u00ebng\u00ebtarja shqiptare nga Maqedonia e ka gjetur nj\u00eb m\u00ebnyr\u00eb t\u00eb re p\u00ebr t\u00eb qen\u00eb n\u00eb qend\u00ebr t\u00eb v\u00ebmendjes. Ajo e ka treguar gishtin e mes\u00ebm. Por, s\u2019dihet se p\u00ebr k\u00eb esht\u00eb.<\/p>\n<p><a href=\"http:\/\/www.visit-ulcinj.com\/blog\/wp-content\/uploads\/2014\/01\/Tuna-pershendet-me-gisht-te-mesem.jpg\"><img loading=\"lazy\" class=\"alignleft  wp-image-78858\" alt=\"Tuna-pershendet me gisht te mesem\" src=\"http:\/\/www.visit-ulcinj.com\/blog\/wp-content\/uploads\/2014\/01\/Tuna-pershendet-me-gisht-te-mesem.jpg\" width=\"508\" height=\"600\" \/><\/a><\/p>\n<p>Nuk ka mjaftuar zogu. Tash, k\u00ebng\u00ebtarja Tuna d\u00ebshiron t\u00eb jet\u00eb n\u00eb qend\u00ebr t\u00eb v\u00ebmendjes me di\u00e7ka tjet\u00ebr. K\u00ebng\u00ebtarja shqiptare nga Maqedonia i ka p\u00ebrsh\u00ebndetur t\u00eb gjith\u00eb me nj\u00eb gjest jo fort t\u00eb k\u00ebndsh\u00ebm, duke e treguar gishtin e mes\u00ebm.<\/p>\n<p>Nuk dihet ende se p\u00ebr k\u00eb ishte kjo \u2018porosi\u2019, por zakonisht yjet e televizionit b\u00ebjn\u00eb gjeste t\u00eb tilla p\u00ebr \u2018haterat\u2019 (ata q\u00eb e urrejn\u00eb).<\/p>\n<p>E dashura e reperit Cozman shihet n\u00eb fotografi me kostumin karakteristik q\u00eb e mbante t\u00eb diel\u00ebn mbr\u00ebma n\u00eb spektaklin garues \u2018X Factor Albania\u2019, ku \u00ebsht\u00eb an\u00ebtare e juris\u00eb, me nj\u00eb bluz\u00eb dhe pantallona t\u00eb shkurt\u00ebr t\u00eb verdh\u00eb, e mb\u00ebshtjell\u00eb e t\u00ebra me nj\u00eb kese.<\/p>\n<p>Lajmi.net<\/p>\n<!--YouTube Error: bad URL entered-->\n<p>&nbsp;<\/p>\n","protected":false},"excerpt":{"rendered":"<p>Zogu i Tun\u00ebs ka filluar t\u00eb harrohet, por k\u00ebng\u00ebtarja shqiptare nga Maqedonia e ka gjetur nj\u00eb m\u00ebnyr\u00eb t\u00eb re p\u00ebr t\u00eb qen\u00eb n\u00eb qend\u00ebr t\u00eb v\u00ebmendjes. Ajo e ka treguar gishtin e mes\u00ebm. Por, s\u2019dihet se p\u00ebr k\u00eb esht\u00eb. Nuk ka mjaftuar zogu. Tash, k\u00ebng\u00ebtarja Tuna d\u00ebshiron t\u00eb jet\u00eb n\u00eb qend\u00ebr t\u00eb v\u00ebmendjes me di\u00e7ka [&hellip;]<\/p>\n","protected":false},"author":1,"featured_media":0,"comment_status":"closed","ping_status":"closed","sticky":false,"template":"","format":"standard","meta":{"spay_email":"","jetpack_publicize_message":"","jetpack_is_tweetstorm":false,"jetpack_publicize_feature_enabled":true},"categories":[1],"tags":[],"jetpack_publicize_connections":[],"yoast_head":"<!-- This site is optimized with the Yoast SEO plugin v19.1 - https:\/\/yoast.com\/wordpress\/plugins\/seo\/ -->\n<title>Tuna p\u00ebrsh\u00ebndet me ngritje gishtit te mes\u00ebm - Lajme nga Ulqini<\/title>\n<meta name=\"description\" content=\"Zogu i Tun\u00ebs ka filluar t\u00eb harrohet, por k\u00ebng\u00ebtarja shqiptare nga Maqedonia e ka gjetur nj\u00eb m\u00ebnyr\u00eb t\u00eb re p\u00ebr t\u00eb qen\u00eb n\u00eb qend\u00ebr t\u00eb v\u00ebmendjes. Ajo e ka\" \/>\n<meta name=\"robots\" content=\"index, follow, max-snippet:-1, max-image-preview:large, max-video-preview:-1\" \/>\n<link rel=\"canonical\" href=\"https:\/\/www.visit-ulcinj.com\/blog\/2014\/01\/28\/tuna-pershendet-ngritje-gishtit-te-mesem\/\" \/>\n<meta property=\"og:locale\" content=\"en_US\" \/>\n<meta property=\"og:type\" content=\"article\" \/>\n<meta property=\"og:title\" content=\"Tuna p\u00ebrsh\u00ebndet me ngritje gishtit te mes\u00ebm - Lajme nga Ulqini\" \/>\n<meta property=\"og:description\" content=\"Zogu i Tun\u00ebs ka filluar t\u00eb harrohet, por k\u00ebng\u00ebtarja shqiptare nga Maqedonia e ka gjetur nj\u00eb m\u00ebnyr\u00eb t\u00eb re p\u00ebr t\u00eb qen\u00eb n\u00eb qend\u00ebr t\u00eb v\u00ebmendjes. Ajo e ka\" \/>\n<meta property=\"og:url\" content=\"https:\/\/www.visit-ulcinj.com\/blog\/2014\/01\/28\/tuna-pershendet-ngritje-gishtit-te-mesem\/\" \/>\n<meta property=\"og:site_name\" content=\"Lajme nga Ulqini\" \/>\n<meta property=\"article:published_time\" content=\"2014-01-28T08:39:31+00:00\" \/>\n<meta property=\"og:image\" content=\"http:\/\/www.visit-ulcinj.com\/blog\/wp-content\/uploads\/2014\/01\/Tuna-pershendet-me-gisht-te-mesem.jpg\" \/>\n<meta name=\"twitter:label1\" content=\"Written by\" \/>\n\t<meta name=\"twitter:data1\" content=\"ulqini\" \/>\n\t<meta name=\"twitter:label2\" content=\"Est. reading time\" \/>\n\t<meta name=\"twitter:data2\" content=\"1 minute\" \/>\n<script type=\"application\/ld+json\" class=\"yoast-schema-graph\">{\"@context\":\"https:\/\/schema.org\",\"@graph\":[{\"@type\":\"WebSite\",\"@id\":\"https:\/\/www.visit-ulcinj.com\/blog\/#website\",\"url\":\"https:\/\/www.visit-ulcinj.com\/blog\/\",\"name\":\"Lajme nga Ulqini\",\"description\":\"Lajme,Vijesti,Ulqini,Ulqin,Crna Gora,Mali i Zi\",\"potentialAction\":[{\"@type\":\"SearchAction\",\"target\":{\"@type\":\"EntryPoint\",\"urlTemplate\":\"https:\/\/www.visit-ulcinj.com\/blog\/?s={search_term_string}\"},\"query-input\":\"required name=search_term_string\"}],\"inLanguage\":\"en-US\"},{\"@type\":\"ImageObject\",\"inLanguage\":\"en-US\",\"@id\":\"https:\/\/www.visit-ulcinj.com\/blog\/2014\/01\/28\/tuna-pershendet-ngritje-gishtit-te-mesem\/#primaryimage\",\"url\":\"http:\/\/www.visit-ulcinj.com\/blog\/wp-content\/uploads\/2014\/01\/Tuna-pershendet-me-gisht-te-mesem.jpg\",\"contentUrl\":\"http:\/\/www.visit-ulcinj.com\/blog\/wp-content\/uploads\/2014\/01\/Tuna-pershendet-me-gisht-te-mesem.jpg\"},{\"@type\":\"WebPage\",\"@id\":\"https:\/\/www.visit-ulcinj.com\/blog\/2014\/01\/28\/tuna-pershendet-ngritje-gishtit-te-mesem\/#webpage\",\"url\":\"https:\/\/www.visit-ulcinj.com\/blog\/2014\/01\/28\/tuna-pershendet-ngritje-gishtit-te-mesem\/\",\"name\":\"Tuna p\u00ebrsh\u00ebndet me ngritje gishtit te mes\u00ebm - Lajme nga Ulqini\",\"isPartOf\":{\"@id\":\"https:\/\/www.visit-ulcinj.com\/blog\/#website\"},\"primaryImageOfPage\":{\"@id\":\"https:\/\/www.visit-ulcinj.com\/blog\/2014\/01\/28\/tuna-pershendet-ngritje-gishtit-te-mesem\/#primaryimage\"},\"datePublished\":\"2014-01-28T08:39:31+00:00\",\"dateModified\":\"2014-01-28T08:39:31+00:00\",\"author\":{\"@id\":\"https:\/\/www.visit-ulcinj.com\/blog\/#\/schema\/person\/dcab619c614d3038751c63bc2aadc06d\"},\"description\":\"Zogu i Tun\u00ebs ka filluar t\u00eb harrohet, por k\u00ebng\u00ebtarja shqiptare nga Maqedonia e ka gjetur nj\u00eb m\u00ebnyr\u00eb t\u00eb re p\u00ebr t\u00eb qen\u00eb n\u00eb qend\u00ebr t\u00eb v\u00ebmendjes. Ajo e ka\",\"breadcrumb\":{\"@id\":\"https:\/\/www.visit-ulcinj.com\/blog\/2014\/01\/28\/tuna-pershendet-ngritje-gishtit-te-mesem\/#breadcrumb\"},\"inLanguage\":\"en-US\",\"potentialAction\":[{\"@type\":\"ReadAction\",\"target\":[\"https:\/\/www.visit-ulcinj.com\/blog\/2014\/01\/28\/tuna-pershendet-ngritje-gishtit-te-mesem\/\"]}]},{\"@type\":\"BreadcrumbList\",\"@id\":\"https:\/\/www.visit-ulcinj.com\/blog\/2014\/01\/28\/tuna-pershendet-ngritje-gishtit-te-mesem\/#breadcrumb\",\"itemListElement\":[{\"@type\":\"ListItem\",\"position\":1,\"name\":\"Tuna p\u00ebrsh\u00ebndet me ngritje gishtit te mes\u00ebm\"}]},{\"@type\":\"Person\",\"@id\":\"https:\/\/www.visit-ulcinj.com\/blog\/#\/schema\/person\/dcab619c614d3038751c63bc2aadc06d\",\"name\":\"ulqini\",\"sameAs\":[\"http:\/\/www.visit-ulcinj.com\"],\"url\":\"https:\/\/www.visit-ulcinj.com\/blog\/author\/admin\/\"}]}<\/script>\n<!-- \/ Yoast SEO plugin. -->","yoast_head_json":{"title":"Tuna p\u00ebrsh\u00ebndet me ngritje gishtit te mes\u00ebm - Lajme nga Ulqini","description":"Zogu i Tun\u00ebs ka filluar t\u00eb harrohet, por k\u00ebng\u00ebtarja shqiptare nga Maqedonia e ka gjetur nj\u00eb m\u00ebnyr\u00eb t\u00eb re p\u00ebr t\u00eb qen\u00eb n\u00eb qend\u00ebr t\u00eb v\u00ebmendjes. Ajo e ka","robots":{"index":"index","follow":"follow","max-snippet":"max-snippet:-1","max-image-preview":"max-image-preview:large","max-video-preview":"max-video-preview:-1"},"canonical":"https:\/\/www.visit-ulcinj.com\/blog\/2014\/01\/28\/tuna-pershendet-ngritje-gishtit-te-mesem\/","og_locale":"en_US","og_type":"article","og_title":"Tuna p\u00ebrsh\u00ebndet me ngritje gishtit te mes\u00ebm - Lajme nga Ulqini","og_description":"Zogu i Tun\u00ebs ka filluar t\u00eb harrohet, por k\u00ebng\u00ebtarja shqiptare nga Maqedonia e ka gjetur nj\u00eb m\u00ebnyr\u00eb t\u00eb re p\u00ebr t\u00eb qen\u00eb n\u00eb qend\u00ebr t\u00eb v\u00ebmendjes. Ajo e ka","og_url":"https:\/\/www.visit-ulcinj.com\/blog\/2014\/01\/28\/tuna-pershendet-ngritje-gishtit-te-mesem\/","og_site_name":"Lajme nga Ulqini","article_published_time":"2014-01-28T08:39:31+00:00","og_image":[{"url":"http:\/\/www.visit-ulcinj.com\/blog\/wp-content\/uploads\/2014\/01\/Tuna-pershendet-me-gisht-te-mesem.jpg"}],"twitter_misc":{"Written by":"ulqini","Est. reading time":"1 minute"},"schema":{"@context":"https:\/\/schema.org","@graph":[{"@type":"WebSite","@id":"https:\/\/www.visit-ulcinj.com\/blog\/#website","url":"https:\/\/www.visit-ulcinj.com\/blog\/","name":"Lajme nga Ulqini","description":"Lajme,Vijesti,Ulqini,Ulqin,Crna Gora,Mali i Zi","potentialAction":[{"@type":"SearchAction","target":{"@type":"EntryPoint","urlTemplate":"https:\/\/www.visit-ulcinj.com\/blog\/?s={search_term_string}"},"query-input":"required name=search_term_string"}],"inLanguage":"en-US"},{"@type":"ImageObject","inLanguage":"en-US","@id":"https:\/\/www.visit-ulcinj.com\/blog\/2014\/01\/28\/tuna-pershendet-ngritje-gishtit-te-mesem\/#primaryimage","url":"http:\/\/www.visit-ulcinj.com\/blog\/wp-content\/uploads\/2014\/01\/Tuna-pershendet-me-gisht-te-mesem.jpg","contentUrl":"http:\/\/www.visit-ulcinj.com\/blog\/wp-content\/uploads\/2014\/01\/Tuna-pershendet-me-gisht-te-mesem.jpg"},{"@type":"WebPage","@id":"https:\/\/www.visit-ulcinj.com\/blog\/2014\/01\/28\/tuna-pershendet-ngritje-gishtit-te-mesem\/#webpage","url":"https:\/\/www.visit-ulcinj.com\/blog\/2014\/01\/28\/tuna-pershendet-ngritje-gishtit-te-mesem\/","name":"Tuna p\u00ebrsh\u00ebndet me ngritje gishtit te mes\u00ebm - Lajme nga Ulqini","isPartOf":{"@id":"https:\/\/www.visit-ulcinj.com\/blog\/#website"},"primaryImageOfPage":{"@id":"https:\/\/www.visit-ulcinj.com\/blog\/2014\/01\/28\/tuna-pershendet-ngritje-gishtit-te-mesem\/#primaryimage"},"datePublished":"2014-01-28T08:39:31+00:00","dateModified":"2014-01-28T08:39:31+00:00","author":{"@id":"https:\/\/www.visit-ulcinj.com\/blog\/#\/schema\/person\/dcab619c614d3038751c63bc2aadc06d"},"description":"Zogu i Tun\u00ebs ka filluar t\u00eb harrohet, por k\u00ebng\u00ebtarja shqiptare nga Maqedonia e ka gjetur nj\u00eb m\u00ebnyr\u00eb t\u00eb re p\u00ebr t\u00eb qen\u00eb n\u00eb qend\u00ebr t\u00eb v\u00ebmendjes. Ajo e ka","breadcrumb":{"@id":"https:\/\/www.visit-ulcinj.com\/blog\/2014\/01\/28\/tuna-pershendet-ngritje-gishtit-te-mesem\/#breadcrumb"},"inLanguage":"en-US","potentialAction":[{"@type":"ReadAction","target":["https:\/\/www.visit-ulcinj.com\/blog\/2014\/01\/28\/tuna-pershendet-ngritje-gishtit-te-mesem\/"]}]},{"@type":"BreadcrumbList","@id":"https:\/\/www.visit-ulcinj.com\/blog\/2014\/01\/28\/tuna-pershendet-ngritje-gishtit-te-mesem\/#breadcrumb","itemListElement":[{"@type":"ListItem","position":1,"name":"Tuna p\u00ebrsh\u00ebndet me ngritje gishtit te mes\u00ebm"}]},{"@type":"Person","@id":"https:\/\/www.visit-ulcinj.com\/blog\/#\/schema\/person\/dcab619c614d3038751c63bc2aadc06d","name":"ulqini","sameAs":["http:\/\/www.visit-ulcinj.com"],"url":"https:\/\/www.visit-ulcinj.com\/blog\/author\/admin\/"}]}},"jetpack_featured_media_url":"","jetpack_sharing_enabled":true,"jetpack_shortlink":"https:\/\/wp.me\/pe6lTn-kvT","_links":{"self":[{"href":"https:\/\/www.visit-ulcinj.com\/blog\/wp-json\/wp\/v2\/posts\/78857"}],"collection":[{"href":"https:\/\/www.visit-ulcinj.com\/blog\/wp-json\/wp\/v2\/posts"}],"about":[{"href":"https:\/\/www.visit-ulcinj.com\/blog\/wp-json\/wp\/v2\/types\/post"}],"author":[{"embeddable":true,"href":"https:\/\/www.visit-ulcinj.com\/blog\/wp-json\/wp\/v2\/users\/1"}],"replies":[{"embeddable":true,"href":"https:\/\/www.visit-ulcinj.com\/blog\/wp-json\/wp\/v2\/comments?post=78857"}],"version-history":[{"count":1,"href":"https:\/\/www.visit-ulcinj.com\/blog\/wp-json\/wp\/v2\/posts\/78857\/revisions"}],"predecessor-version":[{"id":78859,"href":"https:\/\/www.visit-ulcinj.com\/blog\/wp-json\/wp\/v2\/posts\/78857\/revisions\/78859"}],"wp:attachment":[{"href":"https:\/\/www.visit-ulcinj.com\/blog\/wp-json\/wp\/v2\/media?parent=78857"}],"wp:term":[{"taxonomy":"category","embeddable":true,"href":"https:\/\/www.visit-ulcinj.com\/blog\/wp-json\/wp\/v2\/categories?post=78857"},{"taxonomy":"post_tag","embeddable":true,"href":"https:\/\/www.visit-ulcinj.com\/blog\/wp-json\/wp\/v2\/tags?post=78857"}],"curies":[{"name":"wp","href":"https:\/\/api.w.org\/{rel}","templated":true}]}}