{"id":7887,"date":"2008-12-30T19:58:19","date_gmt":"2008-12-30T18:58:19","guid":{"rendered":"http:\/\/www.visit-ulcinj.com\/blog\/?p=7887"},"modified":"2008-12-30T20:01:32","modified_gmt":"2008-12-30T19:01:32","slug":"hapja-solemne-e-disko-klubit-te-pare-ne-tuz-malesi","status":"publish","type":"post","link":"https:\/\/www.visit-ulcinj.com\/blog\/2008\/12\/30\/hapja-solemne-e-disko-klubit-te-pare-ne-tuz-malesi\/","title":{"rendered":"Hapja solemne e &#8220;disko-klubit&#8221; t\u00eb par\u00eb n\u00eb Tuz me Alban Skenderaj"},"content":{"rendered":"<p><a title=\"Alban Skenderaj\" href=\"http:\/\/www.visit-ulcinj.com\/blog\/wp-content\/uploads\/2008\/12\/alban-skenderaj.jpg\" target=\"_blank\"><img loading=\"lazy\" class=\"alignleft size-full wp-image-7888\" title=\"alban-skenderaj\" src=\"http:\/\/www.visit-ulcinj.com\/blog\/wp-content\/uploads\/2008\/12\/alban-skenderaj.jpg\" alt=\"alban-skenderaj\" width=\"330\" height=\"247\" \/><\/a>Mbr\u00ebm\u00eb m\u00eb 25 dhjetor,\u00a0 t\u00eb rinjt\u00eb mal\u00ebsor\u00eb festuan festen e madhe t\u00eb Krishtlindjeve,\u00a0 poashtu pik\u00ebrisht p\u00ebr k\u00ebt\u00eb nat\u00eb u b\u00eb edhe hapja solemne e &#8220;disko-klubit&#8221; t\u00eb par\u00eb n\u00eb  &#8220;Night-Club ECLIPSE\u201d.<br \/>\nIdeja e hapjes s\u00eb nj\u00eb ambienti t\u00eb till\u00eb nuk ishte e v\u00ebshtir\u00eb, ajo erdhi fal munges\u00ebs q\u00eb kishte Tuzi dhe Mal\u00ebsia p\u00ebr nj\u00eb vend ku do i dedikohet kultur\u00ebs muzikore, arg\u00ebtimit t\u00eb t\u00eb rinj\u00ebve nga Mal\u00ebsia dhe vendi, ku t\u00eb rinj\u00ebt do t\u00eb gjejn\u00eb vetvet\u00ebn. Kudo n\u00eb \u00e7do vend t\u00eb bot\u00ebs nd\u00ebr t\u00eb parat vende q\u00eb nd\u00ebrtohen jan\u00eb edhe Night-Club-et dhe Pub-et, vendet e arg\u00ebtimit t\u00eb t\u00eb rinj\u00ebve, prandaj duke ditur q\u00eb kjo gj\u00eb i mungonte Mal\u00ebsis\u00eb pronar\u00ebt e k\u00ebtij ambienti ua ofruan k\u00ebt\u00eb Night-Club e cila do t\u00eb jet\u00eb n\u00eb sh\u00ebrbimin e t\u00eb nj\u00eb atmosfer\u00eb e cila do na b\u00ebj t\u00eb ndjehemi mir\u00eb dhe t\u00eb argetohemi pafund n\u00eb dit\u00ebt m\u00eb t\u00eb bukura t\u00eb jet\u00ebs, ato t\u00eb rinis\u00eb.<br \/>\nNight-Club i p\u00ebrket objektit \u201cZef`s Center\u201d, ka nj\u00eb kapacitet p\u00ebr pranimin e rreth 400 personave, investimet q\u00eb jan\u00eb b\u00ebr\u00eb n\u00eb t\u00eb nuk \u00ebsht\u00eb e nevojshme q\u00eb t\u00eb komentoh\u00ebn n\u00eb shifra sepse ato flasin vet\u00eb. \u00c7mimet n\u00eb Night-Club \u201cECLIPSE\u201d jan\u00eb m\u00eb t\u00eb voliteshme se n\u00eb Night-Club-et e tjera q\u00eb jan\u00eb n\u00eb Mal t\u00eb Zi.<\/p>\n<p>Night-Club \u201cECLIPSE\u201d do ju ofroj arg\u00ebtim dhe rit\u00ebm p\u00ebr raste t\u00eb ve\u00e7anta p\u00ebr data t\u00eb sh\u00ebnuara duke ju sjellur k\u00ebng\u00ebtar\u00ebt m\u00eb t\u00eb pelqyer dhe m\u00eb t\u00eb k\u00ebrcyer s\u00ebbashku me dj m\u00eb t\u00eb mir\u00eb nga vendi dhe jasht. Night Club \u201cECLIPSE\u201d fillon pun\u00ebn nga ora 21 deri ne oret e para t\u00eb mengjesit.<\/p>\n<p>N\u00eb hapjen solemne t\u00eb Night-Club\u00a0 \u201cECLIPSE\u201d, nuk mungoj ritmi dhe atmosfera e p\u00ebrkryer t\u00eb cil\u00ebn e dhuroi k\u00ebng\u00ebtari q\u00eb rr\u00ebmbeu zemrat e t\u00eb gjith\u00ebve me k\u00ebng\u00ebn e tij t\u00eb par\u00eb fituese n\u00eb TOP FEST 2 \u201cVetem ty\u201d\u00a0 Alban Skenderaj.\u00a0 Ai me tingujt e muzik\u00ebs s\u00eb leht\u00eb\/rock shqiptare arriti ta b\u00ebj\u00eb nj\u00eb atmosfer\u00eb fenomenale, t\u00eb gjith\u00eb t\u00eb adhuruas\u00ebve t\u00eb tij, q\u00eb t\u00eb rrisin at\u00eb adrenalinen p\u00ebr muzik\u00eb dhe k\u00ebrcim.<\/p>\n<p>N\u00eb Mal\u00ebsi q\u00eb shum\u00eb vite me rradh jan\u00eb b\u00ebr\u00eb t\u00eb zakonshme mbr\u00ebmjet vall\u00ebzuese, t\u00eb quajtura n\u00eb at\u00eb menyren moderne \u201cparty\u201d.\u00a0 Zakonisht t\u00eb gjitha k\u00ebto mbr\u00ebmje vall\u00ebzuese organizatoret i kan\u00eb b\u00ebr\u00eb t\u00eb nj\u00ebjta, t\u00eb nj\u00ebjta me zhanrin e muzik\u00ebs por edhe atmosferen. Derisa t\u00eb rinj\u00ebt mal\u00ebsor\u00eb deri tani m\u00eb shum\u00eb kan\u00eb prefuar \u201cpartyt\u201d me k\u00ebng\u00ebtar, k\u00ebsaj here treguan ndryshe.<br \/>\nMusafirja e dyt\u00eb e mbr\u00ebmjes e cila ishte p\u00ebr her\u00eb t\u00eb par\u00eb n\u00eb Mal\u00ebsi DJ MISS ILDA nga Tirana, e cila p\u00ebrgaditi nj\u00eb ambient t\u00eb papar\u00eb p\u00ebr Mal\u00ebsin\u00eb. Atmosfera ishte sikur n\u00eb ndonj\u00ebr\u00ebn prej diskotekave verore n\u00eb bregdetit malazias. T\u00eb gjith\u00eb luanin, k\u00ebrcenin dhe festonin si dhe \u00e7do k\u00ebng\u00eb e zgjedhur nga Dj MISS ILDA i nxiste q\u00eb t\u00eb vazhdojn\u00eb t\u00eb kercejn\u00eb dhe t\u00eb luajn\u00eb, n\u00eb zhanrin e muzik\u00ebs House.<\/p>\n<p>Duhet cekur se n\u00eb Night-Club\u00a0 \u201cECLIPSE\u201d t\u00eb gjith\u00eb do t\u00eb ken\u00eb mund\u00ebsi q\u00eb n\u00eb m\u00ebnyr\u00eb private t\u00eb b\u00ebni rezervimet p\u00ebr raste t\u00eb ndryshme g\u00ebzimi familjar\u00eb apo shoq\u00ebror\u00eb. Night-Club\u00a0 \u201cECLIPSE\u201d do t\u00eb jet\u00eb n\u00eb sh\u00ebrbim t\u00eb maturant\u00ebve apo student\u00ebve p\u00ebr mbr\u00ebjmet e tyre arg\u00ebtuese dhe gjithmon\u00eb \u00e7do gj\u00eb to t\u00eb jet\u00eb e sigurt\u00eb dhe n\u00ebn kontroll sepse aty nuk do mungojn\u00eb as rojet q\u00eb do t\u00eb garantojn\u00eb siguri.<\/p>\n<p>Me shpres\u00eb q\u00eb sonte t\u00eb jemi arg\u00ebtuar dhe t\u00eb gjithe s\u00ebbashku t\u00eb kemi kaluar nje\u00eb mbr\u00ebmje t\u00eb paharruar ju falenderojm\u00eb t\u00eb gjith\u00ebve q\u00eb ndat\u00eb me ne k\u00ebt\u00eb mbr\u00ebmje solemne t\u00eb hapjes s\u00eb Night Club \u201cECLIPSE\u201d. Dhe mos harroni q\u00eb Eclipse do jet\u00eb k\u00ebtu p\u00ebr ju, p\u00ebr t\u00eb ndar\u00eb s\u00ebbashku datat dhe dit\u00ebt m\u00eb t\u00eb sh\u00ebnuara tuajat.<br \/>\n<span style=\"color: #99ccff;\"><span style=\"color: #99ccff;\"><span style=\"color: #99ccff;\"><span style=\"color: #99ccff;\"><span style=\"color: #99ccff;\"><span style=\"color: #99ccff;\"><span style=\"color: #99ccff;\"><span style=\"color: #99ccff;\"><span style=\"color: #99ccff;\"><span style=\"color: #99ccff;\"><span style=\"color: #99ccff;\"><span style=\"color: #99ccff;\"><span style=\"color: #99ccff;\"><span style=\"color: #99ccff;\"><span style=\"color: #99ccff;\"><span style=\"color: #99ccff;\"><span style=\"color: #99ccff;\"><span style=\"color: #99ccff;\"><span style=\"color: #99ccff;\"><span style=\"color: #99ccff;\"><span style=\"color: #99ccff;\"><span style=\"color: #99ccff;\"><span style=\"color: #99ccff;\"><span style=\"color: #99ccff;\"><span style=\"color: #99ccff;\"><span style=\"color: #99ccff;\"><span style=\"color: #99ccff;\"><span style=\"color: #99ccff;\"><span style=\"color: #99ccff;\"><span style=\"color: #99ccff;\"><span style=\"color: #99ccff;\"><span style=\"color: #99ccff;\"><span style=\"color: #99ccff;\"><span style=\"color: #99ccff;\"><span style=\"color: #99ccff;\"><span style=\"color: #99ccff;\"><span style=\"color: #99ccff;\"><span style=\"color: #99ccff;\"><span style=\"color: #99ccff;\"><span style=\"color: #99ccff;\"><span style=\"color: #99ccff;\"><span style=\"color: #99ccff;\"><span style=\"color: #99ccff;\"><span style=\"color: #99ccff;\"><span style=\"color: #99ccff;\"><span style=\"color: #99ccff;\"><span style=\"font-weight: 700;\"><span style=\"font-size: x-small; font-family: Tahoma; color: #8484ff;\"><span style=\"font-size: xx-small;\"><a href=\"http:\/\/www.malesia.org\/ngjarjet\/2008\/dhjetor\/festimi_krishtlindjet_ECLIPSE\/index.html\" target=\"_blank\"><span style=\"color: #ff0000;\">FOTOGRAFIT<strong>\u00cb<\/strong><\/span><\/a><\/span><\/span><\/span><\/span><\/span><\/span><\/span><\/span><\/span><\/span><\/span><\/span><\/span><\/span><\/span><\/span><\/span><\/span><\/span><\/span><\/span><\/span><\/span><\/span><\/span><\/span><\/span><\/span><\/span><\/span><\/span><\/span><\/span><\/span><\/span><\/span><\/span><\/span><\/span><\/span><\/span><\/span><\/span><\/span><\/span><\/span><\/span><\/span><\/span><strong> Kliko<\/strong><\/p>\n<p><strong>Burimi Eskluziv i Fotofrafijave nga MALESIA.ORG<\/strong><\/p>\n<p><br \/>\n<!--YouTube Error: bad URL entered--><\/p>\n","protected":false},"excerpt":{"rendered":"<p>Mbr\u00ebm\u00eb m\u00eb 25 dhjetor,\u00a0 t\u00eb rinjt\u00eb mal\u00ebsor\u00eb festuan festen e madhe t\u00eb Krishtlindjeve,\u00a0 poashtu pik\u00ebrisht p\u00ebr k\u00ebt\u00eb nat\u00eb u b\u00eb edhe hapja solemne e &#8220;disko-klubit&#8221; t\u00eb par\u00eb n\u00eb &#8220;Night-Club ECLIPSE\u201d. Ideja e hapjes s\u00eb nj\u00eb ambienti t\u00eb till\u00eb nuk ishte e v\u00ebshtir\u00eb, ajo erdhi fal munges\u00ebs q\u00eb kishte Tuzi dhe Mal\u00ebsia p\u00ebr nj\u00eb vend ku [&hellip;]<\/p>\n","protected":false},"author":1,"featured_media":0,"comment_status":"open","ping_status":"closed","sticky":false,"template":"","format":"standard","meta":{"spay_email":"","jetpack_publicize_message":"","jetpack_is_tweetstorm":false,"jetpack_publicize_feature_enabled":true},"categories":[1],"tags":[2362,4019,5510,5508,5509],"jetpack_publicize_connections":[],"yoast_head":"<!-- This site is optimized with the Yoast SEO plugin v19.1 - https:\/\/yoast.com\/wordpress\/plugins\/seo\/ -->\n<title>Hapja solemne e &quot;disko-klubit&quot; t\u00eb par\u00eb n\u00eb Tuz me Alban Skenderaj - Lajme nga Ulqini<\/title>\n<meta name=\"description\" content=\"Mbr\u00ebm\u00eb m\u00eb 25 dhjetor,\u00a0 t\u00eb rinjt\u00eb mal\u00ebsor\u00eb festuan festen e madhe t\u00eb Krishtlindjeve,\u00a0 poashtu pik\u00ebrisht p\u00ebr k\u00ebt\u00eb nat\u00eb u b\u00eb edhe hapja solemne e\" \/>\n<meta name=\"robots\" content=\"index, follow, max-snippet:-1, max-image-preview:large, max-video-preview:-1\" \/>\n<link rel=\"canonical\" href=\"https:\/\/www.visit-ulcinj.com\/blog\/2008\/12\/30\/hapja-solemne-e-disko-klubit-te-pare-ne-tuz-malesi\/\" \/>\n<meta property=\"og:locale\" content=\"en_US\" \/>\n<meta property=\"og:type\" content=\"article\" \/>\n<meta property=\"og:title\" content=\"Hapja solemne e &quot;disko-klubit&quot; t\u00eb par\u00eb n\u00eb Tuz me Alban Skenderaj - Lajme nga Ulqini\" \/>\n<meta property=\"og:description\" content=\"Mbr\u00ebm\u00eb m\u00eb 25 dhjetor,\u00a0 t\u00eb rinjt\u00eb mal\u00ebsor\u00eb festuan festen e madhe t\u00eb Krishtlindjeve,\u00a0 poashtu pik\u00ebrisht p\u00ebr k\u00ebt\u00eb nat\u00eb u b\u00eb edhe hapja solemne e\" \/>\n<meta property=\"og:url\" content=\"https:\/\/www.visit-ulcinj.com\/blog\/2008\/12\/30\/hapja-solemne-e-disko-klubit-te-pare-ne-tuz-malesi\/\" \/>\n<meta property=\"og:site_name\" content=\"Lajme nga Ulqini\" \/>\n<meta property=\"article:published_time\" content=\"2008-12-30T18:58:19+00:00\" \/>\n<meta property=\"article:modified_time\" content=\"2008-12-30T19:01:32+00:00\" \/>\n<meta property=\"og:image\" content=\"https:\/\/www.visit-ulcinj.com\/blog\/wp-content\/uploads\/2008\/12\/alban-skenderaj-150x150.jpg\" \/>\n<meta name=\"twitter:label1\" content=\"Written by\" \/>\n\t<meta name=\"twitter:data1\" content=\"ulqini\" \/>\n\t<meta name=\"twitter:label2\" content=\"Est. reading time\" \/>\n\t<meta name=\"twitter:data2\" content=\"4 minutes\" \/>\n<script type=\"application\/ld+json\" class=\"yoast-schema-graph\">{\"@context\":\"https:\/\/schema.org\",\"@graph\":[{\"@type\":\"WebSite\",\"@id\":\"https:\/\/www.visit-ulcinj.com\/blog\/#website\",\"url\":\"https:\/\/www.visit-ulcinj.com\/blog\/\",\"name\":\"Lajme nga Ulqini\",\"description\":\"Lajme,Vijesti,Ulqini,Ulqin,Crna Gora,Mali i Zi\",\"potentialAction\":[{\"@type\":\"SearchAction\",\"target\":{\"@type\":\"EntryPoint\",\"urlTemplate\":\"https:\/\/www.visit-ulcinj.com\/blog\/?s={search_term_string}\"},\"query-input\":\"required name=search_term_string\"}],\"inLanguage\":\"en-US\"},{\"@type\":\"ImageObject\",\"inLanguage\":\"en-US\",\"@id\":\"https:\/\/www.visit-ulcinj.com\/blog\/2008\/12\/30\/hapja-solemne-e-disko-klubit-te-pare-ne-tuz-malesi\/#primaryimage\",\"url\":\"http:\/\/www.visit-ulcinj.com\/blog\/wp-content\/uploads\/2008\/12\/alban-skenderaj.jpg\",\"contentUrl\":\"http:\/\/www.visit-ulcinj.com\/blog\/wp-content\/uploads\/2008\/12\/alban-skenderaj.jpg\"},{\"@type\":\"WebPage\",\"@id\":\"https:\/\/www.visit-ulcinj.com\/blog\/2008\/12\/30\/hapja-solemne-e-disko-klubit-te-pare-ne-tuz-malesi\/#webpage\",\"url\":\"https:\/\/www.visit-ulcinj.com\/blog\/2008\/12\/30\/hapja-solemne-e-disko-klubit-te-pare-ne-tuz-malesi\/\",\"name\":\"Hapja solemne e \\\"disko-klubit\\\" t\u00eb par\u00eb n\u00eb Tuz me Alban Skenderaj - Lajme nga Ulqini\",\"isPartOf\":{\"@id\":\"https:\/\/www.visit-ulcinj.com\/blog\/#website\"},\"primaryImageOfPage\":{\"@id\":\"https:\/\/www.visit-ulcinj.com\/blog\/2008\/12\/30\/hapja-solemne-e-disko-klubit-te-pare-ne-tuz-malesi\/#primaryimage\"},\"datePublished\":\"2008-12-30T18:58:19+00:00\",\"dateModified\":\"2008-12-30T19:01:32+00:00\",\"author\":{\"@id\":\"https:\/\/www.visit-ulcinj.com\/blog\/#\/schema\/person\/dcab619c614d3038751c63bc2aadc06d\"},\"description\":\"Mbr\u00ebm\u00eb m\u00eb 25 dhjetor,\u00a0 t\u00eb rinjt\u00eb mal\u00ebsor\u00eb festuan festen e madhe t\u00eb Krishtlindjeve,\u00a0 poashtu pik\u00ebrisht p\u00ebr k\u00ebt\u00eb nat\u00eb u b\u00eb edhe hapja solemne e\",\"breadcrumb\":{\"@id\":\"https:\/\/www.visit-ulcinj.com\/blog\/2008\/12\/30\/hapja-solemne-e-disko-klubit-te-pare-ne-tuz-malesi\/#breadcrumb\"},\"inLanguage\":\"en-US\",\"potentialAction\":[{\"@type\":\"ReadAction\",\"target\":[\"https:\/\/www.visit-ulcinj.com\/blog\/2008\/12\/30\/hapja-solemne-e-disko-klubit-te-pare-ne-tuz-malesi\/\"]}]},{\"@type\":\"BreadcrumbList\",\"@id\":\"https:\/\/www.visit-ulcinj.com\/blog\/2008\/12\/30\/hapja-solemne-e-disko-klubit-te-pare-ne-tuz-malesi\/#breadcrumb\",\"itemListElement\":[{\"@type\":\"ListItem\",\"position\":1,\"name\":\"Hapja solemne e &#8220;disko-klubit&#8221; t\u00eb par\u00eb n\u00eb Tuz me Alban Skenderaj\"}]},{\"@type\":\"Person\",\"@id\":\"https:\/\/www.visit-ulcinj.com\/blog\/#\/schema\/person\/dcab619c614d3038751c63bc2aadc06d\",\"name\":\"ulqini\",\"sameAs\":[\"http:\/\/www.visit-ulcinj.com\"],\"url\":\"https:\/\/www.visit-ulcinj.com\/blog\/author\/admin\/\"}]}<\/script>\n<!-- \/ Yoast SEO plugin. -->","yoast_head_json":{"title":"Hapja solemne e \"disko-klubit\" t\u00eb par\u00eb n\u00eb Tuz me Alban Skenderaj - Lajme nga Ulqini","description":"Mbr\u00ebm\u00eb m\u00eb 25 dhjetor,\u00a0 t\u00eb rinjt\u00eb mal\u00ebsor\u00eb festuan festen e madhe t\u00eb Krishtlindjeve,\u00a0 poashtu pik\u00ebrisht p\u00ebr k\u00ebt\u00eb nat\u00eb u b\u00eb edhe hapja solemne e","robots":{"index":"index","follow":"follow","max-snippet":"max-snippet:-1","max-image-preview":"max-image-preview:large","max-video-preview":"max-video-preview:-1"},"canonical":"https:\/\/www.visit-ulcinj.com\/blog\/2008\/12\/30\/hapja-solemne-e-disko-klubit-te-pare-ne-tuz-malesi\/","og_locale":"en_US","og_type":"article","og_title":"Hapja solemne e \"disko-klubit\" t\u00eb par\u00eb n\u00eb Tuz me Alban Skenderaj - Lajme nga Ulqini","og_description":"Mbr\u00ebm\u00eb m\u00eb 25 dhjetor,\u00a0 t\u00eb rinjt\u00eb mal\u00ebsor\u00eb festuan festen e madhe t\u00eb Krishtlindjeve,\u00a0 poashtu pik\u00ebrisht p\u00ebr k\u00ebt\u00eb nat\u00eb u b\u00eb edhe hapja solemne e","og_url":"https:\/\/www.visit-ulcinj.com\/blog\/2008\/12\/30\/hapja-solemne-e-disko-klubit-te-pare-ne-tuz-malesi\/","og_site_name":"Lajme nga Ulqini","article_published_time":"2008-12-30T18:58:19+00:00","article_modified_time":"2008-12-30T19:01:32+00:00","og_image":[{"url":"https:\/\/www.visit-ulcinj.com\/blog\/wp-content\/uploads\/2008\/12\/alban-skenderaj-150x150.jpg"}],"twitter_misc":{"Written by":"ulqini","Est. reading time":"4 minutes"},"schema":{"@context":"https:\/\/schema.org","@graph":[{"@type":"WebSite","@id":"https:\/\/www.visit-ulcinj.com\/blog\/#website","url":"https:\/\/www.visit-ulcinj.com\/blog\/","name":"Lajme nga Ulqini","description":"Lajme,Vijesti,Ulqini,Ulqin,Crna Gora,Mali i Zi","potentialAction":[{"@type":"SearchAction","target":{"@type":"EntryPoint","urlTemplate":"https:\/\/www.visit-ulcinj.com\/blog\/?s={search_term_string}"},"query-input":"required name=search_term_string"}],"inLanguage":"en-US"},{"@type":"ImageObject","inLanguage":"en-US","@id":"https:\/\/www.visit-ulcinj.com\/blog\/2008\/12\/30\/hapja-solemne-e-disko-klubit-te-pare-ne-tuz-malesi\/#primaryimage","url":"http:\/\/www.visit-ulcinj.com\/blog\/wp-content\/uploads\/2008\/12\/alban-skenderaj.jpg","contentUrl":"http:\/\/www.visit-ulcinj.com\/blog\/wp-content\/uploads\/2008\/12\/alban-skenderaj.jpg"},{"@type":"WebPage","@id":"https:\/\/www.visit-ulcinj.com\/blog\/2008\/12\/30\/hapja-solemne-e-disko-klubit-te-pare-ne-tuz-malesi\/#webpage","url":"https:\/\/www.visit-ulcinj.com\/blog\/2008\/12\/30\/hapja-solemne-e-disko-klubit-te-pare-ne-tuz-malesi\/","name":"Hapja solemne e \"disko-klubit\" t\u00eb par\u00eb n\u00eb Tuz me Alban Skenderaj - Lajme nga Ulqini","isPartOf":{"@id":"https:\/\/www.visit-ulcinj.com\/blog\/#website"},"primaryImageOfPage":{"@id":"https:\/\/www.visit-ulcinj.com\/blog\/2008\/12\/30\/hapja-solemne-e-disko-klubit-te-pare-ne-tuz-malesi\/#primaryimage"},"datePublished":"2008-12-30T18:58:19+00:00","dateModified":"2008-12-30T19:01:32+00:00","author":{"@id":"https:\/\/www.visit-ulcinj.com\/blog\/#\/schema\/person\/dcab619c614d3038751c63bc2aadc06d"},"description":"Mbr\u00ebm\u00eb m\u00eb 25 dhjetor,\u00a0 t\u00eb rinjt\u00eb mal\u00ebsor\u00eb festuan festen e madhe t\u00eb Krishtlindjeve,\u00a0 poashtu pik\u00ebrisht p\u00ebr k\u00ebt\u00eb nat\u00eb u b\u00eb edhe hapja solemne e","breadcrumb":{"@id":"https:\/\/www.visit-ulcinj.com\/blog\/2008\/12\/30\/hapja-solemne-e-disko-klubit-te-pare-ne-tuz-malesi\/#breadcrumb"},"inLanguage":"en-US","potentialAction":[{"@type":"ReadAction","target":["https:\/\/www.visit-ulcinj.com\/blog\/2008\/12\/30\/hapja-solemne-e-disko-klubit-te-pare-ne-tuz-malesi\/"]}]},{"@type":"BreadcrumbList","@id":"https:\/\/www.visit-ulcinj.com\/blog\/2008\/12\/30\/hapja-solemne-e-disko-klubit-te-pare-ne-tuz-malesi\/#breadcrumb","itemListElement":[{"@type":"ListItem","position":1,"name":"Hapja solemne e &#8220;disko-klubit&#8221; t\u00eb par\u00eb n\u00eb Tuz me Alban Skenderaj"}]},{"@type":"Person","@id":"https:\/\/www.visit-ulcinj.com\/blog\/#\/schema\/person\/dcab619c614d3038751c63bc2aadc06d","name":"ulqini","sameAs":["http:\/\/www.visit-ulcinj.com"],"url":"https:\/\/www.visit-ulcinj.com\/blog\/author\/admin\/"}]}},"jetpack_featured_media_url":"","jetpack_sharing_enabled":true,"jetpack_shortlink":"https:\/\/wp.me\/pe6lTn-23d","_links":{"self":[{"href":"https:\/\/www.visit-ulcinj.com\/blog\/wp-json\/wp\/v2\/posts\/7887"}],"collection":[{"href":"https:\/\/www.visit-ulcinj.com\/blog\/wp-json\/wp\/v2\/posts"}],"about":[{"href":"https:\/\/www.visit-ulcinj.com\/blog\/wp-json\/wp\/v2\/types\/post"}],"author":[{"embeddable":true,"href":"https:\/\/www.visit-ulcinj.com\/blog\/wp-json\/wp\/v2\/users\/1"}],"replies":[{"embeddable":true,"href":"https:\/\/www.visit-ulcinj.com\/blog\/wp-json\/wp\/v2\/comments?post=7887"}],"version-history":[{"count":0,"href":"https:\/\/www.visit-ulcinj.com\/blog\/wp-json\/wp\/v2\/posts\/7887\/revisions"}],"wp:attachment":[{"href":"https:\/\/www.visit-ulcinj.com\/blog\/wp-json\/wp\/v2\/media?parent=7887"}],"wp:term":[{"taxonomy":"category","embeddable":true,"href":"https:\/\/www.visit-ulcinj.com\/blog\/wp-json\/wp\/v2\/categories?post=7887"},{"taxonomy":"post_tag","embeddable":true,"href":"https:\/\/www.visit-ulcinj.com\/blog\/wp-json\/wp\/v2\/tags?post=7887"}],"curies":[{"name":"wp","href":"https:\/\/api.w.org\/{rel}","templated":true}]}}