{"id":78871,"date":"2014-01-28T12:11:10","date_gmt":"2014-01-28T11:11:10","guid":{"rendered":"http:\/\/www.visit-ulcinj.com\/blog\/?p=78871"},"modified":"2014-01-28T12:11:10","modified_gmt":"2014-01-28T11:11:10","slug":"abazovic-sinistaj-dobrodosao-u-koaliciju","status":"publish","type":"post","link":"https:\/\/www.visit-ulcinj.com\/blog\/2014\/01\/28\/abazovic-sinistaj-dobrodosao-u-koaliciju\/","title":{"rendered":"Abazovic: Sini\u0161taj dobrodo\u0161ao u koaliciju"},"content":{"rendered":"<p><a href=\"http:\/\/www.visit-ulcinj.com\/blog\/wp-content\/uploads\/2014\/01\/Abazovic-Suhih.jpg\"><img loading=\"lazy\" class=\"alignleft  wp-image-78872\" alt=\"Abazovic-Suhih\" src=\"http:\/\/www.visit-ulcinj.com\/blog\/wp-content\/uploads\/2014\/01\/Abazovic-Suhih.jpg\" width=\"508\" height=\"360\" \/><\/a>Socijaldemokratska partija (SDP) i Pozitivna Crna Gora otvorene su za saradnju sa Gra\u0111anskom inicijativom Vaselja Sini\u0161taja, nakon njegove izjave da je spreman da podr\u017ei koaliciju partija Ranka Krivokapi\u0107a i Darka Pajovi\u0107a na lokalnim izborima u Podgorici. U SDP-u i Pozitivnoj ne kriju zadovoljstvo zbog izjave Sini\u0161taja.<\/p>\n<p>Sini\u0161taj je ranije izjavio kako je spreman da podr\u017ei koaliciju Pozitivne i SDP-a pred podgori\u010dke izbore, ali da te dvije stranke moraju da podr\u017ee zahtjeve za stvaranje op\u0161tine u Tuzima.<\/p>\n<p>SDP-u i Pozitivnoj nije sporan uslov Sini\u0161taja. \u0160ef kluba odbornika SDP u podgori\u010dkom parlamentu \u0110or\u0111e Suhih rekao je da uslov Sini\u0161taja za op\u0161tinu Tuzi nije sporan. On je Portalu RTCG rekao da je su iz te partije odavno iznijeli stav o op\u0161tini Tuzi.<\/p>\n<p>On je ocijenio da bi bilo logi\u010dno da predstavnici Albanaca u Podgorici podr\u017ee koalicju SDP-a i Pozitivne Crne Gore na nivou glavnog grada.<\/p>\n<p><strong>Stav SDP-a o Tuzima vi\u0161e nego jasan<\/strong><\/p>\n<p>\u201eNe bi bilo neo\u010dekivano to i drago mi je \u0161to je on (Sini\u0161taj) to rekao. U narednih nekoliko dana bi\u0107e razgovora, jer smo rekli da smo mi otvoreni za saradnju sa programski sli\u010dnim partijama\u201c, poru\u010dio je Suhih.<\/p>\n<p>Kad je rije\u010d o eventualnom referendumu za samostalnost Tuzi, Suhih je rekao da je njihov stav vi\u0161e nego jasan.<\/p>\n<p>\u201eI posljedji put smo u Skup\u0161tini Glavnog grada rekli da, ako je dogovoren, referendum treba i da se odr\u017ei, te da \u0107emo mi uva\u017eiti stavove gra\u0111ana nakon izja\u0161njavanja. Sa na\u0161e strane nema problema da prihvatimo ono \u0161to je najbolje za gra\u0111ane Tuzi. Druga je stvar \u0161to smo mi govorili da za podru\u010dja Tuzi i Golubovci najbolje rje\u0161enje da budu gradske op\u0161tine, ali sa daleko ve\u0107om samostalno\u0161\u0107u. E sad, to te\u0161ko funkcioni\u0161e sa ovom vla\u0161\u0107u\u201c, rekao je Suhih.<\/p>\n<p>Funkcioner Pozitivne, Dritan Abazovi\u0107 kazao je da je njegova stranka od po\u010detka svog djelovanja uvijek podr\u017eavala osnivanje op\u0161tine Tuzi, sa punopravnim statusom.<\/p>\n<p><strong>Samostalnost nije prepreka za saradnju<\/strong><\/p>\n<p>\u201eTo sigurno ne\u0107e biti prepreka za saradnju i raduje me \u010dinjenica da je Sini\u0161taj prepoznao da u savezu Pozitivne i SDP-a ima mjesta i Gra\u0111ansku inicijativu. Nemamo nikakvu dilemu u vezi zahtjeva da Tuzi budu op\u0161tina, i vi\u0161e puta smo govorili da Demokratska partija socijalista manipuli\u0161e (DPS) sa gra\u0111anima Malesije, i \u0161to se nas ti\u010de nema nikakve barijere za eventualnu saradnju\u201c, kazao je Abazovi\u0107 Portalu RTCG.<\/p>\n<p>On je naglasio da o\u010dekuje i razgovore sa drugim politi\u010dkim subjektima, ukoliko, kako je naveo, misle da zajedno sa Pozitivnom i SDP-om mogu doprinijeti boljem \u017eivotu Podgori\u010dana.<\/p>\n<p>Abazovi\u0107 je ocijenio i da bi ulazak Sini\u0161tajeve stranke u koaliciju Pozitivne i SDP-a doprinio boljem rezultatu tih partija, prije svega kod albanskog bira\u010dkog tijela u Malesiji.<\/p>\n<p>\u201eRazlog za to je jednostavan, jer smo gra\u0111anski savez. Bez obzira na razli\u010dite nacionalne identitete dobro je da poka\u017eemo primjer da su svi dobrodo\u0161li i da nema nikakvih predrasuda, kako bi pokazali da smo spremni da integri\u0161emo crnogorsko dru\u0161tvo i takav pristup je revolucionaran i dobar model za budu\u0107nost dr\u017eave\u201c, kazao je Abazovi\u0107.<\/p>\n<p><strong>(B. Vi\u0161nji\u0107 &#8211; I. Pejovi\u0107)<\/strong><\/p>\n<p><strong>Izvor: RTCG<\/strong><\/p>\n","protected":false},"excerpt":{"rendered":"<p>Socijaldemokratska partija (SDP) i Pozitivna Crna Gora otvorene su za saradnju sa Gra\u0111anskom inicijativom Vaselja Sini\u0161taja, nakon njegove izjave da je spreman da podr\u017ei koaliciju partija Ranka Krivokapi\u0107a i Darka Pajovi\u0107a na lokalnim izborima u Podgorici. U SDP-u i Pozitivnoj ne kriju zadovoljstvo zbog izjave Sini\u0161taja. Sini\u0161taj je ranije izjavio kako je spreman da podr\u017ei [&hellip;]<\/p>\n","protected":false},"author":1,"featured_media":0,"comment_status":"closed","ping_status":"closed","sticky":false,"template":"","format":"standard","meta":{"spay_email":"","jetpack_publicize_message":"","jetpack_is_tweetstorm":false,"jetpack_publicize_feature_enabled":true},"categories":[6950],"tags":[],"jetpack_publicize_connections":[],"yoast_head":"<!-- This site is optimized with the Yoast SEO plugin v19.1 - https:\/\/yoast.com\/wordpress\/plugins\/seo\/ -->\n<title>Abazovic: Sini\u0161taj dobrodo\u0161ao u koaliciju - Lajme nga Ulqini<\/title>\n<meta name=\"description\" content=\"Socijaldemokratska partija (SDP) i Pozitivna Crna Gora otvorene su za saradnju sa Gra\u0111anskom inicijativom Vaselja Sini\u0161taja, nakon njegove izjave da je\" \/>\n<meta name=\"robots\" content=\"index, follow, max-snippet:-1, max-image-preview:large, max-video-preview:-1\" \/>\n<link rel=\"canonical\" href=\"https:\/\/www.visit-ulcinj.com\/blog\/2014\/01\/28\/abazovic-sinistaj-dobrodosao-u-koaliciju\/\" \/>\n<meta property=\"og:locale\" content=\"en_US\" \/>\n<meta property=\"og:type\" content=\"article\" \/>\n<meta property=\"og:title\" content=\"Abazovic: Sini\u0161taj dobrodo\u0161ao u koaliciju - Lajme nga Ulqini\" \/>\n<meta property=\"og:description\" content=\"Socijaldemokratska partija (SDP) i Pozitivna Crna Gora otvorene su za saradnju sa Gra\u0111anskom inicijativom Vaselja Sini\u0161taja, nakon njegove izjave da je\" \/>\n<meta property=\"og:url\" content=\"https:\/\/www.visit-ulcinj.com\/blog\/2014\/01\/28\/abazovic-sinistaj-dobrodosao-u-koaliciju\/\" \/>\n<meta property=\"og:site_name\" content=\"Lajme nga Ulqini\" \/>\n<meta property=\"article:published_time\" content=\"2014-01-28T11:11:10+00:00\" \/>\n<meta property=\"og:image\" content=\"http:\/\/www.visit-ulcinj.com\/blog\/wp-content\/uploads\/2014\/01\/Abazovic-Suhih.jpg\" \/>\n<meta name=\"twitter:label1\" content=\"Written by\" \/>\n\t<meta name=\"twitter:data1\" content=\"ulqini\" \/>\n\t<meta name=\"twitter:label2\" content=\"Est. reading time\" \/>\n\t<meta name=\"twitter:data2\" content=\"3 minutes\" \/>\n<script type=\"application\/ld+json\" class=\"yoast-schema-graph\">{\"@context\":\"https:\/\/schema.org\",\"@graph\":[{\"@type\":\"WebSite\",\"@id\":\"https:\/\/www.visit-ulcinj.com\/blog\/#website\",\"url\":\"https:\/\/www.visit-ulcinj.com\/blog\/\",\"name\":\"Lajme nga Ulqini\",\"description\":\"Lajme,Vijesti,Ulqini,Ulqin,Crna Gora,Mali i Zi\",\"potentialAction\":[{\"@type\":\"SearchAction\",\"target\":{\"@type\":\"EntryPoint\",\"urlTemplate\":\"https:\/\/www.visit-ulcinj.com\/blog\/?s={search_term_string}\"},\"query-input\":\"required name=search_term_string\"}],\"inLanguage\":\"en-US\"},{\"@type\":\"ImageObject\",\"inLanguage\":\"en-US\",\"@id\":\"https:\/\/www.visit-ulcinj.com\/blog\/2014\/01\/28\/abazovic-sinistaj-dobrodosao-u-koaliciju\/#primaryimage\",\"url\":\"https:\/\/www.visit-ulcinj.com\/blog\/wp-content\/uploads\/2014\/01\/Abazovic-Suhih.jpg\",\"contentUrl\":\"https:\/\/www.visit-ulcinj.com\/blog\/wp-content\/uploads\/2014\/01\/Abazovic-Suhih.jpg\",\"width\":698,\"height\":480},{\"@type\":\"WebPage\",\"@id\":\"https:\/\/www.visit-ulcinj.com\/blog\/2014\/01\/28\/abazovic-sinistaj-dobrodosao-u-koaliciju\/#webpage\",\"url\":\"https:\/\/www.visit-ulcinj.com\/blog\/2014\/01\/28\/abazovic-sinistaj-dobrodosao-u-koaliciju\/\",\"name\":\"Abazovic: Sini\u0161taj dobrodo\u0161ao u koaliciju - Lajme nga Ulqini\",\"isPartOf\":{\"@id\":\"https:\/\/www.visit-ulcinj.com\/blog\/#website\"},\"primaryImageOfPage\":{\"@id\":\"https:\/\/www.visit-ulcinj.com\/blog\/2014\/01\/28\/abazovic-sinistaj-dobrodosao-u-koaliciju\/#primaryimage\"},\"datePublished\":\"2014-01-28T11:11:10+00:00\",\"dateModified\":\"2014-01-28T11:11:10+00:00\",\"author\":{\"@id\":\"https:\/\/www.visit-ulcinj.com\/blog\/#\/schema\/person\/dcab619c614d3038751c63bc2aadc06d\"},\"description\":\"Socijaldemokratska partija (SDP) i Pozitivna Crna Gora otvorene su za saradnju sa Gra\u0111anskom inicijativom Vaselja Sini\u0161taja, nakon njegove izjave da je\",\"breadcrumb\":{\"@id\":\"https:\/\/www.visit-ulcinj.com\/blog\/2014\/01\/28\/abazovic-sinistaj-dobrodosao-u-koaliciju\/#breadcrumb\"},\"inLanguage\":\"en-US\",\"potentialAction\":[{\"@type\":\"ReadAction\",\"target\":[\"https:\/\/www.visit-ulcinj.com\/blog\/2014\/01\/28\/abazovic-sinistaj-dobrodosao-u-koaliciju\/\"]}]},{\"@type\":\"BreadcrumbList\",\"@id\":\"https:\/\/www.visit-ulcinj.com\/blog\/2014\/01\/28\/abazovic-sinistaj-dobrodosao-u-koaliciju\/#breadcrumb\",\"itemListElement\":[{\"@type\":\"ListItem\",\"position\":1,\"name\":\"Abazovic: Sini\u0161taj dobrodo\u0161ao u koaliciju\"}]},{\"@type\":\"Person\",\"@id\":\"https:\/\/www.visit-ulcinj.com\/blog\/#\/schema\/person\/dcab619c614d3038751c63bc2aadc06d\",\"name\":\"ulqini\",\"sameAs\":[\"http:\/\/www.visit-ulcinj.com\"],\"url\":\"https:\/\/www.visit-ulcinj.com\/blog\/author\/admin\/\"}]}<\/script>\n<!-- \/ Yoast SEO plugin. -->","yoast_head_json":{"title":"Abazovic: Sini\u0161taj dobrodo\u0161ao u koaliciju - Lajme nga Ulqini","description":"Socijaldemokratska partija (SDP) i Pozitivna Crna Gora otvorene su za saradnju sa Gra\u0111anskom inicijativom Vaselja Sini\u0161taja, nakon njegove izjave da je","robots":{"index":"index","follow":"follow","max-snippet":"max-snippet:-1","max-image-preview":"max-image-preview:large","max-video-preview":"max-video-preview:-1"},"canonical":"https:\/\/www.visit-ulcinj.com\/blog\/2014\/01\/28\/abazovic-sinistaj-dobrodosao-u-koaliciju\/","og_locale":"en_US","og_type":"article","og_title":"Abazovic: Sini\u0161taj dobrodo\u0161ao u koaliciju - Lajme nga Ulqini","og_description":"Socijaldemokratska partija (SDP) i Pozitivna Crna Gora otvorene su za saradnju sa Gra\u0111anskom inicijativom Vaselja Sini\u0161taja, nakon njegove izjave da je","og_url":"https:\/\/www.visit-ulcinj.com\/blog\/2014\/01\/28\/abazovic-sinistaj-dobrodosao-u-koaliciju\/","og_site_name":"Lajme nga Ulqini","article_published_time":"2014-01-28T11:11:10+00:00","og_image":[{"url":"http:\/\/www.visit-ulcinj.com\/blog\/wp-content\/uploads\/2014\/01\/Abazovic-Suhih.jpg"}],"twitter_misc":{"Written by":"ulqini","Est. reading time":"3 minutes"},"schema":{"@context":"https:\/\/schema.org","@graph":[{"@type":"WebSite","@id":"https:\/\/www.visit-ulcinj.com\/blog\/#website","url":"https:\/\/www.visit-ulcinj.com\/blog\/","name":"Lajme nga Ulqini","description":"Lajme,Vijesti,Ulqini,Ulqin,Crna Gora,Mali i Zi","potentialAction":[{"@type":"SearchAction","target":{"@type":"EntryPoint","urlTemplate":"https:\/\/www.visit-ulcinj.com\/blog\/?s={search_term_string}"},"query-input":"required name=search_term_string"}],"inLanguage":"en-US"},{"@type":"ImageObject","inLanguage":"en-US","@id":"https:\/\/www.visit-ulcinj.com\/blog\/2014\/01\/28\/abazovic-sinistaj-dobrodosao-u-koaliciju\/#primaryimage","url":"https:\/\/www.visit-ulcinj.com\/blog\/wp-content\/uploads\/2014\/01\/Abazovic-Suhih.jpg","contentUrl":"https:\/\/www.visit-ulcinj.com\/blog\/wp-content\/uploads\/2014\/01\/Abazovic-Suhih.jpg","width":698,"height":480},{"@type":"WebPage","@id":"https:\/\/www.visit-ulcinj.com\/blog\/2014\/01\/28\/abazovic-sinistaj-dobrodosao-u-koaliciju\/#webpage","url":"https:\/\/www.visit-ulcinj.com\/blog\/2014\/01\/28\/abazovic-sinistaj-dobrodosao-u-koaliciju\/","name":"Abazovic: Sini\u0161taj dobrodo\u0161ao u koaliciju - Lajme nga Ulqini","isPartOf":{"@id":"https:\/\/www.visit-ulcinj.com\/blog\/#website"},"primaryImageOfPage":{"@id":"https:\/\/www.visit-ulcinj.com\/blog\/2014\/01\/28\/abazovic-sinistaj-dobrodosao-u-koaliciju\/#primaryimage"},"datePublished":"2014-01-28T11:11:10+00:00","dateModified":"2014-01-28T11:11:10+00:00","author":{"@id":"https:\/\/www.visit-ulcinj.com\/blog\/#\/schema\/person\/dcab619c614d3038751c63bc2aadc06d"},"description":"Socijaldemokratska partija (SDP) i Pozitivna Crna Gora otvorene su za saradnju sa Gra\u0111anskom inicijativom Vaselja Sini\u0161taja, nakon njegove izjave da je","breadcrumb":{"@id":"https:\/\/www.visit-ulcinj.com\/blog\/2014\/01\/28\/abazovic-sinistaj-dobrodosao-u-koaliciju\/#breadcrumb"},"inLanguage":"en-US","potentialAction":[{"@type":"ReadAction","target":["https:\/\/www.visit-ulcinj.com\/blog\/2014\/01\/28\/abazovic-sinistaj-dobrodosao-u-koaliciju\/"]}]},{"@type":"BreadcrumbList","@id":"https:\/\/www.visit-ulcinj.com\/blog\/2014\/01\/28\/abazovic-sinistaj-dobrodosao-u-koaliciju\/#breadcrumb","itemListElement":[{"@type":"ListItem","position":1,"name":"Abazovic: Sini\u0161taj dobrodo\u0161ao u koaliciju"}]},{"@type":"Person","@id":"https:\/\/www.visit-ulcinj.com\/blog\/#\/schema\/person\/dcab619c614d3038751c63bc2aadc06d","name":"ulqini","sameAs":["http:\/\/www.visit-ulcinj.com"],"url":"https:\/\/www.visit-ulcinj.com\/blog\/author\/admin\/"}]}},"jetpack_featured_media_url":"","jetpack_sharing_enabled":true,"jetpack_shortlink":"https:\/\/wp.me\/pe6lTn-kw7","_links":{"self":[{"href":"https:\/\/www.visit-ulcinj.com\/blog\/wp-json\/wp\/v2\/posts\/78871"}],"collection":[{"href":"https:\/\/www.visit-ulcinj.com\/blog\/wp-json\/wp\/v2\/posts"}],"about":[{"href":"https:\/\/www.visit-ulcinj.com\/blog\/wp-json\/wp\/v2\/types\/post"}],"author":[{"embeddable":true,"href":"https:\/\/www.visit-ulcinj.com\/blog\/wp-json\/wp\/v2\/users\/1"}],"replies":[{"embeddable":true,"href":"https:\/\/www.visit-ulcinj.com\/blog\/wp-json\/wp\/v2\/comments?post=78871"}],"version-history":[{"count":1,"href":"https:\/\/www.visit-ulcinj.com\/blog\/wp-json\/wp\/v2\/posts\/78871\/revisions"}],"predecessor-version":[{"id":78873,"href":"https:\/\/www.visit-ulcinj.com\/blog\/wp-json\/wp\/v2\/posts\/78871\/revisions\/78873"}],"wp:attachment":[{"href":"https:\/\/www.visit-ulcinj.com\/blog\/wp-json\/wp\/v2\/media?parent=78871"}],"wp:term":[{"taxonomy":"category","embeddable":true,"href":"https:\/\/www.visit-ulcinj.com\/blog\/wp-json\/wp\/v2\/categories?post=78871"},{"taxonomy":"post_tag","embeddable":true,"href":"https:\/\/www.visit-ulcinj.com\/blog\/wp-json\/wp\/v2\/tags?post=78871"}],"curies":[{"name":"wp","href":"https:\/\/api.w.org\/{rel}","templated":true}]}}