{"id":78878,"date":"2014-01-28T12:22:25","date_gmt":"2014-01-28T11:22:25","guid":{"rendered":"http:\/\/www.visit-ulcinj.com\/blog\/?p=78878"},"modified":"2014-01-28T12:22:25","modified_gmt":"2014-01-28T11:22:25","slug":"sinistaj-spremni-za-koaliciju-sa-pozitivnom-sdp-om","status":"publish","type":"post","link":"https:\/\/www.visit-ulcinj.com\/blog\/2014\/01\/28\/sinistaj-spremni-za-koaliciju-sa-pozitivnom-sdp-om\/","title":{"rendered":"Sini\u0161taj: Spremni za koaliciju sa Pozitivnom i SDP-om"},"content":{"rendered":"<p><a href=\"http:\/\/www.visit-ulcinj.com\/blog\/wp-content\/uploads\/2013\/02\/Vaselj-Sinistaj.jpg\"><img loading=\"lazy\" class=\"alignleft  wp-image-68409\" alt=\"Vaselj Sinistaj\" src=\"http:\/\/www.visit-ulcinj.com\/blog\/wp-content\/uploads\/2013\/02\/Vaselj-Sinistaj.jpg\" width=\"508\" height=\"302\" \/><\/a>Predsjednik Gra\u0111anske inicijative Vaselj Sini\u0161taj rekao je da je spreman da podr\u017ei koaliciju Pozitivne Crne Gore i Socijaldemokratske partije pred podgori\u010dke izbore, ali da te dvije stranke moraju da podr\u017ee zahtjeve za stvaranje op\u0161tine u Tuzima.<\/p>\n<p>Sini\u0161taj je saop\u0161tio da o\u010dekuje da i druge albanske nacionalne partije podr\u017ee SDP i Pozitivnu ako bi one podr\u017eale rje\u0161enje koje bi vodilo davanju Tuzima statusa punopravne op\u0161tine.<\/p>\n<p>&#8220;U prvom redu, odluka o evetualnoj podr\u0161ci novoj koaliciji ne\u0107e zavisiti isklju\u010divo od Albanaca, i to je sada va\u017eno re\u0107i. Zavisi\u0107e od toga \u0161ta \u0107e SDP i Pozitivna Crna Gora odlu\u010diti kada su u pitanju na\u0161i legitimni zahtjevi, na \u010dije ispunjenje \u010dekamo vi\u0161e od decenije&#8221;, rekao je Sini\u0161taj Danu.<\/p>\n<p>On se, kako je kazao, nada da \u0107e ministar unutra\u0161njih poslova Ra\u0161ko Konjevi\u0107 uspjeti da napravi pomak kada je u pitanju rje\u0161avanje statusa Tuzi, navode\u0107i da su konkretni koraci u ispunjavanju zahtjeva da Tuzi dobiju status op\u0161tine uslov da budu dio nove, dr\u017eavotvorne koalicije.<\/p>\n<p>&#8220;Ako toga ne bude, mo\u017eemo biti svoji na svome i da se dr\u017eimo po strani. Mi smo spremni da pravimo politi\u010dke dogovore. \u017delimo da bude jasno da je ovo vrijeme kada ho\u0107emo da ne\u0161to u\u010dinimo za sebe. Dobro je \u0161to je napravljena ova nova koalicija, to jeste pozitivan iskorak, potez u pravom smjeru, ali nama to nije sve&#8221;, rekao je Sini\u0161taj.<\/p>\n<p>Prema njegovim rije\u010dima, njima su potrebni pomaci na koje \u010dekaju deceniju i vi\u0161e.\u00a0 &#8220;Otvoreni smo za razgovor sa onima koji ho\u0107e da nam daju vi\u0161e od onoga \u0161to nam se sada nudi, koji \u0107e nam dati ono \u0161to nam pripada, i koji nas ne\u0107e pustiti da i dalje prosimo na\u0161a prava&#8221;, poru\u010dio je Sini\u0161taj.<\/p>\n<p><strong>Izvor: RTCG<\/strong><\/p>\n","protected":false},"excerpt":{"rendered":"<p>Predsjednik Gra\u0111anske inicijative Vaselj Sini\u0161taj rekao je da je spreman da podr\u017ei koaliciju Pozitivne Crne Gore i Socijaldemokratske partije pred podgori\u010dke izbore, ali da te dvije stranke moraju da podr\u017ee zahtjeve za stvaranje op\u0161tine u Tuzima. Sini\u0161taj je saop\u0161tio da o\u010dekuje da i druge albanske nacionalne partije podr\u017ee SDP i Pozitivnu ako bi one podr\u017eale [&hellip;]<\/p>\n","protected":false},"author":1,"featured_media":0,"comment_status":"closed","ping_status":"closed","sticky":false,"template":"","format":"standard","meta":{"spay_email":"","jetpack_publicize_message":"","jetpack_is_tweetstorm":false,"jetpack_publicize_feature_enabled":true},"categories":[6950],"tags":[],"jetpack_publicize_connections":[],"yoast_head":"<!-- This site is optimized with the Yoast SEO plugin v19.1 - https:\/\/yoast.com\/wordpress\/plugins\/seo\/ -->\n<title>Sini\u0161taj: Spremni za koaliciju sa Pozitivnom i SDP-om - Lajme nga Ulqini<\/title>\n<meta name=\"description\" content=\"Predsjednik Gra\u0111anske inicijative Vaselj Sini\u0161taj rekao je da je spreman da podr\u017ei koaliciju Pozitivne Crne Gore i Socijaldemokratske partije pred\" \/>\n<meta name=\"robots\" content=\"index, follow, max-snippet:-1, max-image-preview:large, max-video-preview:-1\" \/>\n<link rel=\"canonical\" href=\"https:\/\/www.visit-ulcinj.com\/blog\/2014\/01\/28\/sinistaj-spremni-za-koaliciju-sa-pozitivnom-sdp-om\/\" \/>\n<meta property=\"og:locale\" content=\"en_US\" \/>\n<meta property=\"og:type\" content=\"article\" \/>\n<meta property=\"og:title\" content=\"Sini\u0161taj: Spremni za koaliciju sa Pozitivnom i SDP-om - Lajme nga Ulqini\" \/>\n<meta property=\"og:description\" content=\"Predsjednik Gra\u0111anske inicijative Vaselj Sini\u0161taj rekao je da je spreman da podr\u017ei koaliciju Pozitivne Crne Gore i Socijaldemokratske partije pred\" \/>\n<meta property=\"og:url\" content=\"https:\/\/www.visit-ulcinj.com\/blog\/2014\/01\/28\/sinistaj-spremni-za-koaliciju-sa-pozitivnom-sdp-om\/\" \/>\n<meta property=\"og:site_name\" content=\"Lajme nga Ulqini\" \/>\n<meta property=\"article:published_time\" content=\"2014-01-28T11:22:25+00:00\" \/>\n<meta property=\"og:image\" content=\"http:\/\/www.visit-ulcinj.com\/blog\/wp-content\/uploads\/2013\/02\/Vaselj-Sinistaj.jpg\" \/>\n<meta name=\"twitter:label1\" content=\"Written by\" \/>\n\t<meta name=\"twitter:data1\" content=\"ulqini\" \/>\n\t<meta name=\"twitter:label2\" content=\"Est. reading time\" \/>\n\t<meta name=\"twitter:data2\" content=\"2 minutes\" \/>\n<script type=\"application\/ld+json\" class=\"yoast-schema-graph\">{\"@context\":\"https:\/\/schema.org\",\"@graph\":[{\"@type\":\"WebSite\",\"@id\":\"https:\/\/www.visit-ulcinj.com\/blog\/#website\",\"url\":\"https:\/\/www.visit-ulcinj.com\/blog\/\",\"name\":\"Lajme nga Ulqini\",\"description\":\"Lajme,Vijesti,Ulqini,Ulqin,Crna Gora,Mali i Zi\",\"potentialAction\":[{\"@type\":\"SearchAction\",\"target\":{\"@type\":\"EntryPoint\",\"urlTemplate\":\"https:\/\/www.visit-ulcinj.com\/blog\/?s={search_term_string}\"},\"query-input\":\"required name=search_term_string\"}],\"inLanguage\":\"en-US\"},{\"@type\":\"ImageObject\",\"inLanguage\":\"en-US\",\"@id\":\"https:\/\/www.visit-ulcinj.com\/blog\/2014\/01\/28\/sinistaj-spremni-za-koaliciju-sa-pozitivnom-sdp-om\/#primaryimage\",\"url\":\"https:\/\/www.visit-ulcinj.com\/blog\/wp-content\/uploads\/2013\/02\/Vaselj-Sinistaj.jpg\",\"contentUrl\":\"https:\/\/www.visit-ulcinj.com\/blog\/wp-content\/uploads\/2013\/02\/Vaselj-Sinistaj.jpg\",\"width\":407,\"height\":302},{\"@type\":\"WebPage\",\"@id\":\"https:\/\/www.visit-ulcinj.com\/blog\/2014\/01\/28\/sinistaj-spremni-za-koaliciju-sa-pozitivnom-sdp-om\/#webpage\",\"url\":\"https:\/\/www.visit-ulcinj.com\/blog\/2014\/01\/28\/sinistaj-spremni-za-koaliciju-sa-pozitivnom-sdp-om\/\",\"name\":\"Sini\u0161taj: Spremni za koaliciju sa Pozitivnom i SDP-om - Lajme nga Ulqini\",\"isPartOf\":{\"@id\":\"https:\/\/www.visit-ulcinj.com\/blog\/#website\"},\"primaryImageOfPage\":{\"@id\":\"https:\/\/www.visit-ulcinj.com\/blog\/2014\/01\/28\/sinistaj-spremni-za-koaliciju-sa-pozitivnom-sdp-om\/#primaryimage\"},\"datePublished\":\"2014-01-28T11:22:25+00:00\",\"dateModified\":\"2014-01-28T11:22:25+00:00\",\"author\":{\"@id\":\"https:\/\/www.visit-ulcinj.com\/blog\/#\/schema\/person\/dcab619c614d3038751c63bc2aadc06d\"},\"description\":\"Predsjednik Gra\u0111anske inicijative Vaselj Sini\u0161taj rekao je da je spreman da podr\u017ei koaliciju Pozitivne Crne Gore i Socijaldemokratske partije pred\",\"breadcrumb\":{\"@id\":\"https:\/\/www.visit-ulcinj.com\/blog\/2014\/01\/28\/sinistaj-spremni-za-koaliciju-sa-pozitivnom-sdp-om\/#breadcrumb\"},\"inLanguage\":\"en-US\",\"potentialAction\":[{\"@type\":\"ReadAction\",\"target\":[\"https:\/\/www.visit-ulcinj.com\/blog\/2014\/01\/28\/sinistaj-spremni-za-koaliciju-sa-pozitivnom-sdp-om\/\"]}]},{\"@type\":\"BreadcrumbList\",\"@id\":\"https:\/\/www.visit-ulcinj.com\/blog\/2014\/01\/28\/sinistaj-spremni-za-koaliciju-sa-pozitivnom-sdp-om\/#breadcrumb\",\"itemListElement\":[{\"@type\":\"ListItem\",\"position\":1,\"name\":\"Sini\u0161taj: Spremni za koaliciju sa Pozitivnom i SDP-om\"}]},{\"@type\":\"Person\",\"@id\":\"https:\/\/www.visit-ulcinj.com\/blog\/#\/schema\/person\/dcab619c614d3038751c63bc2aadc06d\",\"name\":\"ulqini\",\"sameAs\":[\"http:\/\/www.visit-ulcinj.com\"],\"url\":\"https:\/\/www.visit-ulcinj.com\/blog\/author\/admin\/\"}]}<\/script>\n<!-- \/ Yoast SEO plugin. -->","yoast_head_json":{"title":"Sini\u0161taj: Spremni za koaliciju sa Pozitivnom i SDP-om - Lajme nga Ulqini","description":"Predsjednik Gra\u0111anske inicijative Vaselj Sini\u0161taj rekao je da je spreman da podr\u017ei koaliciju Pozitivne Crne Gore i Socijaldemokratske partije pred","robots":{"index":"index","follow":"follow","max-snippet":"max-snippet:-1","max-image-preview":"max-image-preview:large","max-video-preview":"max-video-preview:-1"},"canonical":"https:\/\/www.visit-ulcinj.com\/blog\/2014\/01\/28\/sinistaj-spremni-za-koaliciju-sa-pozitivnom-sdp-om\/","og_locale":"en_US","og_type":"article","og_title":"Sini\u0161taj: Spremni za koaliciju sa Pozitivnom i SDP-om - Lajme nga Ulqini","og_description":"Predsjednik Gra\u0111anske inicijative Vaselj Sini\u0161taj rekao je da je spreman da podr\u017ei koaliciju Pozitivne Crne Gore i Socijaldemokratske partije pred","og_url":"https:\/\/www.visit-ulcinj.com\/blog\/2014\/01\/28\/sinistaj-spremni-za-koaliciju-sa-pozitivnom-sdp-om\/","og_site_name":"Lajme nga Ulqini","article_published_time":"2014-01-28T11:22:25+00:00","og_image":[{"url":"http:\/\/www.visit-ulcinj.com\/blog\/wp-content\/uploads\/2013\/02\/Vaselj-Sinistaj.jpg"}],"twitter_misc":{"Written by":"ulqini","Est. reading time":"2 minutes"},"schema":{"@context":"https:\/\/schema.org","@graph":[{"@type":"WebSite","@id":"https:\/\/www.visit-ulcinj.com\/blog\/#website","url":"https:\/\/www.visit-ulcinj.com\/blog\/","name":"Lajme nga Ulqini","description":"Lajme,Vijesti,Ulqini,Ulqin,Crna Gora,Mali i Zi","potentialAction":[{"@type":"SearchAction","target":{"@type":"EntryPoint","urlTemplate":"https:\/\/www.visit-ulcinj.com\/blog\/?s={search_term_string}"},"query-input":"required name=search_term_string"}],"inLanguage":"en-US"},{"@type":"ImageObject","inLanguage":"en-US","@id":"https:\/\/www.visit-ulcinj.com\/blog\/2014\/01\/28\/sinistaj-spremni-za-koaliciju-sa-pozitivnom-sdp-om\/#primaryimage","url":"https:\/\/www.visit-ulcinj.com\/blog\/wp-content\/uploads\/2013\/02\/Vaselj-Sinistaj.jpg","contentUrl":"https:\/\/www.visit-ulcinj.com\/blog\/wp-content\/uploads\/2013\/02\/Vaselj-Sinistaj.jpg","width":407,"height":302},{"@type":"WebPage","@id":"https:\/\/www.visit-ulcinj.com\/blog\/2014\/01\/28\/sinistaj-spremni-za-koaliciju-sa-pozitivnom-sdp-om\/#webpage","url":"https:\/\/www.visit-ulcinj.com\/blog\/2014\/01\/28\/sinistaj-spremni-za-koaliciju-sa-pozitivnom-sdp-om\/","name":"Sini\u0161taj: Spremni za koaliciju sa Pozitivnom i SDP-om - Lajme nga Ulqini","isPartOf":{"@id":"https:\/\/www.visit-ulcinj.com\/blog\/#website"},"primaryImageOfPage":{"@id":"https:\/\/www.visit-ulcinj.com\/blog\/2014\/01\/28\/sinistaj-spremni-za-koaliciju-sa-pozitivnom-sdp-om\/#primaryimage"},"datePublished":"2014-01-28T11:22:25+00:00","dateModified":"2014-01-28T11:22:25+00:00","author":{"@id":"https:\/\/www.visit-ulcinj.com\/blog\/#\/schema\/person\/dcab619c614d3038751c63bc2aadc06d"},"description":"Predsjednik Gra\u0111anske inicijative Vaselj Sini\u0161taj rekao je da je spreman da podr\u017ei koaliciju Pozitivne Crne Gore i Socijaldemokratske partije pred","breadcrumb":{"@id":"https:\/\/www.visit-ulcinj.com\/blog\/2014\/01\/28\/sinistaj-spremni-za-koaliciju-sa-pozitivnom-sdp-om\/#breadcrumb"},"inLanguage":"en-US","potentialAction":[{"@type":"ReadAction","target":["https:\/\/www.visit-ulcinj.com\/blog\/2014\/01\/28\/sinistaj-spremni-za-koaliciju-sa-pozitivnom-sdp-om\/"]}]},{"@type":"BreadcrumbList","@id":"https:\/\/www.visit-ulcinj.com\/blog\/2014\/01\/28\/sinistaj-spremni-za-koaliciju-sa-pozitivnom-sdp-om\/#breadcrumb","itemListElement":[{"@type":"ListItem","position":1,"name":"Sini\u0161taj: Spremni za koaliciju sa Pozitivnom i SDP-om"}]},{"@type":"Person","@id":"https:\/\/www.visit-ulcinj.com\/blog\/#\/schema\/person\/dcab619c614d3038751c63bc2aadc06d","name":"ulqini","sameAs":["http:\/\/www.visit-ulcinj.com"],"url":"https:\/\/www.visit-ulcinj.com\/blog\/author\/admin\/"}]}},"jetpack_featured_media_url":"","jetpack_sharing_enabled":true,"jetpack_shortlink":"https:\/\/wp.me\/pe6lTn-kwe","_links":{"self":[{"href":"https:\/\/www.visit-ulcinj.com\/blog\/wp-json\/wp\/v2\/posts\/78878"}],"collection":[{"href":"https:\/\/www.visit-ulcinj.com\/blog\/wp-json\/wp\/v2\/posts"}],"about":[{"href":"https:\/\/www.visit-ulcinj.com\/blog\/wp-json\/wp\/v2\/types\/post"}],"author":[{"embeddable":true,"href":"https:\/\/www.visit-ulcinj.com\/blog\/wp-json\/wp\/v2\/users\/1"}],"replies":[{"embeddable":true,"href":"https:\/\/www.visit-ulcinj.com\/blog\/wp-json\/wp\/v2\/comments?post=78878"}],"version-history":[{"count":1,"href":"https:\/\/www.visit-ulcinj.com\/blog\/wp-json\/wp\/v2\/posts\/78878\/revisions"}],"predecessor-version":[{"id":78879,"href":"https:\/\/www.visit-ulcinj.com\/blog\/wp-json\/wp\/v2\/posts\/78878\/revisions\/78879"}],"wp:attachment":[{"href":"https:\/\/www.visit-ulcinj.com\/blog\/wp-json\/wp\/v2\/media?parent=78878"}],"wp:term":[{"taxonomy":"category","embeddable":true,"href":"https:\/\/www.visit-ulcinj.com\/blog\/wp-json\/wp\/v2\/categories?post=78878"},{"taxonomy":"post_tag","embeddable":true,"href":"https:\/\/www.visit-ulcinj.com\/blog\/wp-json\/wp\/v2\/tags?post=78878"}],"curies":[{"name":"wp","href":"https:\/\/api.w.org\/{rel}","templated":true}]}}