{"id":78884,"date":"2014-01-28T13:10:55","date_gmt":"2014-01-28T12:10:55","guid":{"rendered":"http:\/\/www.visit-ulcinj.com\/blog\/?p=78884"},"modified":"2014-01-28T18:54:36","modified_gmt":"2014-01-28T17:54:36","slug":"ftese-e-shoqates-ana-malit-per-bashkim-te-subjekteve-politike-shqiptare-ne-ulqin","status":"publish","type":"post","link":"https:\/\/www.visit-ulcinj.com\/blog\/2014\/01\/28\/ftese-e-shoqates-ana-malit-per-bashkim-te-subjekteve-politike-shqiptare-ne-ulqin\/","title":{"rendered":"Ftes\u00eb e &#8220;Shoqat\u00ebs Ana Malit&#8221; per bashkim te subjekteve politike shqiptare n\u00eb Ulqin"},"content":{"rendered":"<p><strong><a href=\"http:\/\/www.visit-ulcinj.com\/blog\/wp-content\/uploads\/2014\/01\/Shoqata-ana-malit.jpg\"><img loading=\"lazy\" class=\"alignleft  wp-image-78885\" alt=\"Shoqata-ana-malit\" src=\"http:\/\/www.visit-ulcinj.com\/blog\/wp-content\/uploads\/2014\/01\/Shoqata-ana-malit.jpg\" width=\"508\" height=\"310\" \/><\/a>Let\u00ebr e hapur subjekteve politike shqiptare n\u00eb komun\u00ebn e Ulqinit<\/strong><\/p>\n<p>Me v\u00ebmendje t\u00eb ve\u00e7ant\u00eb, p\u00ebrcoll\u00ebm zgjedhjet e parakoh\u00ebshme t\u00eb cilat u zhvilluan n\u00eb Komun\u00ebn ton\u00eb me 26 Janar 2014. Duke pasur parasysh faktin se ishte fushat\u00eb e ashp\u00ebr, mund t\u00eb konkludojm\u00eb q\u00eb edhe ndonj\u00eb rezultat m\u00eb i mir\u00eb n\u00eb favor t\u00eb faktorit shqiptar,mbeti p\u00ebr tu d\u00ebshiruar. Por, megjithat\u00eb, ne kemi akoma shpres\u00eb q\u00eb Ju p\u00ebrfaq\u00ebsuesit politik t\u00eb subjekteve politike shqiptare, nuk do t\u00eb lejoni q\u00eb qeveria e ardhshme e Komun\u00ebs tone t\u00eb drejtohet nga PDS. Q\u00eb nga viti 1990 pushtetin e k\u00ebsaj Komune e ushtruan subjektet politike shqiptare dhe ne mendojm\u00eb q\u00eb nj\u00eb gj\u00eb e till\u00eb duhet t\u00eb vazhdoj\u00eb edhe n\u00eb t\u00eb ardhmen,duke pasur parasysh faktin se shumic\u00ebn d\u00ebrmuese t\u00eb k\u00ebsai Komune e p\u00ebrb\u00ebjn\u00eb shqiptar\u00ebt.<br \/>\nNe n\u00eb diaspor\u00eb, marrim frym\u00eb me vendlindjen ton\u00eb, andaj edhe apelojm\u00eb tek Ju n\u00eb m\u00ebnyr\u00eb v\u00ebllaz\u00ebrore q\u00eb sa m\u00eb par\u00eb, t\u00eb merrni iniciativ\u00ebn,p\u00ebr formimin e koalicionit t\u00eb subjekteve politike shqiptare dhe krijimin e shumic\u00ebs parlamentare n\u00eb Kuvendin Komunal t\u00eb Ulqinit. Pra,e kemi fjal\u00ebn p\u00ebr bashk\u00ebqeverisjen n\u00eb mandatin e ardhsh\u00ebm n\u00eb mes t\u00eb Forc\u00ebs s\u00eb re Demokratike, Koalicionit \u201cP\u00ebr t\u00eb Ardhmen e Ulqinit\u201d dhe Unionit Demokratik t\u00eb Shqiptar\u00ebve.<br \/>\nApeli i yn\u00eb buron thjesht\u00eb nga ndjenja e dashuris\u00eb son\u00eb p\u00ebr vendlindjen dhe t\u00eb ardhmen e saj. Tani \u00ebsht\u00eb momenti q\u00eb Ju t\u00eb l\u00ebni n\u00eb nj\u00eb an\u00eb interesat partiake dhe vendimin Tuaj t\u2019a bazoni n\u00eb interesat e p\u00ebrgjithshme komb\u00ebtare apo n\u00eb intresat e shumic\u00ebs shqiptare t\u00eb Komun\u00ebs s\u00eb Ulqinit. Ju jemi drejtuar me k\u00ebt\u00eb rast pasi q\u00eb Ju \u00ebsht\u00eb dh\u00ebn\u00eb edhe nj\u00eb mund\u00ebsi e fundit q\u00eb gjendjen ta ktheni n\u00eb tabanin komb\u00ebtar dhe q\u00eb asnj\u00eb subjekt politik shqiptar, t\u00eb mos b\u00ebhet der\u00eb e hapur p\u00ebr dor\u00ebzimin e Komun\u00ebs. Ju b\u00ebjm\u00eb thirrje q\u00eb t\u00eb shfryt\u00ebzoni k\u00ebt\u00eb mund\u00ebsi n\u00eb favorin tuaj duke marr\u00eb parasysh\u00eb se \u00e7do opcion tjet\u00ebr shkon kundra interesit t\u00eb pergjithsh\u00ebm dhe do t\u00eb mbani p\u00ebrgjegj\u00ebsi dhe do t\u00eb merrni gjykimin e p\u00ebrshtatsh\u00ebm n\u00eb faqet e historis\u00eb. Gjeneratat e ardhshme nuk do t\u2019ju gjykojn\u00eb n\u00eb baz\u00eb t\u00eb asaj se \u00e7ka \u00ebsht\u00eb folur,por n\u00eb baz\u00eb t\u00eb asaj se si keni vepruar dhe koha \u00ebsht\u00eb tani p\u00ebr t\u00eb vepruar.<\/p>\n<p>Me respekt,<br \/>\nKryesia e Shoqat\u00ebs Shqiptaro-Amerikane \u201cAna e Malit\u201d<br \/>\nNew York<\/p>\n","protected":false},"excerpt":{"rendered":"<p>Let\u00ebr e hapur subjekteve politike shqiptare n\u00eb komun\u00ebn e Ulqinit Me v\u00ebmendje t\u00eb ve\u00e7ant\u00eb, p\u00ebrcoll\u00ebm zgjedhjet e parakoh\u00ebshme t\u00eb cilat u zhvilluan n\u00eb Komun\u00ebn ton\u00eb me 26 Janar 2014. Duke pasur parasysh faktin se ishte fushat\u00eb e ashp\u00ebr, mund t\u00eb konkludojm\u00eb q\u00eb edhe ndonj\u00eb rezultat m\u00eb i mir\u00eb n\u00eb favor t\u00eb faktorit shqiptar,mbeti p\u00ebr tu [&hellip;]<\/p>\n","protected":false},"author":1,"featured_media":0,"comment_status":"closed","ping_status":"closed","sticky":false,"template":"","format":"standard","meta":{"spay_email":"","jetpack_publicize_message":"","jetpack_is_tweetstorm":false,"jetpack_publicize_feature_enabled":true},"categories":[7,1],"tags":[],"jetpack_publicize_connections":[],"yoast_head":"<!-- This site is optimized with the Yoast SEO plugin v19.1 - https:\/\/yoast.com\/wordpress\/plugins\/seo\/ -->\n<title>Ftes\u00eb e &quot;Shoqat\u00ebs Ana Malit&quot; per bashkim te subjekteve politike shqiptare n\u00eb Ulqin - Lajme nga Ulqini<\/title>\n<meta name=\"description\" content=\"Let\u00ebr e hapur subjekteve politike shqiptare n\u00eb komun\u00ebn e Ulqinit Me v\u00ebmendje t\u00eb ve\u00e7ant\u00eb, p\u00ebrcoll\u00ebm zgjedhjet e parakoh\u00ebshme t\u00eb cilat u zhvilluan n\u00eb\" \/>\n<meta name=\"robots\" content=\"index, follow, max-snippet:-1, max-image-preview:large, max-video-preview:-1\" \/>\n<link rel=\"canonical\" href=\"https:\/\/www.visit-ulcinj.com\/blog\/2014\/01\/28\/ftese-e-shoqates-ana-malit-per-bashkim-te-subjekteve-politike-shqiptare-ne-ulqin\/\" \/>\n<meta property=\"og:locale\" content=\"en_US\" \/>\n<meta property=\"og:type\" content=\"article\" \/>\n<meta property=\"og:title\" content=\"Ftes\u00eb e &quot;Shoqat\u00ebs Ana Malit&quot; per bashkim te subjekteve politike shqiptare n\u00eb Ulqin - Lajme nga Ulqini\" \/>\n<meta property=\"og:description\" content=\"Let\u00ebr e hapur subjekteve politike shqiptare n\u00eb komun\u00ebn e Ulqinit Me v\u00ebmendje t\u00eb ve\u00e7ant\u00eb, p\u00ebrcoll\u00ebm zgjedhjet e parakoh\u00ebshme t\u00eb cilat u zhvilluan n\u00eb\" \/>\n<meta property=\"og:url\" content=\"https:\/\/www.visit-ulcinj.com\/blog\/2014\/01\/28\/ftese-e-shoqates-ana-malit-per-bashkim-te-subjekteve-politike-shqiptare-ne-ulqin\/\" \/>\n<meta property=\"og:site_name\" content=\"Lajme nga Ulqini\" \/>\n<meta property=\"article:published_time\" content=\"2014-01-28T12:10:55+00:00\" \/>\n<meta property=\"article:modified_time\" content=\"2014-01-28T17:54:36+00:00\" \/>\n<meta property=\"og:image\" content=\"http:\/\/www.visit-ulcinj.com\/blog\/wp-content\/uploads\/2014\/01\/Shoqata-ana-malit.jpg\" \/>\n<meta name=\"twitter:label1\" content=\"Written by\" \/>\n\t<meta name=\"twitter:data1\" content=\"ulqini\" \/>\n\t<meta name=\"twitter:label2\" content=\"Est. reading time\" \/>\n\t<meta name=\"twitter:data2\" content=\"2 minutes\" \/>\n<script type=\"application\/ld+json\" class=\"yoast-schema-graph\">{\"@context\":\"https:\/\/schema.org\",\"@graph\":[{\"@type\":\"WebSite\",\"@id\":\"https:\/\/www.visit-ulcinj.com\/blog\/#website\",\"url\":\"https:\/\/www.visit-ulcinj.com\/blog\/\",\"name\":\"Lajme nga Ulqini\",\"description\":\"Lajme,Vijesti,Ulqini,Ulqin,Crna Gora,Mali i Zi\",\"potentialAction\":[{\"@type\":\"SearchAction\",\"target\":{\"@type\":\"EntryPoint\",\"urlTemplate\":\"https:\/\/www.visit-ulcinj.com\/blog\/?s={search_term_string}\"},\"query-input\":\"required name=search_term_string\"}],\"inLanguage\":\"en-US\"},{\"@type\":\"ImageObject\",\"inLanguage\":\"en-US\",\"@id\":\"https:\/\/www.visit-ulcinj.com\/blog\/2014\/01\/28\/ftese-e-shoqates-ana-malit-per-bashkim-te-subjekteve-politike-shqiptare-ne-ulqin\/#primaryimage\",\"url\":\"https:\/\/www.visit-ulcinj.com\/blog\/wp-content\/uploads\/2014\/01\/Shoqata-ana-malit.jpg\",\"contentUrl\":\"https:\/\/www.visit-ulcinj.com\/blog\/wp-content\/uploads\/2014\/01\/Shoqata-ana-malit.jpg\",\"width\":625,\"height\":310},{\"@type\":\"WebPage\",\"@id\":\"https:\/\/www.visit-ulcinj.com\/blog\/2014\/01\/28\/ftese-e-shoqates-ana-malit-per-bashkim-te-subjekteve-politike-shqiptare-ne-ulqin\/#webpage\",\"url\":\"https:\/\/www.visit-ulcinj.com\/blog\/2014\/01\/28\/ftese-e-shoqates-ana-malit-per-bashkim-te-subjekteve-politike-shqiptare-ne-ulqin\/\",\"name\":\"Ftes\u00eb e \\\"Shoqat\u00ebs Ana Malit\\\" per bashkim te subjekteve politike shqiptare n\u00eb Ulqin - Lajme nga Ulqini\",\"isPartOf\":{\"@id\":\"https:\/\/www.visit-ulcinj.com\/blog\/#website\"},\"primaryImageOfPage\":{\"@id\":\"https:\/\/www.visit-ulcinj.com\/blog\/2014\/01\/28\/ftese-e-shoqates-ana-malit-per-bashkim-te-subjekteve-politike-shqiptare-ne-ulqin\/#primaryimage\"},\"datePublished\":\"2014-01-28T12:10:55+00:00\",\"dateModified\":\"2014-01-28T17:54:36+00:00\",\"author\":{\"@id\":\"https:\/\/www.visit-ulcinj.com\/blog\/#\/schema\/person\/dcab619c614d3038751c63bc2aadc06d\"},\"description\":\"Let\u00ebr e hapur subjekteve politike shqiptare n\u00eb komun\u00ebn e Ulqinit Me v\u00ebmendje t\u00eb ve\u00e7ant\u00eb, p\u00ebrcoll\u00ebm zgjedhjet e parakoh\u00ebshme t\u00eb cilat u zhvilluan n\u00eb\",\"breadcrumb\":{\"@id\":\"https:\/\/www.visit-ulcinj.com\/blog\/2014\/01\/28\/ftese-e-shoqates-ana-malit-per-bashkim-te-subjekteve-politike-shqiptare-ne-ulqin\/#breadcrumb\"},\"inLanguage\":\"en-US\",\"potentialAction\":[{\"@type\":\"ReadAction\",\"target\":[\"https:\/\/www.visit-ulcinj.com\/blog\/2014\/01\/28\/ftese-e-shoqates-ana-malit-per-bashkim-te-subjekteve-politike-shqiptare-ne-ulqin\/\"]}]},{\"@type\":\"BreadcrumbList\",\"@id\":\"https:\/\/www.visit-ulcinj.com\/blog\/2014\/01\/28\/ftese-e-shoqates-ana-malit-per-bashkim-te-subjekteve-politike-shqiptare-ne-ulqin\/#breadcrumb\",\"itemListElement\":[{\"@type\":\"ListItem\",\"position\":1,\"name\":\"Ftes\u00eb e &#8220;Shoqat\u00ebs Ana Malit&#8221; per bashkim te subjekteve politike shqiptare n\u00eb Ulqin\"}]},{\"@type\":\"Person\",\"@id\":\"https:\/\/www.visit-ulcinj.com\/blog\/#\/schema\/person\/dcab619c614d3038751c63bc2aadc06d\",\"name\":\"ulqini\",\"sameAs\":[\"http:\/\/www.visit-ulcinj.com\"],\"url\":\"https:\/\/www.visit-ulcinj.com\/blog\/author\/admin\/\"}]}<\/script>\n<!-- \/ Yoast SEO plugin. -->","yoast_head_json":{"title":"Ftes\u00eb e \"Shoqat\u00ebs Ana Malit\" per bashkim te subjekteve politike shqiptare n\u00eb Ulqin - Lajme nga Ulqini","description":"Let\u00ebr e hapur subjekteve politike shqiptare n\u00eb komun\u00ebn e Ulqinit Me v\u00ebmendje t\u00eb ve\u00e7ant\u00eb, p\u00ebrcoll\u00ebm zgjedhjet e parakoh\u00ebshme t\u00eb cilat u zhvilluan n\u00eb","robots":{"index":"index","follow":"follow","max-snippet":"max-snippet:-1","max-image-preview":"max-image-preview:large","max-video-preview":"max-video-preview:-1"},"canonical":"https:\/\/www.visit-ulcinj.com\/blog\/2014\/01\/28\/ftese-e-shoqates-ana-malit-per-bashkim-te-subjekteve-politike-shqiptare-ne-ulqin\/","og_locale":"en_US","og_type":"article","og_title":"Ftes\u00eb e \"Shoqat\u00ebs Ana Malit\" per bashkim te subjekteve politike shqiptare n\u00eb Ulqin - Lajme nga Ulqini","og_description":"Let\u00ebr e hapur subjekteve politike shqiptare n\u00eb komun\u00ebn e Ulqinit Me v\u00ebmendje t\u00eb ve\u00e7ant\u00eb, p\u00ebrcoll\u00ebm zgjedhjet e parakoh\u00ebshme t\u00eb cilat u zhvilluan n\u00eb","og_url":"https:\/\/www.visit-ulcinj.com\/blog\/2014\/01\/28\/ftese-e-shoqates-ana-malit-per-bashkim-te-subjekteve-politike-shqiptare-ne-ulqin\/","og_site_name":"Lajme nga Ulqini","article_published_time":"2014-01-28T12:10:55+00:00","article_modified_time":"2014-01-28T17:54:36+00:00","og_image":[{"url":"http:\/\/www.visit-ulcinj.com\/blog\/wp-content\/uploads\/2014\/01\/Shoqata-ana-malit.jpg"}],"twitter_misc":{"Written by":"ulqini","Est. reading time":"2 minutes"},"schema":{"@context":"https:\/\/schema.org","@graph":[{"@type":"WebSite","@id":"https:\/\/www.visit-ulcinj.com\/blog\/#website","url":"https:\/\/www.visit-ulcinj.com\/blog\/","name":"Lajme nga Ulqini","description":"Lajme,Vijesti,Ulqini,Ulqin,Crna Gora,Mali i Zi","potentialAction":[{"@type":"SearchAction","target":{"@type":"EntryPoint","urlTemplate":"https:\/\/www.visit-ulcinj.com\/blog\/?s={search_term_string}"},"query-input":"required name=search_term_string"}],"inLanguage":"en-US"},{"@type":"ImageObject","inLanguage":"en-US","@id":"https:\/\/www.visit-ulcinj.com\/blog\/2014\/01\/28\/ftese-e-shoqates-ana-malit-per-bashkim-te-subjekteve-politike-shqiptare-ne-ulqin\/#primaryimage","url":"https:\/\/www.visit-ulcinj.com\/blog\/wp-content\/uploads\/2014\/01\/Shoqata-ana-malit.jpg","contentUrl":"https:\/\/www.visit-ulcinj.com\/blog\/wp-content\/uploads\/2014\/01\/Shoqata-ana-malit.jpg","width":625,"height":310},{"@type":"WebPage","@id":"https:\/\/www.visit-ulcinj.com\/blog\/2014\/01\/28\/ftese-e-shoqates-ana-malit-per-bashkim-te-subjekteve-politike-shqiptare-ne-ulqin\/#webpage","url":"https:\/\/www.visit-ulcinj.com\/blog\/2014\/01\/28\/ftese-e-shoqates-ana-malit-per-bashkim-te-subjekteve-politike-shqiptare-ne-ulqin\/","name":"Ftes\u00eb e \"Shoqat\u00ebs Ana Malit\" per bashkim te subjekteve politike shqiptare n\u00eb Ulqin - Lajme nga Ulqini","isPartOf":{"@id":"https:\/\/www.visit-ulcinj.com\/blog\/#website"},"primaryImageOfPage":{"@id":"https:\/\/www.visit-ulcinj.com\/blog\/2014\/01\/28\/ftese-e-shoqates-ana-malit-per-bashkim-te-subjekteve-politike-shqiptare-ne-ulqin\/#primaryimage"},"datePublished":"2014-01-28T12:10:55+00:00","dateModified":"2014-01-28T17:54:36+00:00","author":{"@id":"https:\/\/www.visit-ulcinj.com\/blog\/#\/schema\/person\/dcab619c614d3038751c63bc2aadc06d"},"description":"Let\u00ebr e hapur subjekteve politike shqiptare n\u00eb komun\u00ebn e Ulqinit Me v\u00ebmendje t\u00eb ve\u00e7ant\u00eb, p\u00ebrcoll\u00ebm zgjedhjet e parakoh\u00ebshme t\u00eb cilat u zhvilluan n\u00eb","breadcrumb":{"@id":"https:\/\/www.visit-ulcinj.com\/blog\/2014\/01\/28\/ftese-e-shoqates-ana-malit-per-bashkim-te-subjekteve-politike-shqiptare-ne-ulqin\/#breadcrumb"},"inLanguage":"en-US","potentialAction":[{"@type":"ReadAction","target":["https:\/\/www.visit-ulcinj.com\/blog\/2014\/01\/28\/ftese-e-shoqates-ana-malit-per-bashkim-te-subjekteve-politike-shqiptare-ne-ulqin\/"]}]},{"@type":"BreadcrumbList","@id":"https:\/\/www.visit-ulcinj.com\/blog\/2014\/01\/28\/ftese-e-shoqates-ana-malit-per-bashkim-te-subjekteve-politike-shqiptare-ne-ulqin\/#breadcrumb","itemListElement":[{"@type":"ListItem","position":1,"name":"Ftes\u00eb e &#8220;Shoqat\u00ebs Ana Malit&#8221; per bashkim te subjekteve politike shqiptare n\u00eb Ulqin"}]},{"@type":"Person","@id":"https:\/\/www.visit-ulcinj.com\/blog\/#\/schema\/person\/dcab619c614d3038751c63bc2aadc06d","name":"ulqini","sameAs":["http:\/\/www.visit-ulcinj.com"],"url":"https:\/\/www.visit-ulcinj.com\/blog\/author\/admin\/"}]}},"jetpack_featured_media_url":"","jetpack_sharing_enabled":true,"jetpack_shortlink":"https:\/\/wp.me\/pe6lTn-kwk","_links":{"self":[{"href":"https:\/\/www.visit-ulcinj.com\/blog\/wp-json\/wp\/v2\/posts\/78884"}],"collection":[{"href":"https:\/\/www.visit-ulcinj.com\/blog\/wp-json\/wp\/v2\/posts"}],"about":[{"href":"https:\/\/www.visit-ulcinj.com\/blog\/wp-json\/wp\/v2\/types\/post"}],"author":[{"embeddable":true,"href":"https:\/\/www.visit-ulcinj.com\/blog\/wp-json\/wp\/v2\/users\/1"}],"replies":[{"embeddable":true,"href":"https:\/\/www.visit-ulcinj.com\/blog\/wp-json\/wp\/v2\/comments?post=78884"}],"version-history":[{"count":1,"href":"https:\/\/www.visit-ulcinj.com\/blog\/wp-json\/wp\/v2\/posts\/78884\/revisions"}],"predecessor-version":[{"id":78886,"href":"https:\/\/www.visit-ulcinj.com\/blog\/wp-json\/wp\/v2\/posts\/78884\/revisions\/78886"}],"wp:attachment":[{"href":"https:\/\/www.visit-ulcinj.com\/blog\/wp-json\/wp\/v2\/media?parent=78884"}],"wp:term":[{"taxonomy":"category","embeddable":true,"href":"https:\/\/www.visit-ulcinj.com\/blog\/wp-json\/wp\/v2\/categories?post=78884"},{"taxonomy":"post_tag","embeddable":true,"href":"https:\/\/www.visit-ulcinj.com\/blog\/wp-json\/wp\/v2\/tags?post=78884"}],"curies":[{"name":"wp","href":"https:\/\/api.w.org\/{rel}","templated":true}]}}