{"id":78888,"date":"2014-01-28T18:48:37","date_gmt":"2014-01-28T17:48:37","guid":{"rendered":"http:\/\/www.visit-ulcinj.com\/blog\/?p=78888"},"modified":"2014-01-28T20:57:43","modified_gmt":"2014-01-28T19:57:43","slug":"gjeka-iken-prej-bisedimeve-cungu-dhe-zenka-per-bisedime","status":"publish","type":"post","link":"https:\/\/www.visit-ulcinj.com\/blog\/2014\/01\/28\/gjeka-iken-prej-bisedimeve-cungu-dhe-zenka-per-bisedime\/","title":{"rendered":"Gjeka ik\u00ebn prej bisedimeve, Cungu dhe Zenka p\u00ebr bisedime"},"content":{"rendered":"<p><a href=\"http:\/\/www.visit-ulcinj.com\/blog\/wp-content\/uploads\/2014\/01\/Gjeka-Cungu-Zenka.jpg\"><img loading=\"lazy\" class=\"alignleft  wp-image-78895\" alt=\"Gjeka-Cungu-Zenka\" src=\"http:\/\/www.visit-ulcinj.com\/blog\/wp-content\/uploads\/2014\/01\/Gjeka-Cungu-Zenka.jpg\" width=\"508\" height=\"600\" \/><\/a>N\u00eb takimin e tre kryetar\u00ebve: Forc\u00ebs, z. Nazif Cungu, PD-s\u00eb, z. Fatmir Gjeka, UDSH-s\u00eb, z. Mehmet Zenka t\u00eb mbajtur sot, z. Fatmir Gjeka nuk pranoi t\u00eb flas\u00eb p\u00ebr bashk\u00ebpunim t\u00eb mundsh\u00ebm,\u00a0sepse si\u00e7 deklaroi \u201cka marr\u00ebveshje parazgjedhore q\u00eb ga viti 2012 me PDS (DPS) edhe p\u00ebr koalicion n\u00eb nivel lokal p\u00ebr pushtet n\u00eb Ulqin\u201d.<\/p>\n<p>Kjo vet\u00ebm d\u00ebshmon se ftesat t\u00eb Gjek\u00ebs jan\u00eb t\u00eb drejtuara p\u00ebr zbutjen e strukturave partiake t\u00eb PD-s\u00eb!<\/p>\n<p><strong>Forca Info<\/strong><\/p>\n<p>[flv]http:\/\/www.rtcg.me\/upload\/boxFileData\/2014\/01\/27\/54185\/Dnevnik_27012014.flv[\/flv]<\/p>\n","protected":false},"excerpt":{"rendered":"<p>N\u00eb takimin e tre kryetar\u00ebve: Forc\u00ebs, z. Nazif Cungu, PD-s\u00eb, z. Fatmir Gjeka, UDSH-s\u00eb, z. Mehmet Zenka t\u00eb mbajtur sot, z. Fatmir Gjeka nuk pranoi t\u00eb flas\u00eb p\u00ebr bashk\u00ebpunim t\u00eb mundsh\u00ebm,\u00a0sepse si\u00e7 deklaroi \u201cka marr\u00ebveshje parazgjedhore q\u00eb ga viti 2012 me PDS (DPS) edhe p\u00ebr koalicion n\u00eb nivel lokal p\u00ebr pushtet n\u00eb Ulqin\u201d. Kjo vet\u00ebm [&hellip;]<\/p>\n","protected":false},"author":1,"featured_media":0,"comment_status":"closed","ping_status":"closed","sticky":false,"template":"","format":"standard","meta":{"spay_email":"","jetpack_publicize_message":"","jetpack_is_tweetstorm":false,"jetpack_publicize_feature_enabled":true},"categories":[1,6950],"tags":[],"jetpack_publicize_connections":[],"yoast_head":"<!-- This site is optimized with the Yoast SEO plugin v19.1 - https:\/\/yoast.com\/wordpress\/plugins\/seo\/ -->\n<title>Gjeka ik\u00ebn prej bisedimeve, Cungu dhe Zenka p\u00ebr bisedime - Lajme nga Ulqini<\/title>\n<meta name=\"description\" content=\"N\u00eb takimin e tre kryetar\u00ebve: Forc\u00ebs, z. Nazif Cungu, PD-s\u00eb, z. Fatmir Gjeka, UDSH-s\u00eb, z. Mehmet Zenka t\u00eb mbajtur sot, z. Fatmir Gjeka nuk pranoi t\u00eb flas\u00eb\" \/>\n<meta name=\"robots\" content=\"index, follow, max-snippet:-1, max-image-preview:large, max-video-preview:-1\" \/>\n<link rel=\"canonical\" href=\"https:\/\/www.visit-ulcinj.com\/blog\/2014\/01\/28\/gjeka-iken-prej-bisedimeve-cungu-dhe-zenka-per-bisedime\/\" \/>\n<meta property=\"og:locale\" content=\"en_US\" \/>\n<meta property=\"og:type\" content=\"article\" \/>\n<meta property=\"og:title\" content=\"Gjeka ik\u00ebn prej bisedimeve, Cungu dhe Zenka p\u00ebr bisedime - Lajme nga Ulqini\" \/>\n<meta property=\"og:description\" content=\"N\u00eb takimin e tre kryetar\u00ebve: Forc\u00ebs, z. Nazif Cungu, PD-s\u00eb, z. Fatmir Gjeka, UDSH-s\u00eb, z. Mehmet Zenka t\u00eb mbajtur sot, z. Fatmir Gjeka nuk pranoi t\u00eb flas\u00eb\" \/>\n<meta property=\"og:url\" content=\"https:\/\/www.visit-ulcinj.com\/blog\/2014\/01\/28\/gjeka-iken-prej-bisedimeve-cungu-dhe-zenka-per-bisedime\/\" \/>\n<meta property=\"og:site_name\" content=\"Lajme nga Ulqini\" \/>\n<meta property=\"article:published_time\" content=\"2014-01-28T17:48:37+00:00\" \/>\n<meta property=\"article:modified_time\" content=\"2014-01-28T19:57:43+00:00\" \/>\n<meta property=\"og:image\" content=\"http:\/\/www.visit-ulcinj.com\/blog\/wp-content\/uploads\/2014\/01\/Gjeka-Cungu-Zenka.jpg\" \/>\n<meta name=\"twitter:label1\" content=\"Written by\" \/>\n\t<meta name=\"twitter:data1\" content=\"ulqini\" \/>\n<script type=\"application\/ld+json\" class=\"yoast-schema-graph\">{\"@context\":\"https:\/\/schema.org\",\"@graph\":[{\"@type\":\"WebSite\",\"@id\":\"https:\/\/www.visit-ulcinj.com\/blog\/#website\",\"url\":\"https:\/\/www.visit-ulcinj.com\/blog\/\",\"name\":\"Lajme nga Ulqini\",\"description\":\"Lajme,Vijesti,Ulqini,Ulqin,Crna Gora,Mali i Zi\",\"potentialAction\":[{\"@type\":\"SearchAction\",\"target\":{\"@type\":\"EntryPoint\",\"urlTemplate\":\"https:\/\/www.visit-ulcinj.com\/blog\/?s={search_term_string}\"},\"query-input\":\"required name=search_term_string\"}],\"inLanguage\":\"en-US\"},{\"@type\":\"ImageObject\",\"inLanguage\":\"en-US\",\"@id\":\"https:\/\/www.visit-ulcinj.com\/blog\/2014\/01\/28\/gjeka-iken-prej-bisedimeve-cungu-dhe-zenka-per-bisedime\/#primaryimage\",\"url\":\"https:\/\/www.visit-ulcinj.com\/blog\/wp-content\/uploads\/2014\/01\/Gjeka-Cungu-Zenka.jpg\",\"contentUrl\":\"https:\/\/www.visit-ulcinj.com\/blog\/wp-content\/uploads\/2014\/01\/Gjeka-Cungu-Zenka.jpg\",\"width\":720,\"height\":960},{\"@type\":\"WebPage\",\"@id\":\"https:\/\/www.visit-ulcinj.com\/blog\/2014\/01\/28\/gjeka-iken-prej-bisedimeve-cungu-dhe-zenka-per-bisedime\/#webpage\",\"url\":\"https:\/\/www.visit-ulcinj.com\/blog\/2014\/01\/28\/gjeka-iken-prej-bisedimeve-cungu-dhe-zenka-per-bisedime\/\",\"name\":\"Gjeka ik\u00ebn prej bisedimeve, Cungu dhe Zenka p\u00ebr bisedime - Lajme nga Ulqini\",\"isPartOf\":{\"@id\":\"https:\/\/www.visit-ulcinj.com\/blog\/#website\"},\"primaryImageOfPage\":{\"@id\":\"https:\/\/www.visit-ulcinj.com\/blog\/2014\/01\/28\/gjeka-iken-prej-bisedimeve-cungu-dhe-zenka-per-bisedime\/#primaryimage\"},\"datePublished\":\"2014-01-28T17:48:37+00:00\",\"dateModified\":\"2014-01-28T19:57:43+00:00\",\"author\":{\"@id\":\"https:\/\/www.visit-ulcinj.com\/blog\/#\/schema\/person\/dcab619c614d3038751c63bc2aadc06d\"},\"description\":\"N\u00eb takimin e tre kryetar\u00ebve: Forc\u00ebs, z. Nazif Cungu, PD-s\u00eb, z. Fatmir Gjeka, UDSH-s\u00eb, z. Mehmet Zenka t\u00eb mbajtur sot, z. Fatmir Gjeka nuk pranoi t\u00eb flas\u00eb\",\"breadcrumb\":{\"@id\":\"https:\/\/www.visit-ulcinj.com\/blog\/2014\/01\/28\/gjeka-iken-prej-bisedimeve-cungu-dhe-zenka-per-bisedime\/#breadcrumb\"},\"inLanguage\":\"en-US\",\"potentialAction\":[{\"@type\":\"ReadAction\",\"target\":[\"https:\/\/www.visit-ulcinj.com\/blog\/2014\/01\/28\/gjeka-iken-prej-bisedimeve-cungu-dhe-zenka-per-bisedime\/\"]}]},{\"@type\":\"BreadcrumbList\",\"@id\":\"https:\/\/www.visit-ulcinj.com\/blog\/2014\/01\/28\/gjeka-iken-prej-bisedimeve-cungu-dhe-zenka-per-bisedime\/#breadcrumb\",\"itemListElement\":[{\"@type\":\"ListItem\",\"position\":1,\"name\":\"Gjeka ik\u00ebn prej bisedimeve, Cungu dhe Zenka p\u00ebr bisedime\"}]},{\"@type\":\"Person\",\"@id\":\"https:\/\/www.visit-ulcinj.com\/blog\/#\/schema\/person\/dcab619c614d3038751c63bc2aadc06d\",\"name\":\"ulqini\",\"sameAs\":[\"http:\/\/www.visit-ulcinj.com\"],\"url\":\"https:\/\/www.visit-ulcinj.com\/blog\/author\/admin\/\"}]}<\/script>\n<!-- \/ Yoast SEO plugin. -->","yoast_head_json":{"title":"Gjeka ik\u00ebn prej bisedimeve, Cungu dhe Zenka p\u00ebr bisedime - Lajme nga Ulqini","description":"N\u00eb takimin e tre kryetar\u00ebve: Forc\u00ebs, z. Nazif Cungu, PD-s\u00eb, z. Fatmir Gjeka, UDSH-s\u00eb, z. Mehmet Zenka t\u00eb mbajtur sot, z. Fatmir Gjeka nuk pranoi t\u00eb flas\u00eb","robots":{"index":"index","follow":"follow","max-snippet":"max-snippet:-1","max-image-preview":"max-image-preview:large","max-video-preview":"max-video-preview:-1"},"canonical":"https:\/\/www.visit-ulcinj.com\/blog\/2014\/01\/28\/gjeka-iken-prej-bisedimeve-cungu-dhe-zenka-per-bisedime\/","og_locale":"en_US","og_type":"article","og_title":"Gjeka ik\u00ebn prej bisedimeve, Cungu dhe Zenka p\u00ebr bisedime - Lajme nga Ulqini","og_description":"N\u00eb takimin e tre kryetar\u00ebve: Forc\u00ebs, z. Nazif Cungu, PD-s\u00eb, z. Fatmir Gjeka, UDSH-s\u00eb, z. Mehmet Zenka t\u00eb mbajtur sot, z. Fatmir Gjeka nuk pranoi t\u00eb flas\u00eb","og_url":"https:\/\/www.visit-ulcinj.com\/blog\/2014\/01\/28\/gjeka-iken-prej-bisedimeve-cungu-dhe-zenka-per-bisedime\/","og_site_name":"Lajme nga Ulqini","article_published_time":"2014-01-28T17:48:37+00:00","article_modified_time":"2014-01-28T19:57:43+00:00","og_image":[{"url":"http:\/\/www.visit-ulcinj.com\/blog\/wp-content\/uploads\/2014\/01\/Gjeka-Cungu-Zenka.jpg"}],"twitter_misc":{"Written by":"ulqini"},"schema":{"@context":"https:\/\/schema.org","@graph":[{"@type":"WebSite","@id":"https:\/\/www.visit-ulcinj.com\/blog\/#website","url":"https:\/\/www.visit-ulcinj.com\/blog\/","name":"Lajme nga Ulqini","description":"Lajme,Vijesti,Ulqini,Ulqin,Crna Gora,Mali i Zi","potentialAction":[{"@type":"SearchAction","target":{"@type":"EntryPoint","urlTemplate":"https:\/\/www.visit-ulcinj.com\/blog\/?s={search_term_string}"},"query-input":"required name=search_term_string"}],"inLanguage":"en-US"},{"@type":"ImageObject","inLanguage":"en-US","@id":"https:\/\/www.visit-ulcinj.com\/blog\/2014\/01\/28\/gjeka-iken-prej-bisedimeve-cungu-dhe-zenka-per-bisedime\/#primaryimage","url":"https:\/\/www.visit-ulcinj.com\/blog\/wp-content\/uploads\/2014\/01\/Gjeka-Cungu-Zenka.jpg","contentUrl":"https:\/\/www.visit-ulcinj.com\/blog\/wp-content\/uploads\/2014\/01\/Gjeka-Cungu-Zenka.jpg","width":720,"height":960},{"@type":"WebPage","@id":"https:\/\/www.visit-ulcinj.com\/blog\/2014\/01\/28\/gjeka-iken-prej-bisedimeve-cungu-dhe-zenka-per-bisedime\/#webpage","url":"https:\/\/www.visit-ulcinj.com\/blog\/2014\/01\/28\/gjeka-iken-prej-bisedimeve-cungu-dhe-zenka-per-bisedime\/","name":"Gjeka ik\u00ebn prej bisedimeve, Cungu dhe Zenka p\u00ebr bisedime - Lajme nga Ulqini","isPartOf":{"@id":"https:\/\/www.visit-ulcinj.com\/blog\/#website"},"primaryImageOfPage":{"@id":"https:\/\/www.visit-ulcinj.com\/blog\/2014\/01\/28\/gjeka-iken-prej-bisedimeve-cungu-dhe-zenka-per-bisedime\/#primaryimage"},"datePublished":"2014-01-28T17:48:37+00:00","dateModified":"2014-01-28T19:57:43+00:00","author":{"@id":"https:\/\/www.visit-ulcinj.com\/blog\/#\/schema\/person\/dcab619c614d3038751c63bc2aadc06d"},"description":"N\u00eb takimin e tre kryetar\u00ebve: Forc\u00ebs, z. Nazif Cungu, PD-s\u00eb, z. Fatmir Gjeka, UDSH-s\u00eb, z. Mehmet Zenka t\u00eb mbajtur sot, z. Fatmir Gjeka nuk pranoi t\u00eb flas\u00eb","breadcrumb":{"@id":"https:\/\/www.visit-ulcinj.com\/blog\/2014\/01\/28\/gjeka-iken-prej-bisedimeve-cungu-dhe-zenka-per-bisedime\/#breadcrumb"},"inLanguage":"en-US","potentialAction":[{"@type":"ReadAction","target":["https:\/\/www.visit-ulcinj.com\/blog\/2014\/01\/28\/gjeka-iken-prej-bisedimeve-cungu-dhe-zenka-per-bisedime\/"]}]},{"@type":"BreadcrumbList","@id":"https:\/\/www.visit-ulcinj.com\/blog\/2014\/01\/28\/gjeka-iken-prej-bisedimeve-cungu-dhe-zenka-per-bisedime\/#breadcrumb","itemListElement":[{"@type":"ListItem","position":1,"name":"Gjeka ik\u00ebn prej bisedimeve, Cungu dhe Zenka p\u00ebr bisedime"}]},{"@type":"Person","@id":"https:\/\/www.visit-ulcinj.com\/blog\/#\/schema\/person\/dcab619c614d3038751c63bc2aadc06d","name":"ulqini","sameAs":["http:\/\/www.visit-ulcinj.com"],"url":"https:\/\/www.visit-ulcinj.com\/blog\/author\/admin\/"}]}},"jetpack_featured_media_url":"","jetpack_sharing_enabled":true,"jetpack_shortlink":"https:\/\/wp.me\/pe6lTn-kwo","_links":{"self":[{"href":"https:\/\/www.visit-ulcinj.com\/blog\/wp-json\/wp\/v2\/posts\/78888"}],"collection":[{"href":"https:\/\/www.visit-ulcinj.com\/blog\/wp-json\/wp\/v2\/posts"}],"about":[{"href":"https:\/\/www.visit-ulcinj.com\/blog\/wp-json\/wp\/v2\/types\/post"}],"author":[{"embeddable":true,"href":"https:\/\/www.visit-ulcinj.com\/blog\/wp-json\/wp\/v2\/users\/1"}],"replies":[{"embeddable":true,"href":"https:\/\/www.visit-ulcinj.com\/blog\/wp-json\/wp\/v2\/comments?post=78888"}],"version-history":[{"count":3,"href":"https:\/\/www.visit-ulcinj.com\/blog\/wp-json\/wp\/v2\/posts\/78888\/revisions"}],"predecessor-version":[{"id":78913,"href":"https:\/\/www.visit-ulcinj.com\/blog\/wp-json\/wp\/v2\/posts\/78888\/revisions\/78913"}],"wp:attachment":[{"href":"https:\/\/www.visit-ulcinj.com\/blog\/wp-json\/wp\/v2\/media?parent=78888"}],"wp:term":[{"taxonomy":"category","embeddable":true,"href":"https:\/\/www.visit-ulcinj.com\/blog\/wp-json\/wp\/v2\/categories?post=78888"},{"taxonomy":"post_tag","embeddable":true,"href":"https:\/\/www.visit-ulcinj.com\/blog\/wp-json\/wp\/v2\/tags?post=78888"}],"curies":[{"name":"wp","href":"https:\/\/api.w.org\/{rel}","templated":true}]}}