{"id":78890,"date":"2014-01-28T19:03:38","date_gmt":"2014-01-28T18:03:38","guid":{"rendered":"http:\/\/www.visit-ulcinj.com\/blog\/?p=78890"},"modified":"2014-01-29T12:44:25","modified_gmt":"2014-01-29T11:44:25","slug":"ldnemz-dega-e-malesise-nuk-perkrah-projektin-e-ofruar-komune-e-kryeqytetit","status":"publish","type":"post","link":"https:\/\/www.visit-ulcinj.com\/blog\/2014\/01\/28\/ldnemz-dega-e-malesise-nuk-perkrah-projektin-e-ofruar-komune-e-kryeqytetit\/","title":{"rendered":"LDn\u00ebMZ, Dega e Mal\u00ebsis\u00eb, NUK p\u00ebrkrah projektin e ofruar \u201ckomun\u00eb e kryeqytetit\u201d"},"content":{"rendered":"<p><a href=\"http:\/\/www.visit-ulcinj.com\/blog\/wp-content\/uploads\/2013\/04\/Lidhja-Demokratike-ne-mal-te-Zi.jpg\"><img loading=\"lazy\" class=\"alignleft  wp-image-70337\" alt=\"Lidhja-Demokratike-ne-mal-te-Zi\" src=\"http:\/\/www.visit-ulcinj.com\/blog\/wp-content\/uploads\/2013\/04\/Lidhja-Demokratike-ne-mal-te-Zi.jpg\" width=\"350\" height=\"350\" \/><\/a>Duke u nisur nga q\u00ebndrimet parimore t\u00eb LDn\u00ebMZ mbi t\u00eb drejt\u00ebn e pakontestueshme t\u00eb Mal\u00ebsis\u00eb n\u00eb administrat\u00eb t\u00eb plot\u00eb lokale-komun\u00eb t\u00eb plot\u00eb, si t\u00eb gjitha komunat e tjera n\u00eb Malin e Zi; duke p\u00ebrfillur bindjen se projekti i ofruar \u00ebsht\u00eb vet\u00ebm nj\u00eb eksperiment i ri i partis\u00eb n\u00eb pushtet, p\u00ebr t\u00eb fituar n\u00eb koh\u00eb, e me q\u00ebllim t\u00eb manipulimit edhe me zgjedhjet e ardhshme; duke pasur para sysh faktin se me propozimin n\u00eb fjal\u00eb, edhe p\u00ebrkund\u00ebr premtimeve-\u201cmarr\u00ebveshjeve\u201d, e ashtuquajtura \u201ckomun\u00eb e kryeqytetit\u201d nuk p\u00ebrfshin\u00eb t\u00ebr\u00eb territorin e Mal\u00ebsis\u00eb; duke vler\u00ebsuar se oferta n\u00eb fjal\u00eb, sado josh\u00ebse q\u00eb mund t\u00eb paraqitet me zgjidhjet afatshkurta, n\u00eb planin afatgjat\u00eb p\u00ebr Mal\u00ebsin\u00eb paraqet humbje; duke pasur t\u00eb njohur realitetin politik n\u00eb Mal t\u00eb Zi q\u00eb nuk siguron kalueshm\u00ebri t\u00eb k\u00ebtij projektligji, gj\u00eb q\u00eb edhe m\u00eb tep\u00ebr v\u00eb n\u00eb pyetje sinqeritetin e ofertues\u00ebve t\u00eb k\u00ebtij projekti; duke hetuar se n\u00eb draftin m\u00eb t\u00eb ri nuk jan\u00eb ky\u00e7ur nj\u00eb num\u00ebr i madh i \u00e7\u00ebshtjeve t\u00eb paraqitura si t\u00eb pranueshme, por \u00ebsht\u00eb tentuar q\u00eb t\u00eb manipulohet me to, LDn\u00ebMZ, Dega e Mal\u00ebsis\u00eb NUK p\u00ebrkrah projektin e ofruar \u201ckomun\u00eb e kryeqytetit\u201d dhe i fton edhe subjektet e tjera q\u00eb t\u00eb heqin dor\u00eb nga kjo zgjidhje, e cili Mal\u00ebsin\u00eb edhe tutje e le peng t\u00eb nevojave politike t\u00eb Podgoric\u00ebs, kurse subjektet politike shqiptare edhe m\u00eb tutje i komprementon dhe i zhvler\u00ebson.<\/p>\n<p>N\u00ebse pushteti ka hetuar nevoj\u00ebn edhe p\u00ebr nj\u00eb eksperiment me k\u00ebt\u00eb trev\u00eb (e ne themi se \u00ebsht\u00eb vet\u00ebm edhe nj\u00eb hile), ai k\u00ebt\u00eb mund ta finalizonte edhe pa ne, sepse ne nuk kemi forc\u00eb as mekanizma q\u00eb ta ndalojm\u00eb, prandaj, ajo q\u00eb nuk guxon t\u00eb ndodh\u00eb \u00ebsht\u00eb subjektet nacionale t\u00eb jen\u00eb inicues apo propozues t\u00eb k\u00ebtij akti hileqar ndaj Mal\u00ebsis\u00eb dhe banor\u00ebve t\u00eb saj. Madje hileqar edhe ndaj premtimeve q\u00eb kan\u00eb b\u00ebr\u00eb subjektet politike shqiptare q\u00eb veprojn\u00eb n\u00eb Mal\u00ebsi, se nuk do t\u00eb pranojn\u00eb asgj\u00eb m\u00eb pak se komun\u00ebn e plot\u00eb, si\u00e7 jan\u00eb komunat e tjera n\u00eb Mal t\u00eb Zi. Pra, ne nuk kemi t\u00eb drejt\u00eb morale, e as politike, q\u00eb t\u00eb b\u00ebjm\u00eb nj\u00eb gj\u00eb t\u00eb till\u00eb!<\/p>\n<p>Neve, do t\u00eb na vinte keq n\u00ebse do t\u00eb mbetemi t\u00eb vetmuar n\u00eb k\u00ebt\u00eb q\u00ebndrim, por megjithat\u00eb nuk do t\u00eb merremi me vler\u00ebsimet e atyre q\u00eb do t\u00eb tentojn\u00eb t\u00eb finalizojn\u00eb k\u00ebt\u00eb projekt, n\u00ebn pretekstin se d\u00ebshirojn\u00eb t\u00eb l\u00ebvizet nga \u201cstatus quo-ja\u201d, por u t\u00ebrheqim v\u00ebrejtjen se l\u00ebvizjet n\u00eb drejtim t\u00eb gabuar, p\u00ebrmes kompromiseve me pal\u00eb q\u00eb kurr\u00eb nuk i respektuan marr\u00ebveshjet, mund t\u00eb jen\u00eb m\u00eb t\u00eb d\u00ebmshme se pritja e realizimit t\u00eb komun\u00ebs p\u00ebrmes rrug\u00ebs s\u00eb parapar\u00eb me ligj. Ata q\u00eb edhe tutje mendojn\u00eb dhe besojn\u00eb se p\u00ebrmes bisedimeve me PDS-n\u00eb mund t\u00eb l\u00ebvizet n\u00eb k\u00ebt\u00eb drejtim, mund t\u00eb vazhdojn\u00eb, por jo edhe me p\u00ebrkrahjen ton\u00eb. N\u00ebse forca jon\u00eb politike, p\u00ebr momentin duket irelevante, ju garantojm\u00eb se p\u00ebrvoja jon\u00eb n\u00eb k\u00ebt\u00eb drejtim \u00ebsht\u00eb tejet signifakante. Se sa PDS-ja i p\u00ebrfill\u00eb ata q\u00eb i sh\u00ebrbejn\u00eb, u pa edhe n\u00eb zgjedhjet e Ulqinit!<\/p>\n<p><strong>LDn\u00ebMZ, Dega e Mal\u00ebsis\u00eb<\/strong><\/p>\n<p><strong>Malsia.org<\/strong><\/p>\n","protected":false},"excerpt":{"rendered":"<p>Duke u nisur nga q\u00ebndrimet parimore t\u00eb LDn\u00ebMZ mbi t\u00eb drejt\u00ebn e pakontestueshme t\u00eb Mal\u00ebsis\u00eb n\u00eb administrat\u00eb t\u00eb plot\u00eb lokale-komun\u00eb t\u00eb plot\u00eb, si t\u00eb gjitha komunat e tjera n\u00eb Malin e Zi; duke p\u00ebrfillur bindjen se projekti i ofruar \u00ebsht\u00eb vet\u00ebm nj\u00eb eksperiment i ri i partis\u00eb n\u00eb pushtet, p\u00ebr t\u00eb fituar n\u00eb koh\u00eb, e [&hellip;]<\/p>\n","protected":false},"author":1,"featured_media":0,"comment_status":"closed","ping_status":"closed","sticky":false,"template":"","format":"standard","meta":{"spay_email":"","jetpack_publicize_message":"","jetpack_is_tweetstorm":false,"jetpack_publicize_feature_enabled":true},"categories":[14,2451],"tags":[],"jetpack_publicize_connections":[],"yoast_head":"<!-- This site is optimized with the Yoast SEO plugin v19.1 - https:\/\/yoast.com\/wordpress\/plugins\/seo\/ -->\n<title>LDn\u00ebMZ, Dega e Mal\u00ebsis\u00eb, NUK p\u00ebrkrah projektin e ofruar \u201ckomun\u00eb e kryeqytetit\u201d - Lajme nga Ulqini<\/title>\n<meta name=\"description\" content=\"Duke u nisur nga q\u00ebndrimet parimore t\u00eb LDn\u00ebMZ mbi t\u00eb drejt\u00ebn e pakontestueshme t\u00eb Mal\u00ebsis\u00eb n\u00eb administrat\u00eb t\u00eb plot\u00eb lokale-komun\u00eb t\u00eb plot\u00eb, si t\u00eb gjitha\" \/>\n<meta name=\"robots\" content=\"index, follow, max-snippet:-1, max-image-preview:large, max-video-preview:-1\" \/>\n<link rel=\"canonical\" href=\"https:\/\/www.visit-ulcinj.com\/blog\/2014\/01\/28\/ldnemz-dega-e-malesise-nuk-perkrah-projektin-e-ofruar-komune-e-kryeqytetit\/\" \/>\n<meta property=\"og:locale\" content=\"en_US\" \/>\n<meta property=\"og:type\" content=\"article\" \/>\n<meta property=\"og:title\" content=\"LDn\u00ebMZ, Dega e Mal\u00ebsis\u00eb, NUK p\u00ebrkrah projektin e ofruar \u201ckomun\u00eb e kryeqytetit\u201d - Lajme nga Ulqini\" \/>\n<meta property=\"og:description\" content=\"Duke u nisur nga q\u00ebndrimet parimore t\u00eb LDn\u00ebMZ mbi t\u00eb drejt\u00ebn e pakontestueshme t\u00eb Mal\u00ebsis\u00eb n\u00eb administrat\u00eb t\u00eb plot\u00eb lokale-komun\u00eb t\u00eb plot\u00eb, si t\u00eb gjitha\" \/>\n<meta property=\"og:url\" content=\"https:\/\/www.visit-ulcinj.com\/blog\/2014\/01\/28\/ldnemz-dega-e-malesise-nuk-perkrah-projektin-e-ofruar-komune-e-kryeqytetit\/\" \/>\n<meta property=\"og:site_name\" content=\"Lajme nga Ulqini\" \/>\n<meta property=\"article:published_time\" content=\"2014-01-28T18:03:38+00:00\" \/>\n<meta property=\"article:modified_time\" content=\"2014-01-29T11:44:25+00:00\" \/>\n<meta property=\"og:image\" content=\"http:\/\/www.visit-ulcinj.com\/blog\/wp-content\/uploads\/2013\/04\/Lidhja-Demokratike-ne-mal-te-Zi.jpg\" \/>\n<meta name=\"twitter:label1\" content=\"Written by\" \/>\n\t<meta name=\"twitter:data1\" content=\"ulqini\" \/>\n\t<meta name=\"twitter:label2\" content=\"Est. reading time\" \/>\n\t<meta name=\"twitter:data2\" content=\"3 minutes\" \/>\n<script type=\"application\/ld+json\" class=\"yoast-schema-graph\">{\"@context\":\"https:\/\/schema.org\",\"@graph\":[{\"@type\":\"WebSite\",\"@id\":\"https:\/\/www.visit-ulcinj.com\/blog\/#website\",\"url\":\"https:\/\/www.visit-ulcinj.com\/blog\/\",\"name\":\"Lajme nga Ulqini\",\"description\":\"Lajme,Vijesti,Ulqini,Ulqin,Crna Gora,Mali i Zi\",\"potentialAction\":[{\"@type\":\"SearchAction\",\"target\":{\"@type\":\"EntryPoint\",\"urlTemplate\":\"https:\/\/www.visit-ulcinj.com\/blog\/?s={search_term_string}\"},\"query-input\":\"required name=search_term_string\"}],\"inLanguage\":\"en-US\"},{\"@type\":\"ImageObject\",\"inLanguage\":\"en-US\",\"@id\":\"https:\/\/www.visit-ulcinj.com\/blog\/2014\/01\/28\/ldnemz-dega-e-malesise-nuk-perkrah-projektin-e-ofruar-komune-e-kryeqytetit\/#primaryimage\",\"url\":\"https:\/\/www.visit-ulcinj.com\/blog\/wp-content\/uploads\/2013\/04\/Lidhja-Demokratike-ne-mal-te-Zi.jpg\",\"contentUrl\":\"https:\/\/www.visit-ulcinj.com\/blog\/wp-content\/uploads\/2013\/04\/Lidhja-Demokratike-ne-mal-te-Zi.jpg\",\"width\":599,\"height\":582},{\"@type\":\"WebPage\",\"@id\":\"https:\/\/www.visit-ulcinj.com\/blog\/2014\/01\/28\/ldnemz-dega-e-malesise-nuk-perkrah-projektin-e-ofruar-komune-e-kryeqytetit\/#webpage\",\"url\":\"https:\/\/www.visit-ulcinj.com\/blog\/2014\/01\/28\/ldnemz-dega-e-malesise-nuk-perkrah-projektin-e-ofruar-komune-e-kryeqytetit\/\",\"name\":\"LDn\u00ebMZ, Dega e Mal\u00ebsis\u00eb, NUK p\u00ebrkrah projektin e ofruar \u201ckomun\u00eb e kryeqytetit\u201d - Lajme nga Ulqini\",\"isPartOf\":{\"@id\":\"https:\/\/www.visit-ulcinj.com\/blog\/#website\"},\"primaryImageOfPage\":{\"@id\":\"https:\/\/www.visit-ulcinj.com\/blog\/2014\/01\/28\/ldnemz-dega-e-malesise-nuk-perkrah-projektin-e-ofruar-komune-e-kryeqytetit\/#primaryimage\"},\"datePublished\":\"2014-01-28T18:03:38+00:00\",\"dateModified\":\"2014-01-29T11:44:25+00:00\",\"author\":{\"@id\":\"https:\/\/www.visit-ulcinj.com\/blog\/#\/schema\/person\/dcab619c614d3038751c63bc2aadc06d\"},\"description\":\"Duke u nisur nga q\u00ebndrimet parimore t\u00eb LDn\u00ebMZ mbi t\u00eb drejt\u00ebn e pakontestueshme t\u00eb Mal\u00ebsis\u00eb n\u00eb administrat\u00eb t\u00eb plot\u00eb lokale-komun\u00eb t\u00eb plot\u00eb, si t\u00eb gjitha\",\"breadcrumb\":{\"@id\":\"https:\/\/www.visit-ulcinj.com\/blog\/2014\/01\/28\/ldnemz-dega-e-malesise-nuk-perkrah-projektin-e-ofruar-komune-e-kryeqytetit\/#breadcrumb\"},\"inLanguage\":\"en-US\",\"potentialAction\":[{\"@type\":\"ReadAction\",\"target\":[\"https:\/\/www.visit-ulcinj.com\/blog\/2014\/01\/28\/ldnemz-dega-e-malesise-nuk-perkrah-projektin-e-ofruar-komune-e-kryeqytetit\/\"]}]},{\"@type\":\"BreadcrumbList\",\"@id\":\"https:\/\/www.visit-ulcinj.com\/blog\/2014\/01\/28\/ldnemz-dega-e-malesise-nuk-perkrah-projektin-e-ofruar-komune-e-kryeqytetit\/#breadcrumb\",\"itemListElement\":[{\"@type\":\"ListItem\",\"position\":1,\"name\":\"LDn\u00ebMZ, Dega e Mal\u00ebsis\u00eb, NUK p\u00ebrkrah projektin e ofruar \u201ckomun\u00eb e kryeqytetit\u201d\"}]},{\"@type\":\"Person\",\"@id\":\"https:\/\/www.visit-ulcinj.com\/blog\/#\/schema\/person\/dcab619c614d3038751c63bc2aadc06d\",\"name\":\"ulqini\",\"sameAs\":[\"http:\/\/www.visit-ulcinj.com\"],\"url\":\"https:\/\/www.visit-ulcinj.com\/blog\/author\/admin\/\"}]}<\/script>\n<!-- \/ Yoast SEO plugin. -->","yoast_head_json":{"title":"LDn\u00ebMZ, Dega e Mal\u00ebsis\u00eb, NUK p\u00ebrkrah projektin e ofruar \u201ckomun\u00eb e kryeqytetit\u201d - Lajme nga Ulqini","description":"Duke u nisur nga q\u00ebndrimet parimore t\u00eb LDn\u00ebMZ mbi t\u00eb drejt\u00ebn e pakontestueshme t\u00eb Mal\u00ebsis\u00eb n\u00eb administrat\u00eb t\u00eb plot\u00eb lokale-komun\u00eb t\u00eb plot\u00eb, si t\u00eb gjitha","robots":{"index":"index","follow":"follow","max-snippet":"max-snippet:-1","max-image-preview":"max-image-preview:large","max-video-preview":"max-video-preview:-1"},"canonical":"https:\/\/www.visit-ulcinj.com\/blog\/2014\/01\/28\/ldnemz-dega-e-malesise-nuk-perkrah-projektin-e-ofruar-komune-e-kryeqytetit\/","og_locale":"en_US","og_type":"article","og_title":"LDn\u00ebMZ, Dega e Mal\u00ebsis\u00eb, NUK p\u00ebrkrah projektin e ofruar \u201ckomun\u00eb e kryeqytetit\u201d - Lajme nga Ulqini","og_description":"Duke u nisur nga q\u00ebndrimet parimore t\u00eb LDn\u00ebMZ mbi t\u00eb drejt\u00ebn e pakontestueshme t\u00eb Mal\u00ebsis\u00eb n\u00eb administrat\u00eb t\u00eb plot\u00eb lokale-komun\u00eb t\u00eb plot\u00eb, si t\u00eb gjitha","og_url":"https:\/\/www.visit-ulcinj.com\/blog\/2014\/01\/28\/ldnemz-dega-e-malesise-nuk-perkrah-projektin-e-ofruar-komune-e-kryeqytetit\/","og_site_name":"Lajme nga Ulqini","article_published_time":"2014-01-28T18:03:38+00:00","article_modified_time":"2014-01-29T11:44:25+00:00","og_image":[{"url":"http:\/\/www.visit-ulcinj.com\/blog\/wp-content\/uploads\/2013\/04\/Lidhja-Demokratike-ne-mal-te-Zi.jpg"}],"twitter_misc":{"Written by":"ulqini","Est. reading time":"3 minutes"},"schema":{"@context":"https:\/\/schema.org","@graph":[{"@type":"WebSite","@id":"https:\/\/www.visit-ulcinj.com\/blog\/#website","url":"https:\/\/www.visit-ulcinj.com\/blog\/","name":"Lajme nga Ulqini","description":"Lajme,Vijesti,Ulqini,Ulqin,Crna Gora,Mali i Zi","potentialAction":[{"@type":"SearchAction","target":{"@type":"EntryPoint","urlTemplate":"https:\/\/www.visit-ulcinj.com\/blog\/?s={search_term_string}"},"query-input":"required name=search_term_string"}],"inLanguage":"en-US"},{"@type":"ImageObject","inLanguage":"en-US","@id":"https:\/\/www.visit-ulcinj.com\/blog\/2014\/01\/28\/ldnemz-dega-e-malesise-nuk-perkrah-projektin-e-ofruar-komune-e-kryeqytetit\/#primaryimage","url":"https:\/\/www.visit-ulcinj.com\/blog\/wp-content\/uploads\/2013\/04\/Lidhja-Demokratike-ne-mal-te-Zi.jpg","contentUrl":"https:\/\/www.visit-ulcinj.com\/blog\/wp-content\/uploads\/2013\/04\/Lidhja-Demokratike-ne-mal-te-Zi.jpg","width":599,"height":582},{"@type":"WebPage","@id":"https:\/\/www.visit-ulcinj.com\/blog\/2014\/01\/28\/ldnemz-dega-e-malesise-nuk-perkrah-projektin-e-ofruar-komune-e-kryeqytetit\/#webpage","url":"https:\/\/www.visit-ulcinj.com\/blog\/2014\/01\/28\/ldnemz-dega-e-malesise-nuk-perkrah-projektin-e-ofruar-komune-e-kryeqytetit\/","name":"LDn\u00ebMZ, Dega e Mal\u00ebsis\u00eb, NUK p\u00ebrkrah projektin e ofruar \u201ckomun\u00eb e kryeqytetit\u201d - Lajme nga Ulqini","isPartOf":{"@id":"https:\/\/www.visit-ulcinj.com\/blog\/#website"},"primaryImageOfPage":{"@id":"https:\/\/www.visit-ulcinj.com\/blog\/2014\/01\/28\/ldnemz-dega-e-malesise-nuk-perkrah-projektin-e-ofruar-komune-e-kryeqytetit\/#primaryimage"},"datePublished":"2014-01-28T18:03:38+00:00","dateModified":"2014-01-29T11:44:25+00:00","author":{"@id":"https:\/\/www.visit-ulcinj.com\/blog\/#\/schema\/person\/dcab619c614d3038751c63bc2aadc06d"},"description":"Duke u nisur nga q\u00ebndrimet parimore t\u00eb LDn\u00ebMZ mbi t\u00eb drejt\u00ebn e pakontestueshme t\u00eb Mal\u00ebsis\u00eb n\u00eb administrat\u00eb t\u00eb plot\u00eb lokale-komun\u00eb t\u00eb plot\u00eb, si t\u00eb gjitha","breadcrumb":{"@id":"https:\/\/www.visit-ulcinj.com\/blog\/2014\/01\/28\/ldnemz-dega-e-malesise-nuk-perkrah-projektin-e-ofruar-komune-e-kryeqytetit\/#breadcrumb"},"inLanguage":"en-US","potentialAction":[{"@type":"ReadAction","target":["https:\/\/www.visit-ulcinj.com\/blog\/2014\/01\/28\/ldnemz-dega-e-malesise-nuk-perkrah-projektin-e-ofruar-komune-e-kryeqytetit\/"]}]},{"@type":"BreadcrumbList","@id":"https:\/\/www.visit-ulcinj.com\/blog\/2014\/01\/28\/ldnemz-dega-e-malesise-nuk-perkrah-projektin-e-ofruar-komune-e-kryeqytetit\/#breadcrumb","itemListElement":[{"@type":"ListItem","position":1,"name":"LDn\u00ebMZ, Dega e Mal\u00ebsis\u00eb, NUK p\u00ebrkrah projektin e ofruar \u201ckomun\u00eb e kryeqytetit\u201d"}]},{"@type":"Person","@id":"https:\/\/www.visit-ulcinj.com\/blog\/#\/schema\/person\/dcab619c614d3038751c63bc2aadc06d","name":"ulqini","sameAs":["http:\/\/www.visit-ulcinj.com"],"url":"https:\/\/www.visit-ulcinj.com\/blog\/author\/admin\/"}]}},"jetpack_featured_media_url":"","jetpack_sharing_enabled":true,"jetpack_shortlink":"https:\/\/wp.me\/pe6lTn-kwq","_links":{"self":[{"href":"https:\/\/www.visit-ulcinj.com\/blog\/wp-json\/wp\/v2\/posts\/78890"}],"collection":[{"href":"https:\/\/www.visit-ulcinj.com\/blog\/wp-json\/wp\/v2\/posts"}],"about":[{"href":"https:\/\/www.visit-ulcinj.com\/blog\/wp-json\/wp\/v2\/types\/post"}],"author":[{"embeddable":true,"href":"https:\/\/www.visit-ulcinj.com\/blog\/wp-json\/wp\/v2\/users\/1"}],"replies":[{"embeddable":true,"href":"https:\/\/www.visit-ulcinj.com\/blog\/wp-json\/wp\/v2\/comments?post=78890"}],"version-history":[{"count":1,"href":"https:\/\/www.visit-ulcinj.com\/blog\/wp-json\/wp\/v2\/posts\/78890\/revisions"}],"predecessor-version":[{"id":78891,"href":"https:\/\/www.visit-ulcinj.com\/blog\/wp-json\/wp\/v2\/posts\/78890\/revisions\/78891"}],"wp:attachment":[{"href":"https:\/\/www.visit-ulcinj.com\/blog\/wp-json\/wp\/v2\/media?parent=78890"}],"wp:term":[{"taxonomy":"category","embeddable":true,"href":"https:\/\/www.visit-ulcinj.com\/blog\/wp-json\/wp\/v2\/categories?post=78890"},{"taxonomy":"post_tag","embeddable":true,"href":"https:\/\/www.visit-ulcinj.com\/blog\/wp-json\/wp\/v2\/tags?post=78890"}],"curies":[{"name":"wp","href":"https:\/\/api.w.org\/{rel}","templated":true}]}}